{"id":82135,"date":"2025-04-22T17:02:12","date_gmt":"2025-04-22T22:02:12","guid":{"rendered":"https:\/\/luchonoticias.com\/?p=82135"},"modified":"2025-04-22T17:02:13","modified_gmt":"2025-04-22T22:02:13","slug":"usco-se-encuentra-lista-para-elegir-su-nuevo-rector","status":"publish","type":"post","link":"https:\/\/luchonoticias.com\/editor\/usco-se-encuentra-lista-para-elegir-su-nuevo-rector\/","title":{"rendered":"Usco se encuentra lista para elegir su nuevo rector"},"content":{"rendered":"\n<figure class=\"wp-block-image size-full\"><img loading=\"lazy\" decoding=\"async\" width=\"700\" height=\"400\" src=\"https:\/\/luchonoticias.com\/wp-content\/uploads\/2025\/04\/usco-elecciones-lucho.jpg\" alt=\"\" class=\"wp-image-82136\" srcset=\"https:\/\/luchonoticias.com\/editor\/wp-content\/uploads\/2025\/04\/usco-elecciones-lucho.jpg 700w, https:\/\/luchonoticias.com\/editor\/wp-content\/uploads\/2025\/04\/usco-elecciones-lucho-300x171.jpg 300w\" sizes=\"auto, (max-width: 700px) 100vw, 700px\" \/><\/figure>\n\n\n\n<p>La Universidad Surcolombiana tiene lista su consulta estamentaria para este jueves 24 de abril, en la que estudiantes, egresados y docentes elegir\u00e1n al pr\u00f3ximo rector. Para reforzar la seguridad, el Comit\u00e9 Electoral traslad\u00f3 uno de los puntos de votaci\u00f3n y decidi\u00f3 movilizar las papeletas hacia Neiva para el conteo centralizado.<\/p>\n\n\n\n<p>La votaci\u00f3n que sol\u00eda hacerse en el Hall de Bienestar ser\u00e1 ahora en el auditorio del nuevo edificio de Educaci\u00f3n. Adem\u00e1s, se determin\u00f3 que los votos de las sedes regionales no se quedar\u00e1n all\u00ed, sino que ser\u00e1n llevados a Neiva al final del d\u00eda, con lo cual podr\u00eda adelantarse el escrutinio previsto para el 25 de abril a las 3:00 p.m.<\/p>\n\n\n\n<p>La jornada contar\u00e1 con 41 mesas distribuidas en Neiva, Garz\u00f3n, La Plata y Pitalito. Se espera la participaci\u00f3n de m\u00e1s de 14 mil estudiantes, m\u00e1s de 42 mil egresados y 666 docentes, quienes podr\u00e1n votar con tarjetas identificadas por colores seg\u00fan su estamento.<\/p>\n\n\n\n<p>El presidente del Comit\u00e9 Electoral, Juan Carlos Bol\u00edvar, subray\u00f3 que se busca garantizar un proceso democr\u00e1tico transparente, con condiciones log\u00edsticas ya confirmadas y participaci\u00f3n libre. Tambi\u00e9n se atendieron las inquietudes de las campa\u00f1as y del voto en blanco.<\/p>\n\n\n\n<p>Aunque el Consejo Superior no aprob\u00f3 la llamada \u00absegunda papeleta\u00bb, el Comit\u00e9 asegur\u00f3 que se garantizar\u00e1 su manifestaci\u00f3n de manera pac\u00edfica, sin afectar la organizaci\u00f3n electoral. El llamado es a votar y a participar activamente en esta jornada clave para el futuro de la universidad.<\/p>\n\n\n\n<p><\/p>\n","protected":false},"excerpt":{"rendered":"<p>La Universidad Surcolombiana tiene lista su consulta estamentaria para este jueves 24 de abril, en la que estudiantes, egresados y docentes elegir\u00e1n al pr\u00f3ximo rector. Para reforzar la seguridad, el Comit\u00e9 Electoral traslad\u00f3 uno de los puntos de votaci\u00f3n y decidi\u00f3 movilizar las papeletas hacia Neiva para el conteo centralizado. La votaci\u00f3n que sol\u00eda hacerse [&hellip;]<\/p>\n","protected":false},"author":2,"featured_media":82136,"comment_status":"closed","ping_status":"open","sticky":false,"template":"","format":"standard","meta":{"footnotes":""},"categories":[33],"tags":[],"class_list":["post-82135","post","type-post","status-publish","format-standard","has-post-thumbnail","hentry","category-huila"],"yoast_head":"<!-- This site is optimized with the Yoast SEO plugin v26.6 - https:\/\/yoast.com\/wordpress\/plugins\/seo\/ -->\n<title>Usco se encuentra lista para elegir su nuevo rector -<\/title>\n<meta name=\"robots\" content=\"index, follow, max-snippet:-1, max-image-preview:large, max-video-preview:-1\" \/>\n<link rel=\"canonical\" href=\"https:\/\/luchonoticias.com\/editor\/usco-se-encuentra-lista-para-elegir-su-nuevo-rector\/\" \/>\n<meta property=\"og:locale\" content=\"es_ES\" \/>\n<meta property=\"og:type\" content=\"article\" \/>\n<meta property=\"og:title\" content=\"Usco se encuentra lista para elegir su nuevo rector -\" \/>\n<meta property=\"og:url\" content=\"https:\/\/luchonoticias.com\/editor\/usco-se-encuentra-lista-para-elegir-su-nuevo-rector\/\" \/>\n<meta property=\"article:publisher\" content=\"https:\/\/www.facebook.com\/luchonoticiasneiva\" \/>\n<meta property=\"article:published_time\" content=\"2025-04-22T22:02:12+00:00\" \/>\n<meta property=\"article:modified_time\" content=\"2025-04-22T22:02:13+00:00\" \/>\n<meta property=\"og:image\" content=\"https:\/\/luchonoticias.com\/editor\/wp-content\/uploads\/2025\/04\/usco-elecciones-lucho.jpg\" \/>\n\t<meta property=\"og:image:width\" content=\"700\" \/>\n\t<meta property=\"og:image:height\" content=\"400\" \/>\n\t<meta property=\"og:image:type\" content=\"image\/jpeg\" \/>\n<meta name=\"author\" content=\"Editor General\" \/>\n<meta name=\"twitter:card\" content=\"summary_large_image\" \/>\n<meta name=\"twitter:label1\" content=\"Escrito por\" \/>\n\t<meta name=\"twitter:data1\" content=\"Editor General\" \/>\n\t<meta name=\"twitter:label2\" content=\"Tiempo de lectura\" \/>\n\t<meta name=\"twitter:data2\" content=\"2 minutos\" \/>\n<script type=\"application\/ld+json\" class=\"yoast-schema-graph\">{\"@context\":\"https:\/\/schema.org\",\"@graph\":[{\"@type\":\"Article\",\"@id\":\"https:\/\/luchonoticias.com\/editor\/usco-se-encuentra-lista-para-elegir-su-nuevo-rector\/#article\",\"isPartOf\":{\"@id\":\"https:\/\/luchonoticias.com\/editor\/usco-se-encuentra-lista-para-elegir-su-nuevo-rector\/\"},\"author\":{\"name\":\"Editor General\",\"@id\":\"https:\/\/luchonoticias.com\/editor\/#\/schema\/person\/29217990ddf6f14e35912b2866d591fb\"},\"headline\":\"Usco se encuentra lista para elegir su nuevo rector\",\"datePublished\":\"2025-04-22T22:02:12+00:00\",\"dateModified\":\"2025-04-22T22:02:13+00:00\",\"mainEntityOfPage\":{\"@id\":\"https:\/\/luchonoticias.com\/editor\/usco-se-encuentra-lista-para-elegir-su-nuevo-rector\/\"},\"wordCount\":266,\"publisher\":{\"@id\":\"https:\/\/luchonoticias.com\/editor\/#\/schema\/person\/7a7fd911f58561fd056dbac7b55af9cd\"},\"image\":{\"@id\":\"https:\/\/luchonoticias.com\/editor\/usco-se-encuentra-lista-para-elegir-su-nuevo-rector\/#primaryimage\"},\"thumbnailUrl\":\"https:\/\/luchonoticias.com\/editor\/wp-content\/uploads\/2025\/04\/usco-elecciones-lucho.jpg\",\"articleSection\":[\"Huila\"],\"inLanguage\":\"es\"},{\"@type\":\"WebPage\",\"@id\":\"https:\/\/luchonoticias.com\/editor\/usco-se-encuentra-lista-para-elegir-su-nuevo-rector\/\",\"url\":\"https:\/\/luchonoticias.com\/editor\/usco-se-encuentra-lista-para-elegir-su-nuevo-rector\/\",\"name\":\"Usco se encuentra lista para elegir su nuevo rector -\",\"isPartOf\":{\"@id\":\"https:\/\/luchonoticias.com\/editor\/#website\"},\"primaryImageOfPage\":{\"@id\":\"https:\/\/luchonoticias.com\/editor\/usco-se-encuentra-lista-para-elegir-su-nuevo-rector\/#primaryimage\"},\"image\":{\"@id\":\"https:\/\/luchonoticias.com\/editor\/usco-se-encuentra-lista-para-elegir-su-nuevo-rector\/#primaryimage\"},\"thumbnailUrl\":\"https:\/\/luchonoticias.com\/editor\/wp-content\/uploads\/2025\/04\/usco-elecciones-lucho.jpg\",\"datePublished\":\"2025-04-22T22:02:12+00:00\",\"dateModified\":\"2025-04-22T22:02:13+00:00\",\"breadcrumb\":{\"@id\":\"https:\/\/luchonoticias.com\/editor\/usco-se-encuentra-lista-para-elegir-su-nuevo-rector\/#breadcrumb\"},\"inLanguage\":\"es\",\"potentialAction\":[{\"@type\":\"ReadAction\",\"target\":[\"https:\/\/luchonoticias.com\/editor\/usco-se-encuentra-lista-para-elegir-su-nuevo-rector\/\"]}]},{\"@type\":\"ImageObject\",\"inLanguage\":\"es\",\"@id\":\"https:\/\/luchonoticias.com\/editor\/usco-se-encuentra-lista-para-elegir-su-nuevo-rector\/#primaryimage\",\"url\":\"https:\/\/luchonoticias.com\/editor\/wp-content\/uploads\/2025\/04\/usco-elecciones-lucho.jpg\",\"contentUrl\":\"https:\/\/luchonoticias.com\/editor\/wp-content\/uploads\/2025\/04\/usco-elecciones-lucho.jpg\",\"width\":700,\"height\":400},{\"@type\":\"BreadcrumbList\",\"@id\":\"https:\/\/luchonoticias.com\/editor\/usco-se-encuentra-lista-para-elegir-su-nuevo-rector\/#breadcrumb\",\"itemListElement\":[{\"@type\":\"ListItem\",\"position\":1,\"name\":\"Portada\",\"item\":\"https:\/\/luchonoticias.com\/editor\/\"},{\"@type\":\"ListItem\",\"position\":2,\"name\":\"Usco se encuentra lista para elegir su nuevo rector\"}]},{\"@type\":\"WebSite\",\"@id\":\"https:\/\/luchonoticias.com\/editor\/#website\",\"url\":\"https:\/\/luchonoticias.com\/editor\/\",\"name\":\"\",\"description\":\"\",\"publisher\":{\"@id\":\"https:\/\/luchonoticias.com\/editor\/#\/schema\/person\/7a7fd911f58561fd056dbac7b55af9cd\"},\"potentialAction\":[{\"@type\":\"SearchAction\",\"target\":{\"@type\":\"EntryPoint\",\"urlTemplate\":\"https:\/\/luchonoticias.com\/editor\/?s={search_term_string}\"},\"query-input\":{\"@type\":\"PropertyValueSpecification\",\"valueRequired\":true,\"valueName\":\"search_term_string\"}}],\"inLanguage\":\"es\"},{\"@type\":[\"Person\",\"Organization\"],\"@id\":\"https:\/\/luchonoticias.com\/editor\/#\/schema\/person\/7a7fd911f58561fd056dbac7b55af9cd\",\"name\":\"admin\",\"image\":{\"@type\":\"ImageObject\",\"inLanguage\":\"es\",\"@id\":\"https:\/\/luchonoticias.com\/editor\/#\/schema\/person\/image\/\",\"url\":\"https:\/\/luchonoticias.com\/editor\/wp-content\/uploads\/2024\/02\/cropped-cropped-logolu.webp\",\"contentUrl\":\"https:\/\/luchonoticias.com\/editor\/wp-content\/uploads\/2024\/02\/cropped-cropped-logolu.webp\",\"width\":382,\"height\":170,\"caption\":\"admin\"},\"logo\":{\"@id\":\"https:\/\/luchonoticias.com\/editor\/#\/schema\/person\/image\/\"},\"sameAs\":[\"https:\/\/www.facebook.com\/luchonoticiasneiva\"]},{\"@type\":\"Person\",\"@id\":\"https:\/\/luchonoticias.com\/editor\/#\/schema\/person\/29217990ddf6f14e35912b2866d591fb\",\"name\":\"Editor General\",\"image\":{\"@type\":\"ImageObject\",\"inLanguage\":\"es\",\"@id\":\"https:\/\/luchonoticias.com\/editor\/#\/schema\/person\/image\/\",\"url\":\"https:\/\/luchonoticias.com\/editor\/wp-content\/uploads\/2024\/02\/cropped-cropped-logolu-150x150.webp\",\"contentUrl\":\"https:\/\/luchonoticias.com\/editor\/wp-content\/uploads\/2024\/02\/cropped-cropped-logolu-150x150.webp\",\"caption\":\"Editor General\"},\"sameAs\":[\"https:\/\/luchonoticias.com\/\"],\"url\":\"https:\/\/luchonoticias.com\/editor\/author\/editor-general\/\"}]}<\/script>\n<!-- \/ Yoast SEO plugin. -->","yoast_head_json":{"title":"Usco se encuentra lista para elegir su nuevo rector -","robots":{"index":"index","follow":"follow","max-snippet":"max-snippet:-1","max-image-preview":"max-image-preview:large","max-video-preview":"max-video-preview:-1"},"canonical":"https:\/\/luchonoticias.com\/editor\/usco-se-encuentra-lista-para-elegir-su-nuevo-rector\/","og_locale":"es_ES","og_type":"article","og_title":"Usco se encuentra lista para elegir su nuevo rector -","og_url":"https:\/\/luchonoticias.com\/editor\/usco-se-encuentra-lista-para-elegir-su-nuevo-rector\/","article_publisher":"https:\/\/www.facebook.com\/luchonoticiasneiva","article_published_time":"2025-04-22T22:02:12+00:00","article_modified_time":"2025-04-22T22:02:13+00:00","og_image":[{"width":700,"height":400,"url":"https:\/\/luchonoticias.com\/editor\/wp-content\/uploads\/2025\/04\/usco-elecciones-lucho.jpg","type":"image\/jpeg"}],"author":"Editor General","twitter_card":"summary_large_image","twitter_misc":{"Escrito por":"Editor General","Tiempo de lectura":"2 minutos"},"schema":{"@context":"https:\/\/schema.org","@graph":[{"@type":"Article","@id":"https:\/\/luchonoticias.com\/editor\/usco-se-encuentra-lista-para-elegir-su-nuevo-rector\/#article","isPartOf":{"@id":"https:\/\/luchonoticias.com\/editor\/usco-se-encuentra-lista-para-elegir-su-nuevo-rector\/"},"author":{"name":"Editor General","@id":"https:\/\/luchonoticias.com\/editor\/#\/schema\/person\/29217990ddf6f14e35912b2866d591fb"},"headline":"Usco se encuentra lista para elegir su nuevo rector","datePublished":"2025-04-22T22:02:12+00:00","dateModified":"2025-04-22T22:02:13+00:00","mainEntityOfPage":{"@id":"https:\/\/luchonoticias.com\/editor\/usco-se-encuentra-lista-para-elegir-su-nuevo-rector\/"},"wordCount":266,"publisher":{"@id":"https:\/\/luchonoticias.com\/editor\/#\/schema\/person\/7a7fd911f58561fd056dbac7b55af9cd"},"image":{"@id":"https:\/\/luchonoticias.com\/editor\/usco-se-encuentra-lista-para-elegir-su-nuevo-rector\/#primaryimage"},"thumbnailUrl":"https:\/\/luchonoticias.com\/editor\/wp-content\/uploads\/2025\/04\/usco-elecciones-lucho.jpg","articleSection":["Huila"],"inLanguage":"es"},{"@type":"WebPage","@id":"https:\/\/luchonoticias.com\/editor\/usco-se-encuentra-lista-para-elegir-su-nuevo-rector\/","url":"https:\/\/luchonoticias.com\/editor\/usco-se-encuentra-lista-para-elegir-su-nuevo-rector\/","name":"Usco se encuentra lista para elegir su nuevo rector -","isPartOf":{"@id":"https:\/\/luchonoticias.com\/editor\/#website"},"primaryImageOfPage":{"@id":"https:\/\/luchonoticias.com\/editor\/usco-se-encuentra-lista-para-elegir-su-nuevo-rector\/#primaryimage"},"image":{"@id":"https:\/\/luchonoticias.com\/editor\/usco-se-encuentra-lista-para-elegir-su-nuevo-rector\/#primaryimage"},"thumbnailUrl":"https:\/\/luchonoticias.com\/editor\/wp-content\/uploads\/2025\/04\/usco-elecciones-lucho.jpg","datePublished":"2025-04-22T22:02:12+00:00","dateModified":"2025-04-22T22:02:13+00:00","breadcrumb":{"@id":"https:\/\/luchonoticias.com\/editor\/usco-se-encuentra-lista-para-elegir-su-nuevo-rector\/#breadcrumb"},"inLanguage":"es","potentialAction":[{"@type":"ReadAction","target":["https:\/\/luchonoticias.com\/editor\/usco-se-encuentra-lista-para-elegir-su-nuevo-rector\/"]}]},{"@type":"ImageObject","inLanguage":"es","@id":"https:\/\/luchonoticias.com\/editor\/usco-se-encuentra-lista-para-elegir-su-nuevo-rector\/#primaryimage","url":"https:\/\/luchonoticias.com\/editor\/wp-content\/uploads\/2025\/04\/usco-elecciones-lucho.jpg","contentUrl":"https:\/\/luchonoticias.com\/editor\/wp-content\/uploads\/2025\/04\/usco-elecciones-lucho.jpg","width":700,"height":400},{"@type":"BreadcrumbList","@id":"https:\/\/luchonoticias.com\/editor\/usco-se-encuentra-lista-para-elegir-su-nuevo-rector\/#breadcrumb","itemListElement":[{"@type":"ListItem","position":1,"name":"Portada","item":"https:\/\/luchonoticias.com\/editor\/"},{"@type":"ListItem","position":2,"name":"Usco se encuentra lista para elegir su nuevo rector"}]},{"@type":"WebSite","@id":"https:\/\/luchonoticias.com\/editor\/#website","url":"https:\/\/luchonoticias.com\/editor\/","name":"","description":"","publisher":{"@id":"https:\/\/luchonoticias.com\/editor\/#\/schema\/person\/7a7fd911f58561fd056dbac7b55af9cd"},"potentialAction":[{"@type":"SearchAction","target":{"@type":"EntryPoint","urlTemplate":"https:\/\/luchonoticias.com\/editor\/?s={search_term_string}"},"query-input":{"@type":"PropertyValueSpecification","valueRequired":true,"valueName":"search_term_string"}}],"inLanguage":"es"},{"@type":["Person","Organization"],"@id":"https:\/\/luchonoticias.com\/editor\/#\/schema\/person\/7a7fd911f58561fd056dbac7b55af9cd","name":"admin","image":{"@type":"ImageObject","inLanguage":"es","@id":"https:\/\/luchonoticias.com\/editor\/#\/schema\/person\/image\/","url":"https:\/\/luchonoticias.com\/editor\/wp-content\/uploads\/2024\/02\/cropped-cropped-logolu.webp","contentUrl":"https:\/\/luchonoticias.com\/editor\/wp-content\/uploads\/2024\/02\/cropped-cropped-logolu.webp","width":382,"height":170,"caption":"admin"},"logo":{"@id":"https:\/\/luchonoticias.com\/editor\/#\/schema\/person\/image\/"},"sameAs":["https:\/\/www.facebook.com\/luchonoticiasneiva"]},{"@type":"Person","@id":"https:\/\/luchonoticias.com\/editor\/#\/schema\/person\/29217990ddf6f14e35912b2866d591fb","name":"Editor General","image":{"@type":"ImageObject","inLanguage":"es","@id":"https:\/\/luchonoticias.com\/editor\/#\/schema\/person\/image\/","url":"https:\/\/luchonoticias.com\/editor\/wp-content\/uploads\/2024\/02\/cropped-cropped-logolu-150x150.webp","contentUrl":"https:\/\/luchonoticias.com\/editor\/wp-content\/uploads\/2024\/02\/cropped-cropped-logolu-150x150.webp","caption":"Editor General"},"sameAs":["https:\/\/luchonoticias.com\/"],"url":"https:\/\/luchonoticias.com\/editor\/author\/editor-general\/"}]}},"_links":{"self":[{"href":"https:\/\/luchonoticias.com\/editor\/wp-json\/wp\/v2\/posts\/82135","targetHints":{"allow":["GET"]}}],"collection":[{"href":"https:\/\/luchonoticias.com\/editor\/wp-json\/wp\/v2\/posts"}],"about":[{"href":"https:\/\/luchonoticias.com\/editor\/wp-json\/wp\/v2\/types\/post"}],"author":[{"embeddable":true,"href":"https:\/\/luchonoticias.com\/editor\/wp-json\/wp\/v2\/users\/2"}],"replies":[{"embeddable":true,"href":"https:\/\/luchonoticias.com\/editor\/wp-json\/wp\/v2\/comments?post=82135"}],"version-history":[{"count":1,"href":"https:\/\/luchonoticias.com\/editor\/wp-json\/wp\/v2\/posts\/82135\/revisions"}],"predecessor-version":[{"id":82137,"href":"https:\/\/luchonoticias.com\/editor\/wp-json\/wp\/v2\/posts\/82135\/revisions\/82137"}],"wp:featuredmedia":[{"embeddable":true,"href":"https:\/\/luchonoticias.com\/editor\/wp-json\/wp\/v2\/media\/82136"}],"wp:attachment":[{"href":"https:\/\/luchonoticias.com\/editor\/wp-json\/wp\/v2\/media?parent=82135"}],"wp:term":[{"taxonomy":"category","embeddable":true,"href":"https:\/\/luchonoticias.com\/editor\/wp-json\/wp\/v2\/categories?post=82135"},{"taxonomy":"post_tag","embeddable":true,"href":"https:\/\/luchonoticias.com\/editor\/wp-json\/wp\/v2\/tags?post=82135"}],"curies":[{"name":"wp","href":"https:\/\/api.w.org\/{rel}","templated":true}]}}