{"id":82175,"date":"2025-04-24T08:43:54","date_gmt":"2025-04-24T13:43:54","guid":{"rendered":"https:\/\/luchonoticias.com\/?p=82175"},"modified":"2025-04-24T08:43:56","modified_gmt":"2025-04-24T13:43:56","slug":"los-libros-del-huila-ya-tienen-una-casa","status":"publish","type":"post","link":"https:\/\/luchonoticias.com\/editor\/los-libros-del-huila-ya-tienen-una-casa\/","title":{"rendered":"Los libros del Huila ya tienen una casa"},"content":{"rendered":"\n<figure class=\"wp-block-image size-full\"><img loading=\"lazy\" decoding=\"async\" width=\"700\" height=\"400\" src=\"https:\/\/luchonoticias.com\/wp-content\/uploads\/2025\/04\/casa-del-libro-final-lucho.jpg\" alt=\"\" class=\"wp-image-82176\" srcset=\"https:\/\/luchonoticias.com\/editor\/wp-content\/uploads\/2025\/04\/casa-del-libro-final-lucho.jpg 700w, https:\/\/luchonoticias.com\/editor\/wp-content\/uploads\/2025\/04\/casa-del-libro-final-lucho-300x171.jpg 300w\" sizes=\"auto, (max-width: 700px) 100vw, 700px\" \/><\/figure>\n\n\n\n<p>El gobernador del Huila, Rodrigo Villalba Mosquera, inaugur\u00f3 la Casa del Libro Total en Neiva, un espacio que integra cultura, lectura, caf\u00e9 regional y atenci\u00f3n al contribuyente en un mismo lugar. La sede est\u00e1 ubicada en el centro comercial San Juan Plaza.<\/p>\n\n\n\n<p>La iniciativa busca transformar la relaci\u00f3n entre el Estado y la ciudadan\u00eda, ofreciendo servicios p\u00fablicos en un ambiente cultural y acogedor. En este centro, los huilenses podr\u00e1n acceder a m\u00e1s de 60.000 libros digitales, participar en talleres y eventos, y realizar tr\u00e1mites sin filas.<\/p>\n\n\n\n<p>Villalba resalt\u00f3 que este modelo prioriza la experiencia del ciudadano, ofreciendo un entorno donde es posible leer, disfrutar de una taza de caf\u00e9 o asistir a actividades culturales mientras se gestiona un tr\u00e1mite. \u201cEs una muestra de un Estado cercano y humano\u201d, dijo.<\/p>\n\n\n\n<p>La Casa del Libro Total es una apuesta por el conocimiento, la memoria colectiva y la identidad regional. Su componente \u201cCaf\u00e9 Total\u201d rinde homenaje al caf\u00e9 del Huila, con charlas y exposiciones que conectan a la comunidad con sus ra\u00edces y tradiciones.<\/p>\n\n\n\n<p><\/p>\n","protected":false},"excerpt":{"rendered":"<p>El gobernador del Huila, Rodrigo Villalba Mosquera, inaugur\u00f3 la Casa del Libro Total en Neiva, un espacio que integra cultura, lectura, caf\u00e9 regional y atenci\u00f3n al contribuyente en un mismo lugar. La sede est\u00e1 ubicada en el centro comercial San Juan Plaza. La iniciativa busca transformar la relaci\u00f3n entre el Estado y la ciudadan\u00eda, ofreciendo [&hellip;]<\/p>\n","protected":false},"author":2,"featured_media":82176,"comment_status":"closed","ping_status":"open","sticky":false,"template":"","format":"standard","meta":{"footnotes":""},"categories":[33],"tags":[],"class_list":["post-82175","post","type-post","status-publish","format-standard","has-post-thumbnail","hentry","category-huila"],"yoast_head":"<!-- This site is optimized with the Yoast SEO plugin v26.6 - https:\/\/yoast.com\/wordpress\/plugins\/seo\/ -->\n<title>Los libros del Huila ya tienen una casa -<\/title>\n<meta name=\"robots\" content=\"index, follow, max-snippet:-1, max-image-preview:large, max-video-preview:-1\" \/>\n<link rel=\"canonical\" href=\"https:\/\/luchonoticias.com\/editor\/los-libros-del-huila-ya-tienen-una-casa\/\" \/>\n<meta property=\"og:locale\" content=\"es_ES\" \/>\n<meta property=\"og:type\" content=\"article\" \/>\n<meta property=\"og:title\" content=\"Los libros del Huila ya tienen una casa -\" \/>\n<meta property=\"og:url\" content=\"https:\/\/luchonoticias.com\/editor\/los-libros-del-huila-ya-tienen-una-casa\/\" \/>\n<meta property=\"article:publisher\" content=\"https:\/\/www.facebook.com\/luchonoticiasneiva\" \/>\n<meta property=\"article:published_time\" content=\"2025-04-24T13:43:54+00:00\" \/>\n<meta property=\"article:modified_time\" content=\"2025-04-24T13:43:56+00:00\" \/>\n<meta property=\"og:image\" content=\"https:\/\/luchonoticias.com\/editor\/wp-content\/uploads\/2025\/04\/casa-del-libro-final-lucho.jpg\" \/>\n\t<meta property=\"og:image:width\" content=\"700\" \/>\n\t<meta property=\"og:image:height\" content=\"400\" \/>\n\t<meta property=\"og:image:type\" content=\"image\/jpeg\" \/>\n<meta name=\"author\" content=\"Editor General\" \/>\n<meta name=\"twitter:card\" content=\"summary_large_image\" \/>\n<meta name=\"twitter:label1\" content=\"Escrito por\" \/>\n\t<meta name=\"twitter:data1\" content=\"Editor General\" \/>\n\t<meta name=\"twitter:label2\" content=\"Tiempo de lectura\" \/>\n\t<meta name=\"twitter:data2\" content=\"2 minutos\" \/>\n<script type=\"application\/ld+json\" class=\"yoast-schema-graph\">{\"@context\":\"https:\/\/schema.org\",\"@graph\":[{\"@type\":\"Article\",\"@id\":\"https:\/\/luchonoticias.com\/editor\/los-libros-del-huila-ya-tienen-una-casa\/#article\",\"isPartOf\":{\"@id\":\"https:\/\/luchonoticias.com\/editor\/los-libros-del-huila-ya-tienen-una-casa\/\"},\"author\":{\"name\":\"Editor General\",\"@id\":\"https:\/\/luchonoticias.com\/editor\/#\/schema\/person\/29217990ddf6f14e35912b2866d591fb\"},\"headline\":\"Los libros del Huila ya tienen una casa\",\"datePublished\":\"2025-04-24T13:43:54+00:00\",\"dateModified\":\"2025-04-24T13:43:56+00:00\",\"mainEntityOfPage\":{\"@id\":\"https:\/\/luchonoticias.com\/editor\/los-libros-del-huila-ya-tienen-una-casa\/\"},\"wordCount\":187,\"publisher\":{\"@id\":\"https:\/\/luchonoticias.com\/editor\/#\/schema\/person\/7a7fd911f58561fd056dbac7b55af9cd\"},\"image\":{\"@id\":\"https:\/\/luchonoticias.com\/editor\/los-libros-del-huila-ya-tienen-una-casa\/#primaryimage\"},\"thumbnailUrl\":\"https:\/\/luchonoticias.com\/editor\/wp-content\/uploads\/2025\/04\/casa-del-libro-final-lucho.jpg\",\"articleSection\":[\"Huila\"],\"inLanguage\":\"es\"},{\"@type\":\"WebPage\",\"@id\":\"https:\/\/luchonoticias.com\/editor\/los-libros-del-huila-ya-tienen-una-casa\/\",\"url\":\"https:\/\/luchonoticias.com\/editor\/los-libros-del-huila-ya-tienen-una-casa\/\",\"name\":\"Los libros del Huila ya tienen una casa -\",\"isPartOf\":{\"@id\":\"https:\/\/luchonoticias.com\/editor\/#website\"},\"primaryImageOfPage\":{\"@id\":\"https:\/\/luchonoticias.com\/editor\/los-libros-del-huila-ya-tienen-una-casa\/#primaryimage\"},\"image\":{\"@id\":\"https:\/\/luchonoticias.com\/editor\/los-libros-del-huila-ya-tienen-una-casa\/#primaryimage\"},\"thumbnailUrl\":\"https:\/\/luchonoticias.com\/editor\/wp-content\/uploads\/2025\/04\/casa-del-libro-final-lucho.jpg\",\"datePublished\":\"2025-04-24T13:43:54+00:00\",\"dateModified\":\"2025-04-24T13:43:56+00:00\",\"breadcrumb\":{\"@id\":\"https:\/\/luchonoticias.com\/editor\/los-libros-del-huila-ya-tienen-una-casa\/#breadcrumb\"},\"inLanguage\":\"es\",\"potentialAction\":[{\"@type\":\"ReadAction\",\"target\":[\"https:\/\/luchonoticias.com\/editor\/los-libros-del-huila-ya-tienen-una-casa\/\"]}]},{\"@type\":\"ImageObject\",\"inLanguage\":\"es\",\"@id\":\"https:\/\/luchonoticias.com\/editor\/los-libros-del-huila-ya-tienen-una-casa\/#primaryimage\",\"url\":\"https:\/\/luchonoticias.com\/editor\/wp-content\/uploads\/2025\/04\/casa-del-libro-final-lucho.jpg\",\"contentUrl\":\"https:\/\/luchonoticias.com\/editor\/wp-content\/uploads\/2025\/04\/casa-del-libro-final-lucho.jpg\",\"width\":700,\"height\":400},{\"@type\":\"BreadcrumbList\",\"@id\":\"https:\/\/luchonoticias.com\/editor\/los-libros-del-huila-ya-tienen-una-casa\/#breadcrumb\",\"itemListElement\":[{\"@type\":\"ListItem\",\"position\":1,\"name\":\"Portada\",\"item\":\"https:\/\/luchonoticias.com\/editor\/\"},{\"@type\":\"ListItem\",\"position\":2,\"name\":\"Los libros del Huila ya tienen una casa\"}]},{\"@type\":\"WebSite\",\"@id\":\"https:\/\/luchonoticias.com\/editor\/#website\",\"url\":\"https:\/\/luchonoticias.com\/editor\/\",\"name\":\"\",\"description\":\"\",\"publisher\":{\"@id\":\"https:\/\/luchonoticias.com\/editor\/#\/schema\/person\/7a7fd911f58561fd056dbac7b55af9cd\"},\"potentialAction\":[{\"@type\":\"SearchAction\",\"target\":{\"@type\":\"EntryPoint\",\"urlTemplate\":\"https:\/\/luchonoticias.com\/editor\/?s={search_term_string}\"},\"query-input\":{\"@type\":\"PropertyValueSpecification\",\"valueRequired\":true,\"valueName\":\"search_term_string\"}}],\"inLanguage\":\"es\"},{\"@type\":[\"Person\",\"Organization\"],\"@id\":\"https:\/\/luchonoticias.com\/editor\/#\/schema\/person\/7a7fd911f58561fd056dbac7b55af9cd\",\"name\":\"admin\",\"image\":{\"@type\":\"ImageObject\",\"inLanguage\":\"es\",\"@id\":\"https:\/\/luchonoticias.com\/editor\/#\/schema\/person\/image\/\",\"url\":\"https:\/\/luchonoticias.com\/editor\/wp-content\/uploads\/2024\/02\/cropped-cropped-logolu.webp\",\"contentUrl\":\"https:\/\/luchonoticias.com\/editor\/wp-content\/uploads\/2024\/02\/cropped-cropped-logolu.webp\",\"width\":382,\"height\":170,\"caption\":\"admin\"},\"logo\":{\"@id\":\"https:\/\/luchonoticias.com\/editor\/#\/schema\/person\/image\/\"},\"sameAs\":[\"https:\/\/www.facebook.com\/luchonoticiasneiva\"]},{\"@type\":\"Person\",\"@id\":\"https:\/\/luchonoticias.com\/editor\/#\/schema\/person\/29217990ddf6f14e35912b2866d591fb\",\"name\":\"Editor General\",\"image\":{\"@type\":\"ImageObject\",\"inLanguage\":\"es\",\"@id\":\"https:\/\/luchonoticias.com\/editor\/#\/schema\/person\/image\/\",\"url\":\"https:\/\/luchonoticias.com\/editor\/wp-content\/uploads\/2024\/02\/cropped-cropped-logolu-150x150.webp\",\"contentUrl\":\"https:\/\/luchonoticias.com\/editor\/wp-content\/uploads\/2024\/02\/cropped-cropped-logolu-150x150.webp\",\"caption\":\"Editor General\"},\"sameAs\":[\"https:\/\/luchonoticias.com\/\"],\"url\":\"https:\/\/luchonoticias.com\/editor\/author\/editor-general\/\"}]}<\/script>\n<!-- \/ Yoast SEO plugin. -->","yoast_head_json":{"title":"Los libros del Huila ya tienen una casa -","robots":{"index":"index","follow":"follow","max-snippet":"max-snippet:-1","max-image-preview":"max-image-preview:large","max-video-preview":"max-video-preview:-1"},"canonical":"https:\/\/luchonoticias.com\/editor\/los-libros-del-huila-ya-tienen-una-casa\/","og_locale":"es_ES","og_type":"article","og_title":"Los libros del Huila ya tienen una casa -","og_url":"https:\/\/luchonoticias.com\/editor\/los-libros-del-huila-ya-tienen-una-casa\/","article_publisher":"https:\/\/www.facebook.com\/luchonoticiasneiva","article_published_time":"2025-04-24T13:43:54+00:00","article_modified_time":"2025-04-24T13:43:56+00:00","og_image":[{"width":700,"height":400,"url":"https:\/\/luchonoticias.com\/editor\/wp-content\/uploads\/2025\/04\/casa-del-libro-final-lucho.jpg","type":"image\/jpeg"}],"author":"Editor General","twitter_card":"summary_large_image","twitter_misc":{"Escrito por":"Editor General","Tiempo de lectura":"2 minutos"},"schema":{"@context":"https:\/\/schema.org","@graph":[{"@type":"Article","@id":"https:\/\/luchonoticias.com\/editor\/los-libros-del-huila-ya-tienen-una-casa\/#article","isPartOf":{"@id":"https:\/\/luchonoticias.com\/editor\/los-libros-del-huila-ya-tienen-una-casa\/"},"author":{"name":"Editor General","@id":"https:\/\/luchonoticias.com\/editor\/#\/schema\/person\/29217990ddf6f14e35912b2866d591fb"},"headline":"Los libros del Huila ya tienen una casa","datePublished":"2025-04-24T13:43:54+00:00","dateModified":"2025-04-24T13:43:56+00:00","mainEntityOfPage":{"@id":"https:\/\/luchonoticias.com\/editor\/los-libros-del-huila-ya-tienen-una-casa\/"},"wordCount":187,"publisher":{"@id":"https:\/\/luchonoticias.com\/editor\/#\/schema\/person\/7a7fd911f58561fd056dbac7b55af9cd"},"image":{"@id":"https:\/\/luchonoticias.com\/editor\/los-libros-del-huila-ya-tienen-una-casa\/#primaryimage"},"thumbnailUrl":"https:\/\/luchonoticias.com\/editor\/wp-content\/uploads\/2025\/04\/casa-del-libro-final-lucho.jpg","articleSection":["Huila"],"inLanguage":"es"},{"@type":"WebPage","@id":"https:\/\/luchonoticias.com\/editor\/los-libros-del-huila-ya-tienen-una-casa\/","url":"https:\/\/luchonoticias.com\/editor\/los-libros-del-huila-ya-tienen-una-casa\/","name":"Los libros del Huila ya tienen una casa -","isPartOf":{"@id":"https:\/\/luchonoticias.com\/editor\/#website"},"primaryImageOfPage":{"@id":"https:\/\/luchonoticias.com\/editor\/los-libros-del-huila-ya-tienen-una-casa\/#primaryimage"},"image":{"@id":"https:\/\/luchonoticias.com\/editor\/los-libros-del-huila-ya-tienen-una-casa\/#primaryimage"},"thumbnailUrl":"https:\/\/luchonoticias.com\/editor\/wp-content\/uploads\/2025\/04\/casa-del-libro-final-lucho.jpg","datePublished":"2025-04-24T13:43:54+00:00","dateModified":"2025-04-24T13:43:56+00:00","breadcrumb":{"@id":"https:\/\/luchonoticias.com\/editor\/los-libros-del-huila-ya-tienen-una-casa\/#breadcrumb"},"inLanguage":"es","potentialAction":[{"@type":"ReadAction","target":["https:\/\/luchonoticias.com\/editor\/los-libros-del-huila-ya-tienen-una-casa\/"]}]},{"@type":"ImageObject","inLanguage":"es","@id":"https:\/\/luchonoticias.com\/editor\/los-libros-del-huila-ya-tienen-una-casa\/#primaryimage","url":"https:\/\/luchonoticias.com\/editor\/wp-content\/uploads\/2025\/04\/casa-del-libro-final-lucho.jpg","contentUrl":"https:\/\/luchonoticias.com\/editor\/wp-content\/uploads\/2025\/04\/casa-del-libro-final-lucho.jpg","width":700,"height":400},{"@type":"BreadcrumbList","@id":"https:\/\/luchonoticias.com\/editor\/los-libros-del-huila-ya-tienen-una-casa\/#breadcrumb","itemListElement":[{"@type":"ListItem","position":1,"name":"Portada","item":"https:\/\/luchonoticias.com\/editor\/"},{"@type":"ListItem","position":2,"name":"Los libros del Huila ya tienen una casa"}]},{"@type":"WebSite","@id":"https:\/\/luchonoticias.com\/editor\/#website","url":"https:\/\/luchonoticias.com\/editor\/","name":"","description":"","publisher":{"@id":"https:\/\/luchonoticias.com\/editor\/#\/schema\/person\/7a7fd911f58561fd056dbac7b55af9cd"},"potentialAction":[{"@type":"SearchAction","target":{"@type":"EntryPoint","urlTemplate":"https:\/\/luchonoticias.com\/editor\/?s={search_term_string}"},"query-input":{"@type":"PropertyValueSpecification","valueRequired":true,"valueName":"search_term_string"}}],"inLanguage":"es"},{"@type":["Person","Organization"],"@id":"https:\/\/luchonoticias.com\/editor\/#\/schema\/person\/7a7fd911f58561fd056dbac7b55af9cd","name":"admin","image":{"@type":"ImageObject","inLanguage":"es","@id":"https:\/\/luchonoticias.com\/editor\/#\/schema\/person\/image\/","url":"https:\/\/luchonoticias.com\/editor\/wp-content\/uploads\/2024\/02\/cropped-cropped-logolu.webp","contentUrl":"https:\/\/luchonoticias.com\/editor\/wp-content\/uploads\/2024\/02\/cropped-cropped-logolu.webp","width":382,"height":170,"caption":"admin"},"logo":{"@id":"https:\/\/luchonoticias.com\/editor\/#\/schema\/person\/image\/"},"sameAs":["https:\/\/www.facebook.com\/luchonoticiasneiva"]},{"@type":"Person","@id":"https:\/\/luchonoticias.com\/editor\/#\/schema\/person\/29217990ddf6f14e35912b2866d591fb","name":"Editor General","image":{"@type":"ImageObject","inLanguage":"es","@id":"https:\/\/luchonoticias.com\/editor\/#\/schema\/person\/image\/","url":"https:\/\/luchonoticias.com\/editor\/wp-content\/uploads\/2024\/02\/cropped-cropped-logolu-150x150.webp","contentUrl":"https:\/\/luchonoticias.com\/editor\/wp-content\/uploads\/2024\/02\/cropped-cropped-logolu-150x150.webp","caption":"Editor General"},"sameAs":["https:\/\/luchonoticias.com\/"],"url":"https:\/\/luchonoticias.com\/editor\/author\/editor-general\/"}]}},"_links":{"self":[{"href":"https:\/\/luchonoticias.com\/editor\/wp-json\/wp\/v2\/posts\/82175","targetHints":{"allow":["GET"]}}],"collection":[{"href":"https:\/\/luchonoticias.com\/editor\/wp-json\/wp\/v2\/posts"}],"about":[{"href":"https:\/\/luchonoticias.com\/editor\/wp-json\/wp\/v2\/types\/post"}],"author":[{"embeddable":true,"href":"https:\/\/luchonoticias.com\/editor\/wp-json\/wp\/v2\/users\/2"}],"replies":[{"embeddable":true,"href":"https:\/\/luchonoticias.com\/editor\/wp-json\/wp\/v2\/comments?post=82175"}],"version-history":[{"count":1,"href":"https:\/\/luchonoticias.com\/editor\/wp-json\/wp\/v2\/posts\/82175\/revisions"}],"predecessor-version":[{"id":82177,"href":"https:\/\/luchonoticias.com\/editor\/wp-json\/wp\/v2\/posts\/82175\/revisions\/82177"}],"wp:featuredmedia":[{"embeddable":true,"href":"https:\/\/luchonoticias.com\/editor\/wp-json\/wp\/v2\/media\/82176"}],"wp:attachment":[{"href":"https:\/\/luchonoticias.com\/editor\/wp-json\/wp\/v2\/media?parent=82175"}],"wp:term":[{"taxonomy":"category","embeddable":true,"href":"https:\/\/luchonoticias.com\/editor\/wp-json\/wp\/v2\/categories?post=82175"},{"taxonomy":"post_tag","embeddable":true,"href":"https:\/\/luchonoticias.com\/editor\/wp-json\/wp\/v2\/tags?post=82175"}],"curies":[{"name":"wp","href":"https:\/\/api.w.org\/{rel}","templated":true}]}}