{"id":82217,"date":"2025-04-25T15:44:43","date_gmt":"2025-04-25T20:44:43","guid":{"rendered":"https:\/\/luchonoticias.com\/?p=82217"},"modified":"2025-04-25T15:44:44","modified_gmt":"2025-04-25T20:44:44","slug":"listos-para-el-funeral-del-papa-francisco","status":"publish","type":"post","link":"https:\/\/luchonoticias.com\/editor\/listos-para-el-funeral-del-papa-francisco\/","title":{"rendered":"Listos para el funeral del Papa Francisco"},"content":{"rendered":"\n<figure class=\"wp-block-image size-full\"><img loading=\"lazy\" decoding=\"async\" width=\"700\" height=\"400\" src=\"https:\/\/luchonoticias.com\/wp-content\/uploads\/2025\/04\/paapa-francisco-luchonoticias.jpg\" alt=\"\" class=\"wp-image-82218\" srcset=\"https:\/\/luchonoticias.com\/editor\/wp-content\/uploads\/2025\/04\/paapa-francisco-luchonoticias.jpg 700w, https:\/\/luchonoticias.com\/editor\/wp-content\/uploads\/2025\/04\/paapa-francisco-luchonoticias-300x171.jpg 300w\" sizes=\"auto, (max-width: 700px) 100vw, 700px\" \/><\/figure>\n\n\n\n<p>El mundo se prepara para despedir al papa Francisco, cuyo funeral se celebrar\u00e1 este s\u00e1bado en Roma. Este viernes marc\u00f3 el final de la capilla ardiente en la bas\u00edlica de San Pedro, donde m\u00e1s de 90.000 personas pasaron en silencio para dar el \u00faltimo adi\u00f3s al pont\u00edfice argentino.<\/p>\n\n\n\n<p>Fieles de todo el mundo, como Ana Dao, venezolana de 30 a\u00f1os, vivieron momentos emotivos tras esperar por horas para ver al papa. \u201cEs historia. Fue demasiado impresionante, no ten\u00edas palabras\u201d, dijo tras cuatro horas de fila.<\/p>\n\n\n\n<p>La misa funeral reunir\u00e1 a l\u00edderes internacionales como Donald Trump, Javier Milei, Lula da Silva, el rey Felipe VI y Ant\u00f3nio Guterres, entre otros. Mauro Bergoglio, sobrino del papa, tambi\u00e9n estar\u00e1 presente tras superar un enredo diplom\u00e1tico.<\/p>\n\n\n\n<p>El entierro tendr\u00e1 lugar en la bas\u00edlica de Santa Mar\u00eda la Mayor, convirti\u00e9ndose en el primer sepelio de un papa fuera del Vaticano en m\u00e1s de un siglo, desde Le\u00f3n XIII en 1903.<\/p>\n","protected":false},"excerpt":{"rendered":"<p>El mundo se prepara para despedir al papa Francisco, cuyo funeral se celebrar\u00e1 este s\u00e1bado en Roma. Este viernes marc\u00f3 el final de la capilla ardiente en la bas\u00edlica de San Pedro, donde m\u00e1s de 90.000 personas pasaron en silencio para dar el \u00faltimo adi\u00f3s al pont\u00edfice argentino. Fieles de todo el mundo, como Ana [&hellip;]<\/p>\n","protected":false},"author":2,"featured_media":82218,"comment_status":"closed","ping_status":"open","sticky":false,"template":"","format":"standard","meta":{"footnotes":""},"categories":[28],"tags":[],"class_list":["post-82217","post","type-post","status-publish","format-standard","has-post-thumbnail","hentry","category-actualidad"],"yoast_head":"<!-- This site is optimized with the Yoast SEO plugin v26.6 - https:\/\/yoast.com\/wordpress\/plugins\/seo\/ -->\n<title>Listos para el funeral del Papa Francisco -<\/title>\n<meta name=\"robots\" content=\"index, follow, max-snippet:-1, max-image-preview:large, max-video-preview:-1\" \/>\n<link rel=\"canonical\" href=\"https:\/\/luchonoticias.com\/editor\/listos-para-el-funeral-del-papa-francisco\/\" \/>\n<meta property=\"og:locale\" content=\"es_ES\" \/>\n<meta property=\"og:type\" content=\"article\" \/>\n<meta property=\"og:title\" content=\"Listos para el funeral del Papa Francisco -\" \/>\n<meta property=\"og:url\" content=\"https:\/\/luchonoticias.com\/editor\/listos-para-el-funeral-del-papa-francisco\/\" \/>\n<meta property=\"article:publisher\" content=\"https:\/\/www.facebook.com\/luchonoticiasneiva\" \/>\n<meta property=\"article:published_time\" content=\"2025-04-25T20:44:43+00:00\" \/>\n<meta property=\"article:modified_time\" content=\"2025-04-25T20:44:44+00:00\" \/>\n<meta property=\"og:image\" content=\"https:\/\/luchonoticias.com\/editor\/wp-content\/uploads\/2025\/04\/paapa-francisco-luchonoticias.jpg\" \/>\n\t<meta property=\"og:image:width\" content=\"700\" \/>\n\t<meta property=\"og:image:height\" content=\"400\" \/>\n\t<meta property=\"og:image:type\" content=\"image\/jpeg\" \/>\n<meta name=\"author\" content=\"Editor General\" \/>\n<meta name=\"twitter:card\" content=\"summary_large_image\" \/>\n<meta name=\"twitter:label1\" content=\"Escrito por\" \/>\n\t<meta name=\"twitter:data1\" content=\"Editor General\" \/>\n\t<meta name=\"twitter:label2\" content=\"Tiempo de lectura\" \/>\n\t<meta name=\"twitter:data2\" content=\"2 minutos\" \/>\n<script type=\"application\/ld+json\" class=\"yoast-schema-graph\">{\"@context\":\"https:\/\/schema.org\",\"@graph\":[{\"@type\":\"Article\",\"@id\":\"https:\/\/luchonoticias.com\/editor\/listos-para-el-funeral-del-papa-francisco\/#article\",\"isPartOf\":{\"@id\":\"https:\/\/luchonoticias.com\/editor\/listos-para-el-funeral-del-papa-francisco\/\"},\"author\":{\"name\":\"Editor General\",\"@id\":\"https:\/\/luchonoticias.com\/editor\/#\/schema\/person\/29217990ddf6f14e35912b2866d591fb\"},\"headline\":\"Listos para el funeral del Papa Francisco\",\"datePublished\":\"2025-04-25T20:44:43+00:00\",\"dateModified\":\"2025-04-25T20:44:44+00:00\",\"mainEntityOfPage\":{\"@id\":\"https:\/\/luchonoticias.com\/editor\/listos-para-el-funeral-del-papa-francisco\/\"},\"wordCount\":175,\"publisher\":{\"@id\":\"https:\/\/luchonoticias.com\/editor\/#\/schema\/person\/7a7fd911f58561fd056dbac7b55af9cd\"},\"image\":{\"@id\":\"https:\/\/luchonoticias.com\/editor\/listos-para-el-funeral-del-papa-francisco\/#primaryimage\"},\"thumbnailUrl\":\"https:\/\/luchonoticias.com\/editor\/wp-content\/uploads\/2025\/04\/paapa-francisco-luchonoticias.jpg\",\"articleSection\":[\"Actualidad\"],\"inLanguage\":\"es\"},{\"@type\":\"WebPage\",\"@id\":\"https:\/\/luchonoticias.com\/editor\/listos-para-el-funeral-del-papa-francisco\/\",\"url\":\"https:\/\/luchonoticias.com\/editor\/listos-para-el-funeral-del-papa-francisco\/\",\"name\":\"Listos para el funeral del Papa Francisco -\",\"isPartOf\":{\"@id\":\"https:\/\/luchonoticias.com\/editor\/#website\"},\"primaryImageOfPage\":{\"@id\":\"https:\/\/luchonoticias.com\/editor\/listos-para-el-funeral-del-papa-francisco\/#primaryimage\"},\"image\":{\"@id\":\"https:\/\/luchonoticias.com\/editor\/listos-para-el-funeral-del-papa-francisco\/#primaryimage\"},\"thumbnailUrl\":\"https:\/\/luchonoticias.com\/editor\/wp-content\/uploads\/2025\/04\/paapa-francisco-luchonoticias.jpg\",\"datePublished\":\"2025-04-25T20:44:43+00:00\",\"dateModified\":\"2025-04-25T20:44:44+00:00\",\"breadcrumb\":{\"@id\":\"https:\/\/luchonoticias.com\/editor\/listos-para-el-funeral-del-papa-francisco\/#breadcrumb\"},\"inLanguage\":\"es\",\"potentialAction\":[{\"@type\":\"ReadAction\",\"target\":[\"https:\/\/luchonoticias.com\/editor\/listos-para-el-funeral-del-papa-francisco\/\"]}]},{\"@type\":\"ImageObject\",\"inLanguage\":\"es\",\"@id\":\"https:\/\/luchonoticias.com\/editor\/listos-para-el-funeral-del-papa-francisco\/#primaryimage\",\"url\":\"https:\/\/luchonoticias.com\/editor\/wp-content\/uploads\/2025\/04\/paapa-francisco-luchonoticias.jpg\",\"contentUrl\":\"https:\/\/luchonoticias.com\/editor\/wp-content\/uploads\/2025\/04\/paapa-francisco-luchonoticias.jpg\",\"width\":700,\"height\":400},{\"@type\":\"BreadcrumbList\",\"@id\":\"https:\/\/luchonoticias.com\/editor\/listos-para-el-funeral-del-papa-francisco\/#breadcrumb\",\"itemListElement\":[{\"@type\":\"ListItem\",\"position\":1,\"name\":\"Portada\",\"item\":\"https:\/\/luchonoticias.com\/editor\/\"},{\"@type\":\"ListItem\",\"position\":2,\"name\":\"Listos para el funeral del Papa Francisco\"}]},{\"@type\":\"WebSite\",\"@id\":\"https:\/\/luchonoticias.com\/editor\/#website\",\"url\":\"https:\/\/luchonoticias.com\/editor\/\",\"name\":\"\",\"description\":\"\",\"publisher\":{\"@id\":\"https:\/\/luchonoticias.com\/editor\/#\/schema\/person\/7a7fd911f58561fd056dbac7b55af9cd\"},\"potentialAction\":[{\"@type\":\"SearchAction\",\"target\":{\"@type\":\"EntryPoint\",\"urlTemplate\":\"https:\/\/luchonoticias.com\/editor\/?s={search_term_string}\"},\"query-input\":{\"@type\":\"PropertyValueSpecification\",\"valueRequired\":true,\"valueName\":\"search_term_string\"}}],\"inLanguage\":\"es\"},{\"@type\":[\"Person\",\"Organization\"],\"@id\":\"https:\/\/luchonoticias.com\/editor\/#\/schema\/person\/7a7fd911f58561fd056dbac7b55af9cd\",\"name\":\"admin\",\"image\":{\"@type\":\"ImageObject\",\"inLanguage\":\"es\",\"@id\":\"https:\/\/luchonoticias.com\/editor\/#\/schema\/person\/image\/\",\"url\":\"https:\/\/luchonoticias.com\/editor\/wp-content\/uploads\/2024\/02\/cropped-cropped-logolu.webp\",\"contentUrl\":\"https:\/\/luchonoticias.com\/editor\/wp-content\/uploads\/2024\/02\/cropped-cropped-logolu.webp\",\"width\":382,\"height\":170,\"caption\":\"admin\"},\"logo\":{\"@id\":\"https:\/\/luchonoticias.com\/editor\/#\/schema\/person\/image\/\"},\"sameAs\":[\"https:\/\/www.facebook.com\/luchonoticiasneiva\"]},{\"@type\":\"Person\",\"@id\":\"https:\/\/luchonoticias.com\/editor\/#\/schema\/person\/29217990ddf6f14e35912b2866d591fb\",\"name\":\"Editor General\",\"image\":{\"@type\":\"ImageObject\",\"inLanguage\":\"es\",\"@id\":\"https:\/\/luchonoticias.com\/editor\/#\/schema\/person\/image\/\",\"url\":\"https:\/\/luchonoticias.com\/editor\/wp-content\/uploads\/2024\/02\/cropped-cropped-logolu-150x150.webp\",\"contentUrl\":\"https:\/\/luchonoticias.com\/editor\/wp-content\/uploads\/2024\/02\/cropped-cropped-logolu-150x150.webp\",\"caption\":\"Editor General\"},\"sameAs\":[\"https:\/\/luchonoticias.com\/\"],\"url\":\"https:\/\/luchonoticias.com\/editor\/author\/editor-general\/\"}]}<\/script>\n<!-- \/ Yoast SEO plugin. -->","yoast_head_json":{"title":"Listos para el funeral del Papa Francisco -","robots":{"index":"index","follow":"follow","max-snippet":"max-snippet:-1","max-image-preview":"max-image-preview:large","max-video-preview":"max-video-preview:-1"},"canonical":"https:\/\/luchonoticias.com\/editor\/listos-para-el-funeral-del-papa-francisco\/","og_locale":"es_ES","og_type":"article","og_title":"Listos para el funeral del Papa Francisco -","og_url":"https:\/\/luchonoticias.com\/editor\/listos-para-el-funeral-del-papa-francisco\/","article_publisher":"https:\/\/www.facebook.com\/luchonoticiasneiva","article_published_time":"2025-04-25T20:44:43+00:00","article_modified_time":"2025-04-25T20:44:44+00:00","og_image":[{"width":700,"height":400,"url":"https:\/\/luchonoticias.com\/editor\/wp-content\/uploads\/2025\/04\/paapa-francisco-luchonoticias.jpg","type":"image\/jpeg"}],"author":"Editor General","twitter_card":"summary_large_image","twitter_misc":{"Escrito por":"Editor General","Tiempo de lectura":"2 minutos"},"schema":{"@context":"https:\/\/schema.org","@graph":[{"@type":"Article","@id":"https:\/\/luchonoticias.com\/editor\/listos-para-el-funeral-del-papa-francisco\/#article","isPartOf":{"@id":"https:\/\/luchonoticias.com\/editor\/listos-para-el-funeral-del-papa-francisco\/"},"author":{"name":"Editor General","@id":"https:\/\/luchonoticias.com\/editor\/#\/schema\/person\/29217990ddf6f14e35912b2866d591fb"},"headline":"Listos para el funeral del Papa Francisco","datePublished":"2025-04-25T20:44:43+00:00","dateModified":"2025-04-25T20:44:44+00:00","mainEntityOfPage":{"@id":"https:\/\/luchonoticias.com\/editor\/listos-para-el-funeral-del-papa-francisco\/"},"wordCount":175,"publisher":{"@id":"https:\/\/luchonoticias.com\/editor\/#\/schema\/person\/7a7fd911f58561fd056dbac7b55af9cd"},"image":{"@id":"https:\/\/luchonoticias.com\/editor\/listos-para-el-funeral-del-papa-francisco\/#primaryimage"},"thumbnailUrl":"https:\/\/luchonoticias.com\/editor\/wp-content\/uploads\/2025\/04\/paapa-francisco-luchonoticias.jpg","articleSection":["Actualidad"],"inLanguage":"es"},{"@type":"WebPage","@id":"https:\/\/luchonoticias.com\/editor\/listos-para-el-funeral-del-papa-francisco\/","url":"https:\/\/luchonoticias.com\/editor\/listos-para-el-funeral-del-papa-francisco\/","name":"Listos para el funeral del Papa Francisco -","isPartOf":{"@id":"https:\/\/luchonoticias.com\/editor\/#website"},"primaryImageOfPage":{"@id":"https:\/\/luchonoticias.com\/editor\/listos-para-el-funeral-del-papa-francisco\/#primaryimage"},"image":{"@id":"https:\/\/luchonoticias.com\/editor\/listos-para-el-funeral-del-papa-francisco\/#primaryimage"},"thumbnailUrl":"https:\/\/luchonoticias.com\/editor\/wp-content\/uploads\/2025\/04\/paapa-francisco-luchonoticias.jpg","datePublished":"2025-04-25T20:44:43+00:00","dateModified":"2025-04-25T20:44:44+00:00","breadcrumb":{"@id":"https:\/\/luchonoticias.com\/editor\/listos-para-el-funeral-del-papa-francisco\/#breadcrumb"},"inLanguage":"es","potentialAction":[{"@type":"ReadAction","target":["https:\/\/luchonoticias.com\/editor\/listos-para-el-funeral-del-papa-francisco\/"]}]},{"@type":"ImageObject","inLanguage":"es","@id":"https:\/\/luchonoticias.com\/editor\/listos-para-el-funeral-del-papa-francisco\/#primaryimage","url":"https:\/\/luchonoticias.com\/editor\/wp-content\/uploads\/2025\/04\/paapa-francisco-luchonoticias.jpg","contentUrl":"https:\/\/luchonoticias.com\/editor\/wp-content\/uploads\/2025\/04\/paapa-francisco-luchonoticias.jpg","width":700,"height":400},{"@type":"BreadcrumbList","@id":"https:\/\/luchonoticias.com\/editor\/listos-para-el-funeral-del-papa-francisco\/#breadcrumb","itemListElement":[{"@type":"ListItem","position":1,"name":"Portada","item":"https:\/\/luchonoticias.com\/editor\/"},{"@type":"ListItem","position":2,"name":"Listos para el funeral del Papa Francisco"}]},{"@type":"WebSite","@id":"https:\/\/luchonoticias.com\/editor\/#website","url":"https:\/\/luchonoticias.com\/editor\/","name":"","description":"","publisher":{"@id":"https:\/\/luchonoticias.com\/editor\/#\/schema\/person\/7a7fd911f58561fd056dbac7b55af9cd"},"potentialAction":[{"@type":"SearchAction","target":{"@type":"EntryPoint","urlTemplate":"https:\/\/luchonoticias.com\/editor\/?s={search_term_string}"},"query-input":{"@type":"PropertyValueSpecification","valueRequired":true,"valueName":"search_term_string"}}],"inLanguage":"es"},{"@type":["Person","Organization"],"@id":"https:\/\/luchonoticias.com\/editor\/#\/schema\/person\/7a7fd911f58561fd056dbac7b55af9cd","name":"admin","image":{"@type":"ImageObject","inLanguage":"es","@id":"https:\/\/luchonoticias.com\/editor\/#\/schema\/person\/image\/","url":"https:\/\/luchonoticias.com\/editor\/wp-content\/uploads\/2024\/02\/cropped-cropped-logolu.webp","contentUrl":"https:\/\/luchonoticias.com\/editor\/wp-content\/uploads\/2024\/02\/cropped-cropped-logolu.webp","width":382,"height":170,"caption":"admin"},"logo":{"@id":"https:\/\/luchonoticias.com\/editor\/#\/schema\/person\/image\/"},"sameAs":["https:\/\/www.facebook.com\/luchonoticiasneiva"]},{"@type":"Person","@id":"https:\/\/luchonoticias.com\/editor\/#\/schema\/person\/29217990ddf6f14e35912b2866d591fb","name":"Editor General","image":{"@type":"ImageObject","inLanguage":"es","@id":"https:\/\/luchonoticias.com\/editor\/#\/schema\/person\/image\/","url":"https:\/\/luchonoticias.com\/editor\/wp-content\/uploads\/2024\/02\/cropped-cropped-logolu-150x150.webp","contentUrl":"https:\/\/luchonoticias.com\/editor\/wp-content\/uploads\/2024\/02\/cropped-cropped-logolu-150x150.webp","caption":"Editor General"},"sameAs":["https:\/\/luchonoticias.com\/"],"url":"https:\/\/luchonoticias.com\/editor\/author\/editor-general\/"}]}},"_links":{"self":[{"href":"https:\/\/luchonoticias.com\/editor\/wp-json\/wp\/v2\/posts\/82217","targetHints":{"allow":["GET"]}}],"collection":[{"href":"https:\/\/luchonoticias.com\/editor\/wp-json\/wp\/v2\/posts"}],"about":[{"href":"https:\/\/luchonoticias.com\/editor\/wp-json\/wp\/v2\/types\/post"}],"author":[{"embeddable":true,"href":"https:\/\/luchonoticias.com\/editor\/wp-json\/wp\/v2\/users\/2"}],"replies":[{"embeddable":true,"href":"https:\/\/luchonoticias.com\/editor\/wp-json\/wp\/v2\/comments?post=82217"}],"version-history":[{"count":1,"href":"https:\/\/luchonoticias.com\/editor\/wp-json\/wp\/v2\/posts\/82217\/revisions"}],"predecessor-version":[{"id":82219,"href":"https:\/\/luchonoticias.com\/editor\/wp-json\/wp\/v2\/posts\/82217\/revisions\/82219"}],"wp:featuredmedia":[{"embeddable":true,"href":"https:\/\/luchonoticias.com\/editor\/wp-json\/wp\/v2\/media\/82218"}],"wp:attachment":[{"href":"https:\/\/luchonoticias.com\/editor\/wp-json\/wp\/v2\/media?parent=82217"}],"wp:term":[{"taxonomy":"category","embeddable":true,"href":"https:\/\/luchonoticias.com\/editor\/wp-json\/wp\/v2\/categories?post=82217"},{"taxonomy":"post_tag","embeddable":true,"href":"https:\/\/luchonoticias.com\/editor\/wp-json\/wp\/v2\/tags?post=82217"}],"curies":[{"name":"wp","href":"https:\/\/api.w.org\/{rel}","templated":true}]}}