{"id":82600,"date":"2025-05-07T13:52:38","date_gmt":"2025-05-07T18:52:38","guid":{"rendered":"https:\/\/luchonoticias.com\/?p=82600"},"modified":"2025-05-07T13:52:39","modified_gmt":"2025-05-07T18:52:39","slug":"animales-silvestres-son-embajadores-de-la-educacion-ambiental","status":"publish","type":"post","link":"https:\/\/luchonoticias.com\/editor\/animales-silvestres-son-embajadores-de-la-educacion-ambiental\/","title":{"rendered":"Animales silvestres son embajadores de la educaci\u00f3n ambiental"},"content":{"rendered":"\n<figure class=\"wp-block-image size-full\"><img loading=\"lazy\" decoding=\"async\" width=\"700\" height=\"400\" src=\"https:\/\/luchonoticias.com\/wp-content\/uploads\/2025\/05\/madio-ambiente-CAM.jpg\" alt=\"\" class=\"wp-image-82601\" srcset=\"https:\/\/luchonoticias.com\/editor\/wp-content\/uploads\/2025\/05\/madio-ambiente-CAM.jpg 700w, https:\/\/luchonoticias.com\/editor\/wp-content\/uploads\/2025\/05\/madio-ambiente-CAM-300x171.jpg 300w\" sizes=\"auto, (max-width: 700px) 100vw, 700px\" \/><\/figure>\n\n\n\n<p>En el Sendero de Interpretaci\u00f3n Ambiental del Macizo Colombiano, ubicado en Pitalito, Huila, viven animales silvestres que no pueden volver a su h\u00e1bitat natural debido a heridas irreversibles provocadas por la caza, el tr\u00e1fico y la tenencia ilegal. Ejemplares como un \u00e1guila real de monta\u00f1a, herida por perdigones en una de sus alas, encuentran en este lugar una nueva oportunidad para ense\u00f1ar y generar conciencia ambiental entre los visitantes.<\/p>\n\n\n\n<p>De acuerdo con la normativa colombiana, si un animal no puede ser liberado ni acogido por un zool\u00f3gico o bioparque, debe ser eutanasiado. Sin embargo, en este sendero los animales reciben un hogar seguro y atenci\u00f3n especializada. El \u00e1guila, por ejemplo, pas\u00f3 por una cirug\u00eda en Pereira, pero sus lesiones no le permitieron volver a volar, por lo que fue acogida por la Corporaci\u00f3n Aut\u00f3noma Regional del Alto Magdalena (CAM), que decidi\u00f3 darle un nuevo prop\u00f3sito como s\u00edmbolo viviente de resiliencia.<\/p>\n\n\n\n<figure class=\"wp-block-gallery has-nested-images columns-default is-cropped wp-block-gallery-1 is-layout-flex wp-block-gallery-is-layout-flex\">\n<figure class=\"wp-block-image size-large\"><img loading=\"lazy\" decoding=\"async\" width=\"1024\" height=\"682\" data-id=\"82604\" src=\"https:\/\/luchonoticias.com\/wp-content\/uploads\/2025\/05\/Imagen-de-WhatsApp-2025-05-07-a-las-11.47.34_725fdd6b-1024x682.jpg\" alt=\"\" class=\"wp-image-82604\" srcset=\"https:\/\/luchonoticias.com\/editor\/wp-content\/uploads\/2025\/05\/Imagen-de-WhatsApp-2025-05-07-a-las-11.47.34_725fdd6b-1024x682.jpg 1024w, https:\/\/luchonoticias.com\/editor\/wp-content\/uploads\/2025\/05\/Imagen-de-WhatsApp-2025-05-07-a-las-11.47.34_725fdd6b-300x200.jpg 300w, https:\/\/luchonoticias.com\/editor\/wp-content\/uploads\/2025\/05\/Imagen-de-WhatsApp-2025-05-07-a-las-11.47.34_725fdd6b-768x512.jpg 768w, https:\/\/luchonoticias.com\/editor\/wp-content\/uploads\/2025\/05\/Imagen-de-WhatsApp-2025-05-07-a-las-11.47.34_725fdd6b-1536x1023.jpg 1536w, https:\/\/luchonoticias.com\/editor\/wp-content\/uploads\/2025\/05\/Imagen-de-WhatsApp-2025-05-07-a-las-11.47.34_725fdd6b.jpg 1600w\" sizes=\"auto, (max-width: 1024px) 100vw, 1024px\" \/><\/figure>\n\n\n\n<figure class=\"wp-block-image size-large\"><img loading=\"lazy\" decoding=\"async\" width=\"1024\" height=\"682\" data-id=\"82602\" src=\"https:\/\/luchonoticias.com\/wp-content\/uploads\/2025\/05\/Imagen-de-WhatsApp-2025-05-07-a-las-11.47.32_fbae7458-1024x682.jpg\" alt=\"\" class=\"wp-image-82602\" srcset=\"https:\/\/luchonoticias.com\/editor\/wp-content\/uploads\/2025\/05\/Imagen-de-WhatsApp-2025-05-07-a-las-11.47.32_fbae7458-1024x682.jpg 1024w, https:\/\/luchonoticias.com\/editor\/wp-content\/uploads\/2025\/05\/Imagen-de-WhatsApp-2025-05-07-a-las-11.47.32_fbae7458-300x200.jpg 300w, https:\/\/luchonoticias.com\/editor\/wp-content\/uploads\/2025\/05\/Imagen-de-WhatsApp-2025-05-07-a-las-11.47.32_fbae7458-768x512.jpg 768w, https:\/\/luchonoticias.com\/editor\/wp-content\/uploads\/2025\/05\/Imagen-de-WhatsApp-2025-05-07-a-las-11.47.32_fbae7458-1536x1023.jpg 1536w, https:\/\/luchonoticias.com\/editor\/wp-content\/uploads\/2025\/05\/Imagen-de-WhatsApp-2025-05-07-a-las-11.47.32_fbae7458.jpg 1600w\" sizes=\"auto, (max-width: 1024px) 100vw, 1024px\" \/><\/figure>\n\n\n\n<figure class=\"wp-block-image size-large\"><img loading=\"lazy\" decoding=\"async\" width=\"1024\" height=\"682\" data-id=\"82603\" src=\"https:\/\/luchonoticias.com\/wp-content\/uploads\/2025\/05\/Imagen-de-WhatsApp-2025-05-07-a-las-11.47.31_a89fe92c-1024x682.jpg\" alt=\"\" class=\"wp-image-82603\" srcset=\"https:\/\/luchonoticias.com\/editor\/wp-content\/uploads\/2025\/05\/Imagen-de-WhatsApp-2025-05-07-a-las-11.47.31_a89fe92c-1024x682.jpg 1024w, https:\/\/luchonoticias.com\/editor\/wp-content\/uploads\/2025\/05\/Imagen-de-WhatsApp-2025-05-07-a-las-11.47.31_a89fe92c-300x200.jpg 300w, https:\/\/luchonoticias.com\/editor\/wp-content\/uploads\/2025\/05\/Imagen-de-WhatsApp-2025-05-07-a-las-11.47.31_a89fe92c-768x512.jpg 768w, https:\/\/luchonoticias.com\/editor\/wp-content\/uploads\/2025\/05\/Imagen-de-WhatsApp-2025-05-07-a-las-11.47.31_a89fe92c-1536x1023.jpg 1536w, https:\/\/luchonoticias.com\/editor\/wp-content\/uploads\/2025\/05\/Imagen-de-WhatsApp-2025-05-07-a-las-11.47.31_a89fe92c.jpg 1600w\" sizes=\"auto, (max-width: 1024px) 100vw, 1024px\" \/><\/figure>\n<\/figure>\n\n\n\n<p>La veterinaria Nancy Ram\u00edrez explica que el sendero acoge animales con fracturas permanentes, alteraciones mentales, o condiciones derivadas del cautiverio, como tortugas con caparazones rotos, aves sin plumas y mam\u00edferos con impronta humana. Todos comparten el objetivo de sensibilizar a la comunidad sobre el da\u00f1o causado por el tr\u00e1fico de fauna y la importancia de su conservaci\u00f3n.<\/p>\n\n\n\n<p>La CAM resalta que el contacto directo con estos animales impacta profundamente a los visitantes, aumentando su conciencia ambiental. Seg\u00fan la bi\u00f3loga Luisa Jaramillo, los animales se convierten en embajadores de su especie, enviando un mensaje poderoso de respeto y protecci\u00f3n por la biodiversidad del Huila. La entidad invita a la ciudadan\u00eda a visitar el sendero y sumarse a esta causa educativa y ecol\u00f3gica.<\/p>\n\n\n\n<p><\/p>\n","protected":false},"excerpt":{"rendered":"<p>En el Sendero de Interpretaci\u00f3n Ambiental del Macizo Colombiano, ubicado en Pitalito, Huila, viven animales silvestres que no pueden volver a su h\u00e1bitat natural debido a heridas irreversibles provocadas por la caza, el tr\u00e1fico y la tenencia ilegal. Ejemplares como un \u00e1guila real de monta\u00f1a, herida por perdigones en una de sus alas, encuentran en [&hellip;]<\/p>\n","protected":false},"author":2,"featured_media":82601,"comment_status":"closed","ping_status":"open","sticky":false,"template":"","format":"standard","meta":{"footnotes":""},"categories":[33],"tags":[],"class_list":["post-82600","post","type-post","status-publish","format-standard","has-post-thumbnail","hentry","category-huila"],"yoast_head":"<!-- This site is optimized with the Yoast SEO plugin v26.6 - https:\/\/yoast.com\/wordpress\/plugins\/seo\/ -->\n<title>Animales silvestres son embajadores de la educaci\u00f3n ambiental -<\/title>\n<meta name=\"robots\" content=\"index, follow, max-snippet:-1, max-image-preview:large, max-video-preview:-1\" \/>\n<link rel=\"canonical\" href=\"https:\/\/luchonoticias.com\/editor\/animales-silvestres-son-embajadores-de-la-educacion-ambiental\/\" \/>\n<meta property=\"og:locale\" content=\"es_ES\" \/>\n<meta property=\"og:type\" content=\"article\" \/>\n<meta property=\"og:title\" content=\"Animales silvestres son embajadores de la educaci\u00f3n ambiental -\" \/>\n<meta property=\"og:url\" content=\"https:\/\/luchonoticias.com\/editor\/animales-silvestres-son-embajadores-de-la-educacion-ambiental\/\" \/>\n<meta property=\"article:publisher\" content=\"https:\/\/www.facebook.com\/luchonoticiasneiva\" \/>\n<meta property=\"article:published_time\" content=\"2025-05-07T18:52:38+00:00\" \/>\n<meta property=\"article:modified_time\" content=\"2025-05-07T18:52:39+00:00\" \/>\n<meta property=\"og:image\" content=\"https:\/\/luchonoticias.com\/editor\/wp-content\/uploads\/2025\/05\/madio-ambiente-CAM.jpg\" \/>\n\t<meta property=\"og:image:width\" content=\"700\" \/>\n\t<meta property=\"og:image:height\" content=\"400\" \/>\n\t<meta property=\"og:image:type\" content=\"image\/jpeg\" \/>\n<meta name=\"author\" content=\"Editor General\" \/>\n<meta name=\"twitter:card\" content=\"summary_large_image\" \/>\n<meta name=\"twitter:label1\" content=\"Escrito por\" \/>\n\t<meta name=\"twitter:data1\" content=\"Editor General\" \/>\n\t<meta name=\"twitter:label2\" content=\"Tiempo de lectura\" \/>\n\t<meta name=\"twitter:data2\" content=\"3 minutos\" \/>\n<script type=\"application\/ld+json\" class=\"yoast-schema-graph\">{\"@context\":\"https:\/\/schema.org\",\"@graph\":[{\"@type\":\"Article\",\"@id\":\"https:\/\/luchonoticias.com\/editor\/animales-silvestres-son-embajadores-de-la-educacion-ambiental\/#article\",\"isPartOf\":{\"@id\":\"https:\/\/luchonoticias.com\/editor\/animales-silvestres-son-embajadores-de-la-educacion-ambiental\/\"},\"author\":{\"name\":\"Editor General\",\"@id\":\"https:\/\/luchonoticias.com\/editor\/#\/schema\/person\/29217990ddf6f14e35912b2866d591fb\"},\"headline\":\"Animales silvestres son embajadores de la educaci\u00f3n ambiental\",\"datePublished\":\"2025-05-07T18:52:38+00:00\",\"dateModified\":\"2025-05-07T18:52:39+00:00\",\"mainEntityOfPage\":{\"@id\":\"https:\/\/luchonoticias.com\/editor\/animales-silvestres-son-embajadores-de-la-educacion-ambiental\/\"},\"wordCount\":302,\"publisher\":{\"@id\":\"https:\/\/luchonoticias.com\/editor\/#\/schema\/person\/7a7fd911f58561fd056dbac7b55af9cd\"},\"image\":{\"@id\":\"https:\/\/luchonoticias.com\/editor\/animales-silvestres-son-embajadores-de-la-educacion-ambiental\/#primaryimage\"},\"thumbnailUrl\":\"https:\/\/luchonoticias.com\/editor\/wp-content\/uploads\/2025\/05\/madio-ambiente-CAM.jpg\",\"articleSection\":[\"Huila\"],\"inLanguage\":\"es\"},{\"@type\":\"WebPage\",\"@id\":\"https:\/\/luchonoticias.com\/editor\/animales-silvestres-son-embajadores-de-la-educacion-ambiental\/\",\"url\":\"https:\/\/luchonoticias.com\/editor\/animales-silvestres-son-embajadores-de-la-educacion-ambiental\/\",\"name\":\"Animales silvestres son embajadores de la educaci\u00f3n ambiental -\",\"isPartOf\":{\"@id\":\"https:\/\/luchonoticias.com\/editor\/#website\"},\"primaryImageOfPage\":{\"@id\":\"https:\/\/luchonoticias.com\/editor\/animales-silvestres-son-embajadores-de-la-educacion-ambiental\/#primaryimage\"},\"image\":{\"@id\":\"https:\/\/luchonoticias.com\/editor\/animales-silvestres-son-embajadores-de-la-educacion-ambiental\/#primaryimage\"},\"thumbnailUrl\":\"https:\/\/luchonoticias.com\/editor\/wp-content\/uploads\/2025\/05\/madio-ambiente-CAM.jpg\",\"datePublished\":\"2025-05-07T18:52:38+00:00\",\"dateModified\":\"2025-05-07T18:52:39+00:00\",\"breadcrumb\":{\"@id\":\"https:\/\/luchonoticias.com\/editor\/animales-silvestres-son-embajadores-de-la-educacion-ambiental\/#breadcrumb\"},\"inLanguage\":\"es\",\"potentialAction\":[{\"@type\":\"ReadAction\",\"target\":[\"https:\/\/luchonoticias.com\/editor\/animales-silvestres-son-embajadores-de-la-educacion-ambiental\/\"]}]},{\"@type\":\"ImageObject\",\"inLanguage\":\"es\",\"@id\":\"https:\/\/luchonoticias.com\/editor\/animales-silvestres-son-embajadores-de-la-educacion-ambiental\/#primaryimage\",\"url\":\"https:\/\/luchonoticias.com\/editor\/wp-content\/uploads\/2025\/05\/madio-ambiente-CAM.jpg\",\"contentUrl\":\"https:\/\/luchonoticias.com\/editor\/wp-content\/uploads\/2025\/05\/madio-ambiente-CAM.jpg\",\"width\":700,\"height\":400},{\"@type\":\"BreadcrumbList\",\"@id\":\"https:\/\/luchonoticias.com\/editor\/animales-silvestres-son-embajadores-de-la-educacion-ambiental\/#breadcrumb\",\"itemListElement\":[{\"@type\":\"ListItem\",\"position\":1,\"name\":\"Portada\",\"item\":\"https:\/\/luchonoticias.com\/editor\/\"},{\"@type\":\"ListItem\",\"position\":2,\"name\":\"Animales silvestres son embajadores de la educaci\u00f3n ambiental\"}]},{\"@type\":\"WebSite\",\"@id\":\"https:\/\/luchonoticias.com\/editor\/#website\",\"url\":\"https:\/\/luchonoticias.com\/editor\/\",\"name\":\"\",\"description\":\"\",\"publisher\":{\"@id\":\"https:\/\/luchonoticias.com\/editor\/#\/schema\/person\/7a7fd911f58561fd056dbac7b55af9cd\"},\"potentialAction\":[{\"@type\":\"SearchAction\",\"target\":{\"@type\":\"EntryPoint\",\"urlTemplate\":\"https:\/\/luchonoticias.com\/editor\/?s={search_term_string}\"},\"query-input\":{\"@type\":\"PropertyValueSpecification\",\"valueRequired\":true,\"valueName\":\"search_term_string\"}}],\"inLanguage\":\"es\"},{\"@type\":[\"Person\",\"Organization\"],\"@id\":\"https:\/\/luchonoticias.com\/editor\/#\/schema\/person\/7a7fd911f58561fd056dbac7b55af9cd\",\"name\":\"admin\",\"image\":{\"@type\":\"ImageObject\",\"inLanguage\":\"es\",\"@id\":\"https:\/\/luchonoticias.com\/editor\/#\/schema\/person\/image\/\",\"url\":\"https:\/\/luchonoticias.com\/editor\/wp-content\/uploads\/2024\/02\/cropped-cropped-logolu.webp\",\"contentUrl\":\"https:\/\/luchonoticias.com\/editor\/wp-content\/uploads\/2024\/02\/cropped-cropped-logolu.webp\",\"width\":382,\"height\":170,\"caption\":\"admin\"},\"logo\":{\"@id\":\"https:\/\/luchonoticias.com\/editor\/#\/schema\/person\/image\/\"},\"sameAs\":[\"https:\/\/www.facebook.com\/luchonoticiasneiva\"]},{\"@type\":\"Person\",\"@id\":\"https:\/\/luchonoticias.com\/editor\/#\/schema\/person\/29217990ddf6f14e35912b2866d591fb\",\"name\":\"Editor General\",\"image\":{\"@type\":\"ImageObject\",\"inLanguage\":\"es\",\"@id\":\"https:\/\/luchonoticias.com\/editor\/#\/schema\/person\/image\/\",\"url\":\"https:\/\/luchonoticias.com\/editor\/wp-content\/uploads\/2024\/02\/cropped-cropped-logolu-150x150.webp\",\"contentUrl\":\"https:\/\/luchonoticias.com\/editor\/wp-content\/uploads\/2024\/02\/cropped-cropped-logolu-150x150.webp\",\"caption\":\"Editor General\"},\"sameAs\":[\"https:\/\/luchonoticias.com\/\"],\"url\":\"https:\/\/luchonoticias.com\/editor\/author\/editor-general\/\"}]}<\/script>\n<!-- \/ Yoast SEO plugin. -->","yoast_head_json":{"title":"Animales silvestres son embajadores de la educaci\u00f3n ambiental -","robots":{"index":"index","follow":"follow","max-snippet":"max-snippet:-1","max-image-preview":"max-image-preview:large","max-video-preview":"max-video-preview:-1"},"canonical":"https:\/\/luchonoticias.com\/editor\/animales-silvestres-son-embajadores-de-la-educacion-ambiental\/","og_locale":"es_ES","og_type":"article","og_title":"Animales silvestres son embajadores de la educaci\u00f3n ambiental -","og_url":"https:\/\/luchonoticias.com\/editor\/animales-silvestres-son-embajadores-de-la-educacion-ambiental\/","article_publisher":"https:\/\/www.facebook.com\/luchonoticiasneiva","article_published_time":"2025-05-07T18:52:38+00:00","article_modified_time":"2025-05-07T18:52:39+00:00","og_image":[{"width":700,"height":400,"url":"https:\/\/luchonoticias.com\/editor\/wp-content\/uploads\/2025\/05\/madio-ambiente-CAM.jpg","type":"image\/jpeg"}],"author":"Editor General","twitter_card":"summary_large_image","twitter_misc":{"Escrito por":"Editor General","Tiempo de lectura":"3 minutos"},"schema":{"@context":"https:\/\/schema.org","@graph":[{"@type":"Article","@id":"https:\/\/luchonoticias.com\/editor\/animales-silvestres-son-embajadores-de-la-educacion-ambiental\/#article","isPartOf":{"@id":"https:\/\/luchonoticias.com\/editor\/animales-silvestres-son-embajadores-de-la-educacion-ambiental\/"},"author":{"name":"Editor General","@id":"https:\/\/luchonoticias.com\/editor\/#\/schema\/person\/29217990ddf6f14e35912b2866d591fb"},"headline":"Animales silvestres son embajadores de la educaci\u00f3n ambiental","datePublished":"2025-05-07T18:52:38+00:00","dateModified":"2025-05-07T18:52:39+00:00","mainEntityOfPage":{"@id":"https:\/\/luchonoticias.com\/editor\/animales-silvestres-son-embajadores-de-la-educacion-ambiental\/"},"wordCount":302,"publisher":{"@id":"https:\/\/luchonoticias.com\/editor\/#\/schema\/person\/7a7fd911f58561fd056dbac7b55af9cd"},"image":{"@id":"https:\/\/luchonoticias.com\/editor\/animales-silvestres-son-embajadores-de-la-educacion-ambiental\/#primaryimage"},"thumbnailUrl":"https:\/\/luchonoticias.com\/editor\/wp-content\/uploads\/2025\/05\/madio-ambiente-CAM.jpg","articleSection":["Huila"],"inLanguage":"es"},{"@type":"WebPage","@id":"https:\/\/luchonoticias.com\/editor\/animales-silvestres-son-embajadores-de-la-educacion-ambiental\/","url":"https:\/\/luchonoticias.com\/editor\/animales-silvestres-son-embajadores-de-la-educacion-ambiental\/","name":"Animales silvestres son embajadores de la educaci\u00f3n ambiental -","isPartOf":{"@id":"https:\/\/luchonoticias.com\/editor\/#website"},"primaryImageOfPage":{"@id":"https:\/\/luchonoticias.com\/editor\/animales-silvestres-son-embajadores-de-la-educacion-ambiental\/#primaryimage"},"image":{"@id":"https:\/\/luchonoticias.com\/editor\/animales-silvestres-son-embajadores-de-la-educacion-ambiental\/#primaryimage"},"thumbnailUrl":"https:\/\/luchonoticias.com\/editor\/wp-content\/uploads\/2025\/05\/madio-ambiente-CAM.jpg","datePublished":"2025-05-07T18:52:38+00:00","dateModified":"2025-05-07T18:52:39+00:00","breadcrumb":{"@id":"https:\/\/luchonoticias.com\/editor\/animales-silvestres-son-embajadores-de-la-educacion-ambiental\/#breadcrumb"},"inLanguage":"es","potentialAction":[{"@type":"ReadAction","target":["https:\/\/luchonoticias.com\/editor\/animales-silvestres-son-embajadores-de-la-educacion-ambiental\/"]}]},{"@type":"ImageObject","inLanguage":"es","@id":"https:\/\/luchonoticias.com\/editor\/animales-silvestres-son-embajadores-de-la-educacion-ambiental\/#primaryimage","url":"https:\/\/luchonoticias.com\/editor\/wp-content\/uploads\/2025\/05\/madio-ambiente-CAM.jpg","contentUrl":"https:\/\/luchonoticias.com\/editor\/wp-content\/uploads\/2025\/05\/madio-ambiente-CAM.jpg","width":700,"height":400},{"@type":"BreadcrumbList","@id":"https:\/\/luchonoticias.com\/editor\/animales-silvestres-son-embajadores-de-la-educacion-ambiental\/#breadcrumb","itemListElement":[{"@type":"ListItem","position":1,"name":"Portada","item":"https:\/\/luchonoticias.com\/editor\/"},{"@type":"ListItem","position":2,"name":"Animales silvestres son embajadores de la educaci\u00f3n ambiental"}]},{"@type":"WebSite","@id":"https:\/\/luchonoticias.com\/editor\/#website","url":"https:\/\/luchonoticias.com\/editor\/","name":"","description":"","publisher":{"@id":"https:\/\/luchonoticias.com\/editor\/#\/schema\/person\/7a7fd911f58561fd056dbac7b55af9cd"},"potentialAction":[{"@type":"SearchAction","target":{"@type":"EntryPoint","urlTemplate":"https:\/\/luchonoticias.com\/editor\/?s={search_term_string}"},"query-input":{"@type":"PropertyValueSpecification","valueRequired":true,"valueName":"search_term_string"}}],"inLanguage":"es"},{"@type":["Person","Organization"],"@id":"https:\/\/luchonoticias.com\/editor\/#\/schema\/person\/7a7fd911f58561fd056dbac7b55af9cd","name":"admin","image":{"@type":"ImageObject","inLanguage":"es","@id":"https:\/\/luchonoticias.com\/editor\/#\/schema\/person\/image\/","url":"https:\/\/luchonoticias.com\/editor\/wp-content\/uploads\/2024\/02\/cropped-cropped-logolu.webp","contentUrl":"https:\/\/luchonoticias.com\/editor\/wp-content\/uploads\/2024\/02\/cropped-cropped-logolu.webp","width":382,"height":170,"caption":"admin"},"logo":{"@id":"https:\/\/luchonoticias.com\/editor\/#\/schema\/person\/image\/"},"sameAs":["https:\/\/www.facebook.com\/luchonoticiasneiva"]},{"@type":"Person","@id":"https:\/\/luchonoticias.com\/editor\/#\/schema\/person\/29217990ddf6f14e35912b2866d591fb","name":"Editor General","image":{"@type":"ImageObject","inLanguage":"es","@id":"https:\/\/luchonoticias.com\/editor\/#\/schema\/person\/image\/","url":"https:\/\/luchonoticias.com\/editor\/wp-content\/uploads\/2024\/02\/cropped-cropped-logolu-150x150.webp","contentUrl":"https:\/\/luchonoticias.com\/editor\/wp-content\/uploads\/2024\/02\/cropped-cropped-logolu-150x150.webp","caption":"Editor General"},"sameAs":["https:\/\/luchonoticias.com\/"],"url":"https:\/\/luchonoticias.com\/editor\/author\/editor-general\/"}]}},"_links":{"self":[{"href":"https:\/\/luchonoticias.com\/editor\/wp-json\/wp\/v2\/posts\/82600","targetHints":{"allow":["GET"]}}],"collection":[{"href":"https:\/\/luchonoticias.com\/editor\/wp-json\/wp\/v2\/posts"}],"about":[{"href":"https:\/\/luchonoticias.com\/editor\/wp-json\/wp\/v2\/types\/post"}],"author":[{"embeddable":true,"href":"https:\/\/luchonoticias.com\/editor\/wp-json\/wp\/v2\/users\/2"}],"replies":[{"embeddable":true,"href":"https:\/\/luchonoticias.com\/editor\/wp-json\/wp\/v2\/comments?post=82600"}],"version-history":[{"count":1,"href":"https:\/\/luchonoticias.com\/editor\/wp-json\/wp\/v2\/posts\/82600\/revisions"}],"predecessor-version":[{"id":82605,"href":"https:\/\/luchonoticias.com\/editor\/wp-json\/wp\/v2\/posts\/82600\/revisions\/82605"}],"wp:featuredmedia":[{"embeddable":true,"href":"https:\/\/luchonoticias.com\/editor\/wp-json\/wp\/v2\/media\/82601"}],"wp:attachment":[{"href":"https:\/\/luchonoticias.com\/editor\/wp-json\/wp\/v2\/media?parent=82600"}],"wp:term":[{"taxonomy":"category","embeddable":true,"href":"https:\/\/luchonoticias.com\/editor\/wp-json\/wp\/v2\/categories?post=82600"},{"taxonomy":"post_tag","embeddable":true,"href":"https:\/\/luchonoticias.com\/editor\/wp-json\/wp\/v2\/tags?post=82600"}],"curies":[{"name":"wp","href":"https:\/\/api.w.org\/{rel}","templated":true}]}}