{"id":82606,"date":"2025-05-07T14:31:48","date_gmt":"2025-05-07T19:31:48","guid":{"rendered":"https:\/\/luchonoticias.com\/?p=82606"},"modified":"2025-05-07T14:31:49","modified_gmt":"2025-05-07T19:31:49","slug":"humo-negro-en-el-vaticano-no-hay-papa-aun","status":"publish","type":"post","link":"https:\/\/luchonoticias.com\/editor\/humo-negro-en-el-vaticano-no-hay-papa-aun\/","title":{"rendered":"Humo negro en el Vaticano: no hay Papa&#8230;aun"},"content":{"rendered":"\n<figure class=\"wp-block-image size-full\"><img loading=\"lazy\" decoding=\"async\" width=\"700\" height=\"400\" src=\"https:\/\/luchonoticias.com\/wp-content\/uploads\/2025\/05\/FUMATA-NEGRA.jpg\" alt=\"\" class=\"wp-image-82607\" srcset=\"https:\/\/luchonoticias.com\/editor\/wp-content\/uploads\/2025\/05\/FUMATA-NEGRA.jpg 700w, https:\/\/luchonoticias.com\/editor\/wp-content\/uploads\/2025\/05\/FUMATA-NEGRA-300x171.jpg 300w\" sizes=\"auto, (max-width: 700px) 100vw, 700px\" \/><\/figure>\n\n\n\n<p>La primera votaci\u00f3n del c\u00f3nclave para elegir al nuevo Papa concluy\u00f3 este mi\u00e9rcoles sin resultados, como lo indic\u00f3 la fumata negra que se elev\u00f3 desde la chimenea de la Capilla Sixtina hacia las 21:00 horas de Roma (14:00 en Colombia). Esto se\u00f1ala que los cardenales a\u00fan no han alcanzado el consenso necesario, que exige una mayor\u00eda de dos tercios, es decir, 89 votos.<\/p>\n\n\n\n<p>Las votaciones continuar\u00e1n este jueves 8 de mayo, con dos sesiones en la ma\u00f1ana y dos en la tarde si es necesario. La pr\u00f3xima fumata est\u00e1 prevista para las 5:00 a. m. en Colombia (mediod\u00eda en Roma), y en caso de no haber humo blanco, se realizar\u00e1 otra a las 12:00 p. m. (19:00 en Roma). Si el humo aparece antes de esos horarios, ser\u00e1 se\u00f1al de que ya hay un Papa electo.<\/p>\n\n\n\n<p>La jornada estuvo marcada por la incertidumbre, ya que la fumata negra se retras\u00f3 dos horas respecto al anuncio inicial del Vaticano, que la esperaba para las 19:00 hrs. Aun as\u00ed, m\u00e1s de 30.000 personas se congregaron en la Plaza de San Pedro para ser testigos del hist\u00f3rico momento, observando con atenci\u00f3n la chimenea, donde incluso una gaviota se pos\u00f3 por largo rato, acaparando la atenci\u00f3n de muchos.<\/p>\n\n\n\n<p>Finalizada la jornada, los cardenales permanecen dentro del Vaticano, donde cenan y descansan. No pueden abandonar el territorio ni comunicarse con el exterior, bajo pena de excomuni\u00f3n, hasta que el nuevo Pont\u00edfice sea elegido.<\/p>\n\n\n\n<p><\/p>\n","protected":false},"excerpt":{"rendered":"<p>La primera votaci\u00f3n del c\u00f3nclave para elegir al nuevo Papa concluy\u00f3 este mi\u00e9rcoles sin resultados, como lo indic\u00f3 la fumata negra que se elev\u00f3 desde la chimenea de la Capilla Sixtina hacia las 21:00 horas de Roma (14:00 en Colombia). Esto se\u00f1ala que los cardenales a\u00fan no han alcanzado el consenso necesario, que exige una [&hellip;]<\/p>\n","protected":false},"author":2,"featured_media":82607,"comment_status":"closed","ping_status":"open","sticky":false,"template":"","format":"standard","meta":{"footnotes":""},"categories":[28],"tags":[],"class_list":["post-82606","post","type-post","status-publish","format-standard","has-post-thumbnail","hentry","category-actualidad"],"yoast_head":"<!-- This site is optimized with the Yoast SEO plugin v26.6 - https:\/\/yoast.com\/wordpress\/plugins\/seo\/ -->\n<title>Humo negro en el Vaticano: no hay Papa...aun -<\/title>\n<meta name=\"robots\" content=\"index, follow, max-snippet:-1, max-image-preview:large, max-video-preview:-1\" \/>\n<link rel=\"canonical\" href=\"https:\/\/luchonoticias.com\/editor\/humo-negro-en-el-vaticano-no-hay-papa-aun\/\" \/>\n<meta property=\"og:locale\" content=\"es_ES\" \/>\n<meta property=\"og:type\" content=\"article\" \/>\n<meta property=\"og:title\" content=\"Humo negro en el Vaticano: no hay Papa...aun -\" \/>\n<meta property=\"og:url\" content=\"https:\/\/luchonoticias.com\/editor\/humo-negro-en-el-vaticano-no-hay-papa-aun\/\" \/>\n<meta property=\"article:publisher\" content=\"https:\/\/www.facebook.com\/luchonoticiasneiva\" \/>\n<meta property=\"article:published_time\" content=\"2025-05-07T19:31:48+00:00\" \/>\n<meta property=\"article:modified_time\" content=\"2025-05-07T19:31:49+00:00\" \/>\n<meta property=\"og:image\" content=\"https:\/\/luchonoticias.com\/editor\/wp-content\/uploads\/2025\/05\/FUMATA-NEGRA.jpg\" \/>\n\t<meta property=\"og:image:width\" content=\"700\" \/>\n\t<meta property=\"og:image:height\" content=\"400\" \/>\n\t<meta property=\"og:image:type\" content=\"image\/jpeg\" \/>\n<meta name=\"author\" content=\"Editor General\" \/>\n<meta name=\"twitter:card\" content=\"summary_large_image\" \/>\n<meta name=\"twitter:label1\" content=\"Escrito por\" \/>\n\t<meta name=\"twitter:data1\" content=\"Editor General\" \/>\n\t<meta name=\"twitter:label2\" content=\"Tiempo de lectura\" \/>\n\t<meta name=\"twitter:data2\" content=\"2 minutos\" \/>\n<script type=\"application\/ld+json\" class=\"yoast-schema-graph\">{\"@context\":\"https:\/\/schema.org\",\"@graph\":[{\"@type\":\"Article\",\"@id\":\"https:\/\/luchonoticias.com\/editor\/humo-negro-en-el-vaticano-no-hay-papa-aun\/#article\",\"isPartOf\":{\"@id\":\"https:\/\/luchonoticias.com\/editor\/humo-negro-en-el-vaticano-no-hay-papa-aun\/\"},\"author\":{\"name\":\"Editor General\",\"@id\":\"https:\/\/luchonoticias.com\/editor\/#\/schema\/person\/29217990ddf6f14e35912b2866d591fb\"},\"headline\":\"Humo negro en el Vaticano: no hay Papa&#8230;aun\",\"datePublished\":\"2025-05-07T19:31:48+00:00\",\"dateModified\":\"2025-05-07T19:31:49+00:00\",\"mainEntityOfPage\":{\"@id\":\"https:\/\/luchonoticias.com\/editor\/humo-negro-en-el-vaticano-no-hay-papa-aun\/\"},\"wordCount\":255,\"publisher\":{\"@id\":\"https:\/\/luchonoticias.com\/editor\/#\/schema\/person\/7a7fd911f58561fd056dbac7b55af9cd\"},\"image\":{\"@id\":\"https:\/\/luchonoticias.com\/editor\/humo-negro-en-el-vaticano-no-hay-papa-aun\/#primaryimage\"},\"thumbnailUrl\":\"https:\/\/luchonoticias.com\/editor\/wp-content\/uploads\/2025\/05\/FUMATA-NEGRA.jpg\",\"articleSection\":[\"Actualidad\"],\"inLanguage\":\"es\"},{\"@type\":\"WebPage\",\"@id\":\"https:\/\/luchonoticias.com\/editor\/humo-negro-en-el-vaticano-no-hay-papa-aun\/\",\"url\":\"https:\/\/luchonoticias.com\/editor\/humo-negro-en-el-vaticano-no-hay-papa-aun\/\",\"name\":\"Humo negro en el Vaticano: no hay Papa...aun -\",\"isPartOf\":{\"@id\":\"https:\/\/luchonoticias.com\/editor\/#website\"},\"primaryImageOfPage\":{\"@id\":\"https:\/\/luchonoticias.com\/editor\/humo-negro-en-el-vaticano-no-hay-papa-aun\/#primaryimage\"},\"image\":{\"@id\":\"https:\/\/luchonoticias.com\/editor\/humo-negro-en-el-vaticano-no-hay-papa-aun\/#primaryimage\"},\"thumbnailUrl\":\"https:\/\/luchonoticias.com\/editor\/wp-content\/uploads\/2025\/05\/FUMATA-NEGRA.jpg\",\"datePublished\":\"2025-05-07T19:31:48+00:00\",\"dateModified\":\"2025-05-07T19:31:49+00:00\",\"breadcrumb\":{\"@id\":\"https:\/\/luchonoticias.com\/editor\/humo-negro-en-el-vaticano-no-hay-papa-aun\/#breadcrumb\"},\"inLanguage\":\"es\",\"potentialAction\":[{\"@type\":\"ReadAction\",\"target\":[\"https:\/\/luchonoticias.com\/editor\/humo-negro-en-el-vaticano-no-hay-papa-aun\/\"]}]},{\"@type\":\"ImageObject\",\"inLanguage\":\"es\",\"@id\":\"https:\/\/luchonoticias.com\/editor\/humo-negro-en-el-vaticano-no-hay-papa-aun\/#primaryimage\",\"url\":\"https:\/\/luchonoticias.com\/editor\/wp-content\/uploads\/2025\/05\/FUMATA-NEGRA.jpg\",\"contentUrl\":\"https:\/\/luchonoticias.com\/editor\/wp-content\/uploads\/2025\/05\/FUMATA-NEGRA.jpg\",\"width\":700,\"height\":400},{\"@type\":\"BreadcrumbList\",\"@id\":\"https:\/\/luchonoticias.com\/editor\/humo-negro-en-el-vaticano-no-hay-papa-aun\/#breadcrumb\",\"itemListElement\":[{\"@type\":\"ListItem\",\"position\":1,\"name\":\"Portada\",\"item\":\"https:\/\/luchonoticias.com\/editor\/\"},{\"@type\":\"ListItem\",\"position\":2,\"name\":\"Humo negro en el Vaticano: no hay Papa&#8230;aun\"}]},{\"@type\":\"WebSite\",\"@id\":\"https:\/\/luchonoticias.com\/editor\/#website\",\"url\":\"https:\/\/luchonoticias.com\/editor\/\",\"name\":\"\",\"description\":\"\",\"publisher\":{\"@id\":\"https:\/\/luchonoticias.com\/editor\/#\/schema\/person\/7a7fd911f58561fd056dbac7b55af9cd\"},\"potentialAction\":[{\"@type\":\"SearchAction\",\"target\":{\"@type\":\"EntryPoint\",\"urlTemplate\":\"https:\/\/luchonoticias.com\/editor\/?s={search_term_string}\"},\"query-input\":{\"@type\":\"PropertyValueSpecification\",\"valueRequired\":true,\"valueName\":\"search_term_string\"}}],\"inLanguage\":\"es\"},{\"@type\":[\"Person\",\"Organization\"],\"@id\":\"https:\/\/luchonoticias.com\/editor\/#\/schema\/person\/7a7fd911f58561fd056dbac7b55af9cd\",\"name\":\"admin\",\"image\":{\"@type\":\"ImageObject\",\"inLanguage\":\"es\",\"@id\":\"https:\/\/luchonoticias.com\/editor\/#\/schema\/person\/image\/\",\"url\":\"https:\/\/luchonoticias.com\/editor\/wp-content\/uploads\/2024\/02\/cropped-cropped-logolu.webp\",\"contentUrl\":\"https:\/\/luchonoticias.com\/editor\/wp-content\/uploads\/2024\/02\/cropped-cropped-logolu.webp\",\"width\":382,\"height\":170,\"caption\":\"admin\"},\"logo\":{\"@id\":\"https:\/\/luchonoticias.com\/editor\/#\/schema\/person\/image\/\"},\"sameAs\":[\"https:\/\/www.facebook.com\/luchonoticiasneiva\"]},{\"@type\":\"Person\",\"@id\":\"https:\/\/luchonoticias.com\/editor\/#\/schema\/person\/29217990ddf6f14e35912b2866d591fb\",\"name\":\"Editor General\",\"image\":{\"@type\":\"ImageObject\",\"inLanguage\":\"es\",\"@id\":\"https:\/\/luchonoticias.com\/editor\/#\/schema\/person\/image\/\",\"url\":\"https:\/\/luchonoticias.com\/editor\/wp-content\/uploads\/2024\/02\/cropped-cropped-logolu-150x150.webp\",\"contentUrl\":\"https:\/\/luchonoticias.com\/editor\/wp-content\/uploads\/2024\/02\/cropped-cropped-logolu-150x150.webp\",\"caption\":\"Editor General\"},\"sameAs\":[\"https:\/\/luchonoticias.com\/\"],\"url\":\"https:\/\/luchonoticias.com\/editor\/author\/editor-general\/\"}]}<\/script>\n<!-- \/ Yoast SEO plugin. -->","yoast_head_json":{"title":"Humo negro en el Vaticano: no hay Papa...aun -","robots":{"index":"index","follow":"follow","max-snippet":"max-snippet:-1","max-image-preview":"max-image-preview:large","max-video-preview":"max-video-preview:-1"},"canonical":"https:\/\/luchonoticias.com\/editor\/humo-negro-en-el-vaticano-no-hay-papa-aun\/","og_locale":"es_ES","og_type":"article","og_title":"Humo negro en el Vaticano: no hay Papa...aun -","og_url":"https:\/\/luchonoticias.com\/editor\/humo-negro-en-el-vaticano-no-hay-papa-aun\/","article_publisher":"https:\/\/www.facebook.com\/luchonoticiasneiva","article_published_time":"2025-05-07T19:31:48+00:00","article_modified_time":"2025-05-07T19:31:49+00:00","og_image":[{"width":700,"height":400,"url":"https:\/\/luchonoticias.com\/editor\/wp-content\/uploads\/2025\/05\/FUMATA-NEGRA.jpg","type":"image\/jpeg"}],"author":"Editor General","twitter_card":"summary_large_image","twitter_misc":{"Escrito por":"Editor General","Tiempo de lectura":"2 minutos"},"schema":{"@context":"https:\/\/schema.org","@graph":[{"@type":"Article","@id":"https:\/\/luchonoticias.com\/editor\/humo-negro-en-el-vaticano-no-hay-papa-aun\/#article","isPartOf":{"@id":"https:\/\/luchonoticias.com\/editor\/humo-negro-en-el-vaticano-no-hay-papa-aun\/"},"author":{"name":"Editor General","@id":"https:\/\/luchonoticias.com\/editor\/#\/schema\/person\/29217990ddf6f14e35912b2866d591fb"},"headline":"Humo negro en el Vaticano: no hay Papa&#8230;aun","datePublished":"2025-05-07T19:31:48+00:00","dateModified":"2025-05-07T19:31:49+00:00","mainEntityOfPage":{"@id":"https:\/\/luchonoticias.com\/editor\/humo-negro-en-el-vaticano-no-hay-papa-aun\/"},"wordCount":255,"publisher":{"@id":"https:\/\/luchonoticias.com\/editor\/#\/schema\/person\/7a7fd911f58561fd056dbac7b55af9cd"},"image":{"@id":"https:\/\/luchonoticias.com\/editor\/humo-negro-en-el-vaticano-no-hay-papa-aun\/#primaryimage"},"thumbnailUrl":"https:\/\/luchonoticias.com\/editor\/wp-content\/uploads\/2025\/05\/FUMATA-NEGRA.jpg","articleSection":["Actualidad"],"inLanguage":"es"},{"@type":"WebPage","@id":"https:\/\/luchonoticias.com\/editor\/humo-negro-en-el-vaticano-no-hay-papa-aun\/","url":"https:\/\/luchonoticias.com\/editor\/humo-negro-en-el-vaticano-no-hay-papa-aun\/","name":"Humo negro en el Vaticano: no hay Papa...aun -","isPartOf":{"@id":"https:\/\/luchonoticias.com\/editor\/#website"},"primaryImageOfPage":{"@id":"https:\/\/luchonoticias.com\/editor\/humo-negro-en-el-vaticano-no-hay-papa-aun\/#primaryimage"},"image":{"@id":"https:\/\/luchonoticias.com\/editor\/humo-negro-en-el-vaticano-no-hay-papa-aun\/#primaryimage"},"thumbnailUrl":"https:\/\/luchonoticias.com\/editor\/wp-content\/uploads\/2025\/05\/FUMATA-NEGRA.jpg","datePublished":"2025-05-07T19:31:48+00:00","dateModified":"2025-05-07T19:31:49+00:00","breadcrumb":{"@id":"https:\/\/luchonoticias.com\/editor\/humo-negro-en-el-vaticano-no-hay-papa-aun\/#breadcrumb"},"inLanguage":"es","potentialAction":[{"@type":"ReadAction","target":["https:\/\/luchonoticias.com\/editor\/humo-negro-en-el-vaticano-no-hay-papa-aun\/"]}]},{"@type":"ImageObject","inLanguage":"es","@id":"https:\/\/luchonoticias.com\/editor\/humo-negro-en-el-vaticano-no-hay-papa-aun\/#primaryimage","url":"https:\/\/luchonoticias.com\/editor\/wp-content\/uploads\/2025\/05\/FUMATA-NEGRA.jpg","contentUrl":"https:\/\/luchonoticias.com\/editor\/wp-content\/uploads\/2025\/05\/FUMATA-NEGRA.jpg","width":700,"height":400},{"@type":"BreadcrumbList","@id":"https:\/\/luchonoticias.com\/editor\/humo-negro-en-el-vaticano-no-hay-papa-aun\/#breadcrumb","itemListElement":[{"@type":"ListItem","position":1,"name":"Portada","item":"https:\/\/luchonoticias.com\/editor\/"},{"@type":"ListItem","position":2,"name":"Humo negro en el Vaticano: no hay Papa&#8230;aun"}]},{"@type":"WebSite","@id":"https:\/\/luchonoticias.com\/editor\/#website","url":"https:\/\/luchonoticias.com\/editor\/","name":"","description":"","publisher":{"@id":"https:\/\/luchonoticias.com\/editor\/#\/schema\/person\/7a7fd911f58561fd056dbac7b55af9cd"},"potentialAction":[{"@type":"SearchAction","target":{"@type":"EntryPoint","urlTemplate":"https:\/\/luchonoticias.com\/editor\/?s={search_term_string}"},"query-input":{"@type":"PropertyValueSpecification","valueRequired":true,"valueName":"search_term_string"}}],"inLanguage":"es"},{"@type":["Person","Organization"],"@id":"https:\/\/luchonoticias.com\/editor\/#\/schema\/person\/7a7fd911f58561fd056dbac7b55af9cd","name":"admin","image":{"@type":"ImageObject","inLanguage":"es","@id":"https:\/\/luchonoticias.com\/editor\/#\/schema\/person\/image\/","url":"https:\/\/luchonoticias.com\/editor\/wp-content\/uploads\/2024\/02\/cropped-cropped-logolu.webp","contentUrl":"https:\/\/luchonoticias.com\/editor\/wp-content\/uploads\/2024\/02\/cropped-cropped-logolu.webp","width":382,"height":170,"caption":"admin"},"logo":{"@id":"https:\/\/luchonoticias.com\/editor\/#\/schema\/person\/image\/"},"sameAs":["https:\/\/www.facebook.com\/luchonoticiasneiva"]},{"@type":"Person","@id":"https:\/\/luchonoticias.com\/editor\/#\/schema\/person\/29217990ddf6f14e35912b2866d591fb","name":"Editor General","image":{"@type":"ImageObject","inLanguage":"es","@id":"https:\/\/luchonoticias.com\/editor\/#\/schema\/person\/image\/","url":"https:\/\/luchonoticias.com\/editor\/wp-content\/uploads\/2024\/02\/cropped-cropped-logolu-150x150.webp","contentUrl":"https:\/\/luchonoticias.com\/editor\/wp-content\/uploads\/2024\/02\/cropped-cropped-logolu-150x150.webp","caption":"Editor General"},"sameAs":["https:\/\/luchonoticias.com\/"],"url":"https:\/\/luchonoticias.com\/editor\/author\/editor-general\/"}]}},"_links":{"self":[{"href":"https:\/\/luchonoticias.com\/editor\/wp-json\/wp\/v2\/posts\/82606","targetHints":{"allow":["GET"]}}],"collection":[{"href":"https:\/\/luchonoticias.com\/editor\/wp-json\/wp\/v2\/posts"}],"about":[{"href":"https:\/\/luchonoticias.com\/editor\/wp-json\/wp\/v2\/types\/post"}],"author":[{"embeddable":true,"href":"https:\/\/luchonoticias.com\/editor\/wp-json\/wp\/v2\/users\/2"}],"replies":[{"embeddable":true,"href":"https:\/\/luchonoticias.com\/editor\/wp-json\/wp\/v2\/comments?post=82606"}],"version-history":[{"count":1,"href":"https:\/\/luchonoticias.com\/editor\/wp-json\/wp\/v2\/posts\/82606\/revisions"}],"predecessor-version":[{"id":82608,"href":"https:\/\/luchonoticias.com\/editor\/wp-json\/wp\/v2\/posts\/82606\/revisions\/82608"}],"wp:featuredmedia":[{"embeddable":true,"href":"https:\/\/luchonoticias.com\/editor\/wp-json\/wp\/v2\/media\/82607"}],"wp:attachment":[{"href":"https:\/\/luchonoticias.com\/editor\/wp-json\/wp\/v2\/media?parent=82606"}],"wp:term":[{"taxonomy":"category","embeddable":true,"href":"https:\/\/luchonoticias.com\/editor\/wp-json\/wp\/v2\/categories?post=82606"},{"taxonomy":"post_tag","embeddable":true,"href":"https:\/\/luchonoticias.com\/editor\/wp-json\/wp\/v2\/tags?post=82606"}],"curies":[{"name":"wp","href":"https:\/\/api.w.org\/{rel}","templated":true}]}}