{"id":82782,"date":"2025-05-12T13:34:46","date_gmt":"2025-05-12T18:34:46","guid":{"rendered":"https:\/\/luchonoticias.com\/?p=82782"},"modified":"2025-05-12T13:34:47","modified_gmt":"2025-05-12T18:34:47","slug":"estrategia-para-proteger-los-entornos-escolares","status":"publish","type":"post","link":"https:\/\/luchonoticias.com\/editor\/estrategia-para-proteger-los-entornos-escolares\/","title":{"rendered":"Estrategia para proteger los entornos escolares"},"content":{"rendered":"\n<figure class=\"wp-block-image size-full\"><img loading=\"lazy\" decoding=\"async\" width=\"700\" height=\"400\" src=\"https:\/\/luchonoticias.com\/wp-content\/uploads\/2025\/05\/baraya-1.jpg\" alt=\"\" class=\"wp-image-82783\" srcset=\"https:\/\/luchonoticias.com\/editor\/wp-content\/uploads\/2025\/05\/baraya-1.jpg 700w, https:\/\/luchonoticias.com\/editor\/wp-content\/uploads\/2025\/05\/baraya-1-300x171.jpg 300w\" sizes=\"auto, (max-width: 700px) 100vw, 700px\" \/><\/figure>\n\n\n\n<p>La Gobernaci\u00f3n del Huila, a trav\u00e9s de la Oficina de Atenci\u00f3n a V\u00edctimas del Conflicto Armado y en articulaci\u00f3n con varias entidades, avanza en la implementaci\u00f3n de la estrategia \u201cEscuelas Seguras\u201d, orientada a crear entornos educativos protectores para ni\u00f1os, ni\u00f1as y adolescentes. La iniciativa se desarrolla en municipios priorizados por alertas tempranas y busca prevenir riesgos, fortalecer la defensa de los derechos y promover una cultura de paz en las instituciones educativas.<\/p>\n\n\n\n<p>La estrategia incluye jornadas pedag\u00f3gicas, sensibilizaci\u00f3n y acompa\u00f1amiento psicosocial, abordando tanto la seguridad f\u00edsica como el bienestar emocional de los estudiantes. Seg\u00fan Javier Mora Duque, enlace departamental de la Oficina, se trabaja con los j\u00f3venes para fomentar la toma de decisiones conscientes, especialmente frente al uso de redes sociales y contenidos digitales.<\/p>\n\n\n\n<figure class=\"wp-block-gallery has-nested-images columns-default is-cropped wp-block-gallery-1 is-layout-flex wp-block-gallery-is-layout-flex\">\n<figure class=\"wp-block-image size-large\"><img loading=\"lazy\" decoding=\"async\" width=\"1024\" height=\"768\" data-id=\"82784\" src=\"https:\/\/luchonoticias.com\/wp-content\/uploads\/2025\/05\/Imagen-de-WhatsApp-2025-05-12-a-las-11.58.11_6bf6671e-1024x768.jpg\" alt=\"\" class=\"wp-image-82784\" srcset=\"https:\/\/luchonoticias.com\/editor\/wp-content\/uploads\/2025\/05\/Imagen-de-WhatsApp-2025-05-12-a-las-11.58.11_6bf6671e-1024x768.jpg 1024w, https:\/\/luchonoticias.com\/editor\/wp-content\/uploads\/2025\/05\/Imagen-de-WhatsApp-2025-05-12-a-las-11.58.11_6bf6671e-300x225.jpg 300w, https:\/\/luchonoticias.com\/editor\/wp-content\/uploads\/2025\/05\/Imagen-de-WhatsApp-2025-05-12-a-las-11.58.11_6bf6671e-768x576.jpg 768w, https:\/\/luchonoticias.com\/editor\/wp-content\/uploads\/2025\/05\/Imagen-de-WhatsApp-2025-05-12-a-las-11.58.11_6bf6671e-1536x1152.jpg 1536w, https:\/\/luchonoticias.com\/editor\/wp-content\/uploads\/2025\/05\/Imagen-de-WhatsApp-2025-05-12-a-las-11.58.11_6bf6671e.jpg 1600w\" sizes=\"auto, (max-width: 1024px) 100vw, 1024px\" \/><\/figure>\n\n\n\n<figure class=\"wp-block-image size-large\"><img loading=\"lazy\" decoding=\"async\" width=\"1024\" height=\"576\" data-id=\"82785\" src=\"https:\/\/luchonoticias.com\/wp-content\/uploads\/2025\/05\/Imagen-de-WhatsApp-2025-05-12-a-las-11.58.10_43e78f7c-1024x576.jpg\" alt=\"\" class=\"wp-image-82785\" srcset=\"https:\/\/luchonoticias.com\/editor\/wp-content\/uploads\/2025\/05\/Imagen-de-WhatsApp-2025-05-12-a-las-11.58.10_43e78f7c-1024x576.jpg 1024w, https:\/\/luchonoticias.com\/editor\/wp-content\/uploads\/2025\/05\/Imagen-de-WhatsApp-2025-05-12-a-las-11.58.10_43e78f7c-300x169.jpg 300w, https:\/\/luchonoticias.com\/editor\/wp-content\/uploads\/2025\/05\/Imagen-de-WhatsApp-2025-05-12-a-las-11.58.10_43e78f7c-768x432.jpg 768w, https:\/\/luchonoticias.com\/editor\/wp-content\/uploads\/2025\/05\/Imagen-de-WhatsApp-2025-05-12-a-las-11.58.10_43e78f7c-1536x864.jpg 1536w, https:\/\/luchonoticias.com\/editor\/wp-content\/uploads\/2025\/05\/Imagen-de-WhatsApp-2025-05-12-a-las-11.58.10_43e78f7c.jpg 1600w\" sizes=\"auto, (max-width: 1024px) 100vw, 1024px\" \/><\/figure>\n<\/figure>\n\n\n\n<p>Uno de los aspectos destacados es la vinculaci\u00f3n activa de toda la comunidad educativa \u2014padres, docentes y directivos\u2014 en la consolidaci\u00f3n de espacios de reconciliaci\u00f3n, respeto y oportunidades. Adem\u00e1s, se enfatiza la necesidad de una red de protecci\u00f3n que trascienda las aulas y alcance a las familias y comunidades rurales.<\/p>\n\n\n\n<p>En 2025 se proyectan recorridos por municipios como La Argentina y Tello, donde se espera fortalecer la estrategia en zonas rurales con apoyo interinstitucional. Con este esfuerzo, el gobierno departamental reafirma su compromiso con la paz territorial y la garant\u00eda de derechos de la infancia en el Huila.<\/p>\n\n\n\n<p><\/p>\n","protected":false},"excerpt":{"rendered":"<p>La Gobernaci\u00f3n del Huila, a trav\u00e9s de la Oficina de Atenci\u00f3n a V\u00edctimas del Conflicto Armado y en articulaci\u00f3n con varias entidades, avanza en la implementaci\u00f3n de la estrategia \u201cEscuelas Seguras\u201d, orientada a crear entornos educativos protectores para ni\u00f1os, ni\u00f1as y adolescentes. La iniciativa se desarrolla en municipios priorizados por alertas tempranas y busca prevenir [&hellip;]<\/p>\n","protected":false},"author":2,"featured_media":82783,"comment_status":"closed","ping_status":"open","sticky":false,"template":"","format":"standard","meta":{"footnotes":""},"categories":[33],"tags":[],"class_list":["post-82782","post","type-post","status-publish","format-standard","has-post-thumbnail","hentry","category-huila"],"yoast_head":"<!-- This site is optimized with the Yoast SEO plugin v26.6 - https:\/\/yoast.com\/wordpress\/plugins\/seo\/ -->\n<title>Estrategia para proteger los entornos escolares -<\/title>\n<meta name=\"robots\" content=\"index, follow, max-snippet:-1, max-image-preview:large, max-video-preview:-1\" \/>\n<link rel=\"canonical\" href=\"https:\/\/luchonoticias.com\/editor\/estrategia-para-proteger-los-entornos-escolares\/\" \/>\n<meta property=\"og:locale\" content=\"es_ES\" \/>\n<meta property=\"og:type\" content=\"article\" \/>\n<meta property=\"og:title\" content=\"Estrategia para proteger los entornos escolares -\" \/>\n<meta property=\"og:url\" content=\"https:\/\/luchonoticias.com\/editor\/estrategia-para-proteger-los-entornos-escolares\/\" \/>\n<meta property=\"article:publisher\" content=\"https:\/\/www.facebook.com\/luchonoticiasneiva\" \/>\n<meta property=\"article:published_time\" content=\"2025-05-12T18:34:46+00:00\" \/>\n<meta property=\"article:modified_time\" content=\"2025-05-12T18:34:47+00:00\" \/>\n<meta property=\"og:image\" content=\"https:\/\/luchonoticias.com\/editor\/wp-content\/uploads\/2025\/05\/baraya-1.jpg\" \/>\n\t<meta property=\"og:image:width\" content=\"700\" \/>\n\t<meta property=\"og:image:height\" content=\"400\" \/>\n\t<meta property=\"og:image:type\" content=\"image\/jpeg\" \/>\n<meta name=\"author\" content=\"Editor General\" \/>\n<meta name=\"twitter:card\" content=\"summary_large_image\" \/>\n<meta name=\"twitter:label1\" content=\"Escrito por\" \/>\n\t<meta name=\"twitter:data1\" content=\"Editor General\" \/>\n\t<meta name=\"twitter:label2\" content=\"Tiempo de lectura\" \/>\n\t<meta name=\"twitter:data2\" content=\"2 minutos\" \/>\n<script type=\"application\/ld+json\" class=\"yoast-schema-graph\">{\"@context\":\"https:\/\/schema.org\",\"@graph\":[{\"@type\":\"Article\",\"@id\":\"https:\/\/luchonoticias.com\/editor\/estrategia-para-proteger-los-entornos-escolares\/#article\",\"isPartOf\":{\"@id\":\"https:\/\/luchonoticias.com\/editor\/estrategia-para-proteger-los-entornos-escolares\/\"},\"author\":{\"name\":\"Editor General\",\"@id\":\"https:\/\/luchonoticias.com\/editor\/#\/schema\/person\/29217990ddf6f14e35912b2866d591fb\"},\"headline\":\"Estrategia para proteger los entornos escolares\",\"datePublished\":\"2025-05-12T18:34:46+00:00\",\"dateModified\":\"2025-05-12T18:34:47+00:00\",\"mainEntityOfPage\":{\"@id\":\"https:\/\/luchonoticias.com\/editor\/estrategia-para-proteger-los-entornos-escolares\/\"},\"wordCount\":247,\"publisher\":{\"@id\":\"https:\/\/luchonoticias.com\/editor\/#\/schema\/person\/7a7fd911f58561fd056dbac7b55af9cd\"},\"image\":{\"@id\":\"https:\/\/luchonoticias.com\/editor\/estrategia-para-proteger-los-entornos-escolares\/#primaryimage\"},\"thumbnailUrl\":\"https:\/\/luchonoticias.com\/editor\/wp-content\/uploads\/2025\/05\/baraya-1.jpg\",\"articleSection\":[\"Huila\"],\"inLanguage\":\"es\"},{\"@type\":\"WebPage\",\"@id\":\"https:\/\/luchonoticias.com\/editor\/estrategia-para-proteger-los-entornos-escolares\/\",\"url\":\"https:\/\/luchonoticias.com\/editor\/estrategia-para-proteger-los-entornos-escolares\/\",\"name\":\"Estrategia para proteger los entornos escolares -\",\"isPartOf\":{\"@id\":\"https:\/\/luchonoticias.com\/editor\/#website\"},\"primaryImageOfPage\":{\"@id\":\"https:\/\/luchonoticias.com\/editor\/estrategia-para-proteger-los-entornos-escolares\/#primaryimage\"},\"image\":{\"@id\":\"https:\/\/luchonoticias.com\/editor\/estrategia-para-proteger-los-entornos-escolares\/#primaryimage\"},\"thumbnailUrl\":\"https:\/\/luchonoticias.com\/editor\/wp-content\/uploads\/2025\/05\/baraya-1.jpg\",\"datePublished\":\"2025-05-12T18:34:46+00:00\",\"dateModified\":\"2025-05-12T18:34:47+00:00\",\"breadcrumb\":{\"@id\":\"https:\/\/luchonoticias.com\/editor\/estrategia-para-proteger-los-entornos-escolares\/#breadcrumb\"},\"inLanguage\":\"es\",\"potentialAction\":[{\"@type\":\"ReadAction\",\"target\":[\"https:\/\/luchonoticias.com\/editor\/estrategia-para-proteger-los-entornos-escolares\/\"]}]},{\"@type\":\"ImageObject\",\"inLanguage\":\"es\",\"@id\":\"https:\/\/luchonoticias.com\/editor\/estrategia-para-proteger-los-entornos-escolares\/#primaryimage\",\"url\":\"https:\/\/luchonoticias.com\/editor\/wp-content\/uploads\/2025\/05\/baraya-1.jpg\",\"contentUrl\":\"https:\/\/luchonoticias.com\/editor\/wp-content\/uploads\/2025\/05\/baraya-1.jpg\",\"width\":700,\"height\":400},{\"@type\":\"BreadcrumbList\",\"@id\":\"https:\/\/luchonoticias.com\/editor\/estrategia-para-proteger-los-entornos-escolares\/#breadcrumb\",\"itemListElement\":[{\"@type\":\"ListItem\",\"position\":1,\"name\":\"Portada\",\"item\":\"https:\/\/luchonoticias.com\/editor\/\"},{\"@type\":\"ListItem\",\"position\":2,\"name\":\"Estrategia para proteger los entornos escolares\"}]},{\"@type\":\"WebSite\",\"@id\":\"https:\/\/luchonoticias.com\/editor\/#website\",\"url\":\"https:\/\/luchonoticias.com\/editor\/\",\"name\":\"\",\"description\":\"\",\"publisher\":{\"@id\":\"https:\/\/luchonoticias.com\/editor\/#\/schema\/person\/7a7fd911f58561fd056dbac7b55af9cd\"},\"potentialAction\":[{\"@type\":\"SearchAction\",\"target\":{\"@type\":\"EntryPoint\",\"urlTemplate\":\"https:\/\/luchonoticias.com\/editor\/?s={search_term_string}\"},\"query-input\":{\"@type\":\"PropertyValueSpecification\",\"valueRequired\":true,\"valueName\":\"search_term_string\"}}],\"inLanguage\":\"es\"},{\"@type\":[\"Person\",\"Organization\"],\"@id\":\"https:\/\/luchonoticias.com\/editor\/#\/schema\/person\/7a7fd911f58561fd056dbac7b55af9cd\",\"name\":\"admin\",\"image\":{\"@type\":\"ImageObject\",\"inLanguage\":\"es\",\"@id\":\"https:\/\/luchonoticias.com\/editor\/#\/schema\/person\/image\/\",\"url\":\"https:\/\/luchonoticias.com\/editor\/wp-content\/uploads\/2024\/02\/cropped-cropped-logolu.webp\",\"contentUrl\":\"https:\/\/luchonoticias.com\/editor\/wp-content\/uploads\/2024\/02\/cropped-cropped-logolu.webp\",\"width\":382,\"height\":170,\"caption\":\"admin\"},\"logo\":{\"@id\":\"https:\/\/luchonoticias.com\/editor\/#\/schema\/person\/image\/\"},\"sameAs\":[\"https:\/\/www.facebook.com\/luchonoticiasneiva\"]},{\"@type\":\"Person\",\"@id\":\"https:\/\/luchonoticias.com\/editor\/#\/schema\/person\/29217990ddf6f14e35912b2866d591fb\",\"name\":\"Editor General\",\"image\":{\"@type\":\"ImageObject\",\"inLanguage\":\"es\",\"@id\":\"https:\/\/luchonoticias.com\/editor\/#\/schema\/person\/image\/\",\"url\":\"https:\/\/luchonoticias.com\/editor\/wp-content\/uploads\/2024\/02\/cropped-cropped-logolu-150x150.webp\",\"contentUrl\":\"https:\/\/luchonoticias.com\/editor\/wp-content\/uploads\/2024\/02\/cropped-cropped-logolu-150x150.webp\",\"caption\":\"Editor General\"},\"sameAs\":[\"https:\/\/luchonoticias.com\/\"],\"url\":\"https:\/\/luchonoticias.com\/editor\/author\/editor-general\/\"}]}<\/script>\n<!-- \/ Yoast SEO plugin. -->","yoast_head_json":{"title":"Estrategia para proteger los entornos escolares -","robots":{"index":"index","follow":"follow","max-snippet":"max-snippet:-1","max-image-preview":"max-image-preview:large","max-video-preview":"max-video-preview:-1"},"canonical":"https:\/\/luchonoticias.com\/editor\/estrategia-para-proteger-los-entornos-escolares\/","og_locale":"es_ES","og_type":"article","og_title":"Estrategia para proteger los entornos escolares -","og_url":"https:\/\/luchonoticias.com\/editor\/estrategia-para-proteger-los-entornos-escolares\/","article_publisher":"https:\/\/www.facebook.com\/luchonoticiasneiva","article_published_time":"2025-05-12T18:34:46+00:00","article_modified_time":"2025-05-12T18:34:47+00:00","og_image":[{"width":700,"height":400,"url":"https:\/\/luchonoticias.com\/editor\/wp-content\/uploads\/2025\/05\/baraya-1.jpg","type":"image\/jpeg"}],"author":"Editor General","twitter_card":"summary_large_image","twitter_misc":{"Escrito por":"Editor General","Tiempo de lectura":"2 minutos"},"schema":{"@context":"https:\/\/schema.org","@graph":[{"@type":"Article","@id":"https:\/\/luchonoticias.com\/editor\/estrategia-para-proteger-los-entornos-escolares\/#article","isPartOf":{"@id":"https:\/\/luchonoticias.com\/editor\/estrategia-para-proteger-los-entornos-escolares\/"},"author":{"name":"Editor General","@id":"https:\/\/luchonoticias.com\/editor\/#\/schema\/person\/29217990ddf6f14e35912b2866d591fb"},"headline":"Estrategia para proteger los entornos escolares","datePublished":"2025-05-12T18:34:46+00:00","dateModified":"2025-05-12T18:34:47+00:00","mainEntityOfPage":{"@id":"https:\/\/luchonoticias.com\/editor\/estrategia-para-proteger-los-entornos-escolares\/"},"wordCount":247,"publisher":{"@id":"https:\/\/luchonoticias.com\/editor\/#\/schema\/person\/7a7fd911f58561fd056dbac7b55af9cd"},"image":{"@id":"https:\/\/luchonoticias.com\/editor\/estrategia-para-proteger-los-entornos-escolares\/#primaryimage"},"thumbnailUrl":"https:\/\/luchonoticias.com\/editor\/wp-content\/uploads\/2025\/05\/baraya-1.jpg","articleSection":["Huila"],"inLanguage":"es"},{"@type":"WebPage","@id":"https:\/\/luchonoticias.com\/editor\/estrategia-para-proteger-los-entornos-escolares\/","url":"https:\/\/luchonoticias.com\/editor\/estrategia-para-proteger-los-entornos-escolares\/","name":"Estrategia para proteger los entornos escolares -","isPartOf":{"@id":"https:\/\/luchonoticias.com\/editor\/#website"},"primaryImageOfPage":{"@id":"https:\/\/luchonoticias.com\/editor\/estrategia-para-proteger-los-entornos-escolares\/#primaryimage"},"image":{"@id":"https:\/\/luchonoticias.com\/editor\/estrategia-para-proteger-los-entornos-escolares\/#primaryimage"},"thumbnailUrl":"https:\/\/luchonoticias.com\/editor\/wp-content\/uploads\/2025\/05\/baraya-1.jpg","datePublished":"2025-05-12T18:34:46+00:00","dateModified":"2025-05-12T18:34:47+00:00","breadcrumb":{"@id":"https:\/\/luchonoticias.com\/editor\/estrategia-para-proteger-los-entornos-escolares\/#breadcrumb"},"inLanguage":"es","potentialAction":[{"@type":"ReadAction","target":["https:\/\/luchonoticias.com\/editor\/estrategia-para-proteger-los-entornos-escolares\/"]}]},{"@type":"ImageObject","inLanguage":"es","@id":"https:\/\/luchonoticias.com\/editor\/estrategia-para-proteger-los-entornos-escolares\/#primaryimage","url":"https:\/\/luchonoticias.com\/editor\/wp-content\/uploads\/2025\/05\/baraya-1.jpg","contentUrl":"https:\/\/luchonoticias.com\/editor\/wp-content\/uploads\/2025\/05\/baraya-1.jpg","width":700,"height":400},{"@type":"BreadcrumbList","@id":"https:\/\/luchonoticias.com\/editor\/estrategia-para-proteger-los-entornos-escolares\/#breadcrumb","itemListElement":[{"@type":"ListItem","position":1,"name":"Portada","item":"https:\/\/luchonoticias.com\/editor\/"},{"@type":"ListItem","position":2,"name":"Estrategia para proteger los entornos escolares"}]},{"@type":"WebSite","@id":"https:\/\/luchonoticias.com\/editor\/#website","url":"https:\/\/luchonoticias.com\/editor\/","name":"","description":"","publisher":{"@id":"https:\/\/luchonoticias.com\/editor\/#\/schema\/person\/7a7fd911f58561fd056dbac7b55af9cd"},"potentialAction":[{"@type":"SearchAction","target":{"@type":"EntryPoint","urlTemplate":"https:\/\/luchonoticias.com\/editor\/?s={search_term_string}"},"query-input":{"@type":"PropertyValueSpecification","valueRequired":true,"valueName":"search_term_string"}}],"inLanguage":"es"},{"@type":["Person","Organization"],"@id":"https:\/\/luchonoticias.com\/editor\/#\/schema\/person\/7a7fd911f58561fd056dbac7b55af9cd","name":"admin","image":{"@type":"ImageObject","inLanguage":"es","@id":"https:\/\/luchonoticias.com\/editor\/#\/schema\/person\/image\/","url":"https:\/\/luchonoticias.com\/editor\/wp-content\/uploads\/2024\/02\/cropped-cropped-logolu.webp","contentUrl":"https:\/\/luchonoticias.com\/editor\/wp-content\/uploads\/2024\/02\/cropped-cropped-logolu.webp","width":382,"height":170,"caption":"admin"},"logo":{"@id":"https:\/\/luchonoticias.com\/editor\/#\/schema\/person\/image\/"},"sameAs":["https:\/\/www.facebook.com\/luchonoticiasneiva"]},{"@type":"Person","@id":"https:\/\/luchonoticias.com\/editor\/#\/schema\/person\/29217990ddf6f14e35912b2866d591fb","name":"Editor General","image":{"@type":"ImageObject","inLanguage":"es","@id":"https:\/\/luchonoticias.com\/editor\/#\/schema\/person\/image\/","url":"https:\/\/luchonoticias.com\/editor\/wp-content\/uploads\/2024\/02\/cropped-cropped-logolu-150x150.webp","contentUrl":"https:\/\/luchonoticias.com\/editor\/wp-content\/uploads\/2024\/02\/cropped-cropped-logolu-150x150.webp","caption":"Editor General"},"sameAs":["https:\/\/luchonoticias.com\/"],"url":"https:\/\/luchonoticias.com\/editor\/author\/editor-general\/"}]}},"_links":{"self":[{"href":"https:\/\/luchonoticias.com\/editor\/wp-json\/wp\/v2\/posts\/82782","targetHints":{"allow":["GET"]}}],"collection":[{"href":"https:\/\/luchonoticias.com\/editor\/wp-json\/wp\/v2\/posts"}],"about":[{"href":"https:\/\/luchonoticias.com\/editor\/wp-json\/wp\/v2\/types\/post"}],"author":[{"embeddable":true,"href":"https:\/\/luchonoticias.com\/editor\/wp-json\/wp\/v2\/users\/2"}],"replies":[{"embeddable":true,"href":"https:\/\/luchonoticias.com\/editor\/wp-json\/wp\/v2\/comments?post=82782"}],"version-history":[{"count":1,"href":"https:\/\/luchonoticias.com\/editor\/wp-json\/wp\/v2\/posts\/82782\/revisions"}],"predecessor-version":[{"id":82786,"href":"https:\/\/luchonoticias.com\/editor\/wp-json\/wp\/v2\/posts\/82782\/revisions\/82786"}],"wp:featuredmedia":[{"embeddable":true,"href":"https:\/\/luchonoticias.com\/editor\/wp-json\/wp\/v2\/media\/82783"}],"wp:attachment":[{"href":"https:\/\/luchonoticias.com\/editor\/wp-json\/wp\/v2\/media?parent=82782"}],"wp:term":[{"taxonomy":"category","embeddable":true,"href":"https:\/\/luchonoticias.com\/editor\/wp-json\/wp\/v2\/categories?post=82782"},{"taxonomy":"post_tag","embeddable":true,"href":"https:\/\/luchonoticias.com\/editor\/wp-json\/wp\/v2\/tags?post=82782"}],"curies":[{"name":"wp","href":"https:\/\/api.w.org\/{rel}","templated":true}]}}