{"id":82845,"date":"2025-05-13T15:39:37","date_gmt":"2025-05-13T20:39:37","guid":{"rendered":"https:\/\/luchonoticias.com\/?p=82845"},"modified":"2025-05-13T15:39:38","modified_gmt":"2025-05-13T20:39:38","slug":"uruguay-llora-a-pepe-mujica","status":"publish","type":"post","link":"https:\/\/luchonoticias.com\/editor\/uruguay-llora-a-pepe-mujica\/","title":{"rendered":"Uruguay llora a &#8216;Pepe&#8217; Mujica"},"content":{"rendered":"\n<figure class=\"wp-block-image size-full\"><img loading=\"lazy\" decoding=\"async\" width=\"700\" height=\"400\" src=\"https:\/\/luchonoticias.com\/wp-content\/uploads\/2025\/05\/pepe-mujica.jpg\" alt=\"\" class=\"wp-image-82846\" srcset=\"https:\/\/luchonoticias.com\/editor\/wp-content\/uploads\/2025\/05\/pepe-mujica.jpg 700w, https:\/\/luchonoticias.com\/editor\/wp-content\/uploads\/2025\/05\/pepe-mujica-300x171.jpg 300w\" sizes=\"auto, (max-width: 700px) 100vw, 700px\" \/><\/figure>\n\n\n\n<p>El actual presidente de Uruguay, Yamand\u00fa Orsi, confirm\u00f3 este martes el fallecimiento de Jos\u00e9 Alberto Mujica Cordano, quien fue jefe de Estado entre 2010 y 2015 y una figura emblem\u00e1tica de la pol\u00edtica progresista en Am\u00e9rica Latina.<\/p>\n\n\n\n<p>Mujica padec\u00eda un c\u00e1ncer avanzado de es\u00f3fago con met\u00e1stasis en el h\u00edgado. En sus \u00faltimas declaraciones p\u00fablicas, expres\u00f3 que hab\u00eda decidido no someterse a tratamientos agresivos debido a su edad y condiciones m\u00e9dicas preexistentes. \u201cEl c\u00e1ncer en el es\u00f3fago me est\u00e1 colonizando el h\u00edgado. No lo paro con nada. Soy un anciano y tengo dos enfermedades cr\u00f3nicas. Mi cuerpo ya no resiste ni tratamientos bioqu\u00edmicos ni cirug\u00edas\u201d, afirm\u00f3.<\/p>\n\n\n\n<p>Conocido popularmente como \u201cPepe\u201d Mujica, fue integrante del Movimiento de Liberaci\u00f3n Nacional-Tupamaros, una guerrilla urbana que se enfrent\u00f3 a la dictadura c\u00edvico-militar uruguaya durante las d\u00e9cadas de 1960 y 1970. Fue encarcelado en dos ocasiones: primero en 1964 por un robo a una f\u00e1brica y luego, en 1972, por su militancia en el grupo armado.<\/p>\n\n\n\n<p>Tras recuperar la libertad, Mujica se incorpor\u00f3 a la vida pol\u00edtica institucional y, en 2010, asumi\u00f3 la presidencia de Uruguay, cargo que ocup\u00f3 hasta 2015. Su estilo austero, su discurso directo y su vida alejada de los privilegios lo convirtieron en una figura admirada a nivel internacional.<\/p>\n\n\n\n<p>Pepe Mujica mantuvo lazos cercanos con l\u00edderes de izquierda en la regi\u00f3n, entre ellos el presidente colombiano Gustavo Petro, quien lo ha citado como referente en varias ocasiones. Su legado pol\u00edtico y humano deja una huella profunda en la historia contempor\u00e1nea de Am\u00e9rica Latina.<\/p>\n\n\n\n<p><\/p>\n","protected":false},"excerpt":{"rendered":"<p>El actual presidente de Uruguay, Yamand\u00fa Orsi, confirm\u00f3 este martes el fallecimiento de Jos\u00e9 Alberto Mujica Cordano, quien fue jefe de Estado entre 2010 y 2015 y una figura emblem\u00e1tica de la pol\u00edtica progresista en Am\u00e9rica Latina. Mujica padec\u00eda un c\u00e1ncer avanzado de es\u00f3fago con met\u00e1stasis en el h\u00edgado. En sus \u00faltimas declaraciones p\u00fablicas, expres\u00f3 [&hellip;]<\/p>\n","protected":false},"author":2,"featured_media":82846,"comment_status":"closed","ping_status":"open","sticky":false,"template":"","format":"standard","meta":{"footnotes":""},"categories":[28],"tags":[],"class_list":["post-82845","post","type-post","status-publish","format-standard","has-post-thumbnail","hentry","category-actualidad"],"yoast_head":"<!-- This site is optimized with the Yoast SEO plugin v26.6 - https:\/\/yoast.com\/wordpress\/plugins\/seo\/ -->\n<title>Uruguay llora a &#039;Pepe&#039; Mujica -<\/title>\n<meta name=\"robots\" content=\"index, follow, max-snippet:-1, max-image-preview:large, max-video-preview:-1\" \/>\n<link rel=\"canonical\" href=\"https:\/\/luchonoticias.com\/editor\/uruguay-llora-a-pepe-mujica\/\" \/>\n<meta property=\"og:locale\" content=\"es_ES\" \/>\n<meta property=\"og:type\" content=\"article\" \/>\n<meta property=\"og:title\" content=\"Uruguay llora a &#039;Pepe&#039; Mujica -\" \/>\n<meta property=\"og:url\" content=\"https:\/\/luchonoticias.com\/editor\/uruguay-llora-a-pepe-mujica\/\" \/>\n<meta property=\"article:publisher\" content=\"https:\/\/www.facebook.com\/luchonoticiasneiva\" \/>\n<meta property=\"article:published_time\" content=\"2025-05-13T20:39:37+00:00\" \/>\n<meta property=\"article:modified_time\" content=\"2025-05-13T20:39:38+00:00\" \/>\n<meta property=\"og:image\" content=\"https:\/\/luchonoticias.com\/editor\/wp-content\/uploads\/2025\/05\/pepe-mujica.jpg\" \/>\n\t<meta property=\"og:image:width\" content=\"700\" \/>\n\t<meta property=\"og:image:height\" content=\"400\" \/>\n\t<meta property=\"og:image:type\" content=\"image\/jpeg\" \/>\n<meta name=\"author\" content=\"Editor General\" \/>\n<meta name=\"twitter:card\" content=\"summary_large_image\" \/>\n<meta name=\"twitter:label1\" content=\"Escrito por\" \/>\n\t<meta name=\"twitter:data1\" content=\"Editor General\" \/>\n\t<meta name=\"twitter:label2\" content=\"Tiempo de lectura\" \/>\n\t<meta name=\"twitter:data2\" content=\"2 minutos\" \/>\n<script type=\"application\/ld+json\" class=\"yoast-schema-graph\">{\"@context\":\"https:\/\/schema.org\",\"@graph\":[{\"@type\":\"Article\",\"@id\":\"https:\/\/luchonoticias.com\/editor\/uruguay-llora-a-pepe-mujica\/#article\",\"isPartOf\":{\"@id\":\"https:\/\/luchonoticias.com\/editor\/uruguay-llora-a-pepe-mujica\/\"},\"author\":{\"name\":\"Editor General\",\"@id\":\"https:\/\/luchonoticias.com\/editor\/#\/schema\/person\/29217990ddf6f14e35912b2866d591fb\"},\"headline\":\"Uruguay llora a &#8216;Pepe&#8217; Mujica\",\"datePublished\":\"2025-05-13T20:39:37+00:00\",\"dateModified\":\"2025-05-13T20:39:38+00:00\",\"mainEntityOfPage\":{\"@id\":\"https:\/\/luchonoticias.com\/editor\/uruguay-llora-a-pepe-mujica\/\"},\"wordCount\":275,\"publisher\":{\"@id\":\"https:\/\/luchonoticias.com\/editor\/#\/schema\/person\/7a7fd911f58561fd056dbac7b55af9cd\"},\"image\":{\"@id\":\"https:\/\/luchonoticias.com\/editor\/uruguay-llora-a-pepe-mujica\/#primaryimage\"},\"thumbnailUrl\":\"https:\/\/luchonoticias.com\/editor\/wp-content\/uploads\/2025\/05\/pepe-mujica.jpg\",\"articleSection\":[\"Actualidad\"],\"inLanguage\":\"es\"},{\"@type\":\"WebPage\",\"@id\":\"https:\/\/luchonoticias.com\/editor\/uruguay-llora-a-pepe-mujica\/\",\"url\":\"https:\/\/luchonoticias.com\/editor\/uruguay-llora-a-pepe-mujica\/\",\"name\":\"Uruguay llora a 'Pepe' Mujica -\",\"isPartOf\":{\"@id\":\"https:\/\/luchonoticias.com\/editor\/#website\"},\"primaryImageOfPage\":{\"@id\":\"https:\/\/luchonoticias.com\/editor\/uruguay-llora-a-pepe-mujica\/#primaryimage\"},\"image\":{\"@id\":\"https:\/\/luchonoticias.com\/editor\/uruguay-llora-a-pepe-mujica\/#primaryimage\"},\"thumbnailUrl\":\"https:\/\/luchonoticias.com\/editor\/wp-content\/uploads\/2025\/05\/pepe-mujica.jpg\",\"datePublished\":\"2025-05-13T20:39:37+00:00\",\"dateModified\":\"2025-05-13T20:39:38+00:00\",\"breadcrumb\":{\"@id\":\"https:\/\/luchonoticias.com\/editor\/uruguay-llora-a-pepe-mujica\/#breadcrumb\"},\"inLanguage\":\"es\",\"potentialAction\":[{\"@type\":\"ReadAction\",\"target\":[\"https:\/\/luchonoticias.com\/editor\/uruguay-llora-a-pepe-mujica\/\"]}]},{\"@type\":\"ImageObject\",\"inLanguage\":\"es\",\"@id\":\"https:\/\/luchonoticias.com\/editor\/uruguay-llora-a-pepe-mujica\/#primaryimage\",\"url\":\"https:\/\/luchonoticias.com\/editor\/wp-content\/uploads\/2025\/05\/pepe-mujica.jpg\",\"contentUrl\":\"https:\/\/luchonoticias.com\/editor\/wp-content\/uploads\/2025\/05\/pepe-mujica.jpg\",\"width\":700,\"height\":400},{\"@type\":\"BreadcrumbList\",\"@id\":\"https:\/\/luchonoticias.com\/editor\/uruguay-llora-a-pepe-mujica\/#breadcrumb\",\"itemListElement\":[{\"@type\":\"ListItem\",\"position\":1,\"name\":\"Portada\",\"item\":\"https:\/\/luchonoticias.com\/editor\/\"},{\"@type\":\"ListItem\",\"position\":2,\"name\":\"Uruguay llora a &#8216;Pepe&#8217; Mujica\"}]},{\"@type\":\"WebSite\",\"@id\":\"https:\/\/luchonoticias.com\/editor\/#website\",\"url\":\"https:\/\/luchonoticias.com\/editor\/\",\"name\":\"\",\"description\":\"\",\"publisher\":{\"@id\":\"https:\/\/luchonoticias.com\/editor\/#\/schema\/person\/7a7fd911f58561fd056dbac7b55af9cd\"},\"potentialAction\":[{\"@type\":\"SearchAction\",\"target\":{\"@type\":\"EntryPoint\",\"urlTemplate\":\"https:\/\/luchonoticias.com\/editor\/?s={search_term_string}\"},\"query-input\":{\"@type\":\"PropertyValueSpecification\",\"valueRequired\":true,\"valueName\":\"search_term_string\"}}],\"inLanguage\":\"es\"},{\"@type\":[\"Person\",\"Organization\"],\"@id\":\"https:\/\/luchonoticias.com\/editor\/#\/schema\/person\/7a7fd911f58561fd056dbac7b55af9cd\",\"name\":\"admin\",\"image\":{\"@type\":\"ImageObject\",\"inLanguage\":\"es\",\"@id\":\"https:\/\/luchonoticias.com\/editor\/#\/schema\/person\/image\/\",\"url\":\"https:\/\/luchonoticias.com\/editor\/wp-content\/uploads\/2024\/02\/cropped-cropped-logolu.webp\",\"contentUrl\":\"https:\/\/luchonoticias.com\/editor\/wp-content\/uploads\/2024\/02\/cropped-cropped-logolu.webp\",\"width\":382,\"height\":170,\"caption\":\"admin\"},\"logo\":{\"@id\":\"https:\/\/luchonoticias.com\/editor\/#\/schema\/person\/image\/\"},\"sameAs\":[\"https:\/\/www.facebook.com\/luchonoticiasneiva\"]},{\"@type\":\"Person\",\"@id\":\"https:\/\/luchonoticias.com\/editor\/#\/schema\/person\/29217990ddf6f14e35912b2866d591fb\",\"name\":\"Editor General\",\"image\":{\"@type\":\"ImageObject\",\"inLanguage\":\"es\",\"@id\":\"https:\/\/luchonoticias.com\/editor\/#\/schema\/person\/image\/\",\"url\":\"https:\/\/luchonoticias.com\/editor\/wp-content\/uploads\/2024\/02\/cropped-cropped-logolu-150x150.webp\",\"contentUrl\":\"https:\/\/luchonoticias.com\/editor\/wp-content\/uploads\/2024\/02\/cropped-cropped-logolu-150x150.webp\",\"caption\":\"Editor General\"},\"sameAs\":[\"https:\/\/luchonoticias.com\/\"],\"url\":\"https:\/\/luchonoticias.com\/editor\/author\/editor-general\/\"}]}<\/script>\n<!-- \/ Yoast SEO plugin. -->","yoast_head_json":{"title":"Uruguay llora a 'Pepe' Mujica -","robots":{"index":"index","follow":"follow","max-snippet":"max-snippet:-1","max-image-preview":"max-image-preview:large","max-video-preview":"max-video-preview:-1"},"canonical":"https:\/\/luchonoticias.com\/editor\/uruguay-llora-a-pepe-mujica\/","og_locale":"es_ES","og_type":"article","og_title":"Uruguay llora a 'Pepe' Mujica -","og_url":"https:\/\/luchonoticias.com\/editor\/uruguay-llora-a-pepe-mujica\/","article_publisher":"https:\/\/www.facebook.com\/luchonoticiasneiva","article_published_time":"2025-05-13T20:39:37+00:00","article_modified_time":"2025-05-13T20:39:38+00:00","og_image":[{"width":700,"height":400,"url":"https:\/\/luchonoticias.com\/editor\/wp-content\/uploads\/2025\/05\/pepe-mujica.jpg","type":"image\/jpeg"}],"author":"Editor General","twitter_card":"summary_large_image","twitter_misc":{"Escrito por":"Editor General","Tiempo de lectura":"2 minutos"},"schema":{"@context":"https:\/\/schema.org","@graph":[{"@type":"Article","@id":"https:\/\/luchonoticias.com\/editor\/uruguay-llora-a-pepe-mujica\/#article","isPartOf":{"@id":"https:\/\/luchonoticias.com\/editor\/uruguay-llora-a-pepe-mujica\/"},"author":{"name":"Editor General","@id":"https:\/\/luchonoticias.com\/editor\/#\/schema\/person\/29217990ddf6f14e35912b2866d591fb"},"headline":"Uruguay llora a &#8216;Pepe&#8217; Mujica","datePublished":"2025-05-13T20:39:37+00:00","dateModified":"2025-05-13T20:39:38+00:00","mainEntityOfPage":{"@id":"https:\/\/luchonoticias.com\/editor\/uruguay-llora-a-pepe-mujica\/"},"wordCount":275,"publisher":{"@id":"https:\/\/luchonoticias.com\/editor\/#\/schema\/person\/7a7fd911f58561fd056dbac7b55af9cd"},"image":{"@id":"https:\/\/luchonoticias.com\/editor\/uruguay-llora-a-pepe-mujica\/#primaryimage"},"thumbnailUrl":"https:\/\/luchonoticias.com\/editor\/wp-content\/uploads\/2025\/05\/pepe-mujica.jpg","articleSection":["Actualidad"],"inLanguage":"es"},{"@type":"WebPage","@id":"https:\/\/luchonoticias.com\/editor\/uruguay-llora-a-pepe-mujica\/","url":"https:\/\/luchonoticias.com\/editor\/uruguay-llora-a-pepe-mujica\/","name":"Uruguay llora a 'Pepe' Mujica -","isPartOf":{"@id":"https:\/\/luchonoticias.com\/editor\/#website"},"primaryImageOfPage":{"@id":"https:\/\/luchonoticias.com\/editor\/uruguay-llora-a-pepe-mujica\/#primaryimage"},"image":{"@id":"https:\/\/luchonoticias.com\/editor\/uruguay-llora-a-pepe-mujica\/#primaryimage"},"thumbnailUrl":"https:\/\/luchonoticias.com\/editor\/wp-content\/uploads\/2025\/05\/pepe-mujica.jpg","datePublished":"2025-05-13T20:39:37+00:00","dateModified":"2025-05-13T20:39:38+00:00","breadcrumb":{"@id":"https:\/\/luchonoticias.com\/editor\/uruguay-llora-a-pepe-mujica\/#breadcrumb"},"inLanguage":"es","potentialAction":[{"@type":"ReadAction","target":["https:\/\/luchonoticias.com\/editor\/uruguay-llora-a-pepe-mujica\/"]}]},{"@type":"ImageObject","inLanguage":"es","@id":"https:\/\/luchonoticias.com\/editor\/uruguay-llora-a-pepe-mujica\/#primaryimage","url":"https:\/\/luchonoticias.com\/editor\/wp-content\/uploads\/2025\/05\/pepe-mujica.jpg","contentUrl":"https:\/\/luchonoticias.com\/editor\/wp-content\/uploads\/2025\/05\/pepe-mujica.jpg","width":700,"height":400},{"@type":"BreadcrumbList","@id":"https:\/\/luchonoticias.com\/editor\/uruguay-llora-a-pepe-mujica\/#breadcrumb","itemListElement":[{"@type":"ListItem","position":1,"name":"Portada","item":"https:\/\/luchonoticias.com\/editor\/"},{"@type":"ListItem","position":2,"name":"Uruguay llora a &#8216;Pepe&#8217; Mujica"}]},{"@type":"WebSite","@id":"https:\/\/luchonoticias.com\/editor\/#website","url":"https:\/\/luchonoticias.com\/editor\/","name":"","description":"","publisher":{"@id":"https:\/\/luchonoticias.com\/editor\/#\/schema\/person\/7a7fd911f58561fd056dbac7b55af9cd"},"potentialAction":[{"@type":"SearchAction","target":{"@type":"EntryPoint","urlTemplate":"https:\/\/luchonoticias.com\/editor\/?s={search_term_string}"},"query-input":{"@type":"PropertyValueSpecification","valueRequired":true,"valueName":"search_term_string"}}],"inLanguage":"es"},{"@type":["Person","Organization"],"@id":"https:\/\/luchonoticias.com\/editor\/#\/schema\/person\/7a7fd911f58561fd056dbac7b55af9cd","name":"admin","image":{"@type":"ImageObject","inLanguage":"es","@id":"https:\/\/luchonoticias.com\/editor\/#\/schema\/person\/image\/","url":"https:\/\/luchonoticias.com\/editor\/wp-content\/uploads\/2024\/02\/cropped-cropped-logolu.webp","contentUrl":"https:\/\/luchonoticias.com\/editor\/wp-content\/uploads\/2024\/02\/cropped-cropped-logolu.webp","width":382,"height":170,"caption":"admin"},"logo":{"@id":"https:\/\/luchonoticias.com\/editor\/#\/schema\/person\/image\/"},"sameAs":["https:\/\/www.facebook.com\/luchonoticiasneiva"]},{"@type":"Person","@id":"https:\/\/luchonoticias.com\/editor\/#\/schema\/person\/29217990ddf6f14e35912b2866d591fb","name":"Editor General","image":{"@type":"ImageObject","inLanguage":"es","@id":"https:\/\/luchonoticias.com\/editor\/#\/schema\/person\/image\/","url":"https:\/\/luchonoticias.com\/editor\/wp-content\/uploads\/2024\/02\/cropped-cropped-logolu-150x150.webp","contentUrl":"https:\/\/luchonoticias.com\/editor\/wp-content\/uploads\/2024\/02\/cropped-cropped-logolu-150x150.webp","caption":"Editor General"},"sameAs":["https:\/\/luchonoticias.com\/"],"url":"https:\/\/luchonoticias.com\/editor\/author\/editor-general\/"}]}},"_links":{"self":[{"href":"https:\/\/luchonoticias.com\/editor\/wp-json\/wp\/v2\/posts\/82845","targetHints":{"allow":["GET"]}}],"collection":[{"href":"https:\/\/luchonoticias.com\/editor\/wp-json\/wp\/v2\/posts"}],"about":[{"href":"https:\/\/luchonoticias.com\/editor\/wp-json\/wp\/v2\/types\/post"}],"author":[{"embeddable":true,"href":"https:\/\/luchonoticias.com\/editor\/wp-json\/wp\/v2\/users\/2"}],"replies":[{"embeddable":true,"href":"https:\/\/luchonoticias.com\/editor\/wp-json\/wp\/v2\/comments?post=82845"}],"version-history":[{"count":1,"href":"https:\/\/luchonoticias.com\/editor\/wp-json\/wp\/v2\/posts\/82845\/revisions"}],"predecessor-version":[{"id":82847,"href":"https:\/\/luchonoticias.com\/editor\/wp-json\/wp\/v2\/posts\/82845\/revisions\/82847"}],"wp:featuredmedia":[{"embeddable":true,"href":"https:\/\/luchonoticias.com\/editor\/wp-json\/wp\/v2\/media\/82846"}],"wp:attachment":[{"href":"https:\/\/luchonoticias.com\/editor\/wp-json\/wp\/v2\/media?parent=82845"}],"wp:term":[{"taxonomy":"category","embeddable":true,"href":"https:\/\/luchonoticias.com\/editor\/wp-json\/wp\/v2\/categories?post=82845"},{"taxonomy":"post_tag","embeddable":true,"href":"https:\/\/luchonoticias.com\/editor\/wp-json\/wp\/v2\/tags?post=82845"}],"curies":[{"name":"wp","href":"https:\/\/api.w.org\/{rel}","templated":true}]}}