{"id":82910,"date":"2025-05-14T17:54:06","date_gmt":"2025-05-14T22:54:06","guid":{"rendered":"https:\/\/luchonoticias.com\/?p=82910"},"modified":"2025-05-14T17:54:07","modified_gmt":"2025-05-14T22:54:07","slug":"nuevo-comandante-de-la-policia-metropolitana","status":"publish","type":"post","link":"https:\/\/luchonoticias.com\/editor\/nuevo-comandante-de-la-policia-metropolitana\/","title":{"rendered":"Nuevo comandante de la Polic\u00eda Metropolitana"},"content":{"rendered":"\n<figure class=\"wp-block-image size-full\"><img loading=\"lazy\" decoding=\"async\" width=\"700\" height=\"400\" src=\"https:\/\/luchonoticias.com\/wp-content\/uploads\/2025\/05\/comandante-metropilitana.jpg\" alt=\"\" class=\"wp-image-82911\" srcset=\"https:\/\/luchonoticias.com\/editor\/wp-content\/uploads\/2025\/05\/comandante-metropilitana.jpg 700w, https:\/\/luchonoticias.com\/editor\/wp-content\/uploads\/2025\/05\/comandante-metropilitana-300x171.jpg 300w\" sizes=\"auto, (max-width: 700px) 100vw, 700px\" \/><\/figure>\n\n\n\n<p>El coronel H\u00e9ctor Jairo Betancourt Rojas asumi\u00f3 oficialmente como nuevo comandante de la Polic\u00eda Metropolitana de Neiva, en reemplazo del coronel Alexander Castillo Mar\u00edn, tras su destacada gesti\u00f3n al frente de la instituci\u00f3n.<\/p>\n\n\n\n<p>Betancourt Rojas, oriundo de Zapatoca (Santander), ingres\u00f3 a la Escuela de Cadetes General Francisco de Paula Santander en 1998 y cuenta con m\u00e1s de 27 a\u00f1os de trayectoria en la Polic\u00eda Nacional. Su experiencia abarca labores en departamentos como Santander, Huila y Cauca, as\u00ed como cargos en la Metropolitana de Tunja y como subdirector de la Escuela de Seguridad Vial.<\/p>\n\n\n\n<p>El nuevo comandante es administrador policial, especialista en investigaci\u00f3n de accidentes de tr\u00e1nsito y en seguridad. Adem\u00e1s, posee formaci\u00f3n en derechos humanos, seguridad vial y gesti\u00f3n estrat\u00e9gica del servicio de polic\u00eda. Su hoja de vida incluye 104 felicitaciones, 43 condecoraciones y cuatro menciones honor\u00edficas, reflejo de su compromiso con el servicio p\u00fablico.<\/p>\n\n\n\n<p>Durante su presentaci\u00f3n, el coronel Betancourt reafirm\u00f3 su compromiso con la seguridad ciudadana y el fortalecimiento de los v\u00ednculos con la comunidad. \u201cNuestra misi\u00f3n es garantizar la seguridad y la convivencia ciudadana, enfrentando con determinaci\u00f3n cualquier manifestaci\u00f3n delictiva, siempre con respeto a los derechos humanos y cercan\u00eda con la ciudadan\u00eda\u201d, expres\u00f3.<\/p>\n\n\n\n<p>Tambi\u00e9n se\u00f1al\u00f3 que su gesti\u00f3n estar\u00e1 orientada por valores como el humanismo, el profesionalismo, la honestidad y la innovaci\u00f3n, al tiempo que destac\u00f3 la importancia del bienestar integral del personal policial.<\/p>\n\n\n\n<p>Finalmente, hizo un llamado a la ciudadan\u00eda a trabajar de manera conjunta con las autoridades: \u201cLa seguridad es una tarea compartida que solo puede lograrse con cooperaci\u00f3n y trabajo conjunto\u201d.<\/p>\n\n\n\n<p><\/p>\n","protected":false},"excerpt":{"rendered":"<p>El coronel H\u00e9ctor Jairo Betancourt Rojas asumi\u00f3 oficialmente como nuevo comandante de la Polic\u00eda Metropolitana de Neiva, en reemplazo del coronel Alexander Castillo Mar\u00edn, tras su destacada gesti\u00f3n al frente de la instituci\u00f3n. Betancourt Rojas, oriundo de Zapatoca (Santander), ingres\u00f3 a la Escuela de Cadetes General Francisco de Paula Santander en 1998 y cuenta con [&hellip;]<\/p>\n","protected":false},"author":2,"featured_media":82911,"comment_status":"closed","ping_status":"open","sticky":false,"template":"","format":"standard","meta":{"footnotes":""},"categories":[29],"tags":[],"class_list":["post-82910","post","type-post","status-publish","format-standard","has-post-thumbnail","hentry","category-judicial"],"yoast_head":"<!-- This site is optimized with the Yoast SEO plugin v26.6 - https:\/\/yoast.com\/wordpress\/plugins\/seo\/ -->\n<title>Nuevo comandante de la Polic\u00eda Metropolitana -<\/title>\n<meta name=\"robots\" content=\"index, follow, max-snippet:-1, max-image-preview:large, max-video-preview:-1\" \/>\n<link rel=\"canonical\" href=\"https:\/\/luchonoticias.com\/editor\/nuevo-comandante-de-la-policia-metropolitana\/\" \/>\n<meta property=\"og:locale\" content=\"es_ES\" \/>\n<meta property=\"og:type\" content=\"article\" \/>\n<meta property=\"og:title\" content=\"Nuevo comandante de la Polic\u00eda Metropolitana -\" \/>\n<meta property=\"og:url\" content=\"https:\/\/luchonoticias.com\/editor\/nuevo-comandante-de-la-policia-metropolitana\/\" \/>\n<meta property=\"article:publisher\" content=\"https:\/\/www.facebook.com\/luchonoticiasneiva\" \/>\n<meta property=\"article:published_time\" content=\"2025-05-14T22:54:06+00:00\" \/>\n<meta property=\"article:modified_time\" content=\"2025-05-14T22:54:07+00:00\" \/>\n<meta property=\"og:image\" content=\"https:\/\/luchonoticias.com\/editor\/wp-content\/uploads\/2025\/05\/comandante-metropilitana.jpg\" \/>\n\t<meta property=\"og:image:width\" content=\"700\" \/>\n\t<meta property=\"og:image:height\" content=\"400\" \/>\n\t<meta property=\"og:image:type\" content=\"image\/jpeg\" \/>\n<meta name=\"author\" content=\"Editor General\" \/>\n<meta name=\"twitter:card\" content=\"summary_large_image\" \/>\n<meta name=\"twitter:label1\" content=\"Escrito por\" \/>\n\t<meta name=\"twitter:data1\" content=\"Editor General\" \/>\n\t<meta name=\"twitter:label2\" content=\"Tiempo de lectura\" \/>\n\t<meta name=\"twitter:data2\" content=\"2 minutos\" \/>\n<script type=\"application\/ld+json\" class=\"yoast-schema-graph\">{\"@context\":\"https:\/\/schema.org\",\"@graph\":[{\"@type\":\"Article\",\"@id\":\"https:\/\/luchonoticias.com\/editor\/nuevo-comandante-de-la-policia-metropolitana\/#article\",\"isPartOf\":{\"@id\":\"https:\/\/luchonoticias.com\/editor\/nuevo-comandante-de-la-policia-metropolitana\/\"},\"author\":{\"name\":\"Editor General\",\"@id\":\"https:\/\/luchonoticias.com\/editor\/#\/schema\/person\/29217990ddf6f14e35912b2866d591fb\"},\"headline\":\"Nuevo comandante de la Polic\u00eda Metropolitana\",\"datePublished\":\"2025-05-14T22:54:06+00:00\",\"dateModified\":\"2025-05-14T22:54:07+00:00\",\"mainEntityOfPage\":{\"@id\":\"https:\/\/luchonoticias.com\/editor\/nuevo-comandante-de-la-policia-metropolitana\/\"},\"wordCount\":290,\"publisher\":{\"@id\":\"https:\/\/luchonoticias.com\/editor\/#\/schema\/person\/7a7fd911f58561fd056dbac7b55af9cd\"},\"image\":{\"@id\":\"https:\/\/luchonoticias.com\/editor\/nuevo-comandante-de-la-policia-metropolitana\/#primaryimage\"},\"thumbnailUrl\":\"https:\/\/luchonoticias.com\/editor\/wp-content\/uploads\/2025\/05\/comandante-metropilitana.jpg\",\"articleSection\":[\"Judicial\"],\"inLanguage\":\"es\"},{\"@type\":\"WebPage\",\"@id\":\"https:\/\/luchonoticias.com\/editor\/nuevo-comandante-de-la-policia-metropolitana\/\",\"url\":\"https:\/\/luchonoticias.com\/editor\/nuevo-comandante-de-la-policia-metropolitana\/\",\"name\":\"Nuevo comandante de la Polic\u00eda Metropolitana -\",\"isPartOf\":{\"@id\":\"https:\/\/luchonoticias.com\/editor\/#website\"},\"primaryImageOfPage\":{\"@id\":\"https:\/\/luchonoticias.com\/editor\/nuevo-comandante-de-la-policia-metropolitana\/#primaryimage\"},\"image\":{\"@id\":\"https:\/\/luchonoticias.com\/editor\/nuevo-comandante-de-la-policia-metropolitana\/#primaryimage\"},\"thumbnailUrl\":\"https:\/\/luchonoticias.com\/editor\/wp-content\/uploads\/2025\/05\/comandante-metropilitana.jpg\",\"datePublished\":\"2025-05-14T22:54:06+00:00\",\"dateModified\":\"2025-05-14T22:54:07+00:00\",\"breadcrumb\":{\"@id\":\"https:\/\/luchonoticias.com\/editor\/nuevo-comandante-de-la-policia-metropolitana\/#breadcrumb\"},\"inLanguage\":\"es\",\"potentialAction\":[{\"@type\":\"ReadAction\",\"target\":[\"https:\/\/luchonoticias.com\/editor\/nuevo-comandante-de-la-policia-metropolitana\/\"]}]},{\"@type\":\"ImageObject\",\"inLanguage\":\"es\",\"@id\":\"https:\/\/luchonoticias.com\/editor\/nuevo-comandante-de-la-policia-metropolitana\/#primaryimage\",\"url\":\"https:\/\/luchonoticias.com\/editor\/wp-content\/uploads\/2025\/05\/comandante-metropilitana.jpg\",\"contentUrl\":\"https:\/\/luchonoticias.com\/editor\/wp-content\/uploads\/2025\/05\/comandante-metropilitana.jpg\",\"width\":700,\"height\":400},{\"@type\":\"BreadcrumbList\",\"@id\":\"https:\/\/luchonoticias.com\/editor\/nuevo-comandante-de-la-policia-metropolitana\/#breadcrumb\",\"itemListElement\":[{\"@type\":\"ListItem\",\"position\":1,\"name\":\"Portada\",\"item\":\"https:\/\/luchonoticias.com\/editor\/\"},{\"@type\":\"ListItem\",\"position\":2,\"name\":\"Nuevo comandante de la Polic\u00eda Metropolitana\"}]},{\"@type\":\"WebSite\",\"@id\":\"https:\/\/luchonoticias.com\/editor\/#website\",\"url\":\"https:\/\/luchonoticias.com\/editor\/\",\"name\":\"\",\"description\":\"\",\"publisher\":{\"@id\":\"https:\/\/luchonoticias.com\/editor\/#\/schema\/person\/7a7fd911f58561fd056dbac7b55af9cd\"},\"potentialAction\":[{\"@type\":\"SearchAction\",\"target\":{\"@type\":\"EntryPoint\",\"urlTemplate\":\"https:\/\/luchonoticias.com\/editor\/?s={search_term_string}\"},\"query-input\":{\"@type\":\"PropertyValueSpecification\",\"valueRequired\":true,\"valueName\":\"search_term_string\"}}],\"inLanguage\":\"es\"},{\"@type\":[\"Person\",\"Organization\"],\"@id\":\"https:\/\/luchonoticias.com\/editor\/#\/schema\/person\/7a7fd911f58561fd056dbac7b55af9cd\",\"name\":\"admin\",\"image\":{\"@type\":\"ImageObject\",\"inLanguage\":\"es\",\"@id\":\"https:\/\/luchonoticias.com\/editor\/#\/schema\/person\/image\/\",\"url\":\"https:\/\/luchonoticias.com\/editor\/wp-content\/uploads\/2024\/02\/cropped-cropped-logolu.webp\",\"contentUrl\":\"https:\/\/luchonoticias.com\/editor\/wp-content\/uploads\/2024\/02\/cropped-cropped-logolu.webp\",\"width\":382,\"height\":170,\"caption\":\"admin\"},\"logo\":{\"@id\":\"https:\/\/luchonoticias.com\/editor\/#\/schema\/person\/image\/\"},\"sameAs\":[\"https:\/\/www.facebook.com\/luchonoticiasneiva\"]},{\"@type\":\"Person\",\"@id\":\"https:\/\/luchonoticias.com\/editor\/#\/schema\/person\/29217990ddf6f14e35912b2866d591fb\",\"name\":\"Editor General\",\"image\":{\"@type\":\"ImageObject\",\"inLanguage\":\"es\",\"@id\":\"https:\/\/luchonoticias.com\/editor\/#\/schema\/person\/image\/\",\"url\":\"https:\/\/luchonoticias.com\/editor\/wp-content\/uploads\/2024\/02\/cropped-cropped-logolu-150x150.webp\",\"contentUrl\":\"https:\/\/luchonoticias.com\/editor\/wp-content\/uploads\/2024\/02\/cropped-cropped-logolu-150x150.webp\",\"caption\":\"Editor General\"},\"sameAs\":[\"https:\/\/luchonoticias.com\/\"],\"url\":\"https:\/\/luchonoticias.com\/editor\/author\/editor-general\/\"}]}<\/script>\n<!-- \/ Yoast SEO plugin. -->","yoast_head_json":{"title":"Nuevo comandante de la Polic\u00eda Metropolitana -","robots":{"index":"index","follow":"follow","max-snippet":"max-snippet:-1","max-image-preview":"max-image-preview:large","max-video-preview":"max-video-preview:-1"},"canonical":"https:\/\/luchonoticias.com\/editor\/nuevo-comandante-de-la-policia-metropolitana\/","og_locale":"es_ES","og_type":"article","og_title":"Nuevo comandante de la Polic\u00eda Metropolitana -","og_url":"https:\/\/luchonoticias.com\/editor\/nuevo-comandante-de-la-policia-metropolitana\/","article_publisher":"https:\/\/www.facebook.com\/luchonoticiasneiva","article_published_time":"2025-05-14T22:54:06+00:00","article_modified_time":"2025-05-14T22:54:07+00:00","og_image":[{"width":700,"height":400,"url":"https:\/\/luchonoticias.com\/editor\/wp-content\/uploads\/2025\/05\/comandante-metropilitana.jpg","type":"image\/jpeg"}],"author":"Editor General","twitter_card":"summary_large_image","twitter_misc":{"Escrito por":"Editor General","Tiempo de lectura":"2 minutos"},"schema":{"@context":"https:\/\/schema.org","@graph":[{"@type":"Article","@id":"https:\/\/luchonoticias.com\/editor\/nuevo-comandante-de-la-policia-metropolitana\/#article","isPartOf":{"@id":"https:\/\/luchonoticias.com\/editor\/nuevo-comandante-de-la-policia-metropolitana\/"},"author":{"name":"Editor General","@id":"https:\/\/luchonoticias.com\/editor\/#\/schema\/person\/29217990ddf6f14e35912b2866d591fb"},"headline":"Nuevo comandante de la Polic\u00eda Metropolitana","datePublished":"2025-05-14T22:54:06+00:00","dateModified":"2025-05-14T22:54:07+00:00","mainEntityOfPage":{"@id":"https:\/\/luchonoticias.com\/editor\/nuevo-comandante-de-la-policia-metropolitana\/"},"wordCount":290,"publisher":{"@id":"https:\/\/luchonoticias.com\/editor\/#\/schema\/person\/7a7fd911f58561fd056dbac7b55af9cd"},"image":{"@id":"https:\/\/luchonoticias.com\/editor\/nuevo-comandante-de-la-policia-metropolitana\/#primaryimage"},"thumbnailUrl":"https:\/\/luchonoticias.com\/editor\/wp-content\/uploads\/2025\/05\/comandante-metropilitana.jpg","articleSection":["Judicial"],"inLanguage":"es"},{"@type":"WebPage","@id":"https:\/\/luchonoticias.com\/editor\/nuevo-comandante-de-la-policia-metropolitana\/","url":"https:\/\/luchonoticias.com\/editor\/nuevo-comandante-de-la-policia-metropolitana\/","name":"Nuevo comandante de la Polic\u00eda Metropolitana -","isPartOf":{"@id":"https:\/\/luchonoticias.com\/editor\/#website"},"primaryImageOfPage":{"@id":"https:\/\/luchonoticias.com\/editor\/nuevo-comandante-de-la-policia-metropolitana\/#primaryimage"},"image":{"@id":"https:\/\/luchonoticias.com\/editor\/nuevo-comandante-de-la-policia-metropolitana\/#primaryimage"},"thumbnailUrl":"https:\/\/luchonoticias.com\/editor\/wp-content\/uploads\/2025\/05\/comandante-metropilitana.jpg","datePublished":"2025-05-14T22:54:06+00:00","dateModified":"2025-05-14T22:54:07+00:00","breadcrumb":{"@id":"https:\/\/luchonoticias.com\/editor\/nuevo-comandante-de-la-policia-metropolitana\/#breadcrumb"},"inLanguage":"es","potentialAction":[{"@type":"ReadAction","target":["https:\/\/luchonoticias.com\/editor\/nuevo-comandante-de-la-policia-metropolitana\/"]}]},{"@type":"ImageObject","inLanguage":"es","@id":"https:\/\/luchonoticias.com\/editor\/nuevo-comandante-de-la-policia-metropolitana\/#primaryimage","url":"https:\/\/luchonoticias.com\/editor\/wp-content\/uploads\/2025\/05\/comandante-metropilitana.jpg","contentUrl":"https:\/\/luchonoticias.com\/editor\/wp-content\/uploads\/2025\/05\/comandante-metropilitana.jpg","width":700,"height":400},{"@type":"BreadcrumbList","@id":"https:\/\/luchonoticias.com\/editor\/nuevo-comandante-de-la-policia-metropolitana\/#breadcrumb","itemListElement":[{"@type":"ListItem","position":1,"name":"Portada","item":"https:\/\/luchonoticias.com\/editor\/"},{"@type":"ListItem","position":2,"name":"Nuevo comandante de la Polic\u00eda Metropolitana"}]},{"@type":"WebSite","@id":"https:\/\/luchonoticias.com\/editor\/#website","url":"https:\/\/luchonoticias.com\/editor\/","name":"","description":"","publisher":{"@id":"https:\/\/luchonoticias.com\/editor\/#\/schema\/person\/7a7fd911f58561fd056dbac7b55af9cd"},"potentialAction":[{"@type":"SearchAction","target":{"@type":"EntryPoint","urlTemplate":"https:\/\/luchonoticias.com\/editor\/?s={search_term_string}"},"query-input":{"@type":"PropertyValueSpecification","valueRequired":true,"valueName":"search_term_string"}}],"inLanguage":"es"},{"@type":["Person","Organization"],"@id":"https:\/\/luchonoticias.com\/editor\/#\/schema\/person\/7a7fd911f58561fd056dbac7b55af9cd","name":"admin","image":{"@type":"ImageObject","inLanguage":"es","@id":"https:\/\/luchonoticias.com\/editor\/#\/schema\/person\/image\/","url":"https:\/\/luchonoticias.com\/editor\/wp-content\/uploads\/2024\/02\/cropped-cropped-logolu.webp","contentUrl":"https:\/\/luchonoticias.com\/editor\/wp-content\/uploads\/2024\/02\/cropped-cropped-logolu.webp","width":382,"height":170,"caption":"admin"},"logo":{"@id":"https:\/\/luchonoticias.com\/editor\/#\/schema\/person\/image\/"},"sameAs":["https:\/\/www.facebook.com\/luchonoticiasneiva"]},{"@type":"Person","@id":"https:\/\/luchonoticias.com\/editor\/#\/schema\/person\/29217990ddf6f14e35912b2866d591fb","name":"Editor General","image":{"@type":"ImageObject","inLanguage":"es","@id":"https:\/\/luchonoticias.com\/editor\/#\/schema\/person\/image\/","url":"https:\/\/luchonoticias.com\/editor\/wp-content\/uploads\/2024\/02\/cropped-cropped-logolu-150x150.webp","contentUrl":"https:\/\/luchonoticias.com\/editor\/wp-content\/uploads\/2024\/02\/cropped-cropped-logolu-150x150.webp","caption":"Editor General"},"sameAs":["https:\/\/luchonoticias.com\/"],"url":"https:\/\/luchonoticias.com\/editor\/author\/editor-general\/"}]}},"_links":{"self":[{"href":"https:\/\/luchonoticias.com\/editor\/wp-json\/wp\/v2\/posts\/82910","targetHints":{"allow":["GET"]}}],"collection":[{"href":"https:\/\/luchonoticias.com\/editor\/wp-json\/wp\/v2\/posts"}],"about":[{"href":"https:\/\/luchonoticias.com\/editor\/wp-json\/wp\/v2\/types\/post"}],"author":[{"embeddable":true,"href":"https:\/\/luchonoticias.com\/editor\/wp-json\/wp\/v2\/users\/2"}],"replies":[{"embeddable":true,"href":"https:\/\/luchonoticias.com\/editor\/wp-json\/wp\/v2\/comments?post=82910"}],"version-history":[{"count":1,"href":"https:\/\/luchonoticias.com\/editor\/wp-json\/wp\/v2\/posts\/82910\/revisions"}],"predecessor-version":[{"id":82912,"href":"https:\/\/luchonoticias.com\/editor\/wp-json\/wp\/v2\/posts\/82910\/revisions\/82912"}],"wp:featuredmedia":[{"embeddable":true,"href":"https:\/\/luchonoticias.com\/editor\/wp-json\/wp\/v2\/media\/82911"}],"wp:attachment":[{"href":"https:\/\/luchonoticias.com\/editor\/wp-json\/wp\/v2\/media?parent=82910"}],"wp:term":[{"taxonomy":"category","embeddable":true,"href":"https:\/\/luchonoticias.com\/editor\/wp-json\/wp\/v2\/categories?post=82910"},{"taxonomy":"post_tag","embeddable":true,"href":"https:\/\/luchonoticias.com\/editor\/wp-json\/wp\/v2\/tags?post=82910"}],"curies":[{"name":"wp","href":"https:\/\/api.w.org\/{rel}","templated":true}]}}