{"id":82913,"date":"2025-05-14T18:00:45","date_gmt":"2025-05-14T23:00:45","guid":{"rendered":"https:\/\/luchonoticias.com\/?p=82913"},"modified":"2025-05-14T18:00:46","modified_gmt":"2025-05-14T23:00:46","slug":"huila-un-paraiso-para-las-aves","status":"publish","type":"post","link":"https:\/\/luchonoticias.com\/editor\/huila-un-paraiso-para-las-aves\/","title":{"rendered":"Huila, un para\u00edso para las aves"},"content":{"rendered":"\n<figure class=\"wp-block-image size-full\"><img loading=\"lazy\" decoding=\"async\" width=\"700\" height=\"400\" src=\"https:\/\/luchonoticias.com\/wp-content\/uploads\/2025\/05\/aves-1-1.jpg\" alt=\"\" class=\"wp-image-82914\" srcset=\"https:\/\/luchonoticias.com\/editor\/wp-content\/uploads\/2025\/05\/aves-1-1.jpg 700w, https:\/\/luchonoticias.com\/editor\/wp-content\/uploads\/2025\/05\/aves-1-1-300x171.jpg 300w\" sizes=\"auto, (max-width: 700px) 100vw, 700px\" \/><\/figure>\n\n\n\n<p>Con 501 especies de aves reportadas, el Huila se posicion\u00f3 en el d\u00e9cimo lugar a nivel nacional durante el Global Big Day 2025, el evento de ciencia ciudadana m\u00e1s importante del mundo en observaci\u00f3n de aves. Esta jornada se llev\u00f3 a cabo el pasado s\u00e1bado y congreg\u00f3 a m\u00e1s de 400 observadores en 73 rutas de avistamiento en 30 municipios del departamento.<\/p>\n\n\n\n<p>La Corporaci\u00f3n Aut\u00f3noma Regional del Alto Magdalena (CAM) celebr\u00f3 los resultados, que reflejan el compromiso y la organizaci\u00f3n del territorio. Sebasti\u00e1n Betancourth, profesional del componente ornitol\u00f3gico de la CAM, destac\u00f3 que este logro pone en evidencia la riqueza de la avifauna huilense y la biodiversidad de sus ecosistemas, que van desde el bosque seco tropical hasta los p\u00e1ramos.<\/p>\n\n\n\n<p>En comparaci\u00f3n con el a\u00f1o anterior, cuando se registraron 479 especies y Huila ocup\u00f3 el puesto 12, los resultados de 2025 marcan un avance significativo. Este a\u00f1o se alcanz\u00f3 un 65% de efectividad respecto al listado oficial de 750 especies presentes en el departamento.<\/p>\n\n\n\n<figure class=\"wp-block-gallery has-nested-images columns-default is-cropped wp-block-gallery-1 is-layout-flex wp-block-gallery-is-layout-flex\">\n<figure class=\"wp-block-image size-large\"><img loading=\"lazy\" decoding=\"async\" width=\"1024\" height=\"768\" data-id=\"82915\" src=\"https:\/\/luchonoticias.com\/wp-content\/uploads\/2025\/05\/Imagen-de-WhatsApp-2025-05-14-a-las-17.54.57_a5058bf7-1024x768.jpg\" alt=\"\" class=\"wp-image-82915\" srcset=\"https:\/\/luchonoticias.com\/editor\/wp-content\/uploads\/2025\/05\/Imagen-de-WhatsApp-2025-05-14-a-las-17.54.57_a5058bf7-1024x768.jpg 1024w, https:\/\/luchonoticias.com\/editor\/wp-content\/uploads\/2025\/05\/Imagen-de-WhatsApp-2025-05-14-a-las-17.54.57_a5058bf7-300x225.jpg 300w, https:\/\/luchonoticias.com\/editor\/wp-content\/uploads\/2025\/05\/Imagen-de-WhatsApp-2025-05-14-a-las-17.54.57_a5058bf7-768x576.jpg 768w, https:\/\/luchonoticias.com\/editor\/wp-content\/uploads\/2025\/05\/Imagen-de-WhatsApp-2025-05-14-a-las-17.54.57_a5058bf7-1536x1152.jpg 1536w, https:\/\/luchonoticias.com\/editor\/wp-content\/uploads\/2025\/05\/Imagen-de-WhatsApp-2025-05-14-a-las-17.54.57_a5058bf7.jpg 1600w\" sizes=\"auto, (max-width: 1024px) 100vw, 1024px\" \/><\/figure>\n\n\n\n<figure class=\"wp-block-image size-large\"><img loading=\"lazy\" decoding=\"async\" width=\"1024\" height=\"768\" data-id=\"82916\" src=\"https:\/\/luchonoticias.com\/wp-content\/uploads\/2025\/05\/Imagen-de-WhatsApp-2025-05-14-a-las-17.54.57_e17e00a2-1024x768.jpg\" alt=\"\" class=\"wp-image-82916\" srcset=\"https:\/\/luchonoticias.com\/editor\/wp-content\/uploads\/2025\/05\/Imagen-de-WhatsApp-2025-05-14-a-las-17.54.57_e17e00a2-1024x768.jpg 1024w, https:\/\/luchonoticias.com\/editor\/wp-content\/uploads\/2025\/05\/Imagen-de-WhatsApp-2025-05-14-a-las-17.54.57_e17e00a2-300x225.jpg 300w, https:\/\/luchonoticias.com\/editor\/wp-content\/uploads\/2025\/05\/Imagen-de-WhatsApp-2025-05-14-a-las-17.54.57_e17e00a2-768x576.jpg 768w, https:\/\/luchonoticias.com\/editor\/wp-content\/uploads\/2025\/05\/Imagen-de-WhatsApp-2025-05-14-a-las-17.54.57_e17e00a2-1536x1152.jpg 1536w, https:\/\/luchonoticias.com\/editor\/wp-content\/uploads\/2025\/05\/Imagen-de-WhatsApp-2025-05-14-a-las-17.54.57_e17e00a2.jpg 1600w\" sizes=\"auto, (max-width: 1024px) 100vw, 1024px\" \/><\/figure>\n<\/figure>\n\n\n\n<p>La jornada cont\u00f3 con la participaci\u00f3n de 60 organizaciones, incluyendo colectivos ambientales, universidades, autoridades locales y grupos comunitarios, quienes se articularon para registrar la avifauna huilense.<\/p>\n\n\n\n<p>\u201cEl trabajo fue muy juicioso y organizado. Lograr este n\u00famero en un territorio con tanta diversidad requiere una gran log\u00edstica. Es un resultado muy positivo\u201d, se\u00f1al\u00f3 Betancourth.<\/p>\n\n\n\n<p>A nivel global, Colombia lider\u00f3 nuevamente el ranking con 1.560 especies registradas, reafirmando su posici\u00f3n como el pa\u00eds con mayor diversidad de aves en el mundo. Desde la CAM se hace un llamado a continuar promoviendo la observaci\u00f3n y registro de aves como herramienta clave para conservar el patrimonio natural del Huila.<\/p>\n\n\n\n<p><\/p>\n","protected":false},"excerpt":{"rendered":"<p>Con 501 especies de aves reportadas, el Huila se posicion\u00f3 en el d\u00e9cimo lugar a nivel nacional durante el Global Big Day 2025, el evento de ciencia ciudadana m\u00e1s importante del mundo en observaci\u00f3n de aves. Esta jornada se llev\u00f3 a cabo el pasado s\u00e1bado y congreg\u00f3 a m\u00e1s de 400 observadores en 73 rutas [&hellip;]<\/p>\n","protected":false},"author":2,"featured_media":82914,"comment_status":"closed","ping_status":"open","sticky":false,"template":"","format":"standard","meta":{"footnotes":""},"categories":[33],"tags":[],"class_list":["post-82913","post","type-post","status-publish","format-standard","has-post-thumbnail","hentry","category-huila"],"yoast_head":"<!-- This site is optimized with the Yoast SEO plugin v26.6 - https:\/\/yoast.com\/wordpress\/plugins\/seo\/ -->\n<title>Huila, un para\u00edso para las aves -<\/title>\n<meta name=\"robots\" content=\"index, follow, max-snippet:-1, max-image-preview:large, max-video-preview:-1\" \/>\n<link rel=\"canonical\" href=\"https:\/\/luchonoticias.com\/editor\/huila-un-paraiso-para-las-aves\/\" \/>\n<meta property=\"og:locale\" content=\"es_ES\" \/>\n<meta property=\"og:type\" content=\"article\" \/>\n<meta property=\"og:title\" content=\"Huila, un para\u00edso para las aves -\" \/>\n<meta property=\"og:url\" content=\"https:\/\/luchonoticias.com\/editor\/huila-un-paraiso-para-las-aves\/\" \/>\n<meta property=\"article:publisher\" content=\"https:\/\/www.facebook.com\/luchonoticiasneiva\" \/>\n<meta property=\"article:published_time\" content=\"2025-05-14T23:00:45+00:00\" \/>\n<meta property=\"article:modified_time\" content=\"2025-05-14T23:00:46+00:00\" \/>\n<meta property=\"og:image\" content=\"https:\/\/luchonoticias.com\/editor\/wp-content\/uploads\/2025\/05\/aves-1-1.jpg\" \/>\n\t<meta property=\"og:image:width\" content=\"700\" \/>\n\t<meta property=\"og:image:height\" content=\"400\" \/>\n\t<meta property=\"og:image:type\" content=\"image\/jpeg\" \/>\n<meta name=\"author\" content=\"Editor General\" \/>\n<meta name=\"twitter:card\" content=\"summary_large_image\" \/>\n<meta name=\"twitter:label1\" content=\"Escrito por\" \/>\n\t<meta name=\"twitter:data1\" content=\"Editor General\" \/>\n\t<meta name=\"twitter:label2\" content=\"Tiempo de lectura\" \/>\n\t<meta name=\"twitter:data2\" content=\"3 minutos\" \/>\n<script type=\"application\/ld+json\" class=\"yoast-schema-graph\">{\"@context\":\"https:\/\/schema.org\",\"@graph\":[{\"@type\":\"Article\",\"@id\":\"https:\/\/luchonoticias.com\/editor\/huila-un-paraiso-para-las-aves\/#article\",\"isPartOf\":{\"@id\":\"https:\/\/luchonoticias.com\/editor\/huila-un-paraiso-para-las-aves\/\"},\"author\":{\"name\":\"Editor General\",\"@id\":\"https:\/\/luchonoticias.com\/editor\/#\/schema\/person\/29217990ddf6f14e35912b2866d591fb\"},\"headline\":\"Huila, un para\u00edso para las aves\",\"datePublished\":\"2025-05-14T23:00:45+00:00\",\"dateModified\":\"2025-05-14T23:00:46+00:00\",\"mainEntityOfPage\":{\"@id\":\"https:\/\/luchonoticias.com\/editor\/huila-un-paraiso-para-las-aves\/\"},\"wordCount\":285,\"publisher\":{\"@id\":\"https:\/\/luchonoticias.com\/editor\/#\/schema\/person\/7a7fd911f58561fd056dbac7b55af9cd\"},\"image\":{\"@id\":\"https:\/\/luchonoticias.com\/editor\/huila-un-paraiso-para-las-aves\/#primaryimage\"},\"thumbnailUrl\":\"https:\/\/luchonoticias.com\/editor\/wp-content\/uploads\/2025\/05\/aves-1-1.jpg\",\"articleSection\":[\"Huila\"],\"inLanguage\":\"es\"},{\"@type\":\"WebPage\",\"@id\":\"https:\/\/luchonoticias.com\/editor\/huila-un-paraiso-para-las-aves\/\",\"url\":\"https:\/\/luchonoticias.com\/editor\/huila-un-paraiso-para-las-aves\/\",\"name\":\"Huila, un para\u00edso para las aves -\",\"isPartOf\":{\"@id\":\"https:\/\/luchonoticias.com\/editor\/#website\"},\"primaryImageOfPage\":{\"@id\":\"https:\/\/luchonoticias.com\/editor\/huila-un-paraiso-para-las-aves\/#primaryimage\"},\"image\":{\"@id\":\"https:\/\/luchonoticias.com\/editor\/huila-un-paraiso-para-las-aves\/#primaryimage\"},\"thumbnailUrl\":\"https:\/\/luchonoticias.com\/editor\/wp-content\/uploads\/2025\/05\/aves-1-1.jpg\",\"datePublished\":\"2025-05-14T23:00:45+00:00\",\"dateModified\":\"2025-05-14T23:00:46+00:00\",\"breadcrumb\":{\"@id\":\"https:\/\/luchonoticias.com\/editor\/huila-un-paraiso-para-las-aves\/#breadcrumb\"},\"inLanguage\":\"es\",\"potentialAction\":[{\"@type\":\"ReadAction\",\"target\":[\"https:\/\/luchonoticias.com\/editor\/huila-un-paraiso-para-las-aves\/\"]}]},{\"@type\":\"ImageObject\",\"inLanguage\":\"es\",\"@id\":\"https:\/\/luchonoticias.com\/editor\/huila-un-paraiso-para-las-aves\/#primaryimage\",\"url\":\"https:\/\/luchonoticias.com\/editor\/wp-content\/uploads\/2025\/05\/aves-1-1.jpg\",\"contentUrl\":\"https:\/\/luchonoticias.com\/editor\/wp-content\/uploads\/2025\/05\/aves-1-1.jpg\",\"width\":700,\"height\":400},{\"@type\":\"BreadcrumbList\",\"@id\":\"https:\/\/luchonoticias.com\/editor\/huila-un-paraiso-para-las-aves\/#breadcrumb\",\"itemListElement\":[{\"@type\":\"ListItem\",\"position\":1,\"name\":\"Portada\",\"item\":\"https:\/\/luchonoticias.com\/editor\/\"},{\"@type\":\"ListItem\",\"position\":2,\"name\":\"Huila, un para\u00edso para las aves\"}]},{\"@type\":\"WebSite\",\"@id\":\"https:\/\/luchonoticias.com\/editor\/#website\",\"url\":\"https:\/\/luchonoticias.com\/editor\/\",\"name\":\"\",\"description\":\"\",\"publisher\":{\"@id\":\"https:\/\/luchonoticias.com\/editor\/#\/schema\/person\/7a7fd911f58561fd056dbac7b55af9cd\"},\"potentialAction\":[{\"@type\":\"SearchAction\",\"target\":{\"@type\":\"EntryPoint\",\"urlTemplate\":\"https:\/\/luchonoticias.com\/editor\/?s={search_term_string}\"},\"query-input\":{\"@type\":\"PropertyValueSpecification\",\"valueRequired\":true,\"valueName\":\"search_term_string\"}}],\"inLanguage\":\"es\"},{\"@type\":[\"Person\",\"Organization\"],\"@id\":\"https:\/\/luchonoticias.com\/editor\/#\/schema\/person\/7a7fd911f58561fd056dbac7b55af9cd\",\"name\":\"admin\",\"image\":{\"@type\":\"ImageObject\",\"inLanguage\":\"es\",\"@id\":\"https:\/\/luchonoticias.com\/editor\/#\/schema\/person\/image\/\",\"url\":\"https:\/\/luchonoticias.com\/editor\/wp-content\/uploads\/2024\/02\/cropped-cropped-logolu.webp\",\"contentUrl\":\"https:\/\/luchonoticias.com\/editor\/wp-content\/uploads\/2024\/02\/cropped-cropped-logolu.webp\",\"width\":382,\"height\":170,\"caption\":\"admin\"},\"logo\":{\"@id\":\"https:\/\/luchonoticias.com\/editor\/#\/schema\/person\/image\/\"},\"sameAs\":[\"https:\/\/www.facebook.com\/luchonoticiasneiva\"]},{\"@type\":\"Person\",\"@id\":\"https:\/\/luchonoticias.com\/editor\/#\/schema\/person\/29217990ddf6f14e35912b2866d591fb\",\"name\":\"Editor General\",\"image\":{\"@type\":\"ImageObject\",\"inLanguage\":\"es\",\"@id\":\"https:\/\/luchonoticias.com\/editor\/#\/schema\/person\/image\/\",\"url\":\"https:\/\/luchonoticias.com\/editor\/wp-content\/uploads\/2024\/02\/cropped-cropped-logolu-150x150.webp\",\"contentUrl\":\"https:\/\/luchonoticias.com\/editor\/wp-content\/uploads\/2024\/02\/cropped-cropped-logolu-150x150.webp\",\"caption\":\"Editor General\"},\"sameAs\":[\"https:\/\/luchonoticias.com\/\"],\"url\":\"https:\/\/luchonoticias.com\/editor\/author\/editor-general\/\"}]}<\/script>\n<!-- \/ Yoast SEO plugin. -->","yoast_head_json":{"title":"Huila, un para\u00edso para las aves -","robots":{"index":"index","follow":"follow","max-snippet":"max-snippet:-1","max-image-preview":"max-image-preview:large","max-video-preview":"max-video-preview:-1"},"canonical":"https:\/\/luchonoticias.com\/editor\/huila-un-paraiso-para-las-aves\/","og_locale":"es_ES","og_type":"article","og_title":"Huila, un para\u00edso para las aves -","og_url":"https:\/\/luchonoticias.com\/editor\/huila-un-paraiso-para-las-aves\/","article_publisher":"https:\/\/www.facebook.com\/luchonoticiasneiva","article_published_time":"2025-05-14T23:00:45+00:00","article_modified_time":"2025-05-14T23:00:46+00:00","og_image":[{"width":700,"height":400,"url":"https:\/\/luchonoticias.com\/editor\/wp-content\/uploads\/2025\/05\/aves-1-1.jpg","type":"image\/jpeg"}],"author":"Editor General","twitter_card":"summary_large_image","twitter_misc":{"Escrito por":"Editor General","Tiempo de lectura":"3 minutos"},"schema":{"@context":"https:\/\/schema.org","@graph":[{"@type":"Article","@id":"https:\/\/luchonoticias.com\/editor\/huila-un-paraiso-para-las-aves\/#article","isPartOf":{"@id":"https:\/\/luchonoticias.com\/editor\/huila-un-paraiso-para-las-aves\/"},"author":{"name":"Editor General","@id":"https:\/\/luchonoticias.com\/editor\/#\/schema\/person\/29217990ddf6f14e35912b2866d591fb"},"headline":"Huila, un para\u00edso para las aves","datePublished":"2025-05-14T23:00:45+00:00","dateModified":"2025-05-14T23:00:46+00:00","mainEntityOfPage":{"@id":"https:\/\/luchonoticias.com\/editor\/huila-un-paraiso-para-las-aves\/"},"wordCount":285,"publisher":{"@id":"https:\/\/luchonoticias.com\/editor\/#\/schema\/person\/7a7fd911f58561fd056dbac7b55af9cd"},"image":{"@id":"https:\/\/luchonoticias.com\/editor\/huila-un-paraiso-para-las-aves\/#primaryimage"},"thumbnailUrl":"https:\/\/luchonoticias.com\/editor\/wp-content\/uploads\/2025\/05\/aves-1-1.jpg","articleSection":["Huila"],"inLanguage":"es"},{"@type":"WebPage","@id":"https:\/\/luchonoticias.com\/editor\/huila-un-paraiso-para-las-aves\/","url":"https:\/\/luchonoticias.com\/editor\/huila-un-paraiso-para-las-aves\/","name":"Huila, un para\u00edso para las aves -","isPartOf":{"@id":"https:\/\/luchonoticias.com\/editor\/#website"},"primaryImageOfPage":{"@id":"https:\/\/luchonoticias.com\/editor\/huila-un-paraiso-para-las-aves\/#primaryimage"},"image":{"@id":"https:\/\/luchonoticias.com\/editor\/huila-un-paraiso-para-las-aves\/#primaryimage"},"thumbnailUrl":"https:\/\/luchonoticias.com\/editor\/wp-content\/uploads\/2025\/05\/aves-1-1.jpg","datePublished":"2025-05-14T23:00:45+00:00","dateModified":"2025-05-14T23:00:46+00:00","breadcrumb":{"@id":"https:\/\/luchonoticias.com\/editor\/huila-un-paraiso-para-las-aves\/#breadcrumb"},"inLanguage":"es","potentialAction":[{"@type":"ReadAction","target":["https:\/\/luchonoticias.com\/editor\/huila-un-paraiso-para-las-aves\/"]}]},{"@type":"ImageObject","inLanguage":"es","@id":"https:\/\/luchonoticias.com\/editor\/huila-un-paraiso-para-las-aves\/#primaryimage","url":"https:\/\/luchonoticias.com\/editor\/wp-content\/uploads\/2025\/05\/aves-1-1.jpg","contentUrl":"https:\/\/luchonoticias.com\/editor\/wp-content\/uploads\/2025\/05\/aves-1-1.jpg","width":700,"height":400},{"@type":"BreadcrumbList","@id":"https:\/\/luchonoticias.com\/editor\/huila-un-paraiso-para-las-aves\/#breadcrumb","itemListElement":[{"@type":"ListItem","position":1,"name":"Portada","item":"https:\/\/luchonoticias.com\/editor\/"},{"@type":"ListItem","position":2,"name":"Huila, un para\u00edso para las aves"}]},{"@type":"WebSite","@id":"https:\/\/luchonoticias.com\/editor\/#website","url":"https:\/\/luchonoticias.com\/editor\/","name":"","description":"","publisher":{"@id":"https:\/\/luchonoticias.com\/editor\/#\/schema\/person\/7a7fd911f58561fd056dbac7b55af9cd"},"potentialAction":[{"@type":"SearchAction","target":{"@type":"EntryPoint","urlTemplate":"https:\/\/luchonoticias.com\/editor\/?s={search_term_string}"},"query-input":{"@type":"PropertyValueSpecification","valueRequired":true,"valueName":"search_term_string"}}],"inLanguage":"es"},{"@type":["Person","Organization"],"@id":"https:\/\/luchonoticias.com\/editor\/#\/schema\/person\/7a7fd911f58561fd056dbac7b55af9cd","name":"admin","image":{"@type":"ImageObject","inLanguage":"es","@id":"https:\/\/luchonoticias.com\/editor\/#\/schema\/person\/image\/","url":"https:\/\/luchonoticias.com\/editor\/wp-content\/uploads\/2024\/02\/cropped-cropped-logolu.webp","contentUrl":"https:\/\/luchonoticias.com\/editor\/wp-content\/uploads\/2024\/02\/cropped-cropped-logolu.webp","width":382,"height":170,"caption":"admin"},"logo":{"@id":"https:\/\/luchonoticias.com\/editor\/#\/schema\/person\/image\/"},"sameAs":["https:\/\/www.facebook.com\/luchonoticiasneiva"]},{"@type":"Person","@id":"https:\/\/luchonoticias.com\/editor\/#\/schema\/person\/29217990ddf6f14e35912b2866d591fb","name":"Editor General","image":{"@type":"ImageObject","inLanguage":"es","@id":"https:\/\/luchonoticias.com\/editor\/#\/schema\/person\/image\/","url":"https:\/\/luchonoticias.com\/editor\/wp-content\/uploads\/2024\/02\/cropped-cropped-logolu-150x150.webp","contentUrl":"https:\/\/luchonoticias.com\/editor\/wp-content\/uploads\/2024\/02\/cropped-cropped-logolu-150x150.webp","caption":"Editor General"},"sameAs":["https:\/\/luchonoticias.com\/"],"url":"https:\/\/luchonoticias.com\/editor\/author\/editor-general\/"}]}},"_links":{"self":[{"href":"https:\/\/luchonoticias.com\/editor\/wp-json\/wp\/v2\/posts\/82913","targetHints":{"allow":["GET"]}}],"collection":[{"href":"https:\/\/luchonoticias.com\/editor\/wp-json\/wp\/v2\/posts"}],"about":[{"href":"https:\/\/luchonoticias.com\/editor\/wp-json\/wp\/v2\/types\/post"}],"author":[{"embeddable":true,"href":"https:\/\/luchonoticias.com\/editor\/wp-json\/wp\/v2\/users\/2"}],"replies":[{"embeddable":true,"href":"https:\/\/luchonoticias.com\/editor\/wp-json\/wp\/v2\/comments?post=82913"}],"version-history":[{"count":1,"href":"https:\/\/luchonoticias.com\/editor\/wp-json\/wp\/v2\/posts\/82913\/revisions"}],"predecessor-version":[{"id":82917,"href":"https:\/\/luchonoticias.com\/editor\/wp-json\/wp\/v2\/posts\/82913\/revisions\/82917"}],"wp:featuredmedia":[{"embeddable":true,"href":"https:\/\/luchonoticias.com\/editor\/wp-json\/wp\/v2\/media\/82914"}],"wp:attachment":[{"href":"https:\/\/luchonoticias.com\/editor\/wp-json\/wp\/v2\/media?parent=82913"}],"wp:term":[{"taxonomy":"category","embeddable":true,"href":"https:\/\/luchonoticias.com\/editor\/wp-json\/wp\/v2\/categories?post=82913"},{"taxonomy":"post_tag","embeddable":true,"href":"https:\/\/luchonoticias.com\/editor\/wp-json\/wp\/v2\/tags?post=82913"}],"curies":[{"name":"wp","href":"https:\/\/api.w.org\/{rel}","templated":true}]}}