{"id":82923,"date":"2025-05-15T04:20:34","date_gmt":"2025-05-15T09:20:34","guid":{"rendered":"https:\/\/luchonoticias.com\/?p=82923"},"modified":"2025-05-15T04:20:36","modified_gmt":"2025-05-15T09:20:36","slug":"proyectos-conmemorativos-y-culturales-avanzan-en-el-senado","status":"publish","type":"post","link":"https:\/\/luchonoticias.com\/editor\/proyectos-conmemorativos-y-culturales-avanzan-en-el-senado\/","title":{"rendered":"Proyectos conmemorativos y culturales avanzan en el Senado"},"content":{"rendered":"\n<figure class=\"wp-block-image size-full\"><img loading=\"lazy\" decoding=\"async\" width=\"700\" height=\"400\" src=\"https:\/\/luchonoticias.com\/wp-content\/uploads\/2025\/05\/senado-comision-segunda.jpg\" alt=\"\" class=\"wp-image-82924\" srcset=\"https:\/\/luchonoticias.com\/editor\/wp-content\/uploads\/2025\/05\/senado-comision-segunda.jpg 700w, https:\/\/luchonoticias.com\/editor\/wp-content\/uploads\/2025\/05\/senado-comision-segunda-300x171.jpg 300w\" sizes=\"auto, (max-width: 700px) 100vw, 700px\" \/><\/figure>\n\n\n\n<p>La Comisi\u00f3n Segunda del Senado dio luz verde a cuatro proyectos de ley que avanzan ahora a segundo debate en la plenaria. Tres de ellos buscan conmemorar fechas significativas de los municipios de Magangu\u00e9, Galapa y Brice\u00f1o, mientras que el cuarto exalta la vida y obra del fil\u00f3sofo y educador Julio Enrique Blanco De La Rosa.<\/p>\n\n\n\n<p>Uno de los proyectos, con ponencia del senador Antonio Jos\u00e9 Correa, rinde homenaje al municipio de Magangu\u00e9, en Bol\u00edvar. Otro reconoce los 140 a\u00f1os de existencia y 45 de vida institucional de Brice\u00f1o, en Antioquia. Durante el debate, el senador Nicol\u00e1s Echeverry destac\u00f3 la resistencia de esta comunidad frente a la violencia.<\/p>\n\n\n\n<p>Tambi\u00e9n se aprob\u00f3 la iniciativa que celebra los 492 a\u00f1os del municipio de Galapa, Atl\u00e1ntico. El proyecto fue presentado por varios representantes y cont\u00f3 con ponencia del senador Correa Jim\u00e9nez.<\/p>\n\n\n\n<p>La Comisi\u00f3n adem\u00e1s aval\u00f3 por unanimidad el proyecto que honra la memoria del fil\u00f3sofo Julio Enrique Blanco, oriundo de Galapa. La ley declara como bien de inter\u00e9s cultural de la Naci\u00f3n la Casa Grande, ubicada en este municipio.<\/p>\n\n\n\n<p>Con esta aprobaci\u00f3n, el Congreso busca fortalecer el reconocimiento institucional a comunidades y figuras que han aportado al desarrollo social y cultural del pa\u00eds.<\/p>\n\n\n\n<p><\/p>\n","protected":false},"excerpt":{"rendered":"<p>La Comisi\u00f3n Segunda del Senado dio luz verde a cuatro proyectos de ley que avanzan ahora a segundo debate en la plenaria. Tres de ellos buscan conmemorar fechas significativas de los municipios de Magangu\u00e9, Galapa y Brice\u00f1o, mientras que el cuarto exalta la vida y obra del fil\u00f3sofo y educador Julio Enrique Blanco De La [&hellip;]<\/p>\n","protected":false},"author":2,"featured_media":82924,"comment_status":"closed","ping_status":"open","sticky":false,"template":"","format":"standard","meta":{"footnotes":""},"categories":[28,32],"tags":[],"class_list":["post-82923","post","type-post","status-publish","format-standard","has-post-thumbnail","hentry","category-actualidad","category-nacional"],"yoast_head":"<!-- This site is optimized with the Yoast SEO plugin v26.6 - https:\/\/yoast.com\/wordpress\/plugins\/seo\/ -->\n<title>Proyectos conmemorativos y culturales avanzan en el Senado -<\/title>\n<meta name=\"robots\" content=\"index, follow, max-snippet:-1, max-image-preview:large, max-video-preview:-1\" \/>\n<link rel=\"canonical\" href=\"https:\/\/luchonoticias.com\/editor\/proyectos-conmemorativos-y-culturales-avanzan-en-el-senado\/\" \/>\n<meta property=\"og:locale\" content=\"es_ES\" \/>\n<meta property=\"og:type\" content=\"article\" \/>\n<meta property=\"og:title\" content=\"Proyectos conmemorativos y culturales avanzan en el Senado -\" \/>\n<meta property=\"og:url\" content=\"https:\/\/luchonoticias.com\/editor\/proyectos-conmemorativos-y-culturales-avanzan-en-el-senado\/\" \/>\n<meta property=\"article:publisher\" content=\"https:\/\/www.facebook.com\/luchonoticiasneiva\" \/>\n<meta property=\"article:published_time\" content=\"2025-05-15T09:20:34+00:00\" \/>\n<meta property=\"article:modified_time\" content=\"2025-05-15T09:20:36+00:00\" \/>\n<meta property=\"og:image\" content=\"https:\/\/luchonoticias.com\/editor\/wp-content\/uploads\/2025\/05\/senado-comision-segunda.jpg\" \/>\n\t<meta property=\"og:image:width\" content=\"700\" \/>\n\t<meta property=\"og:image:height\" content=\"400\" \/>\n\t<meta property=\"og:image:type\" content=\"image\/jpeg\" \/>\n<meta name=\"author\" content=\"Editor General\" \/>\n<meta name=\"twitter:card\" content=\"summary_large_image\" \/>\n<meta name=\"twitter:label1\" content=\"Escrito por\" \/>\n\t<meta name=\"twitter:data1\" content=\"Editor General\" \/>\n\t<meta name=\"twitter:label2\" content=\"Tiempo de lectura\" \/>\n\t<meta name=\"twitter:data2\" content=\"2 minutos\" \/>\n<script type=\"application\/ld+json\" class=\"yoast-schema-graph\">{\"@context\":\"https:\/\/schema.org\",\"@graph\":[{\"@type\":\"Article\",\"@id\":\"https:\/\/luchonoticias.com\/editor\/proyectos-conmemorativos-y-culturales-avanzan-en-el-senado\/#article\",\"isPartOf\":{\"@id\":\"https:\/\/luchonoticias.com\/editor\/proyectos-conmemorativos-y-culturales-avanzan-en-el-senado\/\"},\"author\":{\"name\":\"Editor General\",\"@id\":\"https:\/\/luchonoticias.com\/editor\/#\/schema\/person\/29217990ddf6f14e35912b2866d591fb\"},\"headline\":\"Proyectos conmemorativos y culturales avanzan en el Senado\",\"datePublished\":\"2025-05-15T09:20:34+00:00\",\"dateModified\":\"2025-05-15T09:20:36+00:00\",\"mainEntityOfPage\":{\"@id\":\"https:\/\/luchonoticias.com\/editor\/proyectos-conmemorativos-y-culturales-avanzan-en-el-senado\/\"},\"wordCount\":223,\"publisher\":{\"@id\":\"https:\/\/luchonoticias.com\/editor\/#\/schema\/person\/7a7fd911f58561fd056dbac7b55af9cd\"},\"image\":{\"@id\":\"https:\/\/luchonoticias.com\/editor\/proyectos-conmemorativos-y-culturales-avanzan-en-el-senado\/#primaryimage\"},\"thumbnailUrl\":\"https:\/\/luchonoticias.com\/editor\/wp-content\/uploads\/2025\/05\/senado-comision-segunda.jpg\",\"articleSection\":[\"Actualidad\",\"Nacional\"],\"inLanguage\":\"es\"},{\"@type\":\"WebPage\",\"@id\":\"https:\/\/luchonoticias.com\/editor\/proyectos-conmemorativos-y-culturales-avanzan-en-el-senado\/\",\"url\":\"https:\/\/luchonoticias.com\/editor\/proyectos-conmemorativos-y-culturales-avanzan-en-el-senado\/\",\"name\":\"Proyectos conmemorativos y culturales avanzan en el Senado -\",\"isPartOf\":{\"@id\":\"https:\/\/luchonoticias.com\/editor\/#website\"},\"primaryImageOfPage\":{\"@id\":\"https:\/\/luchonoticias.com\/editor\/proyectos-conmemorativos-y-culturales-avanzan-en-el-senado\/#primaryimage\"},\"image\":{\"@id\":\"https:\/\/luchonoticias.com\/editor\/proyectos-conmemorativos-y-culturales-avanzan-en-el-senado\/#primaryimage\"},\"thumbnailUrl\":\"https:\/\/luchonoticias.com\/editor\/wp-content\/uploads\/2025\/05\/senado-comision-segunda.jpg\",\"datePublished\":\"2025-05-15T09:20:34+00:00\",\"dateModified\":\"2025-05-15T09:20:36+00:00\",\"breadcrumb\":{\"@id\":\"https:\/\/luchonoticias.com\/editor\/proyectos-conmemorativos-y-culturales-avanzan-en-el-senado\/#breadcrumb\"},\"inLanguage\":\"es\",\"potentialAction\":[{\"@type\":\"ReadAction\",\"target\":[\"https:\/\/luchonoticias.com\/editor\/proyectos-conmemorativos-y-culturales-avanzan-en-el-senado\/\"]}]},{\"@type\":\"ImageObject\",\"inLanguage\":\"es\",\"@id\":\"https:\/\/luchonoticias.com\/editor\/proyectos-conmemorativos-y-culturales-avanzan-en-el-senado\/#primaryimage\",\"url\":\"https:\/\/luchonoticias.com\/editor\/wp-content\/uploads\/2025\/05\/senado-comision-segunda.jpg\",\"contentUrl\":\"https:\/\/luchonoticias.com\/editor\/wp-content\/uploads\/2025\/05\/senado-comision-segunda.jpg\",\"width\":700,\"height\":400},{\"@type\":\"BreadcrumbList\",\"@id\":\"https:\/\/luchonoticias.com\/editor\/proyectos-conmemorativos-y-culturales-avanzan-en-el-senado\/#breadcrumb\",\"itemListElement\":[{\"@type\":\"ListItem\",\"position\":1,\"name\":\"Portada\",\"item\":\"https:\/\/luchonoticias.com\/editor\/\"},{\"@type\":\"ListItem\",\"position\":2,\"name\":\"Proyectos conmemorativos y culturales avanzan en el Senado\"}]},{\"@type\":\"WebSite\",\"@id\":\"https:\/\/luchonoticias.com\/editor\/#website\",\"url\":\"https:\/\/luchonoticias.com\/editor\/\",\"name\":\"\",\"description\":\"\",\"publisher\":{\"@id\":\"https:\/\/luchonoticias.com\/editor\/#\/schema\/person\/7a7fd911f58561fd056dbac7b55af9cd\"},\"potentialAction\":[{\"@type\":\"SearchAction\",\"target\":{\"@type\":\"EntryPoint\",\"urlTemplate\":\"https:\/\/luchonoticias.com\/editor\/?s={search_term_string}\"},\"query-input\":{\"@type\":\"PropertyValueSpecification\",\"valueRequired\":true,\"valueName\":\"search_term_string\"}}],\"inLanguage\":\"es\"},{\"@type\":[\"Person\",\"Organization\"],\"@id\":\"https:\/\/luchonoticias.com\/editor\/#\/schema\/person\/7a7fd911f58561fd056dbac7b55af9cd\",\"name\":\"admin\",\"image\":{\"@type\":\"ImageObject\",\"inLanguage\":\"es\",\"@id\":\"https:\/\/luchonoticias.com\/editor\/#\/schema\/person\/image\/\",\"url\":\"https:\/\/luchonoticias.com\/editor\/wp-content\/uploads\/2024\/02\/cropped-cropped-logolu.webp\",\"contentUrl\":\"https:\/\/luchonoticias.com\/editor\/wp-content\/uploads\/2024\/02\/cropped-cropped-logolu.webp\",\"width\":382,\"height\":170,\"caption\":\"admin\"},\"logo\":{\"@id\":\"https:\/\/luchonoticias.com\/editor\/#\/schema\/person\/image\/\"},\"sameAs\":[\"https:\/\/www.facebook.com\/luchonoticiasneiva\"]},{\"@type\":\"Person\",\"@id\":\"https:\/\/luchonoticias.com\/editor\/#\/schema\/person\/29217990ddf6f14e35912b2866d591fb\",\"name\":\"Editor General\",\"image\":{\"@type\":\"ImageObject\",\"inLanguage\":\"es\",\"@id\":\"https:\/\/luchonoticias.com\/editor\/#\/schema\/person\/image\/\",\"url\":\"https:\/\/luchonoticias.com\/editor\/wp-content\/uploads\/2024\/02\/cropped-cropped-logolu-150x150.webp\",\"contentUrl\":\"https:\/\/luchonoticias.com\/editor\/wp-content\/uploads\/2024\/02\/cropped-cropped-logolu-150x150.webp\",\"caption\":\"Editor General\"},\"sameAs\":[\"https:\/\/luchonoticias.com\/\"],\"url\":\"https:\/\/luchonoticias.com\/editor\/author\/editor-general\/\"}]}<\/script>\n<!-- \/ Yoast SEO plugin. -->","yoast_head_json":{"title":"Proyectos conmemorativos y culturales avanzan en el Senado -","robots":{"index":"index","follow":"follow","max-snippet":"max-snippet:-1","max-image-preview":"max-image-preview:large","max-video-preview":"max-video-preview:-1"},"canonical":"https:\/\/luchonoticias.com\/editor\/proyectos-conmemorativos-y-culturales-avanzan-en-el-senado\/","og_locale":"es_ES","og_type":"article","og_title":"Proyectos conmemorativos y culturales avanzan en el Senado -","og_url":"https:\/\/luchonoticias.com\/editor\/proyectos-conmemorativos-y-culturales-avanzan-en-el-senado\/","article_publisher":"https:\/\/www.facebook.com\/luchonoticiasneiva","article_published_time":"2025-05-15T09:20:34+00:00","article_modified_time":"2025-05-15T09:20:36+00:00","og_image":[{"width":700,"height":400,"url":"https:\/\/luchonoticias.com\/editor\/wp-content\/uploads\/2025\/05\/senado-comision-segunda.jpg","type":"image\/jpeg"}],"author":"Editor General","twitter_card":"summary_large_image","twitter_misc":{"Escrito por":"Editor General","Tiempo de lectura":"2 minutos"},"schema":{"@context":"https:\/\/schema.org","@graph":[{"@type":"Article","@id":"https:\/\/luchonoticias.com\/editor\/proyectos-conmemorativos-y-culturales-avanzan-en-el-senado\/#article","isPartOf":{"@id":"https:\/\/luchonoticias.com\/editor\/proyectos-conmemorativos-y-culturales-avanzan-en-el-senado\/"},"author":{"name":"Editor General","@id":"https:\/\/luchonoticias.com\/editor\/#\/schema\/person\/29217990ddf6f14e35912b2866d591fb"},"headline":"Proyectos conmemorativos y culturales avanzan en el Senado","datePublished":"2025-05-15T09:20:34+00:00","dateModified":"2025-05-15T09:20:36+00:00","mainEntityOfPage":{"@id":"https:\/\/luchonoticias.com\/editor\/proyectos-conmemorativos-y-culturales-avanzan-en-el-senado\/"},"wordCount":223,"publisher":{"@id":"https:\/\/luchonoticias.com\/editor\/#\/schema\/person\/7a7fd911f58561fd056dbac7b55af9cd"},"image":{"@id":"https:\/\/luchonoticias.com\/editor\/proyectos-conmemorativos-y-culturales-avanzan-en-el-senado\/#primaryimage"},"thumbnailUrl":"https:\/\/luchonoticias.com\/editor\/wp-content\/uploads\/2025\/05\/senado-comision-segunda.jpg","articleSection":["Actualidad","Nacional"],"inLanguage":"es"},{"@type":"WebPage","@id":"https:\/\/luchonoticias.com\/editor\/proyectos-conmemorativos-y-culturales-avanzan-en-el-senado\/","url":"https:\/\/luchonoticias.com\/editor\/proyectos-conmemorativos-y-culturales-avanzan-en-el-senado\/","name":"Proyectos conmemorativos y culturales avanzan en el Senado -","isPartOf":{"@id":"https:\/\/luchonoticias.com\/editor\/#website"},"primaryImageOfPage":{"@id":"https:\/\/luchonoticias.com\/editor\/proyectos-conmemorativos-y-culturales-avanzan-en-el-senado\/#primaryimage"},"image":{"@id":"https:\/\/luchonoticias.com\/editor\/proyectos-conmemorativos-y-culturales-avanzan-en-el-senado\/#primaryimage"},"thumbnailUrl":"https:\/\/luchonoticias.com\/editor\/wp-content\/uploads\/2025\/05\/senado-comision-segunda.jpg","datePublished":"2025-05-15T09:20:34+00:00","dateModified":"2025-05-15T09:20:36+00:00","breadcrumb":{"@id":"https:\/\/luchonoticias.com\/editor\/proyectos-conmemorativos-y-culturales-avanzan-en-el-senado\/#breadcrumb"},"inLanguage":"es","potentialAction":[{"@type":"ReadAction","target":["https:\/\/luchonoticias.com\/editor\/proyectos-conmemorativos-y-culturales-avanzan-en-el-senado\/"]}]},{"@type":"ImageObject","inLanguage":"es","@id":"https:\/\/luchonoticias.com\/editor\/proyectos-conmemorativos-y-culturales-avanzan-en-el-senado\/#primaryimage","url":"https:\/\/luchonoticias.com\/editor\/wp-content\/uploads\/2025\/05\/senado-comision-segunda.jpg","contentUrl":"https:\/\/luchonoticias.com\/editor\/wp-content\/uploads\/2025\/05\/senado-comision-segunda.jpg","width":700,"height":400},{"@type":"BreadcrumbList","@id":"https:\/\/luchonoticias.com\/editor\/proyectos-conmemorativos-y-culturales-avanzan-en-el-senado\/#breadcrumb","itemListElement":[{"@type":"ListItem","position":1,"name":"Portada","item":"https:\/\/luchonoticias.com\/editor\/"},{"@type":"ListItem","position":2,"name":"Proyectos conmemorativos y culturales avanzan en el Senado"}]},{"@type":"WebSite","@id":"https:\/\/luchonoticias.com\/editor\/#website","url":"https:\/\/luchonoticias.com\/editor\/","name":"","description":"","publisher":{"@id":"https:\/\/luchonoticias.com\/editor\/#\/schema\/person\/7a7fd911f58561fd056dbac7b55af9cd"},"potentialAction":[{"@type":"SearchAction","target":{"@type":"EntryPoint","urlTemplate":"https:\/\/luchonoticias.com\/editor\/?s={search_term_string}"},"query-input":{"@type":"PropertyValueSpecification","valueRequired":true,"valueName":"search_term_string"}}],"inLanguage":"es"},{"@type":["Person","Organization"],"@id":"https:\/\/luchonoticias.com\/editor\/#\/schema\/person\/7a7fd911f58561fd056dbac7b55af9cd","name":"admin","image":{"@type":"ImageObject","inLanguage":"es","@id":"https:\/\/luchonoticias.com\/editor\/#\/schema\/person\/image\/","url":"https:\/\/luchonoticias.com\/editor\/wp-content\/uploads\/2024\/02\/cropped-cropped-logolu.webp","contentUrl":"https:\/\/luchonoticias.com\/editor\/wp-content\/uploads\/2024\/02\/cropped-cropped-logolu.webp","width":382,"height":170,"caption":"admin"},"logo":{"@id":"https:\/\/luchonoticias.com\/editor\/#\/schema\/person\/image\/"},"sameAs":["https:\/\/www.facebook.com\/luchonoticiasneiva"]},{"@type":"Person","@id":"https:\/\/luchonoticias.com\/editor\/#\/schema\/person\/29217990ddf6f14e35912b2866d591fb","name":"Editor General","image":{"@type":"ImageObject","inLanguage":"es","@id":"https:\/\/luchonoticias.com\/editor\/#\/schema\/person\/image\/","url":"https:\/\/luchonoticias.com\/editor\/wp-content\/uploads\/2024\/02\/cropped-cropped-logolu-150x150.webp","contentUrl":"https:\/\/luchonoticias.com\/editor\/wp-content\/uploads\/2024\/02\/cropped-cropped-logolu-150x150.webp","caption":"Editor General"},"sameAs":["https:\/\/luchonoticias.com\/"],"url":"https:\/\/luchonoticias.com\/editor\/author\/editor-general\/"}]}},"_links":{"self":[{"href":"https:\/\/luchonoticias.com\/editor\/wp-json\/wp\/v2\/posts\/82923","targetHints":{"allow":["GET"]}}],"collection":[{"href":"https:\/\/luchonoticias.com\/editor\/wp-json\/wp\/v2\/posts"}],"about":[{"href":"https:\/\/luchonoticias.com\/editor\/wp-json\/wp\/v2\/types\/post"}],"author":[{"embeddable":true,"href":"https:\/\/luchonoticias.com\/editor\/wp-json\/wp\/v2\/users\/2"}],"replies":[{"embeddable":true,"href":"https:\/\/luchonoticias.com\/editor\/wp-json\/wp\/v2\/comments?post=82923"}],"version-history":[{"count":1,"href":"https:\/\/luchonoticias.com\/editor\/wp-json\/wp\/v2\/posts\/82923\/revisions"}],"predecessor-version":[{"id":82925,"href":"https:\/\/luchonoticias.com\/editor\/wp-json\/wp\/v2\/posts\/82923\/revisions\/82925"}],"wp:featuredmedia":[{"embeddable":true,"href":"https:\/\/luchonoticias.com\/editor\/wp-json\/wp\/v2\/media\/82924"}],"wp:attachment":[{"href":"https:\/\/luchonoticias.com\/editor\/wp-json\/wp\/v2\/media?parent=82923"}],"wp:term":[{"taxonomy":"category","embeddable":true,"href":"https:\/\/luchonoticias.com\/editor\/wp-json\/wp\/v2\/categories?post=82923"},{"taxonomy":"post_tag","embeddable":true,"href":"https:\/\/luchonoticias.com\/editor\/wp-json\/wp\/v2\/tags?post=82923"}],"curies":[{"name":"wp","href":"https:\/\/api.w.org\/{rel}","templated":true}]}}