{"id":82932,"date":"2025-05-15T04:50:38","date_gmt":"2025-05-15T09:50:38","guid":{"rendered":"https:\/\/luchonoticias.com\/?p=82932"},"modified":"2025-05-15T04:50:40","modified_gmt":"2025-05-15T09:50:40","slug":"minsalud-desmiente-que-tenga-las-eps-en-cuidados-intensivos","status":"publish","type":"post","link":"https:\/\/luchonoticias.com\/editor\/minsalud-desmiente-que-tenga-las-eps-en-cuidados-intensivos\/","title":{"rendered":"Minsalud desmiente que tenga las EPS en &#8216;cuidados intensivos&#8217;"},"content":{"rendered":"\n<figure class=\"wp-block-image size-full\"><img loading=\"lazy\" decoding=\"async\" width=\"700\" height=\"400\" src=\"https:\/\/luchonoticias.com\/wp-content\/uploads\/2025\/05\/ministro-de-salud.jpg\" alt=\"\" class=\"wp-image-82933\" srcset=\"https:\/\/luchonoticias.com\/editor\/wp-content\/uploads\/2025\/05\/ministro-de-salud.jpg 700w, https:\/\/luchonoticias.com\/editor\/wp-content\/uploads\/2025\/05\/ministro-de-salud-300x171.jpg 300w\" sizes=\"auto, (max-width: 700px) 100vw, 700px\" \/><\/figure>\n\n\n\n<p>El Ministerio de Salud y Protecci\u00f3n Social desminti\u00f3 las versiones publicadas por varios medios de comunicaci\u00f3n que aseguraban que el Gobierno del Cambio mantiene a las EPS \u201cen cuidados intensivos\u201d como estrategia para presionar la aprobaci\u00f3n de la reforma a la salud. Seg\u00fan la cartera, esta afirmaci\u00f3n es falsa y se basa en una interpretaci\u00f3n err\u00f3nea de las declaraciones del ministro Guillermo Alfonso Jaramillo durante su visita a Neiva el 13 de mayo.<\/p>\n\n\n\n<p>En su intervenci\u00f3n ante trabajadores del sector salud, el ministro explic\u00f3 que las EPS intervenidas est\u00e1n en crisis financiera por su propia gesti\u00f3n, y que la intervenci\u00f3n estatal busca evitar la quiebra de hospitales que quedar\u00edan sin recursos si estas entidades fueran liquidadas de inmediato. Se\u00f1al\u00f3 que muchas de estas EPS no tienen patrimonio ni reservas para responder a sus obligaciones.<\/p>\n\n\n\n<p>Jaramillo mencion\u00f3 casos como el de Saludcoop, que dej\u00f3 millonarias deudas a hospitales en Huila y otras regiones, y reiter\u00f3 que liquidar masivamente a las EPS sin alternativas viables pondr\u00eda en riesgo el sistema hospitalario del pa\u00eds. En ning\u00fan momento, seg\u00fan el ministerio, afirm\u00f3 que estas medidas respondan a una estrategia pol\u00edtica.<\/p>\n\n\n\n<p>Finalmente, el Ministerio de Salud hizo un llamado a los medios de comunicaci\u00f3n a verificar y contrastar las declaraciones oficiales antes de publicarlas, para evitar desinformaci\u00f3n y garantizar que los colombianos reciban noticias veraces y contextualizadas.<\/p>\n\n\n\n<p><\/p>\n","protected":false},"excerpt":{"rendered":"<p>El Ministerio de Salud y Protecci\u00f3n Social desminti\u00f3 las versiones publicadas por varios medios de comunicaci\u00f3n que aseguraban que el Gobierno del Cambio mantiene a las EPS \u201cen cuidados intensivos\u201d como estrategia para presionar la aprobaci\u00f3n de la reforma a la salud. Seg\u00fan la cartera, esta afirmaci\u00f3n es falsa y se basa en una interpretaci\u00f3n [&hellip;]<\/p>\n","protected":false},"author":2,"featured_media":82933,"comment_status":"closed","ping_status":"open","sticky":false,"template":"","format":"standard","meta":{"footnotes":""},"categories":[28,32],"tags":[],"class_list":["post-82932","post","type-post","status-publish","format-standard","has-post-thumbnail","hentry","category-actualidad","category-nacional"],"yoast_head":"<!-- This site is optimized with the Yoast SEO plugin v26.6 - https:\/\/yoast.com\/wordpress\/plugins\/seo\/ -->\n<title>Minsalud desmiente que tenga las EPS en &#039;cuidados intensivos&#039; -<\/title>\n<meta name=\"robots\" content=\"index, follow, max-snippet:-1, max-image-preview:large, max-video-preview:-1\" \/>\n<link rel=\"canonical\" href=\"https:\/\/luchonoticias.com\/editor\/minsalud-desmiente-que-tenga-las-eps-en-cuidados-intensivos\/\" \/>\n<meta property=\"og:locale\" content=\"es_ES\" \/>\n<meta property=\"og:type\" content=\"article\" \/>\n<meta property=\"og:title\" content=\"Minsalud desmiente que tenga las EPS en &#039;cuidados intensivos&#039; -\" \/>\n<meta property=\"og:url\" content=\"https:\/\/luchonoticias.com\/editor\/minsalud-desmiente-que-tenga-las-eps-en-cuidados-intensivos\/\" \/>\n<meta property=\"article:publisher\" content=\"https:\/\/www.facebook.com\/luchonoticiasneiva\" \/>\n<meta property=\"article:published_time\" content=\"2025-05-15T09:50:38+00:00\" \/>\n<meta property=\"article:modified_time\" content=\"2025-05-15T09:50:40+00:00\" \/>\n<meta property=\"og:image\" content=\"https:\/\/luchonoticias.com\/editor\/wp-content\/uploads\/2025\/05\/ministro-de-salud.jpg\" \/>\n\t<meta property=\"og:image:width\" content=\"700\" \/>\n\t<meta property=\"og:image:height\" content=\"400\" \/>\n\t<meta property=\"og:image:type\" content=\"image\/jpeg\" \/>\n<meta name=\"author\" content=\"Editor General\" \/>\n<meta name=\"twitter:card\" content=\"summary_large_image\" \/>\n<meta name=\"twitter:label1\" content=\"Escrito por\" \/>\n\t<meta name=\"twitter:data1\" content=\"Editor General\" \/>\n\t<meta name=\"twitter:label2\" content=\"Tiempo de lectura\" \/>\n\t<meta name=\"twitter:data2\" content=\"2 minutos\" \/>\n<script type=\"application\/ld+json\" class=\"yoast-schema-graph\">{\"@context\":\"https:\/\/schema.org\",\"@graph\":[{\"@type\":\"Article\",\"@id\":\"https:\/\/luchonoticias.com\/editor\/minsalud-desmiente-que-tenga-las-eps-en-cuidados-intensivos\/#article\",\"isPartOf\":{\"@id\":\"https:\/\/luchonoticias.com\/editor\/minsalud-desmiente-que-tenga-las-eps-en-cuidados-intensivos\/\"},\"author\":{\"name\":\"Editor General\",\"@id\":\"https:\/\/luchonoticias.com\/editor\/#\/schema\/person\/29217990ddf6f14e35912b2866d591fb\"},\"headline\":\"Minsalud desmiente que tenga las EPS en &#8216;cuidados intensivos&#8217;\",\"datePublished\":\"2025-05-15T09:50:38+00:00\",\"dateModified\":\"2025-05-15T09:50:40+00:00\",\"mainEntityOfPage\":{\"@id\":\"https:\/\/luchonoticias.com\/editor\/minsalud-desmiente-que-tenga-las-eps-en-cuidados-intensivos\/\"},\"wordCount\":250,\"publisher\":{\"@id\":\"https:\/\/luchonoticias.com\/editor\/#\/schema\/person\/7a7fd911f58561fd056dbac7b55af9cd\"},\"image\":{\"@id\":\"https:\/\/luchonoticias.com\/editor\/minsalud-desmiente-que-tenga-las-eps-en-cuidados-intensivos\/#primaryimage\"},\"thumbnailUrl\":\"https:\/\/luchonoticias.com\/editor\/wp-content\/uploads\/2025\/05\/ministro-de-salud.jpg\",\"articleSection\":[\"Actualidad\",\"Nacional\"],\"inLanguage\":\"es\"},{\"@type\":\"WebPage\",\"@id\":\"https:\/\/luchonoticias.com\/editor\/minsalud-desmiente-que-tenga-las-eps-en-cuidados-intensivos\/\",\"url\":\"https:\/\/luchonoticias.com\/editor\/minsalud-desmiente-que-tenga-las-eps-en-cuidados-intensivos\/\",\"name\":\"Minsalud desmiente que tenga las EPS en 'cuidados intensivos' -\",\"isPartOf\":{\"@id\":\"https:\/\/luchonoticias.com\/editor\/#website\"},\"primaryImageOfPage\":{\"@id\":\"https:\/\/luchonoticias.com\/editor\/minsalud-desmiente-que-tenga-las-eps-en-cuidados-intensivos\/#primaryimage\"},\"image\":{\"@id\":\"https:\/\/luchonoticias.com\/editor\/minsalud-desmiente-que-tenga-las-eps-en-cuidados-intensivos\/#primaryimage\"},\"thumbnailUrl\":\"https:\/\/luchonoticias.com\/editor\/wp-content\/uploads\/2025\/05\/ministro-de-salud.jpg\",\"datePublished\":\"2025-05-15T09:50:38+00:00\",\"dateModified\":\"2025-05-15T09:50:40+00:00\",\"breadcrumb\":{\"@id\":\"https:\/\/luchonoticias.com\/editor\/minsalud-desmiente-que-tenga-las-eps-en-cuidados-intensivos\/#breadcrumb\"},\"inLanguage\":\"es\",\"potentialAction\":[{\"@type\":\"ReadAction\",\"target\":[\"https:\/\/luchonoticias.com\/editor\/minsalud-desmiente-que-tenga-las-eps-en-cuidados-intensivos\/\"]}]},{\"@type\":\"ImageObject\",\"inLanguage\":\"es\",\"@id\":\"https:\/\/luchonoticias.com\/editor\/minsalud-desmiente-que-tenga-las-eps-en-cuidados-intensivos\/#primaryimage\",\"url\":\"https:\/\/luchonoticias.com\/editor\/wp-content\/uploads\/2025\/05\/ministro-de-salud.jpg\",\"contentUrl\":\"https:\/\/luchonoticias.com\/editor\/wp-content\/uploads\/2025\/05\/ministro-de-salud.jpg\",\"width\":700,\"height\":400},{\"@type\":\"BreadcrumbList\",\"@id\":\"https:\/\/luchonoticias.com\/editor\/minsalud-desmiente-que-tenga-las-eps-en-cuidados-intensivos\/#breadcrumb\",\"itemListElement\":[{\"@type\":\"ListItem\",\"position\":1,\"name\":\"Portada\",\"item\":\"https:\/\/luchonoticias.com\/editor\/\"},{\"@type\":\"ListItem\",\"position\":2,\"name\":\"Minsalud desmiente que tenga las EPS en &#8216;cuidados intensivos&#8217;\"}]},{\"@type\":\"WebSite\",\"@id\":\"https:\/\/luchonoticias.com\/editor\/#website\",\"url\":\"https:\/\/luchonoticias.com\/editor\/\",\"name\":\"\",\"description\":\"\",\"publisher\":{\"@id\":\"https:\/\/luchonoticias.com\/editor\/#\/schema\/person\/7a7fd911f58561fd056dbac7b55af9cd\"},\"potentialAction\":[{\"@type\":\"SearchAction\",\"target\":{\"@type\":\"EntryPoint\",\"urlTemplate\":\"https:\/\/luchonoticias.com\/editor\/?s={search_term_string}\"},\"query-input\":{\"@type\":\"PropertyValueSpecification\",\"valueRequired\":true,\"valueName\":\"search_term_string\"}}],\"inLanguage\":\"es\"},{\"@type\":[\"Person\",\"Organization\"],\"@id\":\"https:\/\/luchonoticias.com\/editor\/#\/schema\/person\/7a7fd911f58561fd056dbac7b55af9cd\",\"name\":\"admin\",\"image\":{\"@type\":\"ImageObject\",\"inLanguage\":\"es\",\"@id\":\"https:\/\/luchonoticias.com\/editor\/#\/schema\/person\/image\/\",\"url\":\"https:\/\/luchonoticias.com\/editor\/wp-content\/uploads\/2024\/02\/cropped-cropped-logolu.webp\",\"contentUrl\":\"https:\/\/luchonoticias.com\/editor\/wp-content\/uploads\/2024\/02\/cropped-cropped-logolu.webp\",\"width\":382,\"height\":170,\"caption\":\"admin\"},\"logo\":{\"@id\":\"https:\/\/luchonoticias.com\/editor\/#\/schema\/person\/image\/\"},\"sameAs\":[\"https:\/\/www.facebook.com\/luchonoticiasneiva\"]},{\"@type\":\"Person\",\"@id\":\"https:\/\/luchonoticias.com\/editor\/#\/schema\/person\/29217990ddf6f14e35912b2866d591fb\",\"name\":\"Editor General\",\"image\":{\"@type\":\"ImageObject\",\"inLanguage\":\"es\",\"@id\":\"https:\/\/luchonoticias.com\/editor\/#\/schema\/person\/image\/\",\"url\":\"https:\/\/luchonoticias.com\/editor\/wp-content\/uploads\/2024\/02\/cropped-cropped-logolu-150x150.webp\",\"contentUrl\":\"https:\/\/luchonoticias.com\/editor\/wp-content\/uploads\/2024\/02\/cropped-cropped-logolu-150x150.webp\",\"caption\":\"Editor General\"},\"sameAs\":[\"https:\/\/luchonoticias.com\/\"],\"url\":\"https:\/\/luchonoticias.com\/editor\/author\/editor-general\/\"}]}<\/script>\n<!-- \/ Yoast SEO plugin. -->","yoast_head_json":{"title":"Minsalud desmiente que tenga las EPS en 'cuidados intensivos' -","robots":{"index":"index","follow":"follow","max-snippet":"max-snippet:-1","max-image-preview":"max-image-preview:large","max-video-preview":"max-video-preview:-1"},"canonical":"https:\/\/luchonoticias.com\/editor\/minsalud-desmiente-que-tenga-las-eps-en-cuidados-intensivos\/","og_locale":"es_ES","og_type":"article","og_title":"Minsalud desmiente que tenga las EPS en 'cuidados intensivos' -","og_url":"https:\/\/luchonoticias.com\/editor\/minsalud-desmiente-que-tenga-las-eps-en-cuidados-intensivos\/","article_publisher":"https:\/\/www.facebook.com\/luchonoticiasneiva","article_published_time":"2025-05-15T09:50:38+00:00","article_modified_time":"2025-05-15T09:50:40+00:00","og_image":[{"width":700,"height":400,"url":"https:\/\/luchonoticias.com\/editor\/wp-content\/uploads\/2025\/05\/ministro-de-salud.jpg","type":"image\/jpeg"}],"author":"Editor General","twitter_card":"summary_large_image","twitter_misc":{"Escrito por":"Editor General","Tiempo de lectura":"2 minutos"},"schema":{"@context":"https:\/\/schema.org","@graph":[{"@type":"Article","@id":"https:\/\/luchonoticias.com\/editor\/minsalud-desmiente-que-tenga-las-eps-en-cuidados-intensivos\/#article","isPartOf":{"@id":"https:\/\/luchonoticias.com\/editor\/minsalud-desmiente-que-tenga-las-eps-en-cuidados-intensivos\/"},"author":{"name":"Editor General","@id":"https:\/\/luchonoticias.com\/editor\/#\/schema\/person\/29217990ddf6f14e35912b2866d591fb"},"headline":"Minsalud desmiente que tenga las EPS en &#8216;cuidados intensivos&#8217;","datePublished":"2025-05-15T09:50:38+00:00","dateModified":"2025-05-15T09:50:40+00:00","mainEntityOfPage":{"@id":"https:\/\/luchonoticias.com\/editor\/minsalud-desmiente-que-tenga-las-eps-en-cuidados-intensivos\/"},"wordCount":250,"publisher":{"@id":"https:\/\/luchonoticias.com\/editor\/#\/schema\/person\/7a7fd911f58561fd056dbac7b55af9cd"},"image":{"@id":"https:\/\/luchonoticias.com\/editor\/minsalud-desmiente-que-tenga-las-eps-en-cuidados-intensivos\/#primaryimage"},"thumbnailUrl":"https:\/\/luchonoticias.com\/editor\/wp-content\/uploads\/2025\/05\/ministro-de-salud.jpg","articleSection":["Actualidad","Nacional"],"inLanguage":"es"},{"@type":"WebPage","@id":"https:\/\/luchonoticias.com\/editor\/minsalud-desmiente-que-tenga-las-eps-en-cuidados-intensivos\/","url":"https:\/\/luchonoticias.com\/editor\/minsalud-desmiente-que-tenga-las-eps-en-cuidados-intensivos\/","name":"Minsalud desmiente que tenga las EPS en 'cuidados intensivos' -","isPartOf":{"@id":"https:\/\/luchonoticias.com\/editor\/#website"},"primaryImageOfPage":{"@id":"https:\/\/luchonoticias.com\/editor\/minsalud-desmiente-que-tenga-las-eps-en-cuidados-intensivos\/#primaryimage"},"image":{"@id":"https:\/\/luchonoticias.com\/editor\/minsalud-desmiente-que-tenga-las-eps-en-cuidados-intensivos\/#primaryimage"},"thumbnailUrl":"https:\/\/luchonoticias.com\/editor\/wp-content\/uploads\/2025\/05\/ministro-de-salud.jpg","datePublished":"2025-05-15T09:50:38+00:00","dateModified":"2025-05-15T09:50:40+00:00","breadcrumb":{"@id":"https:\/\/luchonoticias.com\/editor\/minsalud-desmiente-que-tenga-las-eps-en-cuidados-intensivos\/#breadcrumb"},"inLanguage":"es","potentialAction":[{"@type":"ReadAction","target":["https:\/\/luchonoticias.com\/editor\/minsalud-desmiente-que-tenga-las-eps-en-cuidados-intensivos\/"]}]},{"@type":"ImageObject","inLanguage":"es","@id":"https:\/\/luchonoticias.com\/editor\/minsalud-desmiente-que-tenga-las-eps-en-cuidados-intensivos\/#primaryimage","url":"https:\/\/luchonoticias.com\/editor\/wp-content\/uploads\/2025\/05\/ministro-de-salud.jpg","contentUrl":"https:\/\/luchonoticias.com\/editor\/wp-content\/uploads\/2025\/05\/ministro-de-salud.jpg","width":700,"height":400},{"@type":"BreadcrumbList","@id":"https:\/\/luchonoticias.com\/editor\/minsalud-desmiente-que-tenga-las-eps-en-cuidados-intensivos\/#breadcrumb","itemListElement":[{"@type":"ListItem","position":1,"name":"Portada","item":"https:\/\/luchonoticias.com\/editor\/"},{"@type":"ListItem","position":2,"name":"Minsalud desmiente que tenga las EPS en &#8216;cuidados intensivos&#8217;"}]},{"@type":"WebSite","@id":"https:\/\/luchonoticias.com\/editor\/#website","url":"https:\/\/luchonoticias.com\/editor\/","name":"","description":"","publisher":{"@id":"https:\/\/luchonoticias.com\/editor\/#\/schema\/person\/7a7fd911f58561fd056dbac7b55af9cd"},"potentialAction":[{"@type":"SearchAction","target":{"@type":"EntryPoint","urlTemplate":"https:\/\/luchonoticias.com\/editor\/?s={search_term_string}"},"query-input":{"@type":"PropertyValueSpecification","valueRequired":true,"valueName":"search_term_string"}}],"inLanguage":"es"},{"@type":["Person","Organization"],"@id":"https:\/\/luchonoticias.com\/editor\/#\/schema\/person\/7a7fd911f58561fd056dbac7b55af9cd","name":"admin","image":{"@type":"ImageObject","inLanguage":"es","@id":"https:\/\/luchonoticias.com\/editor\/#\/schema\/person\/image\/","url":"https:\/\/luchonoticias.com\/editor\/wp-content\/uploads\/2024\/02\/cropped-cropped-logolu.webp","contentUrl":"https:\/\/luchonoticias.com\/editor\/wp-content\/uploads\/2024\/02\/cropped-cropped-logolu.webp","width":382,"height":170,"caption":"admin"},"logo":{"@id":"https:\/\/luchonoticias.com\/editor\/#\/schema\/person\/image\/"},"sameAs":["https:\/\/www.facebook.com\/luchonoticiasneiva"]},{"@type":"Person","@id":"https:\/\/luchonoticias.com\/editor\/#\/schema\/person\/29217990ddf6f14e35912b2866d591fb","name":"Editor General","image":{"@type":"ImageObject","inLanguage":"es","@id":"https:\/\/luchonoticias.com\/editor\/#\/schema\/person\/image\/","url":"https:\/\/luchonoticias.com\/editor\/wp-content\/uploads\/2024\/02\/cropped-cropped-logolu-150x150.webp","contentUrl":"https:\/\/luchonoticias.com\/editor\/wp-content\/uploads\/2024\/02\/cropped-cropped-logolu-150x150.webp","caption":"Editor General"},"sameAs":["https:\/\/luchonoticias.com\/"],"url":"https:\/\/luchonoticias.com\/editor\/author\/editor-general\/"}]}},"_links":{"self":[{"href":"https:\/\/luchonoticias.com\/editor\/wp-json\/wp\/v2\/posts\/82932","targetHints":{"allow":["GET"]}}],"collection":[{"href":"https:\/\/luchonoticias.com\/editor\/wp-json\/wp\/v2\/posts"}],"about":[{"href":"https:\/\/luchonoticias.com\/editor\/wp-json\/wp\/v2\/types\/post"}],"author":[{"embeddable":true,"href":"https:\/\/luchonoticias.com\/editor\/wp-json\/wp\/v2\/users\/2"}],"replies":[{"embeddable":true,"href":"https:\/\/luchonoticias.com\/editor\/wp-json\/wp\/v2\/comments?post=82932"}],"version-history":[{"count":1,"href":"https:\/\/luchonoticias.com\/editor\/wp-json\/wp\/v2\/posts\/82932\/revisions"}],"predecessor-version":[{"id":82934,"href":"https:\/\/luchonoticias.com\/editor\/wp-json\/wp\/v2\/posts\/82932\/revisions\/82934"}],"wp:featuredmedia":[{"embeddable":true,"href":"https:\/\/luchonoticias.com\/editor\/wp-json\/wp\/v2\/media\/82933"}],"wp:attachment":[{"href":"https:\/\/luchonoticias.com\/editor\/wp-json\/wp\/v2\/media?parent=82932"}],"wp:term":[{"taxonomy":"category","embeddable":true,"href":"https:\/\/luchonoticias.com\/editor\/wp-json\/wp\/v2\/categories?post=82932"},{"taxonomy":"post_tag","embeddable":true,"href":"https:\/\/luchonoticias.com\/editor\/wp-json\/wp\/v2\/tags?post=82932"}],"curies":[{"name":"wp","href":"https:\/\/api.w.org\/{rel}","templated":true}]}}