{"id":82935,"date":"2025-05-15T07:38:06","date_gmt":"2025-05-15T12:38:06","guid":{"rendered":"https:\/\/luchonoticias.com\/?p=82935"},"modified":"2025-05-15T07:38:08","modified_gmt":"2025-05-15T12:38:08","slug":"importantes-alianzas-para-el-huila-en-espana","status":"publish","type":"post","link":"https:\/\/luchonoticias.com\/editor\/importantes-alianzas-para-el-huila-en-espana\/","title":{"rendered":"Importantes alianzas para el Huila en Espa\u00f1a"},"content":{"rendered":"\n<figure class=\"wp-block-image size-full\"><img loading=\"lazy\" decoding=\"async\" width=\"700\" height=\"400\" src=\"https:\/\/luchonoticias.com\/wp-content\/uploads\/2025\/05\/alianzas-espana.jpg\" alt=\"\" class=\"wp-image-82936\" srcset=\"https:\/\/luchonoticias.com\/editor\/wp-content\/uploads\/2025\/05\/alianzas-espana.jpg 700w, https:\/\/luchonoticias.com\/editor\/wp-content\/uploads\/2025\/05\/alianzas-espana-300x171.jpg 300w\" sizes=\"auto, (max-width: 700px) 100vw, 700px\" \/><\/figure>\n\n\n\n<p>Una fruct\u00edfera agenda internacional cumpli\u00f3 en Madrid, Espa\u00f1a, el secretario de Desarrollo Econ\u00f3mico y Turismo del Huila, Jorge Andr\u00e9s Gechem Artunduaga, en una visita que deja alianzas clave y proyecciones concretas para la internacionalizaci\u00f3n del departamento.<\/p>\n\n\n\n<p>El viaje, realizado por invitaci\u00f3n de la Fundaci\u00f3n Revel, permiti\u00f3 la firma de un convenio de cooperaci\u00f3n con esta organizaci\u00f3n de alcance internacional. El acuerdo busca promover la inversi\u00f3n extranjera, ampliar las exportaciones y posicionar al Huila como destino tur\u00edstico entre empresarios espa\u00f1oles.<\/p>\n\n\n\n<p>Uno de los encuentros m\u00e1s destacados fue con Natalia Bayona, directora ejecutiva de ONU Turismo, quien manifest\u00f3 su respaldo a la estructuraci\u00f3n de un marco de inversi\u00f3n tur\u00edstica para el departamento, incluyendo asistencia t\u00e9cnica y apoyo a los empresarios huilenses. \u201cContar con ONU Turismo como aliado estrat\u00e9gico es un paso gigante\u201d, afirm\u00f3 Gechem, resaltando el potencial del Huila para sumarse al crecimiento del turismo internacional en Colombia.<\/p>\n\n\n\n<figure class=\"wp-block-gallery has-nested-images columns-default is-cropped wp-block-gallery-1 is-layout-flex wp-block-gallery-is-layout-flex\">\n<figure class=\"wp-block-image size-large\"><img loading=\"lazy\" decoding=\"async\" width=\"768\" height=\"1024\" data-id=\"82937\" src=\"https:\/\/luchonoticias.com\/wp-content\/uploads\/2025\/05\/IMG-20250515-WA00081-768x1024.jpg\" alt=\"\" class=\"wp-image-82937\" srcset=\"https:\/\/luchonoticias.com\/editor\/wp-content\/uploads\/2025\/05\/IMG-20250515-WA00081-768x1024.jpg 768w, https:\/\/luchonoticias.com\/editor\/wp-content\/uploads\/2025\/05\/IMG-20250515-WA00081-225x300.jpg 225w, https:\/\/luchonoticias.com\/editor\/wp-content\/uploads\/2025\/05\/IMG-20250515-WA00081.jpg 960w\" sizes=\"auto, (max-width: 768px) 100vw, 768px\" \/><\/figure>\n\n\n\n<figure class=\"wp-block-image size-large\"><img loading=\"lazy\" decoding=\"async\" width=\"768\" height=\"1024\" data-id=\"82938\" src=\"https:\/\/luchonoticias.com\/wp-content\/uploads\/2025\/05\/Imagen-de-WhatsApp-2025-05-15-a-las-07.25.36_7e1249d2-768x1024.jpg\" alt=\"\" class=\"wp-image-82938\" srcset=\"https:\/\/luchonoticias.com\/editor\/wp-content\/uploads\/2025\/05\/Imagen-de-WhatsApp-2025-05-15-a-las-07.25.36_7e1249d2-768x1024.jpg 768w, https:\/\/luchonoticias.com\/editor\/wp-content\/uploads\/2025\/05\/Imagen-de-WhatsApp-2025-05-15-a-las-07.25.36_7e1249d2-225x300.jpg 225w, https:\/\/luchonoticias.com\/editor\/wp-content\/uploads\/2025\/05\/Imagen-de-WhatsApp-2025-05-15-a-las-07.25.36_7e1249d2.jpg 960w\" sizes=\"auto, (max-width: 768px) 100vw, 768px\" \/><\/figure>\n<\/figure>\n\n\n\n<p>Asimismo, se acord\u00f3 un evento en septiembre pr\u00f3ximo con la C\u00e1mara de Comercio de Madrid para presentar las oportunidades de inversi\u00f3n del Huila a empresarios espa\u00f1oles. Tambi\u00e9n se logr\u00f3 un compromiso con la Confederaci\u00f3n de Empresarios de Madrid para incluir al departamento en una visita empresarial a Colombia ese mismo mes.<\/p>\n\n\n\n<p>Otro avance importante fue el acercamiento con la multinacional INDRA, con quien se discutieron posibles proyectos de transformaci\u00f3n digital. Como resultado, una delegaci\u00f3n t\u00e9cnica de la empresa visitar\u00e1 el Huila en junio para explorar inversiones.<\/p>\n\n\n\n<p>La presencia de productos como las achiras y el caf\u00e9 huilense durante los encuentros sirvi\u00f3 para destacar la identidad regional y reafirmar que el Huila tiene una oferta s\u00f3lida para el mundo. \u201cEsta gesti\u00f3n marca un hito para nuestro departamento en Europa\u201d, concluy\u00f3 el funcionario.<\/p>\n\n\n\n<p><\/p>\n","protected":false},"excerpt":{"rendered":"<p>Una fruct\u00edfera agenda internacional cumpli\u00f3 en Madrid, Espa\u00f1a, el secretario de Desarrollo Econ\u00f3mico y Turismo del Huila, Jorge Andr\u00e9s Gechem Artunduaga, en una visita que deja alianzas clave y proyecciones concretas para la internacionalizaci\u00f3n del departamento. El viaje, realizado por invitaci\u00f3n de la Fundaci\u00f3n Revel, permiti\u00f3 la firma de un convenio de cooperaci\u00f3n con esta [&hellip;]<\/p>\n","protected":false},"author":2,"featured_media":82936,"comment_status":"closed","ping_status":"open","sticky":false,"template":"","format":"standard","meta":{"footnotes":""},"categories":[33],"tags":[],"class_list":["post-82935","post","type-post","status-publish","format-standard","has-post-thumbnail","hentry","category-huila"],"yoast_head":"<!-- This site is optimized with the Yoast SEO plugin v26.6 - https:\/\/yoast.com\/wordpress\/plugins\/seo\/ -->\n<title>Importantes alianzas para el Huila en Espa\u00f1a -<\/title>\n<meta name=\"robots\" content=\"index, follow, max-snippet:-1, max-image-preview:large, max-video-preview:-1\" \/>\n<link rel=\"canonical\" href=\"https:\/\/luchonoticias.com\/editor\/importantes-alianzas-para-el-huila-en-espana\/\" \/>\n<meta property=\"og:locale\" content=\"es_ES\" \/>\n<meta property=\"og:type\" content=\"article\" \/>\n<meta property=\"og:title\" content=\"Importantes alianzas para el Huila en Espa\u00f1a -\" \/>\n<meta property=\"og:url\" content=\"https:\/\/luchonoticias.com\/editor\/importantes-alianzas-para-el-huila-en-espana\/\" \/>\n<meta property=\"article:publisher\" content=\"https:\/\/www.facebook.com\/luchonoticiasneiva\" \/>\n<meta property=\"article:published_time\" content=\"2025-05-15T12:38:06+00:00\" \/>\n<meta property=\"article:modified_time\" content=\"2025-05-15T12:38:08+00:00\" \/>\n<meta property=\"og:image\" content=\"https:\/\/luchonoticias.com\/editor\/wp-content\/uploads\/2025\/05\/alianzas-espana.jpg\" \/>\n\t<meta property=\"og:image:width\" content=\"700\" \/>\n\t<meta property=\"og:image:height\" content=\"400\" \/>\n\t<meta property=\"og:image:type\" content=\"image\/jpeg\" \/>\n<meta name=\"author\" content=\"Editor General\" \/>\n<meta name=\"twitter:card\" content=\"summary_large_image\" \/>\n<meta name=\"twitter:label1\" content=\"Escrito por\" \/>\n\t<meta name=\"twitter:data1\" content=\"Editor General\" \/>\n\t<meta name=\"twitter:label2\" content=\"Tiempo de lectura\" \/>\n\t<meta name=\"twitter:data2\" content=\"3 minutos\" \/>\n<script type=\"application\/ld+json\" class=\"yoast-schema-graph\">{\"@context\":\"https:\/\/schema.org\",\"@graph\":[{\"@type\":\"Article\",\"@id\":\"https:\/\/luchonoticias.com\/editor\/importantes-alianzas-para-el-huila-en-espana\/#article\",\"isPartOf\":{\"@id\":\"https:\/\/luchonoticias.com\/editor\/importantes-alianzas-para-el-huila-en-espana\/\"},\"author\":{\"name\":\"Editor General\",\"@id\":\"https:\/\/luchonoticias.com\/editor\/#\/schema\/person\/29217990ddf6f14e35912b2866d591fb\"},\"headline\":\"Importantes alianzas para el Huila en Espa\u00f1a\",\"datePublished\":\"2025-05-15T12:38:06+00:00\",\"dateModified\":\"2025-05-15T12:38:08+00:00\",\"mainEntityOfPage\":{\"@id\":\"https:\/\/luchonoticias.com\/editor\/importantes-alianzas-para-el-huila-en-espana\/\"},\"wordCount\":314,\"publisher\":{\"@id\":\"https:\/\/luchonoticias.com\/editor\/#\/schema\/person\/7a7fd911f58561fd056dbac7b55af9cd\"},\"image\":{\"@id\":\"https:\/\/luchonoticias.com\/editor\/importantes-alianzas-para-el-huila-en-espana\/#primaryimage\"},\"thumbnailUrl\":\"https:\/\/luchonoticias.com\/editor\/wp-content\/uploads\/2025\/05\/alianzas-espana.jpg\",\"articleSection\":[\"Huila\"],\"inLanguage\":\"es\"},{\"@type\":\"WebPage\",\"@id\":\"https:\/\/luchonoticias.com\/editor\/importantes-alianzas-para-el-huila-en-espana\/\",\"url\":\"https:\/\/luchonoticias.com\/editor\/importantes-alianzas-para-el-huila-en-espana\/\",\"name\":\"Importantes alianzas para el Huila en Espa\u00f1a -\",\"isPartOf\":{\"@id\":\"https:\/\/luchonoticias.com\/editor\/#website\"},\"primaryImageOfPage\":{\"@id\":\"https:\/\/luchonoticias.com\/editor\/importantes-alianzas-para-el-huila-en-espana\/#primaryimage\"},\"image\":{\"@id\":\"https:\/\/luchonoticias.com\/editor\/importantes-alianzas-para-el-huila-en-espana\/#primaryimage\"},\"thumbnailUrl\":\"https:\/\/luchonoticias.com\/editor\/wp-content\/uploads\/2025\/05\/alianzas-espana.jpg\",\"datePublished\":\"2025-05-15T12:38:06+00:00\",\"dateModified\":\"2025-05-15T12:38:08+00:00\",\"breadcrumb\":{\"@id\":\"https:\/\/luchonoticias.com\/editor\/importantes-alianzas-para-el-huila-en-espana\/#breadcrumb\"},\"inLanguage\":\"es\",\"potentialAction\":[{\"@type\":\"ReadAction\",\"target\":[\"https:\/\/luchonoticias.com\/editor\/importantes-alianzas-para-el-huila-en-espana\/\"]}]},{\"@type\":\"ImageObject\",\"inLanguage\":\"es\",\"@id\":\"https:\/\/luchonoticias.com\/editor\/importantes-alianzas-para-el-huila-en-espana\/#primaryimage\",\"url\":\"https:\/\/luchonoticias.com\/editor\/wp-content\/uploads\/2025\/05\/alianzas-espana.jpg\",\"contentUrl\":\"https:\/\/luchonoticias.com\/editor\/wp-content\/uploads\/2025\/05\/alianzas-espana.jpg\",\"width\":700,\"height\":400},{\"@type\":\"BreadcrumbList\",\"@id\":\"https:\/\/luchonoticias.com\/editor\/importantes-alianzas-para-el-huila-en-espana\/#breadcrumb\",\"itemListElement\":[{\"@type\":\"ListItem\",\"position\":1,\"name\":\"Portada\",\"item\":\"https:\/\/luchonoticias.com\/editor\/\"},{\"@type\":\"ListItem\",\"position\":2,\"name\":\"Importantes alianzas para el Huila en Espa\u00f1a\"}]},{\"@type\":\"WebSite\",\"@id\":\"https:\/\/luchonoticias.com\/editor\/#website\",\"url\":\"https:\/\/luchonoticias.com\/editor\/\",\"name\":\"\",\"description\":\"\",\"publisher\":{\"@id\":\"https:\/\/luchonoticias.com\/editor\/#\/schema\/person\/7a7fd911f58561fd056dbac7b55af9cd\"},\"potentialAction\":[{\"@type\":\"SearchAction\",\"target\":{\"@type\":\"EntryPoint\",\"urlTemplate\":\"https:\/\/luchonoticias.com\/editor\/?s={search_term_string}\"},\"query-input\":{\"@type\":\"PropertyValueSpecification\",\"valueRequired\":true,\"valueName\":\"search_term_string\"}}],\"inLanguage\":\"es\"},{\"@type\":[\"Person\",\"Organization\"],\"@id\":\"https:\/\/luchonoticias.com\/editor\/#\/schema\/person\/7a7fd911f58561fd056dbac7b55af9cd\",\"name\":\"admin\",\"image\":{\"@type\":\"ImageObject\",\"inLanguage\":\"es\",\"@id\":\"https:\/\/luchonoticias.com\/editor\/#\/schema\/person\/image\/\",\"url\":\"https:\/\/luchonoticias.com\/editor\/wp-content\/uploads\/2024\/02\/cropped-cropped-logolu.webp\",\"contentUrl\":\"https:\/\/luchonoticias.com\/editor\/wp-content\/uploads\/2024\/02\/cropped-cropped-logolu.webp\",\"width\":382,\"height\":170,\"caption\":\"admin\"},\"logo\":{\"@id\":\"https:\/\/luchonoticias.com\/editor\/#\/schema\/person\/image\/\"},\"sameAs\":[\"https:\/\/www.facebook.com\/luchonoticiasneiva\"]},{\"@type\":\"Person\",\"@id\":\"https:\/\/luchonoticias.com\/editor\/#\/schema\/person\/29217990ddf6f14e35912b2866d591fb\",\"name\":\"Editor General\",\"image\":{\"@type\":\"ImageObject\",\"inLanguage\":\"es\",\"@id\":\"https:\/\/luchonoticias.com\/editor\/#\/schema\/person\/image\/\",\"url\":\"https:\/\/luchonoticias.com\/editor\/wp-content\/uploads\/2024\/02\/cropped-cropped-logolu-150x150.webp\",\"contentUrl\":\"https:\/\/luchonoticias.com\/editor\/wp-content\/uploads\/2024\/02\/cropped-cropped-logolu-150x150.webp\",\"caption\":\"Editor General\"},\"sameAs\":[\"https:\/\/luchonoticias.com\/\"],\"url\":\"https:\/\/luchonoticias.com\/editor\/author\/editor-general\/\"}]}<\/script>\n<!-- \/ Yoast SEO plugin. -->","yoast_head_json":{"title":"Importantes alianzas para el Huila en Espa\u00f1a -","robots":{"index":"index","follow":"follow","max-snippet":"max-snippet:-1","max-image-preview":"max-image-preview:large","max-video-preview":"max-video-preview:-1"},"canonical":"https:\/\/luchonoticias.com\/editor\/importantes-alianzas-para-el-huila-en-espana\/","og_locale":"es_ES","og_type":"article","og_title":"Importantes alianzas para el Huila en Espa\u00f1a -","og_url":"https:\/\/luchonoticias.com\/editor\/importantes-alianzas-para-el-huila-en-espana\/","article_publisher":"https:\/\/www.facebook.com\/luchonoticiasneiva","article_published_time":"2025-05-15T12:38:06+00:00","article_modified_time":"2025-05-15T12:38:08+00:00","og_image":[{"width":700,"height":400,"url":"https:\/\/luchonoticias.com\/editor\/wp-content\/uploads\/2025\/05\/alianzas-espana.jpg","type":"image\/jpeg"}],"author":"Editor General","twitter_card":"summary_large_image","twitter_misc":{"Escrito por":"Editor General","Tiempo de lectura":"3 minutos"},"schema":{"@context":"https:\/\/schema.org","@graph":[{"@type":"Article","@id":"https:\/\/luchonoticias.com\/editor\/importantes-alianzas-para-el-huila-en-espana\/#article","isPartOf":{"@id":"https:\/\/luchonoticias.com\/editor\/importantes-alianzas-para-el-huila-en-espana\/"},"author":{"name":"Editor General","@id":"https:\/\/luchonoticias.com\/editor\/#\/schema\/person\/29217990ddf6f14e35912b2866d591fb"},"headline":"Importantes alianzas para el Huila en Espa\u00f1a","datePublished":"2025-05-15T12:38:06+00:00","dateModified":"2025-05-15T12:38:08+00:00","mainEntityOfPage":{"@id":"https:\/\/luchonoticias.com\/editor\/importantes-alianzas-para-el-huila-en-espana\/"},"wordCount":314,"publisher":{"@id":"https:\/\/luchonoticias.com\/editor\/#\/schema\/person\/7a7fd911f58561fd056dbac7b55af9cd"},"image":{"@id":"https:\/\/luchonoticias.com\/editor\/importantes-alianzas-para-el-huila-en-espana\/#primaryimage"},"thumbnailUrl":"https:\/\/luchonoticias.com\/editor\/wp-content\/uploads\/2025\/05\/alianzas-espana.jpg","articleSection":["Huila"],"inLanguage":"es"},{"@type":"WebPage","@id":"https:\/\/luchonoticias.com\/editor\/importantes-alianzas-para-el-huila-en-espana\/","url":"https:\/\/luchonoticias.com\/editor\/importantes-alianzas-para-el-huila-en-espana\/","name":"Importantes alianzas para el Huila en Espa\u00f1a -","isPartOf":{"@id":"https:\/\/luchonoticias.com\/editor\/#website"},"primaryImageOfPage":{"@id":"https:\/\/luchonoticias.com\/editor\/importantes-alianzas-para-el-huila-en-espana\/#primaryimage"},"image":{"@id":"https:\/\/luchonoticias.com\/editor\/importantes-alianzas-para-el-huila-en-espana\/#primaryimage"},"thumbnailUrl":"https:\/\/luchonoticias.com\/editor\/wp-content\/uploads\/2025\/05\/alianzas-espana.jpg","datePublished":"2025-05-15T12:38:06+00:00","dateModified":"2025-05-15T12:38:08+00:00","breadcrumb":{"@id":"https:\/\/luchonoticias.com\/editor\/importantes-alianzas-para-el-huila-en-espana\/#breadcrumb"},"inLanguage":"es","potentialAction":[{"@type":"ReadAction","target":["https:\/\/luchonoticias.com\/editor\/importantes-alianzas-para-el-huila-en-espana\/"]}]},{"@type":"ImageObject","inLanguage":"es","@id":"https:\/\/luchonoticias.com\/editor\/importantes-alianzas-para-el-huila-en-espana\/#primaryimage","url":"https:\/\/luchonoticias.com\/editor\/wp-content\/uploads\/2025\/05\/alianzas-espana.jpg","contentUrl":"https:\/\/luchonoticias.com\/editor\/wp-content\/uploads\/2025\/05\/alianzas-espana.jpg","width":700,"height":400},{"@type":"BreadcrumbList","@id":"https:\/\/luchonoticias.com\/editor\/importantes-alianzas-para-el-huila-en-espana\/#breadcrumb","itemListElement":[{"@type":"ListItem","position":1,"name":"Portada","item":"https:\/\/luchonoticias.com\/editor\/"},{"@type":"ListItem","position":2,"name":"Importantes alianzas para el Huila en Espa\u00f1a"}]},{"@type":"WebSite","@id":"https:\/\/luchonoticias.com\/editor\/#website","url":"https:\/\/luchonoticias.com\/editor\/","name":"","description":"","publisher":{"@id":"https:\/\/luchonoticias.com\/editor\/#\/schema\/person\/7a7fd911f58561fd056dbac7b55af9cd"},"potentialAction":[{"@type":"SearchAction","target":{"@type":"EntryPoint","urlTemplate":"https:\/\/luchonoticias.com\/editor\/?s={search_term_string}"},"query-input":{"@type":"PropertyValueSpecification","valueRequired":true,"valueName":"search_term_string"}}],"inLanguage":"es"},{"@type":["Person","Organization"],"@id":"https:\/\/luchonoticias.com\/editor\/#\/schema\/person\/7a7fd911f58561fd056dbac7b55af9cd","name":"admin","image":{"@type":"ImageObject","inLanguage":"es","@id":"https:\/\/luchonoticias.com\/editor\/#\/schema\/person\/image\/","url":"https:\/\/luchonoticias.com\/editor\/wp-content\/uploads\/2024\/02\/cropped-cropped-logolu.webp","contentUrl":"https:\/\/luchonoticias.com\/editor\/wp-content\/uploads\/2024\/02\/cropped-cropped-logolu.webp","width":382,"height":170,"caption":"admin"},"logo":{"@id":"https:\/\/luchonoticias.com\/editor\/#\/schema\/person\/image\/"},"sameAs":["https:\/\/www.facebook.com\/luchonoticiasneiva"]},{"@type":"Person","@id":"https:\/\/luchonoticias.com\/editor\/#\/schema\/person\/29217990ddf6f14e35912b2866d591fb","name":"Editor General","image":{"@type":"ImageObject","inLanguage":"es","@id":"https:\/\/luchonoticias.com\/editor\/#\/schema\/person\/image\/","url":"https:\/\/luchonoticias.com\/editor\/wp-content\/uploads\/2024\/02\/cropped-cropped-logolu-150x150.webp","contentUrl":"https:\/\/luchonoticias.com\/editor\/wp-content\/uploads\/2024\/02\/cropped-cropped-logolu-150x150.webp","caption":"Editor General"},"sameAs":["https:\/\/luchonoticias.com\/"],"url":"https:\/\/luchonoticias.com\/editor\/author\/editor-general\/"}]}},"_links":{"self":[{"href":"https:\/\/luchonoticias.com\/editor\/wp-json\/wp\/v2\/posts\/82935","targetHints":{"allow":["GET"]}}],"collection":[{"href":"https:\/\/luchonoticias.com\/editor\/wp-json\/wp\/v2\/posts"}],"about":[{"href":"https:\/\/luchonoticias.com\/editor\/wp-json\/wp\/v2\/types\/post"}],"author":[{"embeddable":true,"href":"https:\/\/luchonoticias.com\/editor\/wp-json\/wp\/v2\/users\/2"}],"replies":[{"embeddable":true,"href":"https:\/\/luchonoticias.com\/editor\/wp-json\/wp\/v2\/comments?post=82935"}],"version-history":[{"count":1,"href":"https:\/\/luchonoticias.com\/editor\/wp-json\/wp\/v2\/posts\/82935\/revisions"}],"predecessor-version":[{"id":82939,"href":"https:\/\/luchonoticias.com\/editor\/wp-json\/wp\/v2\/posts\/82935\/revisions\/82939"}],"wp:featuredmedia":[{"embeddable":true,"href":"https:\/\/luchonoticias.com\/editor\/wp-json\/wp\/v2\/media\/82936"}],"wp:attachment":[{"href":"https:\/\/luchonoticias.com\/editor\/wp-json\/wp\/v2\/media?parent=82935"}],"wp:term":[{"taxonomy":"category","embeddable":true,"href":"https:\/\/luchonoticias.com\/editor\/wp-json\/wp\/v2\/categories?post=82935"},{"taxonomy":"post_tag","embeddable":true,"href":"https:\/\/luchonoticias.com\/editor\/wp-json\/wp\/v2\/tags?post=82935"}],"curies":[{"name":"wp","href":"https:\/\/api.w.org\/{rel}","templated":true}]}}