{"id":83057,"date":"2025-05-18T04:26:57","date_gmt":"2025-05-18T09:26:57","guid":{"rendered":"https:\/\/luchonoticias.com\/?p=83057"},"modified":"2025-05-18T04:26:58","modified_gmt":"2025-05-18T09:26:58","slug":"petro-quiere-un-modelo-integrativo-para-latinoamerica","status":"publish","type":"post","link":"https:\/\/luchonoticias.com\/editor\/petro-quiere-un-modelo-integrativo-para-latinoamerica\/","title":{"rendered":"Petro quiere un modelo integrativo para Latinoam\u00e9rica"},"content":{"rendered":"\n<figure class=\"wp-block-image size-full\"><img loading=\"lazy\" decoding=\"async\" width=\"700\" height=\"400\" src=\"https:\/\/luchonoticias.com\/wp-content\/uploads\/2025\/05\/petro-en-china-3-2.jpg\" alt=\"\" class=\"wp-image-83058\" srcset=\"https:\/\/luchonoticias.com\/editor\/wp-content\/uploads\/2025\/05\/petro-en-china-3-2.jpg 700w, https:\/\/luchonoticias.com\/editor\/wp-content\/uploads\/2025\/05\/petro-en-china-3-2-300x171.jpg 300w\" sizes=\"auto, (max-width: 700px) 100vw, 700px\" \/><\/figure>\n\n\n\n<p>Durante una entrevista con la Televisi\u00f3n Central de China (CCTV), el presidente Gustavo Petro propuso la creaci\u00f3n de una confederaci\u00f3n latinoamericana, similar al modelo de la Uni\u00f3n Europea, como nuevo esquema de integraci\u00f3n regional. En su calidad de presidente pro t\u00e9mpore de la Celac, mencion\u00f3 que busca revivir la idea de la Gran Colombia con una estructura confederal entre las naciones del bloque.<\/p>\n\n\n\n<p>Petro se\u00f1al\u00f3 que esta integraci\u00f3n permitir\u00eda a Am\u00e9rica Latina tener un papel m\u00e1s relevante en la geopol\u00edtica global, aunque reconoci\u00f3 los retos por la diversidad pol\u00edtica entre pa\u00edses. \u201cNo hemos podido encontrar los caminos concretos, pero estamos intent\u00e1ndolo\u00bb, afirm\u00f3, agregando que es momento de superar el papel subordinado frente a potencias como Estados Unidos.<\/p>\n\n\n\n<p>En su visita oficial a China, el mandatario tambi\u00e9n propuso al presidente Xi Jinping la construcci\u00f3n de una troncal de fibra \u00f3ptica submarina entre Asia y Am\u00e9rica Latina, ya que actualmente no existe una conexi\u00f3n directa de este tipo. Seg\u00fan Petro, Colombia y China podr\u00edan convertirse en el eje del proyecto.<\/p>\n\n\n\n<p>El presidente colombiano indic\u00f3 que esta infraestructura permitir\u00eda aumentar la productividad y fortalecer la conexi\u00f3n global, con miras a una humanidad m\u00e1s integrada, en paz y preparada para los desaf\u00edos de la inteligencia artificial y la exploraci\u00f3n espacial.<\/p>\n\n\n\n<p><\/p>\n","protected":false},"excerpt":{"rendered":"<p>Durante una entrevista con la Televisi\u00f3n Central de China (CCTV), el presidente Gustavo Petro propuso la creaci\u00f3n de una confederaci\u00f3n latinoamericana, similar al modelo de la Uni\u00f3n Europea, como nuevo esquema de integraci\u00f3n regional. En su calidad de presidente pro t\u00e9mpore de la Celac, mencion\u00f3 que busca revivir la idea de la Gran Colombia con [&hellip;]<\/p>\n","protected":false},"author":2,"featured_media":83058,"comment_status":"closed","ping_status":"open","sticky":false,"template":"","format":"standard","meta":{"footnotes":""},"categories":[28,32],"tags":[],"class_list":["post-83057","post","type-post","status-publish","format-standard","has-post-thumbnail","hentry","category-actualidad","category-nacional"],"yoast_head":"<!-- This site is optimized with the Yoast SEO plugin v26.6 - https:\/\/yoast.com\/wordpress\/plugins\/seo\/ -->\n<title>Petro quiere un modelo integrativo para Latinoam\u00e9rica -<\/title>\n<meta name=\"robots\" content=\"index, follow, max-snippet:-1, max-image-preview:large, max-video-preview:-1\" \/>\n<link rel=\"canonical\" href=\"https:\/\/luchonoticias.com\/editor\/petro-quiere-un-modelo-integrativo-para-latinoamerica\/\" \/>\n<meta property=\"og:locale\" content=\"es_ES\" \/>\n<meta property=\"og:type\" content=\"article\" \/>\n<meta property=\"og:title\" content=\"Petro quiere un modelo integrativo para Latinoam\u00e9rica -\" \/>\n<meta property=\"og:url\" content=\"https:\/\/luchonoticias.com\/editor\/petro-quiere-un-modelo-integrativo-para-latinoamerica\/\" \/>\n<meta property=\"article:publisher\" content=\"https:\/\/www.facebook.com\/luchonoticiasneiva\" \/>\n<meta property=\"article:published_time\" content=\"2025-05-18T09:26:57+00:00\" \/>\n<meta property=\"article:modified_time\" content=\"2025-05-18T09:26:58+00:00\" \/>\n<meta property=\"og:image\" content=\"https:\/\/luchonoticias.com\/editor\/wp-content\/uploads\/2025\/05\/petro-en-china-3-2.jpg\" \/>\n\t<meta property=\"og:image:width\" content=\"700\" \/>\n\t<meta property=\"og:image:height\" content=\"400\" \/>\n\t<meta property=\"og:image:type\" content=\"image\/jpeg\" \/>\n<meta name=\"author\" content=\"Editor General\" \/>\n<meta name=\"twitter:card\" content=\"summary_large_image\" \/>\n<meta name=\"twitter:label1\" content=\"Escrito por\" \/>\n\t<meta name=\"twitter:data1\" content=\"Editor General\" \/>\n\t<meta name=\"twitter:label2\" content=\"Tiempo de lectura\" \/>\n\t<meta name=\"twitter:data2\" content=\"2 minutos\" \/>\n<script type=\"application\/ld+json\" class=\"yoast-schema-graph\">{\"@context\":\"https:\/\/schema.org\",\"@graph\":[{\"@type\":\"Article\",\"@id\":\"https:\/\/luchonoticias.com\/editor\/petro-quiere-un-modelo-integrativo-para-latinoamerica\/#article\",\"isPartOf\":{\"@id\":\"https:\/\/luchonoticias.com\/editor\/petro-quiere-un-modelo-integrativo-para-latinoamerica\/\"},\"author\":{\"name\":\"Editor General\",\"@id\":\"https:\/\/luchonoticias.com\/editor\/#\/schema\/person\/29217990ddf6f14e35912b2866d591fb\"},\"headline\":\"Petro quiere un modelo integrativo para Latinoam\u00e9rica\",\"datePublished\":\"2025-05-18T09:26:57+00:00\",\"dateModified\":\"2025-05-18T09:26:58+00:00\",\"mainEntityOfPage\":{\"@id\":\"https:\/\/luchonoticias.com\/editor\/petro-quiere-un-modelo-integrativo-para-latinoamerica\/\"},\"wordCount\":240,\"publisher\":{\"@id\":\"https:\/\/luchonoticias.com\/editor\/#\/schema\/person\/7a7fd911f58561fd056dbac7b55af9cd\"},\"image\":{\"@id\":\"https:\/\/luchonoticias.com\/editor\/petro-quiere-un-modelo-integrativo-para-latinoamerica\/#primaryimage\"},\"thumbnailUrl\":\"https:\/\/luchonoticias.com\/editor\/wp-content\/uploads\/2025\/05\/petro-en-china-3-2.jpg\",\"articleSection\":[\"Actualidad\",\"Nacional\"],\"inLanguage\":\"es\"},{\"@type\":\"WebPage\",\"@id\":\"https:\/\/luchonoticias.com\/editor\/petro-quiere-un-modelo-integrativo-para-latinoamerica\/\",\"url\":\"https:\/\/luchonoticias.com\/editor\/petro-quiere-un-modelo-integrativo-para-latinoamerica\/\",\"name\":\"Petro quiere un modelo integrativo para Latinoam\u00e9rica -\",\"isPartOf\":{\"@id\":\"https:\/\/luchonoticias.com\/editor\/#website\"},\"primaryImageOfPage\":{\"@id\":\"https:\/\/luchonoticias.com\/editor\/petro-quiere-un-modelo-integrativo-para-latinoamerica\/#primaryimage\"},\"image\":{\"@id\":\"https:\/\/luchonoticias.com\/editor\/petro-quiere-un-modelo-integrativo-para-latinoamerica\/#primaryimage\"},\"thumbnailUrl\":\"https:\/\/luchonoticias.com\/editor\/wp-content\/uploads\/2025\/05\/petro-en-china-3-2.jpg\",\"datePublished\":\"2025-05-18T09:26:57+00:00\",\"dateModified\":\"2025-05-18T09:26:58+00:00\",\"breadcrumb\":{\"@id\":\"https:\/\/luchonoticias.com\/editor\/petro-quiere-un-modelo-integrativo-para-latinoamerica\/#breadcrumb\"},\"inLanguage\":\"es\",\"potentialAction\":[{\"@type\":\"ReadAction\",\"target\":[\"https:\/\/luchonoticias.com\/editor\/petro-quiere-un-modelo-integrativo-para-latinoamerica\/\"]}]},{\"@type\":\"ImageObject\",\"inLanguage\":\"es\",\"@id\":\"https:\/\/luchonoticias.com\/editor\/petro-quiere-un-modelo-integrativo-para-latinoamerica\/#primaryimage\",\"url\":\"https:\/\/luchonoticias.com\/editor\/wp-content\/uploads\/2025\/05\/petro-en-china-3-2.jpg\",\"contentUrl\":\"https:\/\/luchonoticias.com\/editor\/wp-content\/uploads\/2025\/05\/petro-en-china-3-2.jpg\",\"width\":700,\"height\":400},{\"@type\":\"BreadcrumbList\",\"@id\":\"https:\/\/luchonoticias.com\/editor\/petro-quiere-un-modelo-integrativo-para-latinoamerica\/#breadcrumb\",\"itemListElement\":[{\"@type\":\"ListItem\",\"position\":1,\"name\":\"Portada\",\"item\":\"https:\/\/luchonoticias.com\/editor\/\"},{\"@type\":\"ListItem\",\"position\":2,\"name\":\"Petro quiere un modelo integrativo para Latinoam\u00e9rica\"}]},{\"@type\":\"WebSite\",\"@id\":\"https:\/\/luchonoticias.com\/editor\/#website\",\"url\":\"https:\/\/luchonoticias.com\/editor\/\",\"name\":\"\",\"description\":\"\",\"publisher\":{\"@id\":\"https:\/\/luchonoticias.com\/editor\/#\/schema\/person\/7a7fd911f58561fd056dbac7b55af9cd\"},\"potentialAction\":[{\"@type\":\"SearchAction\",\"target\":{\"@type\":\"EntryPoint\",\"urlTemplate\":\"https:\/\/luchonoticias.com\/editor\/?s={search_term_string}\"},\"query-input\":{\"@type\":\"PropertyValueSpecification\",\"valueRequired\":true,\"valueName\":\"search_term_string\"}}],\"inLanguage\":\"es\"},{\"@type\":[\"Person\",\"Organization\"],\"@id\":\"https:\/\/luchonoticias.com\/editor\/#\/schema\/person\/7a7fd911f58561fd056dbac7b55af9cd\",\"name\":\"admin\",\"image\":{\"@type\":\"ImageObject\",\"inLanguage\":\"es\",\"@id\":\"https:\/\/luchonoticias.com\/editor\/#\/schema\/person\/image\/\",\"url\":\"https:\/\/luchonoticias.com\/editor\/wp-content\/uploads\/2024\/02\/cropped-cropped-logolu.webp\",\"contentUrl\":\"https:\/\/luchonoticias.com\/editor\/wp-content\/uploads\/2024\/02\/cropped-cropped-logolu.webp\",\"width\":382,\"height\":170,\"caption\":\"admin\"},\"logo\":{\"@id\":\"https:\/\/luchonoticias.com\/editor\/#\/schema\/person\/image\/\"},\"sameAs\":[\"https:\/\/www.facebook.com\/luchonoticiasneiva\"]},{\"@type\":\"Person\",\"@id\":\"https:\/\/luchonoticias.com\/editor\/#\/schema\/person\/29217990ddf6f14e35912b2866d591fb\",\"name\":\"Editor General\",\"image\":{\"@type\":\"ImageObject\",\"inLanguage\":\"es\",\"@id\":\"https:\/\/luchonoticias.com\/editor\/#\/schema\/person\/image\/\",\"url\":\"https:\/\/luchonoticias.com\/editor\/wp-content\/uploads\/2024\/02\/cropped-cropped-logolu-150x150.webp\",\"contentUrl\":\"https:\/\/luchonoticias.com\/editor\/wp-content\/uploads\/2024\/02\/cropped-cropped-logolu-150x150.webp\",\"caption\":\"Editor General\"},\"sameAs\":[\"https:\/\/luchonoticias.com\/\"],\"url\":\"https:\/\/luchonoticias.com\/editor\/author\/editor-general\/\"}]}<\/script>\n<!-- \/ Yoast SEO plugin. -->","yoast_head_json":{"title":"Petro quiere un modelo integrativo para Latinoam\u00e9rica -","robots":{"index":"index","follow":"follow","max-snippet":"max-snippet:-1","max-image-preview":"max-image-preview:large","max-video-preview":"max-video-preview:-1"},"canonical":"https:\/\/luchonoticias.com\/editor\/petro-quiere-un-modelo-integrativo-para-latinoamerica\/","og_locale":"es_ES","og_type":"article","og_title":"Petro quiere un modelo integrativo para Latinoam\u00e9rica -","og_url":"https:\/\/luchonoticias.com\/editor\/petro-quiere-un-modelo-integrativo-para-latinoamerica\/","article_publisher":"https:\/\/www.facebook.com\/luchonoticiasneiva","article_published_time":"2025-05-18T09:26:57+00:00","article_modified_time":"2025-05-18T09:26:58+00:00","og_image":[{"width":700,"height":400,"url":"https:\/\/luchonoticias.com\/editor\/wp-content\/uploads\/2025\/05\/petro-en-china-3-2.jpg","type":"image\/jpeg"}],"author":"Editor General","twitter_card":"summary_large_image","twitter_misc":{"Escrito por":"Editor General","Tiempo de lectura":"2 minutos"},"schema":{"@context":"https:\/\/schema.org","@graph":[{"@type":"Article","@id":"https:\/\/luchonoticias.com\/editor\/petro-quiere-un-modelo-integrativo-para-latinoamerica\/#article","isPartOf":{"@id":"https:\/\/luchonoticias.com\/editor\/petro-quiere-un-modelo-integrativo-para-latinoamerica\/"},"author":{"name":"Editor General","@id":"https:\/\/luchonoticias.com\/editor\/#\/schema\/person\/29217990ddf6f14e35912b2866d591fb"},"headline":"Petro quiere un modelo integrativo para Latinoam\u00e9rica","datePublished":"2025-05-18T09:26:57+00:00","dateModified":"2025-05-18T09:26:58+00:00","mainEntityOfPage":{"@id":"https:\/\/luchonoticias.com\/editor\/petro-quiere-un-modelo-integrativo-para-latinoamerica\/"},"wordCount":240,"publisher":{"@id":"https:\/\/luchonoticias.com\/editor\/#\/schema\/person\/7a7fd911f58561fd056dbac7b55af9cd"},"image":{"@id":"https:\/\/luchonoticias.com\/editor\/petro-quiere-un-modelo-integrativo-para-latinoamerica\/#primaryimage"},"thumbnailUrl":"https:\/\/luchonoticias.com\/editor\/wp-content\/uploads\/2025\/05\/petro-en-china-3-2.jpg","articleSection":["Actualidad","Nacional"],"inLanguage":"es"},{"@type":"WebPage","@id":"https:\/\/luchonoticias.com\/editor\/petro-quiere-un-modelo-integrativo-para-latinoamerica\/","url":"https:\/\/luchonoticias.com\/editor\/petro-quiere-un-modelo-integrativo-para-latinoamerica\/","name":"Petro quiere un modelo integrativo para Latinoam\u00e9rica -","isPartOf":{"@id":"https:\/\/luchonoticias.com\/editor\/#website"},"primaryImageOfPage":{"@id":"https:\/\/luchonoticias.com\/editor\/petro-quiere-un-modelo-integrativo-para-latinoamerica\/#primaryimage"},"image":{"@id":"https:\/\/luchonoticias.com\/editor\/petro-quiere-un-modelo-integrativo-para-latinoamerica\/#primaryimage"},"thumbnailUrl":"https:\/\/luchonoticias.com\/editor\/wp-content\/uploads\/2025\/05\/petro-en-china-3-2.jpg","datePublished":"2025-05-18T09:26:57+00:00","dateModified":"2025-05-18T09:26:58+00:00","breadcrumb":{"@id":"https:\/\/luchonoticias.com\/editor\/petro-quiere-un-modelo-integrativo-para-latinoamerica\/#breadcrumb"},"inLanguage":"es","potentialAction":[{"@type":"ReadAction","target":["https:\/\/luchonoticias.com\/editor\/petro-quiere-un-modelo-integrativo-para-latinoamerica\/"]}]},{"@type":"ImageObject","inLanguage":"es","@id":"https:\/\/luchonoticias.com\/editor\/petro-quiere-un-modelo-integrativo-para-latinoamerica\/#primaryimage","url":"https:\/\/luchonoticias.com\/editor\/wp-content\/uploads\/2025\/05\/petro-en-china-3-2.jpg","contentUrl":"https:\/\/luchonoticias.com\/editor\/wp-content\/uploads\/2025\/05\/petro-en-china-3-2.jpg","width":700,"height":400},{"@type":"BreadcrumbList","@id":"https:\/\/luchonoticias.com\/editor\/petro-quiere-un-modelo-integrativo-para-latinoamerica\/#breadcrumb","itemListElement":[{"@type":"ListItem","position":1,"name":"Portada","item":"https:\/\/luchonoticias.com\/editor\/"},{"@type":"ListItem","position":2,"name":"Petro quiere un modelo integrativo para Latinoam\u00e9rica"}]},{"@type":"WebSite","@id":"https:\/\/luchonoticias.com\/editor\/#website","url":"https:\/\/luchonoticias.com\/editor\/","name":"","description":"","publisher":{"@id":"https:\/\/luchonoticias.com\/editor\/#\/schema\/person\/7a7fd911f58561fd056dbac7b55af9cd"},"potentialAction":[{"@type":"SearchAction","target":{"@type":"EntryPoint","urlTemplate":"https:\/\/luchonoticias.com\/editor\/?s={search_term_string}"},"query-input":{"@type":"PropertyValueSpecification","valueRequired":true,"valueName":"search_term_string"}}],"inLanguage":"es"},{"@type":["Person","Organization"],"@id":"https:\/\/luchonoticias.com\/editor\/#\/schema\/person\/7a7fd911f58561fd056dbac7b55af9cd","name":"admin","image":{"@type":"ImageObject","inLanguage":"es","@id":"https:\/\/luchonoticias.com\/editor\/#\/schema\/person\/image\/","url":"https:\/\/luchonoticias.com\/editor\/wp-content\/uploads\/2024\/02\/cropped-cropped-logolu.webp","contentUrl":"https:\/\/luchonoticias.com\/editor\/wp-content\/uploads\/2024\/02\/cropped-cropped-logolu.webp","width":382,"height":170,"caption":"admin"},"logo":{"@id":"https:\/\/luchonoticias.com\/editor\/#\/schema\/person\/image\/"},"sameAs":["https:\/\/www.facebook.com\/luchonoticiasneiva"]},{"@type":"Person","@id":"https:\/\/luchonoticias.com\/editor\/#\/schema\/person\/29217990ddf6f14e35912b2866d591fb","name":"Editor General","image":{"@type":"ImageObject","inLanguage":"es","@id":"https:\/\/luchonoticias.com\/editor\/#\/schema\/person\/image\/","url":"https:\/\/luchonoticias.com\/editor\/wp-content\/uploads\/2024\/02\/cropped-cropped-logolu-150x150.webp","contentUrl":"https:\/\/luchonoticias.com\/editor\/wp-content\/uploads\/2024\/02\/cropped-cropped-logolu-150x150.webp","caption":"Editor General"},"sameAs":["https:\/\/luchonoticias.com\/"],"url":"https:\/\/luchonoticias.com\/editor\/author\/editor-general\/"}]}},"_links":{"self":[{"href":"https:\/\/luchonoticias.com\/editor\/wp-json\/wp\/v2\/posts\/83057","targetHints":{"allow":["GET"]}}],"collection":[{"href":"https:\/\/luchonoticias.com\/editor\/wp-json\/wp\/v2\/posts"}],"about":[{"href":"https:\/\/luchonoticias.com\/editor\/wp-json\/wp\/v2\/types\/post"}],"author":[{"embeddable":true,"href":"https:\/\/luchonoticias.com\/editor\/wp-json\/wp\/v2\/users\/2"}],"replies":[{"embeddable":true,"href":"https:\/\/luchonoticias.com\/editor\/wp-json\/wp\/v2\/comments?post=83057"}],"version-history":[{"count":1,"href":"https:\/\/luchonoticias.com\/editor\/wp-json\/wp\/v2\/posts\/83057\/revisions"}],"predecessor-version":[{"id":83059,"href":"https:\/\/luchonoticias.com\/editor\/wp-json\/wp\/v2\/posts\/83057\/revisions\/83059"}],"wp:featuredmedia":[{"embeddable":true,"href":"https:\/\/luchonoticias.com\/editor\/wp-json\/wp\/v2\/media\/83058"}],"wp:attachment":[{"href":"https:\/\/luchonoticias.com\/editor\/wp-json\/wp\/v2\/media?parent=83057"}],"wp:term":[{"taxonomy":"category","embeddable":true,"href":"https:\/\/luchonoticias.com\/editor\/wp-json\/wp\/v2\/categories?post=83057"},{"taxonomy":"post_tag","embeddable":true,"href":"https:\/\/luchonoticias.com\/editor\/wp-json\/wp\/v2\/tags?post=83057"}],"curies":[{"name":"wp","href":"https:\/\/api.w.org\/{rel}","templated":true}]}}