{"id":83060,"date":"2025-05-18T04:34:12","date_gmt":"2025-05-18T09:34:12","guid":{"rendered":"https:\/\/luchonoticias.com\/?p=83060"},"modified":"2025-05-18T04:34:13","modified_gmt":"2025-05-18T09:34:13","slug":"atletico-huila-y-su-ultima-fecha-regular-de-la-primera-b","status":"publish","type":"post","link":"https:\/\/luchonoticias.com\/editor\/atletico-huila-y-su-ultima-fecha-regular-de-la-primera-b\/","title":{"rendered":"Atl\u00e9tico Huila y su \u00faltima fecha regular de la Primera B"},"content":{"rendered":"\n<figure class=\"wp-block-image size-full\"><img loading=\"lazy\" decoding=\"async\" width=\"700\" height=\"400\" src=\"https:\/\/luchonoticias.com\/wp-content\/uploads\/2025\/05\/atletico-huila-parte-3.jpg\" alt=\"\" class=\"wp-image-83061\" srcset=\"https:\/\/luchonoticias.com\/editor\/wp-content\/uploads\/2025\/05\/atletico-huila-parte-3.jpg 700w, https:\/\/luchonoticias.com\/editor\/wp-content\/uploads\/2025\/05\/atletico-huila-parte-3-300x171.jpg 300w\" sizes=\"auto, (max-width: 700px) 100vw, 700px\" \/><\/figure>\n\n\n\n<p>Este fin de semana se juega la \u00faltima fecha de la fase regular de la Primera B y esta tarde el Atl\u00e9tico Huila tendr\u00e1 su \u00faltimo juego en esa instancia.<\/p>\n\n\n\n<p>Para las 4:00 de la tarde en el Plazas Alcid el elenco huilense recibir\u00e1 ante el Real Santander por la fecha 16 del campeonato de ascenso, una fecha que se jugar\u00e1 casi en simult\u00e1nea (salvo por un partido disputado ayer).<\/p>\n\n\n\n<p>Si bien el cuadro huilense tiene asegurada su presencia en los cuadrangulares semifinales del ascenso, se encuentra pendiente de definir su posici\u00f3n final pensando en lo que ser\u00e1 el sorteo de los cuadrangulares que ser\u00e1 el lunes en horas de la tarde.<\/p>\n\n\n\n<p><strong>As\u00ed llegan&nbsp;<\/strong><\/p>\n\n\n\n<p>Recordar que el Atl\u00e9tico Huila se encuentra con 28 unidades aunque en la \u00faltima fecha perdi\u00f3 sobre la hora 1:0 a domicilio ante el\u00a0Real Cundinamarca, elenco donde juega el huilense Juan Jos\u00e9 Rubiano y que tambi\u00e9n ha asegurado su paso en la fase final.<\/p>\n\n\n\n<p>En contraste el Real Santander se encuentra por fuera de toda opci\u00f3n: tiene 17 puntos y solo ha sumado un punto en los \u00faltimos cinco partidos, por lo que una victoria de a poco servir\u00e1 para el elenco del oriente colombiano.<\/p>\n\n\n\n<p><\/p>\n","protected":false},"excerpt":{"rendered":"<p>Este fin de semana se juega la \u00faltima fecha de la fase regular de la Primera B y esta tarde el Atl\u00e9tico Huila tendr\u00e1 su \u00faltimo juego en esa instancia. Para las 4:00 de la tarde en el Plazas Alcid el elenco huilense recibir\u00e1 ante el Real Santander por la fecha 16 del campeonato de [&hellip;]<\/p>\n","protected":false},"author":2,"featured_media":83061,"comment_status":"closed","ping_status":"open","sticky":false,"template":"","format":"standard","meta":{"footnotes":""},"categories":[34],"tags":[],"class_list":["post-83060","post","type-post","status-publish","format-standard","has-post-thumbnail","hentry","category-deportes"],"yoast_head":"<!-- This site is optimized with the Yoast SEO plugin v26.6 - https:\/\/yoast.com\/wordpress\/plugins\/seo\/ -->\n<title>Atl\u00e9tico Huila y su \u00faltima fecha regular de la Primera B -<\/title>\n<meta name=\"robots\" content=\"index, follow, max-snippet:-1, max-image-preview:large, max-video-preview:-1\" \/>\n<link rel=\"canonical\" href=\"https:\/\/luchonoticias.com\/editor\/atletico-huila-y-su-ultima-fecha-regular-de-la-primera-b\/\" \/>\n<meta property=\"og:locale\" content=\"es_ES\" \/>\n<meta property=\"og:type\" content=\"article\" \/>\n<meta property=\"og:title\" content=\"Atl\u00e9tico Huila y su \u00faltima fecha regular de la Primera B -\" \/>\n<meta property=\"og:url\" content=\"https:\/\/luchonoticias.com\/editor\/atletico-huila-y-su-ultima-fecha-regular-de-la-primera-b\/\" \/>\n<meta property=\"article:publisher\" content=\"https:\/\/www.facebook.com\/luchonoticiasneiva\" \/>\n<meta property=\"article:published_time\" content=\"2025-05-18T09:34:12+00:00\" \/>\n<meta property=\"article:modified_time\" content=\"2025-05-18T09:34:13+00:00\" \/>\n<meta property=\"og:image\" content=\"https:\/\/luchonoticias.com\/editor\/wp-content\/uploads\/2025\/05\/atletico-huila-parte-3.jpg\" \/>\n\t<meta property=\"og:image:width\" content=\"700\" \/>\n\t<meta property=\"og:image:height\" content=\"400\" \/>\n\t<meta property=\"og:image:type\" content=\"image\/jpeg\" \/>\n<meta name=\"author\" content=\"Editor General\" \/>\n<meta name=\"twitter:card\" content=\"summary_large_image\" \/>\n<meta name=\"twitter:label1\" content=\"Escrito por\" \/>\n\t<meta name=\"twitter:data1\" content=\"Editor General\" \/>\n\t<meta name=\"twitter:label2\" content=\"Tiempo de lectura\" \/>\n\t<meta name=\"twitter:data2\" content=\"2 minutos\" \/>\n<script type=\"application\/ld+json\" class=\"yoast-schema-graph\">{\"@context\":\"https:\/\/schema.org\",\"@graph\":[{\"@type\":\"Article\",\"@id\":\"https:\/\/luchonoticias.com\/editor\/atletico-huila-y-su-ultima-fecha-regular-de-la-primera-b\/#article\",\"isPartOf\":{\"@id\":\"https:\/\/luchonoticias.com\/editor\/atletico-huila-y-su-ultima-fecha-regular-de-la-primera-b\/\"},\"author\":{\"name\":\"Editor General\",\"@id\":\"https:\/\/luchonoticias.com\/editor\/#\/schema\/person\/29217990ddf6f14e35912b2866d591fb\"},\"headline\":\"Atl\u00e9tico Huila y su \u00faltima fecha regular de la Primera B\",\"datePublished\":\"2025-05-18T09:34:12+00:00\",\"dateModified\":\"2025-05-18T09:34:13+00:00\",\"mainEntityOfPage\":{\"@id\":\"https:\/\/luchonoticias.com\/editor\/atletico-huila-y-su-ultima-fecha-regular-de-la-primera-b\/\"},\"wordCount\":214,\"publisher\":{\"@id\":\"https:\/\/luchonoticias.com\/editor\/#\/schema\/person\/7a7fd911f58561fd056dbac7b55af9cd\"},\"image\":{\"@id\":\"https:\/\/luchonoticias.com\/editor\/atletico-huila-y-su-ultima-fecha-regular-de-la-primera-b\/#primaryimage\"},\"thumbnailUrl\":\"https:\/\/luchonoticias.com\/editor\/wp-content\/uploads\/2025\/05\/atletico-huila-parte-3.jpg\",\"articleSection\":[\"Deportes\"],\"inLanguage\":\"es\"},{\"@type\":\"WebPage\",\"@id\":\"https:\/\/luchonoticias.com\/editor\/atletico-huila-y-su-ultima-fecha-regular-de-la-primera-b\/\",\"url\":\"https:\/\/luchonoticias.com\/editor\/atletico-huila-y-su-ultima-fecha-regular-de-la-primera-b\/\",\"name\":\"Atl\u00e9tico Huila y su \u00faltima fecha regular de la Primera B -\",\"isPartOf\":{\"@id\":\"https:\/\/luchonoticias.com\/editor\/#website\"},\"primaryImageOfPage\":{\"@id\":\"https:\/\/luchonoticias.com\/editor\/atletico-huila-y-su-ultima-fecha-regular-de-la-primera-b\/#primaryimage\"},\"image\":{\"@id\":\"https:\/\/luchonoticias.com\/editor\/atletico-huila-y-su-ultima-fecha-regular-de-la-primera-b\/#primaryimage\"},\"thumbnailUrl\":\"https:\/\/luchonoticias.com\/editor\/wp-content\/uploads\/2025\/05\/atletico-huila-parte-3.jpg\",\"datePublished\":\"2025-05-18T09:34:12+00:00\",\"dateModified\":\"2025-05-18T09:34:13+00:00\",\"breadcrumb\":{\"@id\":\"https:\/\/luchonoticias.com\/editor\/atletico-huila-y-su-ultima-fecha-regular-de-la-primera-b\/#breadcrumb\"},\"inLanguage\":\"es\",\"potentialAction\":[{\"@type\":\"ReadAction\",\"target\":[\"https:\/\/luchonoticias.com\/editor\/atletico-huila-y-su-ultima-fecha-regular-de-la-primera-b\/\"]}]},{\"@type\":\"ImageObject\",\"inLanguage\":\"es\",\"@id\":\"https:\/\/luchonoticias.com\/editor\/atletico-huila-y-su-ultima-fecha-regular-de-la-primera-b\/#primaryimage\",\"url\":\"https:\/\/luchonoticias.com\/editor\/wp-content\/uploads\/2025\/05\/atletico-huila-parte-3.jpg\",\"contentUrl\":\"https:\/\/luchonoticias.com\/editor\/wp-content\/uploads\/2025\/05\/atletico-huila-parte-3.jpg\",\"width\":700,\"height\":400},{\"@type\":\"BreadcrumbList\",\"@id\":\"https:\/\/luchonoticias.com\/editor\/atletico-huila-y-su-ultima-fecha-regular-de-la-primera-b\/#breadcrumb\",\"itemListElement\":[{\"@type\":\"ListItem\",\"position\":1,\"name\":\"Portada\",\"item\":\"https:\/\/luchonoticias.com\/editor\/\"},{\"@type\":\"ListItem\",\"position\":2,\"name\":\"Atl\u00e9tico Huila y su \u00faltima fecha regular de la Primera B\"}]},{\"@type\":\"WebSite\",\"@id\":\"https:\/\/luchonoticias.com\/editor\/#website\",\"url\":\"https:\/\/luchonoticias.com\/editor\/\",\"name\":\"\",\"description\":\"\",\"publisher\":{\"@id\":\"https:\/\/luchonoticias.com\/editor\/#\/schema\/person\/7a7fd911f58561fd056dbac7b55af9cd\"},\"potentialAction\":[{\"@type\":\"SearchAction\",\"target\":{\"@type\":\"EntryPoint\",\"urlTemplate\":\"https:\/\/luchonoticias.com\/editor\/?s={search_term_string}\"},\"query-input\":{\"@type\":\"PropertyValueSpecification\",\"valueRequired\":true,\"valueName\":\"search_term_string\"}}],\"inLanguage\":\"es\"},{\"@type\":[\"Person\",\"Organization\"],\"@id\":\"https:\/\/luchonoticias.com\/editor\/#\/schema\/person\/7a7fd911f58561fd056dbac7b55af9cd\",\"name\":\"admin\",\"image\":{\"@type\":\"ImageObject\",\"inLanguage\":\"es\",\"@id\":\"https:\/\/luchonoticias.com\/editor\/#\/schema\/person\/image\/\",\"url\":\"https:\/\/luchonoticias.com\/editor\/wp-content\/uploads\/2024\/02\/cropped-cropped-logolu.webp\",\"contentUrl\":\"https:\/\/luchonoticias.com\/editor\/wp-content\/uploads\/2024\/02\/cropped-cropped-logolu.webp\",\"width\":382,\"height\":170,\"caption\":\"admin\"},\"logo\":{\"@id\":\"https:\/\/luchonoticias.com\/editor\/#\/schema\/person\/image\/\"},\"sameAs\":[\"https:\/\/www.facebook.com\/luchonoticiasneiva\"]},{\"@type\":\"Person\",\"@id\":\"https:\/\/luchonoticias.com\/editor\/#\/schema\/person\/29217990ddf6f14e35912b2866d591fb\",\"name\":\"Editor General\",\"image\":{\"@type\":\"ImageObject\",\"inLanguage\":\"es\",\"@id\":\"https:\/\/luchonoticias.com\/editor\/#\/schema\/person\/image\/\",\"url\":\"https:\/\/luchonoticias.com\/editor\/wp-content\/uploads\/2024\/02\/cropped-cropped-logolu-150x150.webp\",\"contentUrl\":\"https:\/\/luchonoticias.com\/editor\/wp-content\/uploads\/2024\/02\/cropped-cropped-logolu-150x150.webp\",\"caption\":\"Editor General\"},\"sameAs\":[\"https:\/\/luchonoticias.com\/\"],\"url\":\"https:\/\/luchonoticias.com\/editor\/author\/editor-general\/\"}]}<\/script>\n<!-- \/ Yoast SEO plugin. -->","yoast_head_json":{"title":"Atl\u00e9tico Huila y su \u00faltima fecha regular de la Primera B -","robots":{"index":"index","follow":"follow","max-snippet":"max-snippet:-1","max-image-preview":"max-image-preview:large","max-video-preview":"max-video-preview:-1"},"canonical":"https:\/\/luchonoticias.com\/editor\/atletico-huila-y-su-ultima-fecha-regular-de-la-primera-b\/","og_locale":"es_ES","og_type":"article","og_title":"Atl\u00e9tico Huila y su \u00faltima fecha regular de la Primera B -","og_url":"https:\/\/luchonoticias.com\/editor\/atletico-huila-y-su-ultima-fecha-regular-de-la-primera-b\/","article_publisher":"https:\/\/www.facebook.com\/luchonoticiasneiva","article_published_time":"2025-05-18T09:34:12+00:00","article_modified_time":"2025-05-18T09:34:13+00:00","og_image":[{"width":700,"height":400,"url":"https:\/\/luchonoticias.com\/editor\/wp-content\/uploads\/2025\/05\/atletico-huila-parte-3.jpg","type":"image\/jpeg"}],"author":"Editor General","twitter_card":"summary_large_image","twitter_misc":{"Escrito por":"Editor General","Tiempo de lectura":"2 minutos"},"schema":{"@context":"https:\/\/schema.org","@graph":[{"@type":"Article","@id":"https:\/\/luchonoticias.com\/editor\/atletico-huila-y-su-ultima-fecha-regular-de-la-primera-b\/#article","isPartOf":{"@id":"https:\/\/luchonoticias.com\/editor\/atletico-huila-y-su-ultima-fecha-regular-de-la-primera-b\/"},"author":{"name":"Editor General","@id":"https:\/\/luchonoticias.com\/editor\/#\/schema\/person\/29217990ddf6f14e35912b2866d591fb"},"headline":"Atl\u00e9tico Huila y su \u00faltima fecha regular de la Primera B","datePublished":"2025-05-18T09:34:12+00:00","dateModified":"2025-05-18T09:34:13+00:00","mainEntityOfPage":{"@id":"https:\/\/luchonoticias.com\/editor\/atletico-huila-y-su-ultima-fecha-regular-de-la-primera-b\/"},"wordCount":214,"publisher":{"@id":"https:\/\/luchonoticias.com\/editor\/#\/schema\/person\/7a7fd911f58561fd056dbac7b55af9cd"},"image":{"@id":"https:\/\/luchonoticias.com\/editor\/atletico-huila-y-su-ultima-fecha-regular-de-la-primera-b\/#primaryimage"},"thumbnailUrl":"https:\/\/luchonoticias.com\/editor\/wp-content\/uploads\/2025\/05\/atletico-huila-parte-3.jpg","articleSection":["Deportes"],"inLanguage":"es"},{"@type":"WebPage","@id":"https:\/\/luchonoticias.com\/editor\/atletico-huila-y-su-ultima-fecha-regular-de-la-primera-b\/","url":"https:\/\/luchonoticias.com\/editor\/atletico-huila-y-su-ultima-fecha-regular-de-la-primera-b\/","name":"Atl\u00e9tico Huila y su \u00faltima fecha regular de la Primera B -","isPartOf":{"@id":"https:\/\/luchonoticias.com\/editor\/#website"},"primaryImageOfPage":{"@id":"https:\/\/luchonoticias.com\/editor\/atletico-huila-y-su-ultima-fecha-regular-de-la-primera-b\/#primaryimage"},"image":{"@id":"https:\/\/luchonoticias.com\/editor\/atletico-huila-y-su-ultima-fecha-regular-de-la-primera-b\/#primaryimage"},"thumbnailUrl":"https:\/\/luchonoticias.com\/editor\/wp-content\/uploads\/2025\/05\/atletico-huila-parte-3.jpg","datePublished":"2025-05-18T09:34:12+00:00","dateModified":"2025-05-18T09:34:13+00:00","breadcrumb":{"@id":"https:\/\/luchonoticias.com\/editor\/atletico-huila-y-su-ultima-fecha-regular-de-la-primera-b\/#breadcrumb"},"inLanguage":"es","potentialAction":[{"@type":"ReadAction","target":["https:\/\/luchonoticias.com\/editor\/atletico-huila-y-su-ultima-fecha-regular-de-la-primera-b\/"]}]},{"@type":"ImageObject","inLanguage":"es","@id":"https:\/\/luchonoticias.com\/editor\/atletico-huila-y-su-ultima-fecha-regular-de-la-primera-b\/#primaryimage","url":"https:\/\/luchonoticias.com\/editor\/wp-content\/uploads\/2025\/05\/atletico-huila-parte-3.jpg","contentUrl":"https:\/\/luchonoticias.com\/editor\/wp-content\/uploads\/2025\/05\/atletico-huila-parte-3.jpg","width":700,"height":400},{"@type":"BreadcrumbList","@id":"https:\/\/luchonoticias.com\/editor\/atletico-huila-y-su-ultima-fecha-regular-de-la-primera-b\/#breadcrumb","itemListElement":[{"@type":"ListItem","position":1,"name":"Portada","item":"https:\/\/luchonoticias.com\/editor\/"},{"@type":"ListItem","position":2,"name":"Atl\u00e9tico Huila y su \u00faltima fecha regular de la Primera B"}]},{"@type":"WebSite","@id":"https:\/\/luchonoticias.com\/editor\/#website","url":"https:\/\/luchonoticias.com\/editor\/","name":"","description":"","publisher":{"@id":"https:\/\/luchonoticias.com\/editor\/#\/schema\/person\/7a7fd911f58561fd056dbac7b55af9cd"},"potentialAction":[{"@type":"SearchAction","target":{"@type":"EntryPoint","urlTemplate":"https:\/\/luchonoticias.com\/editor\/?s={search_term_string}"},"query-input":{"@type":"PropertyValueSpecification","valueRequired":true,"valueName":"search_term_string"}}],"inLanguage":"es"},{"@type":["Person","Organization"],"@id":"https:\/\/luchonoticias.com\/editor\/#\/schema\/person\/7a7fd911f58561fd056dbac7b55af9cd","name":"admin","image":{"@type":"ImageObject","inLanguage":"es","@id":"https:\/\/luchonoticias.com\/editor\/#\/schema\/person\/image\/","url":"https:\/\/luchonoticias.com\/editor\/wp-content\/uploads\/2024\/02\/cropped-cropped-logolu.webp","contentUrl":"https:\/\/luchonoticias.com\/editor\/wp-content\/uploads\/2024\/02\/cropped-cropped-logolu.webp","width":382,"height":170,"caption":"admin"},"logo":{"@id":"https:\/\/luchonoticias.com\/editor\/#\/schema\/person\/image\/"},"sameAs":["https:\/\/www.facebook.com\/luchonoticiasneiva"]},{"@type":"Person","@id":"https:\/\/luchonoticias.com\/editor\/#\/schema\/person\/29217990ddf6f14e35912b2866d591fb","name":"Editor General","image":{"@type":"ImageObject","inLanguage":"es","@id":"https:\/\/luchonoticias.com\/editor\/#\/schema\/person\/image\/","url":"https:\/\/luchonoticias.com\/editor\/wp-content\/uploads\/2024\/02\/cropped-cropped-logolu-150x150.webp","contentUrl":"https:\/\/luchonoticias.com\/editor\/wp-content\/uploads\/2024\/02\/cropped-cropped-logolu-150x150.webp","caption":"Editor General"},"sameAs":["https:\/\/luchonoticias.com\/"],"url":"https:\/\/luchonoticias.com\/editor\/author\/editor-general\/"}]}},"_links":{"self":[{"href":"https:\/\/luchonoticias.com\/editor\/wp-json\/wp\/v2\/posts\/83060","targetHints":{"allow":["GET"]}}],"collection":[{"href":"https:\/\/luchonoticias.com\/editor\/wp-json\/wp\/v2\/posts"}],"about":[{"href":"https:\/\/luchonoticias.com\/editor\/wp-json\/wp\/v2\/types\/post"}],"author":[{"embeddable":true,"href":"https:\/\/luchonoticias.com\/editor\/wp-json\/wp\/v2\/users\/2"}],"replies":[{"embeddable":true,"href":"https:\/\/luchonoticias.com\/editor\/wp-json\/wp\/v2\/comments?post=83060"}],"version-history":[{"count":1,"href":"https:\/\/luchonoticias.com\/editor\/wp-json\/wp\/v2\/posts\/83060\/revisions"}],"predecessor-version":[{"id":83062,"href":"https:\/\/luchonoticias.com\/editor\/wp-json\/wp\/v2\/posts\/83060\/revisions\/83062"}],"wp:featuredmedia":[{"embeddable":true,"href":"https:\/\/luchonoticias.com\/editor\/wp-json\/wp\/v2\/media\/83061"}],"wp:attachment":[{"href":"https:\/\/luchonoticias.com\/editor\/wp-json\/wp\/v2\/media?parent=83060"}],"wp:term":[{"taxonomy":"category","embeddable":true,"href":"https:\/\/luchonoticias.com\/editor\/wp-json\/wp\/v2\/categories?post=83060"},{"taxonomy":"post_tag","embeddable":true,"href":"https:\/\/luchonoticias.com\/editor\/wp-json\/wp\/v2\/tags?post=83060"}],"curies":[{"name":"wp","href":"https:\/\/api.w.org\/{rel}","templated":true}]}}