{"id":83096,"date":"2025-05-18T19:21:10","date_gmt":"2025-05-19T00:21:10","guid":{"rendered":"https:\/\/luchonoticias.com\/?p=83096"},"modified":"2025-05-18T19:21:11","modified_gmt":"2025-05-19T00:21:11","slug":"balance-de-la-metropolitana-en-el-fin-de-semana","status":"publish","type":"post","link":"https:\/\/luchonoticias.com\/editor\/balance-de-la-metropolitana-en-el-fin-de-semana\/","title":{"rendered":"Balance de la &#8216;Metropolitana&#8217; en el fin de semana"},"content":{"rendered":"\n<figure class=\"wp-block-image size-full\"><img loading=\"lazy\" decoding=\"async\" width=\"700\" height=\"400\" src=\"https:\/\/luchonoticias.com\/wp-content\/uploads\/2025\/05\/policia-metropolitana.jpg\" alt=\"\" class=\"wp-image-83097\" srcset=\"https:\/\/luchonoticias.com\/editor\/wp-content\/uploads\/2025\/05\/policia-metropolitana.jpg 700w, https:\/\/luchonoticias.com\/editor\/wp-content\/uploads\/2025\/05\/policia-metropolitana-300x171.jpg 300w\" sizes=\"auto, (max-width: 700px) 100vw, 700px\" \/><\/figure>\n\n\n\n<p>La Polic\u00eda Metropolitana de Neiva reporta un balance positivo durante el fin de semana, gracias al despliegue de operativos enmarcados en el plan cazador.<\/p>\n\n\n\n<p>Como resultado de estas acciones, se logr\u00f3 la captura de 10 personas por delitos como: tr\u00e1fico de estupefacientes, da\u00f1o en bien ajeno, porte ilegal de armas de fuego, tentativa de homicidio y violencia intrafamiliar. As\u00ed mismo, fue incautada un arma de fuego, tres motocicletas y alrededor de 154 dosis de sustancias alucin\u00f3genas.<\/p>\n\n\n\n<p>A la l\u00ednea de emergencia 123 ingresaron un total de 1.593 llamadas, entre las cuales se destacan 195 por alteraci\u00f3n de la tranquilidad p\u00fablica, 112 por ri\u00f1as, 97 por solicitud de patrullas de vigilancia y 44 por violencia intrafamiliar. Estos datos evidencian el compromiso de la instituci\u00f3n para dar respuesta oportuna a la ciudadan\u00eda.<\/p>\n\n\n\n<p>En aplicaci\u00f3n del C\u00f3digo Nacional de Seguridad y Convivencia Ciudadana, se impusieron 110 comparendos como lo son: el porte de armas corto-punzantes, consumo y comercializaci\u00f3n de sustancias psicoactivas, y el uso, compra o alquiler de tel\u00e9fonos m\u00f3viles reportados como hurtados o extraviados.<\/p>\n\n\n\n<p>El se\u00f1or Teniente Coronel Alex Andr\u00e9s Mu\u00f1oz Ausecha, comandante de la Polic\u00eda Metropolitana de Neiva Encargado, invit\u00f3 a la comunidad a seguir denunciando cualquier hecho delictivo a la l\u00ednea 123 y reafirm\u00f3 el compromiso institucional de continuar fortaleciendo la seguridad y la convivencia en la ciudad.<\/p>\n\n\n\n<p><\/p>\n","protected":false},"excerpt":{"rendered":"<p>La Polic\u00eda Metropolitana de Neiva reporta un balance positivo durante el fin de semana, gracias al despliegue de operativos enmarcados en el plan cazador. Como resultado de estas acciones, se logr\u00f3 la captura de 10 personas por delitos como: tr\u00e1fico de estupefacientes, da\u00f1o en bien ajeno, porte ilegal de armas de fuego, tentativa de homicidio [&hellip;]<\/p>\n","protected":false},"author":2,"featured_media":83097,"comment_status":"closed","ping_status":"open","sticky":false,"template":"","format":"standard","meta":{"footnotes":""},"categories":[29],"tags":[],"class_list":["post-83096","post","type-post","status-publish","format-standard","has-post-thumbnail","hentry","category-judicial"],"yoast_head":"<!-- This site is optimized with the Yoast SEO plugin v26.6 - https:\/\/yoast.com\/wordpress\/plugins\/seo\/ -->\n<title>Balance de la &#039;Metropolitana&#039; en el fin de semana -<\/title>\n<meta name=\"robots\" content=\"index, follow, max-snippet:-1, max-image-preview:large, max-video-preview:-1\" \/>\n<link rel=\"canonical\" href=\"https:\/\/luchonoticias.com\/editor\/balance-de-la-metropolitana-en-el-fin-de-semana\/\" \/>\n<meta property=\"og:locale\" content=\"es_ES\" \/>\n<meta property=\"og:type\" content=\"article\" \/>\n<meta property=\"og:title\" content=\"Balance de la &#039;Metropolitana&#039; en el fin de semana -\" \/>\n<meta property=\"og:url\" content=\"https:\/\/luchonoticias.com\/editor\/balance-de-la-metropolitana-en-el-fin-de-semana\/\" \/>\n<meta property=\"article:publisher\" content=\"https:\/\/www.facebook.com\/luchonoticiasneiva\" \/>\n<meta property=\"article:published_time\" content=\"2025-05-19T00:21:10+00:00\" \/>\n<meta property=\"article:modified_time\" content=\"2025-05-19T00:21:11+00:00\" \/>\n<meta property=\"og:image\" content=\"https:\/\/luchonoticias.com\/editor\/wp-content\/uploads\/2025\/05\/policia-metropolitana.jpg\" \/>\n\t<meta property=\"og:image:width\" content=\"700\" \/>\n\t<meta property=\"og:image:height\" content=\"400\" \/>\n\t<meta property=\"og:image:type\" content=\"image\/jpeg\" \/>\n<meta name=\"author\" content=\"Editor General\" \/>\n<meta name=\"twitter:card\" content=\"summary_large_image\" \/>\n<meta name=\"twitter:label1\" content=\"Escrito por\" \/>\n\t<meta name=\"twitter:data1\" content=\"Editor General\" \/>\n\t<meta name=\"twitter:label2\" content=\"Tiempo de lectura\" \/>\n\t<meta name=\"twitter:data2\" content=\"2 minutos\" \/>\n<script type=\"application\/ld+json\" class=\"yoast-schema-graph\">{\"@context\":\"https:\/\/schema.org\",\"@graph\":[{\"@type\":\"Article\",\"@id\":\"https:\/\/luchonoticias.com\/editor\/balance-de-la-metropolitana-en-el-fin-de-semana\/#article\",\"isPartOf\":{\"@id\":\"https:\/\/luchonoticias.com\/editor\/balance-de-la-metropolitana-en-el-fin-de-semana\/\"},\"author\":{\"name\":\"Editor General\",\"@id\":\"https:\/\/luchonoticias.com\/editor\/#\/schema\/person\/29217990ddf6f14e35912b2866d591fb\"},\"headline\":\"Balance de la &#8216;Metropolitana&#8217; en el fin de semana\",\"datePublished\":\"2025-05-19T00:21:10+00:00\",\"dateModified\":\"2025-05-19T00:21:11+00:00\",\"mainEntityOfPage\":{\"@id\":\"https:\/\/luchonoticias.com\/editor\/balance-de-la-metropolitana-en-el-fin-de-semana\/\"},\"wordCount\":237,\"publisher\":{\"@id\":\"https:\/\/luchonoticias.com\/editor\/#\/schema\/person\/7a7fd911f58561fd056dbac7b55af9cd\"},\"image\":{\"@id\":\"https:\/\/luchonoticias.com\/editor\/balance-de-la-metropolitana-en-el-fin-de-semana\/#primaryimage\"},\"thumbnailUrl\":\"https:\/\/luchonoticias.com\/editor\/wp-content\/uploads\/2025\/05\/policia-metropolitana.jpg\",\"articleSection\":[\"Judicial\"],\"inLanguage\":\"es\"},{\"@type\":\"WebPage\",\"@id\":\"https:\/\/luchonoticias.com\/editor\/balance-de-la-metropolitana-en-el-fin-de-semana\/\",\"url\":\"https:\/\/luchonoticias.com\/editor\/balance-de-la-metropolitana-en-el-fin-de-semana\/\",\"name\":\"Balance de la 'Metropolitana' en el fin de semana -\",\"isPartOf\":{\"@id\":\"https:\/\/luchonoticias.com\/editor\/#website\"},\"primaryImageOfPage\":{\"@id\":\"https:\/\/luchonoticias.com\/editor\/balance-de-la-metropolitana-en-el-fin-de-semana\/#primaryimage\"},\"image\":{\"@id\":\"https:\/\/luchonoticias.com\/editor\/balance-de-la-metropolitana-en-el-fin-de-semana\/#primaryimage\"},\"thumbnailUrl\":\"https:\/\/luchonoticias.com\/editor\/wp-content\/uploads\/2025\/05\/policia-metropolitana.jpg\",\"datePublished\":\"2025-05-19T00:21:10+00:00\",\"dateModified\":\"2025-05-19T00:21:11+00:00\",\"breadcrumb\":{\"@id\":\"https:\/\/luchonoticias.com\/editor\/balance-de-la-metropolitana-en-el-fin-de-semana\/#breadcrumb\"},\"inLanguage\":\"es\",\"potentialAction\":[{\"@type\":\"ReadAction\",\"target\":[\"https:\/\/luchonoticias.com\/editor\/balance-de-la-metropolitana-en-el-fin-de-semana\/\"]}]},{\"@type\":\"ImageObject\",\"inLanguage\":\"es\",\"@id\":\"https:\/\/luchonoticias.com\/editor\/balance-de-la-metropolitana-en-el-fin-de-semana\/#primaryimage\",\"url\":\"https:\/\/luchonoticias.com\/editor\/wp-content\/uploads\/2025\/05\/policia-metropolitana.jpg\",\"contentUrl\":\"https:\/\/luchonoticias.com\/editor\/wp-content\/uploads\/2025\/05\/policia-metropolitana.jpg\",\"width\":700,\"height\":400},{\"@type\":\"BreadcrumbList\",\"@id\":\"https:\/\/luchonoticias.com\/editor\/balance-de-la-metropolitana-en-el-fin-de-semana\/#breadcrumb\",\"itemListElement\":[{\"@type\":\"ListItem\",\"position\":1,\"name\":\"Portada\",\"item\":\"https:\/\/luchonoticias.com\/editor\/\"},{\"@type\":\"ListItem\",\"position\":2,\"name\":\"Balance de la &#8216;Metropolitana&#8217; en el fin de semana\"}]},{\"@type\":\"WebSite\",\"@id\":\"https:\/\/luchonoticias.com\/editor\/#website\",\"url\":\"https:\/\/luchonoticias.com\/editor\/\",\"name\":\"\",\"description\":\"\",\"publisher\":{\"@id\":\"https:\/\/luchonoticias.com\/editor\/#\/schema\/person\/7a7fd911f58561fd056dbac7b55af9cd\"},\"potentialAction\":[{\"@type\":\"SearchAction\",\"target\":{\"@type\":\"EntryPoint\",\"urlTemplate\":\"https:\/\/luchonoticias.com\/editor\/?s={search_term_string}\"},\"query-input\":{\"@type\":\"PropertyValueSpecification\",\"valueRequired\":true,\"valueName\":\"search_term_string\"}}],\"inLanguage\":\"es\"},{\"@type\":[\"Person\",\"Organization\"],\"@id\":\"https:\/\/luchonoticias.com\/editor\/#\/schema\/person\/7a7fd911f58561fd056dbac7b55af9cd\",\"name\":\"admin\",\"image\":{\"@type\":\"ImageObject\",\"inLanguage\":\"es\",\"@id\":\"https:\/\/luchonoticias.com\/editor\/#\/schema\/person\/image\/\",\"url\":\"https:\/\/luchonoticias.com\/editor\/wp-content\/uploads\/2024\/02\/cropped-cropped-logolu.webp\",\"contentUrl\":\"https:\/\/luchonoticias.com\/editor\/wp-content\/uploads\/2024\/02\/cropped-cropped-logolu.webp\",\"width\":382,\"height\":170,\"caption\":\"admin\"},\"logo\":{\"@id\":\"https:\/\/luchonoticias.com\/editor\/#\/schema\/person\/image\/\"},\"sameAs\":[\"https:\/\/www.facebook.com\/luchonoticiasneiva\"]},{\"@type\":\"Person\",\"@id\":\"https:\/\/luchonoticias.com\/editor\/#\/schema\/person\/29217990ddf6f14e35912b2866d591fb\",\"name\":\"Editor General\",\"image\":{\"@type\":\"ImageObject\",\"inLanguage\":\"es\",\"@id\":\"https:\/\/luchonoticias.com\/editor\/#\/schema\/person\/image\/\",\"url\":\"https:\/\/luchonoticias.com\/editor\/wp-content\/uploads\/2024\/02\/cropped-cropped-logolu-150x150.webp\",\"contentUrl\":\"https:\/\/luchonoticias.com\/editor\/wp-content\/uploads\/2024\/02\/cropped-cropped-logolu-150x150.webp\",\"caption\":\"Editor General\"},\"sameAs\":[\"https:\/\/luchonoticias.com\/\"],\"url\":\"https:\/\/luchonoticias.com\/editor\/author\/editor-general\/\"}]}<\/script>\n<!-- \/ Yoast SEO plugin. -->","yoast_head_json":{"title":"Balance de la 'Metropolitana' en el fin de semana -","robots":{"index":"index","follow":"follow","max-snippet":"max-snippet:-1","max-image-preview":"max-image-preview:large","max-video-preview":"max-video-preview:-1"},"canonical":"https:\/\/luchonoticias.com\/editor\/balance-de-la-metropolitana-en-el-fin-de-semana\/","og_locale":"es_ES","og_type":"article","og_title":"Balance de la 'Metropolitana' en el fin de semana -","og_url":"https:\/\/luchonoticias.com\/editor\/balance-de-la-metropolitana-en-el-fin-de-semana\/","article_publisher":"https:\/\/www.facebook.com\/luchonoticiasneiva","article_published_time":"2025-05-19T00:21:10+00:00","article_modified_time":"2025-05-19T00:21:11+00:00","og_image":[{"width":700,"height":400,"url":"https:\/\/luchonoticias.com\/editor\/wp-content\/uploads\/2025\/05\/policia-metropolitana.jpg","type":"image\/jpeg"}],"author":"Editor General","twitter_card":"summary_large_image","twitter_misc":{"Escrito por":"Editor General","Tiempo de lectura":"2 minutos"},"schema":{"@context":"https:\/\/schema.org","@graph":[{"@type":"Article","@id":"https:\/\/luchonoticias.com\/editor\/balance-de-la-metropolitana-en-el-fin-de-semana\/#article","isPartOf":{"@id":"https:\/\/luchonoticias.com\/editor\/balance-de-la-metropolitana-en-el-fin-de-semana\/"},"author":{"name":"Editor General","@id":"https:\/\/luchonoticias.com\/editor\/#\/schema\/person\/29217990ddf6f14e35912b2866d591fb"},"headline":"Balance de la &#8216;Metropolitana&#8217; en el fin de semana","datePublished":"2025-05-19T00:21:10+00:00","dateModified":"2025-05-19T00:21:11+00:00","mainEntityOfPage":{"@id":"https:\/\/luchonoticias.com\/editor\/balance-de-la-metropolitana-en-el-fin-de-semana\/"},"wordCount":237,"publisher":{"@id":"https:\/\/luchonoticias.com\/editor\/#\/schema\/person\/7a7fd911f58561fd056dbac7b55af9cd"},"image":{"@id":"https:\/\/luchonoticias.com\/editor\/balance-de-la-metropolitana-en-el-fin-de-semana\/#primaryimage"},"thumbnailUrl":"https:\/\/luchonoticias.com\/editor\/wp-content\/uploads\/2025\/05\/policia-metropolitana.jpg","articleSection":["Judicial"],"inLanguage":"es"},{"@type":"WebPage","@id":"https:\/\/luchonoticias.com\/editor\/balance-de-la-metropolitana-en-el-fin-de-semana\/","url":"https:\/\/luchonoticias.com\/editor\/balance-de-la-metropolitana-en-el-fin-de-semana\/","name":"Balance de la 'Metropolitana' en el fin de semana -","isPartOf":{"@id":"https:\/\/luchonoticias.com\/editor\/#website"},"primaryImageOfPage":{"@id":"https:\/\/luchonoticias.com\/editor\/balance-de-la-metropolitana-en-el-fin-de-semana\/#primaryimage"},"image":{"@id":"https:\/\/luchonoticias.com\/editor\/balance-de-la-metropolitana-en-el-fin-de-semana\/#primaryimage"},"thumbnailUrl":"https:\/\/luchonoticias.com\/editor\/wp-content\/uploads\/2025\/05\/policia-metropolitana.jpg","datePublished":"2025-05-19T00:21:10+00:00","dateModified":"2025-05-19T00:21:11+00:00","breadcrumb":{"@id":"https:\/\/luchonoticias.com\/editor\/balance-de-la-metropolitana-en-el-fin-de-semana\/#breadcrumb"},"inLanguage":"es","potentialAction":[{"@type":"ReadAction","target":["https:\/\/luchonoticias.com\/editor\/balance-de-la-metropolitana-en-el-fin-de-semana\/"]}]},{"@type":"ImageObject","inLanguage":"es","@id":"https:\/\/luchonoticias.com\/editor\/balance-de-la-metropolitana-en-el-fin-de-semana\/#primaryimage","url":"https:\/\/luchonoticias.com\/editor\/wp-content\/uploads\/2025\/05\/policia-metropolitana.jpg","contentUrl":"https:\/\/luchonoticias.com\/editor\/wp-content\/uploads\/2025\/05\/policia-metropolitana.jpg","width":700,"height":400},{"@type":"BreadcrumbList","@id":"https:\/\/luchonoticias.com\/editor\/balance-de-la-metropolitana-en-el-fin-de-semana\/#breadcrumb","itemListElement":[{"@type":"ListItem","position":1,"name":"Portada","item":"https:\/\/luchonoticias.com\/editor\/"},{"@type":"ListItem","position":2,"name":"Balance de la &#8216;Metropolitana&#8217; en el fin de semana"}]},{"@type":"WebSite","@id":"https:\/\/luchonoticias.com\/editor\/#website","url":"https:\/\/luchonoticias.com\/editor\/","name":"","description":"","publisher":{"@id":"https:\/\/luchonoticias.com\/editor\/#\/schema\/person\/7a7fd911f58561fd056dbac7b55af9cd"},"potentialAction":[{"@type":"SearchAction","target":{"@type":"EntryPoint","urlTemplate":"https:\/\/luchonoticias.com\/editor\/?s={search_term_string}"},"query-input":{"@type":"PropertyValueSpecification","valueRequired":true,"valueName":"search_term_string"}}],"inLanguage":"es"},{"@type":["Person","Organization"],"@id":"https:\/\/luchonoticias.com\/editor\/#\/schema\/person\/7a7fd911f58561fd056dbac7b55af9cd","name":"admin","image":{"@type":"ImageObject","inLanguage":"es","@id":"https:\/\/luchonoticias.com\/editor\/#\/schema\/person\/image\/","url":"https:\/\/luchonoticias.com\/editor\/wp-content\/uploads\/2024\/02\/cropped-cropped-logolu.webp","contentUrl":"https:\/\/luchonoticias.com\/editor\/wp-content\/uploads\/2024\/02\/cropped-cropped-logolu.webp","width":382,"height":170,"caption":"admin"},"logo":{"@id":"https:\/\/luchonoticias.com\/editor\/#\/schema\/person\/image\/"},"sameAs":["https:\/\/www.facebook.com\/luchonoticiasneiva"]},{"@type":"Person","@id":"https:\/\/luchonoticias.com\/editor\/#\/schema\/person\/29217990ddf6f14e35912b2866d591fb","name":"Editor General","image":{"@type":"ImageObject","inLanguage":"es","@id":"https:\/\/luchonoticias.com\/editor\/#\/schema\/person\/image\/","url":"https:\/\/luchonoticias.com\/editor\/wp-content\/uploads\/2024\/02\/cropped-cropped-logolu-150x150.webp","contentUrl":"https:\/\/luchonoticias.com\/editor\/wp-content\/uploads\/2024\/02\/cropped-cropped-logolu-150x150.webp","caption":"Editor General"},"sameAs":["https:\/\/luchonoticias.com\/"],"url":"https:\/\/luchonoticias.com\/editor\/author\/editor-general\/"}]}},"_links":{"self":[{"href":"https:\/\/luchonoticias.com\/editor\/wp-json\/wp\/v2\/posts\/83096","targetHints":{"allow":["GET"]}}],"collection":[{"href":"https:\/\/luchonoticias.com\/editor\/wp-json\/wp\/v2\/posts"}],"about":[{"href":"https:\/\/luchonoticias.com\/editor\/wp-json\/wp\/v2\/types\/post"}],"author":[{"embeddable":true,"href":"https:\/\/luchonoticias.com\/editor\/wp-json\/wp\/v2\/users\/2"}],"replies":[{"embeddable":true,"href":"https:\/\/luchonoticias.com\/editor\/wp-json\/wp\/v2\/comments?post=83096"}],"version-history":[{"count":1,"href":"https:\/\/luchonoticias.com\/editor\/wp-json\/wp\/v2\/posts\/83096\/revisions"}],"predecessor-version":[{"id":83098,"href":"https:\/\/luchonoticias.com\/editor\/wp-json\/wp\/v2\/posts\/83096\/revisions\/83098"}],"wp:featuredmedia":[{"embeddable":true,"href":"https:\/\/luchonoticias.com\/editor\/wp-json\/wp\/v2\/media\/83097"}],"wp:attachment":[{"href":"https:\/\/luchonoticias.com\/editor\/wp-json\/wp\/v2\/media?parent=83096"}],"wp:term":[{"taxonomy":"category","embeddable":true,"href":"https:\/\/luchonoticias.com\/editor\/wp-json\/wp\/v2\/categories?post=83096"},{"taxonomy":"post_tag","embeddable":true,"href":"https:\/\/luchonoticias.com\/editor\/wp-json\/wp\/v2\/tags?post=83096"}],"curies":[{"name":"wp","href":"https:\/\/api.w.org\/{rel}","templated":true}]}}