{"id":83264,"date":"2025-05-22T10:02:04","date_gmt":"2025-05-22T15:02:04","guid":{"rendered":"https:\/\/luchonoticias.com\/?p=83264"},"modified":"2025-05-22T10:02:06","modified_gmt":"2025-05-22T15:02:06","slug":"iluminacion-al-polideportivo-del-barrio-timanco","status":"publish","type":"post","link":"https:\/\/luchonoticias.com\/editor\/iluminacion-al-polideportivo-del-barrio-timanco\/","title":{"rendered":"Iluminaci\u00f3n al polideportivo del barrio Timanco"},"content":{"rendered":"\n<figure class=\"wp-block-image size-full\"><img loading=\"lazy\" decoding=\"async\" width=\"700\" height=\"400\" src=\"https:\/\/luchonoticias.com\/wp-content\/uploads\/2025\/05\/polideportivo-timanco-1.jpg\" alt=\"\" class=\"wp-image-83266\" srcset=\"https:\/\/luchonoticias.com\/editor\/wp-content\/uploads\/2025\/05\/polideportivo-timanco-1.jpg 700w, https:\/\/luchonoticias.com\/editor\/wp-content\/uploads\/2025\/05\/polideportivo-timanco-1-300x171.jpg 300w\" sizes=\"auto, (max-width: 700px) 100vw, 700px\" \/><\/figure>\n\n\n\n<p>La Empresa de Iluminaci\u00f3n P\u00fablica (ESIP), en conjunto con la Alcald\u00eda de Neiva, entreg\u00f3 oficialmente el nuevo sistema de iluminaci\u00f3n del Polideportivo Timanco, un espacio que llevaba a\u00f1os en la oscuridad y que ahora vuelve a ser un punto de encuentro seguro para la comunidad. Esta intervenci\u00f3n hace parte del plan de recuperaci\u00f3n de escenarios deportivos que impulsa el alcalde Germ\u00e1n Casagua Bonilla.<\/p>\n\n\n\n<p>La falta de alumbrado hab\u00eda convertido este espacio en un foco de inseguridad, limitando la pr\u00e1ctica deportiva y facilitando actividades delictivas. Con la renovaci\u00f3n, ni\u00f1os, j\u00f3venes y adultos ya pueden disfrutar nuevamente del polideportivo en las noches, promoviendo la recreaci\u00f3n y la sana convivencia.<\/p>\n\n\n\n<p>La moderna tecnolog\u00eda instalada por ESIP no solo transforma el entorno, sino que tambi\u00e9n se proyecta como modelo para replicar en otros ocho polideportivos de Neiva. \u201cVer c\u00f3mo un espacio que antes generaba temor ahora se convierte en un epicentro de vida y deporte es nuestra mayor satisfacci\u00f3n\u201d, destac\u00f3 el gerente de ESIP, Diego P\u00e9rez, quien adem\u00e1s pidi\u00f3 a la ciudadan\u00eda cuidar esta infraestructura.<\/p>\n\n\n\n<p>La meta es completar la intervenci\u00f3n en los dem\u00e1s escenarios antes de mitad de a\u00f1o, con el objetivo de brindar entornos m\u00e1s seguros e iluminados en distintos barrios. ESIP ratific\u00f3 su compromiso con el desarrollo de Neiva y el fortalecimiento del tejido social a trav\u00e9s de la iluminaci\u00f3n p\u00fablica.<\/p>\n\n\n\n<p><\/p>\n","protected":false},"excerpt":{"rendered":"<p>La Empresa de Iluminaci\u00f3n P\u00fablica (ESIP), en conjunto con la Alcald\u00eda de Neiva, entreg\u00f3 oficialmente el nuevo sistema de iluminaci\u00f3n del Polideportivo Timanco, un espacio que llevaba a\u00f1os en la oscuridad y que ahora vuelve a ser un punto de encuentro seguro para la comunidad. Esta intervenci\u00f3n hace parte del plan de recuperaci\u00f3n de escenarios [&hellip;]<\/p>\n","protected":false},"author":2,"featured_media":83265,"comment_status":"closed","ping_status":"open","sticky":false,"template":"","format":"standard","meta":{"footnotes":""},"categories":[34],"tags":[],"class_list":["post-83264","post","type-post","status-publish","format-standard","has-post-thumbnail","hentry","category-deportes"],"yoast_head":"<!-- This site is optimized with the Yoast SEO plugin v26.6 - https:\/\/yoast.com\/wordpress\/plugins\/seo\/ -->\n<title>Iluminaci\u00f3n al polideportivo del barrio Timanco -<\/title>\n<meta name=\"robots\" content=\"index, follow, max-snippet:-1, max-image-preview:large, max-video-preview:-1\" \/>\n<link rel=\"canonical\" href=\"https:\/\/luchonoticias.com\/editor\/iluminacion-al-polideportivo-del-barrio-timanco\/\" \/>\n<meta property=\"og:locale\" content=\"es_ES\" \/>\n<meta property=\"og:type\" content=\"article\" \/>\n<meta property=\"og:title\" content=\"Iluminaci\u00f3n al polideportivo del barrio Timanco -\" \/>\n<meta property=\"og:url\" content=\"https:\/\/luchonoticias.com\/editor\/iluminacion-al-polideportivo-del-barrio-timanco\/\" \/>\n<meta property=\"article:publisher\" content=\"https:\/\/www.facebook.com\/luchonoticiasneiva\" \/>\n<meta property=\"article:published_time\" content=\"2025-05-22T15:02:04+00:00\" \/>\n<meta property=\"article:modified_time\" content=\"2025-05-22T15:02:06+00:00\" \/>\n<meta property=\"og:image\" content=\"https:\/\/luchonoticias.com\/editor\/wp-content\/uploads\/2025\/05\/polideportivo-timanco.jpg\" \/>\n\t<meta property=\"og:image:width\" content=\"700\" \/>\n\t<meta property=\"og:image:height\" content=\"400\" \/>\n\t<meta property=\"og:image:type\" content=\"image\/jpeg\" \/>\n<meta name=\"author\" content=\"Editor General\" \/>\n<meta name=\"twitter:card\" content=\"summary_large_image\" \/>\n<meta name=\"twitter:label1\" content=\"Escrito por\" \/>\n\t<meta name=\"twitter:data1\" content=\"Editor General\" \/>\n\t<meta name=\"twitter:label2\" content=\"Tiempo de lectura\" \/>\n\t<meta name=\"twitter:data2\" content=\"2 minutos\" \/>\n<script type=\"application\/ld+json\" class=\"yoast-schema-graph\">{\"@context\":\"https:\/\/schema.org\",\"@graph\":[{\"@type\":\"Article\",\"@id\":\"https:\/\/luchonoticias.com\/editor\/iluminacion-al-polideportivo-del-barrio-timanco\/#article\",\"isPartOf\":{\"@id\":\"https:\/\/luchonoticias.com\/editor\/iluminacion-al-polideportivo-del-barrio-timanco\/\"},\"author\":{\"name\":\"Editor General\",\"@id\":\"https:\/\/luchonoticias.com\/editor\/#\/schema\/person\/29217990ddf6f14e35912b2866d591fb\"},\"headline\":\"Iluminaci\u00f3n al polideportivo del barrio Timanco\",\"datePublished\":\"2025-05-22T15:02:04+00:00\",\"dateModified\":\"2025-05-22T15:02:06+00:00\",\"mainEntityOfPage\":{\"@id\":\"https:\/\/luchonoticias.com\/editor\/iluminacion-al-polideportivo-del-barrio-timanco\/\"},\"wordCount\":255,\"publisher\":{\"@id\":\"https:\/\/luchonoticias.com\/editor\/#\/schema\/person\/7a7fd911f58561fd056dbac7b55af9cd\"},\"image\":{\"@id\":\"https:\/\/luchonoticias.com\/editor\/iluminacion-al-polideportivo-del-barrio-timanco\/#primaryimage\"},\"thumbnailUrl\":\"https:\/\/luchonoticias.com\/editor\/wp-content\/uploads\/2025\/05\/polideportivo-timanco.jpg\",\"articleSection\":[\"Deportes\"],\"inLanguage\":\"es\"},{\"@type\":\"WebPage\",\"@id\":\"https:\/\/luchonoticias.com\/editor\/iluminacion-al-polideportivo-del-barrio-timanco\/\",\"url\":\"https:\/\/luchonoticias.com\/editor\/iluminacion-al-polideportivo-del-barrio-timanco\/\",\"name\":\"Iluminaci\u00f3n al polideportivo del barrio Timanco -\",\"isPartOf\":{\"@id\":\"https:\/\/luchonoticias.com\/editor\/#website\"},\"primaryImageOfPage\":{\"@id\":\"https:\/\/luchonoticias.com\/editor\/iluminacion-al-polideportivo-del-barrio-timanco\/#primaryimage\"},\"image\":{\"@id\":\"https:\/\/luchonoticias.com\/editor\/iluminacion-al-polideportivo-del-barrio-timanco\/#primaryimage\"},\"thumbnailUrl\":\"https:\/\/luchonoticias.com\/editor\/wp-content\/uploads\/2025\/05\/polideportivo-timanco.jpg\",\"datePublished\":\"2025-05-22T15:02:04+00:00\",\"dateModified\":\"2025-05-22T15:02:06+00:00\",\"breadcrumb\":{\"@id\":\"https:\/\/luchonoticias.com\/editor\/iluminacion-al-polideportivo-del-barrio-timanco\/#breadcrumb\"},\"inLanguage\":\"es\",\"potentialAction\":[{\"@type\":\"ReadAction\",\"target\":[\"https:\/\/luchonoticias.com\/editor\/iluminacion-al-polideportivo-del-barrio-timanco\/\"]}]},{\"@type\":\"ImageObject\",\"inLanguage\":\"es\",\"@id\":\"https:\/\/luchonoticias.com\/editor\/iluminacion-al-polideportivo-del-barrio-timanco\/#primaryimage\",\"url\":\"https:\/\/luchonoticias.com\/editor\/wp-content\/uploads\/2025\/05\/polideportivo-timanco.jpg\",\"contentUrl\":\"https:\/\/luchonoticias.com\/editor\/wp-content\/uploads\/2025\/05\/polideportivo-timanco.jpg\",\"width\":700,\"height\":400},{\"@type\":\"BreadcrumbList\",\"@id\":\"https:\/\/luchonoticias.com\/editor\/iluminacion-al-polideportivo-del-barrio-timanco\/#breadcrumb\",\"itemListElement\":[{\"@type\":\"ListItem\",\"position\":1,\"name\":\"Portada\",\"item\":\"https:\/\/luchonoticias.com\/editor\/\"},{\"@type\":\"ListItem\",\"position\":2,\"name\":\"Iluminaci\u00f3n al polideportivo del barrio Timanco\"}]},{\"@type\":\"WebSite\",\"@id\":\"https:\/\/luchonoticias.com\/editor\/#website\",\"url\":\"https:\/\/luchonoticias.com\/editor\/\",\"name\":\"\",\"description\":\"\",\"publisher\":{\"@id\":\"https:\/\/luchonoticias.com\/editor\/#\/schema\/person\/7a7fd911f58561fd056dbac7b55af9cd\"},\"potentialAction\":[{\"@type\":\"SearchAction\",\"target\":{\"@type\":\"EntryPoint\",\"urlTemplate\":\"https:\/\/luchonoticias.com\/editor\/?s={search_term_string}\"},\"query-input\":{\"@type\":\"PropertyValueSpecification\",\"valueRequired\":true,\"valueName\":\"search_term_string\"}}],\"inLanguage\":\"es\"},{\"@type\":[\"Person\",\"Organization\"],\"@id\":\"https:\/\/luchonoticias.com\/editor\/#\/schema\/person\/7a7fd911f58561fd056dbac7b55af9cd\",\"name\":\"admin\",\"image\":{\"@type\":\"ImageObject\",\"inLanguage\":\"es\",\"@id\":\"https:\/\/luchonoticias.com\/editor\/#\/schema\/person\/image\/\",\"url\":\"https:\/\/luchonoticias.com\/editor\/wp-content\/uploads\/2024\/02\/cropped-cropped-logolu.webp\",\"contentUrl\":\"https:\/\/luchonoticias.com\/editor\/wp-content\/uploads\/2024\/02\/cropped-cropped-logolu.webp\",\"width\":382,\"height\":170,\"caption\":\"admin\"},\"logo\":{\"@id\":\"https:\/\/luchonoticias.com\/editor\/#\/schema\/person\/image\/\"},\"sameAs\":[\"https:\/\/www.facebook.com\/luchonoticiasneiva\"]},{\"@type\":\"Person\",\"@id\":\"https:\/\/luchonoticias.com\/editor\/#\/schema\/person\/29217990ddf6f14e35912b2866d591fb\",\"name\":\"Editor General\",\"image\":{\"@type\":\"ImageObject\",\"inLanguage\":\"es\",\"@id\":\"https:\/\/luchonoticias.com\/editor\/#\/schema\/person\/image\/\",\"url\":\"https:\/\/luchonoticias.com\/editor\/wp-content\/uploads\/2024\/02\/cropped-cropped-logolu-150x150.webp\",\"contentUrl\":\"https:\/\/luchonoticias.com\/editor\/wp-content\/uploads\/2024\/02\/cropped-cropped-logolu-150x150.webp\",\"caption\":\"Editor General\"},\"sameAs\":[\"https:\/\/luchonoticias.com\/\"],\"url\":\"https:\/\/luchonoticias.com\/editor\/author\/editor-general\/\"}]}<\/script>\n<!-- \/ Yoast SEO plugin. -->","yoast_head_json":{"title":"Iluminaci\u00f3n al polideportivo del barrio Timanco -","robots":{"index":"index","follow":"follow","max-snippet":"max-snippet:-1","max-image-preview":"max-image-preview:large","max-video-preview":"max-video-preview:-1"},"canonical":"https:\/\/luchonoticias.com\/editor\/iluminacion-al-polideportivo-del-barrio-timanco\/","og_locale":"es_ES","og_type":"article","og_title":"Iluminaci\u00f3n al polideportivo del barrio Timanco -","og_url":"https:\/\/luchonoticias.com\/editor\/iluminacion-al-polideportivo-del-barrio-timanco\/","article_publisher":"https:\/\/www.facebook.com\/luchonoticiasneiva","article_published_time":"2025-05-22T15:02:04+00:00","article_modified_time":"2025-05-22T15:02:06+00:00","og_image":[{"width":700,"height":400,"url":"https:\/\/luchonoticias.com\/editor\/wp-content\/uploads\/2025\/05\/polideportivo-timanco.jpg","type":"image\/jpeg"}],"author":"Editor General","twitter_card":"summary_large_image","twitter_misc":{"Escrito por":"Editor General","Tiempo de lectura":"2 minutos"},"schema":{"@context":"https:\/\/schema.org","@graph":[{"@type":"Article","@id":"https:\/\/luchonoticias.com\/editor\/iluminacion-al-polideportivo-del-barrio-timanco\/#article","isPartOf":{"@id":"https:\/\/luchonoticias.com\/editor\/iluminacion-al-polideportivo-del-barrio-timanco\/"},"author":{"name":"Editor General","@id":"https:\/\/luchonoticias.com\/editor\/#\/schema\/person\/29217990ddf6f14e35912b2866d591fb"},"headline":"Iluminaci\u00f3n al polideportivo del barrio Timanco","datePublished":"2025-05-22T15:02:04+00:00","dateModified":"2025-05-22T15:02:06+00:00","mainEntityOfPage":{"@id":"https:\/\/luchonoticias.com\/editor\/iluminacion-al-polideportivo-del-barrio-timanco\/"},"wordCount":255,"publisher":{"@id":"https:\/\/luchonoticias.com\/editor\/#\/schema\/person\/7a7fd911f58561fd056dbac7b55af9cd"},"image":{"@id":"https:\/\/luchonoticias.com\/editor\/iluminacion-al-polideportivo-del-barrio-timanco\/#primaryimage"},"thumbnailUrl":"https:\/\/luchonoticias.com\/editor\/wp-content\/uploads\/2025\/05\/polideportivo-timanco.jpg","articleSection":["Deportes"],"inLanguage":"es"},{"@type":"WebPage","@id":"https:\/\/luchonoticias.com\/editor\/iluminacion-al-polideportivo-del-barrio-timanco\/","url":"https:\/\/luchonoticias.com\/editor\/iluminacion-al-polideportivo-del-barrio-timanco\/","name":"Iluminaci\u00f3n al polideportivo del barrio Timanco -","isPartOf":{"@id":"https:\/\/luchonoticias.com\/editor\/#website"},"primaryImageOfPage":{"@id":"https:\/\/luchonoticias.com\/editor\/iluminacion-al-polideportivo-del-barrio-timanco\/#primaryimage"},"image":{"@id":"https:\/\/luchonoticias.com\/editor\/iluminacion-al-polideportivo-del-barrio-timanco\/#primaryimage"},"thumbnailUrl":"https:\/\/luchonoticias.com\/editor\/wp-content\/uploads\/2025\/05\/polideportivo-timanco.jpg","datePublished":"2025-05-22T15:02:04+00:00","dateModified":"2025-05-22T15:02:06+00:00","breadcrumb":{"@id":"https:\/\/luchonoticias.com\/editor\/iluminacion-al-polideportivo-del-barrio-timanco\/#breadcrumb"},"inLanguage":"es","potentialAction":[{"@type":"ReadAction","target":["https:\/\/luchonoticias.com\/editor\/iluminacion-al-polideportivo-del-barrio-timanco\/"]}]},{"@type":"ImageObject","inLanguage":"es","@id":"https:\/\/luchonoticias.com\/editor\/iluminacion-al-polideportivo-del-barrio-timanco\/#primaryimage","url":"https:\/\/luchonoticias.com\/editor\/wp-content\/uploads\/2025\/05\/polideportivo-timanco.jpg","contentUrl":"https:\/\/luchonoticias.com\/editor\/wp-content\/uploads\/2025\/05\/polideportivo-timanco.jpg","width":700,"height":400},{"@type":"BreadcrumbList","@id":"https:\/\/luchonoticias.com\/editor\/iluminacion-al-polideportivo-del-barrio-timanco\/#breadcrumb","itemListElement":[{"@type":"ListItem","position":1,"name":"Portada","item":"https:\/\/luchonoticias.com\/editor\/"},{"@type":"ListItem","position":2,"name":"Iluminaci\u00f3n al polideportivo del barrio Timanco"}]},{"@type":"WebSite","@id":"https:\/\/luchonoticias.com\/editor\/#website","url":"https:\/\/luchonoticias.com\/editor\/","name":"","description":"","publisher":{"@id":"https:\/\/luchonoticias.com\/editor\/#\/schema\/person\/7a7fd911f58561fd056dbac7b55af9cd"},"potentialAction":[{"@type":"SearchAction","target":{"@type":"EntryPoint","urlTemplate":"https:\/\/luchonoticias.com\/editor\/?s={search_term_string}"},"query-input":{"@type":"PropertyValueSpecification","valueRequired":true,"valueName":"search_term_string"}}],"inLanguage":"es"},{"@type":["Person","Organization"],"@id":"https:\/\/luchonoticias.com\/editor\/#\/schema\/person\/7a7fd911f58561fd056dbac7b55af9cd","name":"admin","image":{"@type":"ImageObject","inLanguage":"es","@id":"https:\/\/luchonoticias.com\/editor\/#\/schema\/person\/image\/","url":"https:\/\/luchonoticias.com\/editor\/wp-content\/uploads\/2024\/02\/cropped-cropped-logolu.webp","contentUrl":"https:\/\/luchonoticias.com\/editor\/wp-content\/uploads\/2024\/02\/cropped-cropped-logolu.webp","width":382,"height":170,"caption":"admin"},"logo":{"@id":"https:\/\/luchonoticias.com\/editor\/#\/schema\/person\/image\/"},"sameAs":["https:\/\/www.facebook.com\/luchonoticiasneiva"]},{"@type":"Person","@id":"https:\/\/luchonoticias.com\/editor\/#\/schema\/person\/29217990ddf6f14e35912b2866d591fb","name":"Editor General","image":{"@type":"ImageObject","inLanguage":"es","@id":"https:\/\/luchonoticias.com\/editor\/#\/schema\/person\/image\/","url":"https:\/\/luchonoticias.com\/editor\/wp-content\/uploads\/2024\/02\/cropped-cropped-logolu-150x150.webp","contentUrl":"https:\/\/luchonoticias.com\/editor\/wp-content\/uploads\/2024\/02\/cropped-cropped-logolu-150x150.webp","caption":"Editor General"},"sameAs":["https:\/\/luchonoticias.com\/"],"url":"https:\/\/luchonoticias.com\/editor\/author\/editor-general\/"}]}},"_links":{"self":[{"href":"https:\/\/luchonoticias.com\/editor\/wp-json\/wp\/v2\/posts\/83264","targetHints":{"allow":["GET"]}}],"collection":[{"href":"https:\/\/luchonoticias.com\/editor\/wp-json\/wp\/v2\/posts"}],"about":[{"href":"https:\/\/luchonoticias.com\/editor\/wp-json\/wp\/v2\/types\/post"}],"author":[{"embeddable":true,"href":"https:\/\/luchonoticias.com\/editor\/wp-json\/wp\/v2\/users\/2"}],"replies":[{"embeddable":true,"href":"https:\/\/luchonoticias.com\/editor\/wp-json\/wp\/v2\/comments?post=83264"}],"version-history":[{"count":1,"href":"https:\/\/luchonoticias.com\/editor\/wp-json\/wp\/v2\/posts\/83264\/revisions"}],"predecessor-version":[{"id":83267,"href":"https:\/\/luchonoticias.com\/editor\/wp-json\/wp\/v2\/posts\/83264\/revisions\/83267"}],"wp:featuredmedia":[{"embeddable":true,"href":"https:\/\/luchonoticias.com\/editor\/wp-json\/wp\/v2\/media\/83265"}],"wp:attachment":[{"href":"https:\/\/luchonoticias.com\/editor\/wp-json\/wp\/v2\/media?parent=83264"}],"wp:term":[{"taxonomy":"category","embeddable":true,"href":"https:\/\/luchonoticias.com\/editor\/wp-json\/wp\/v2\/categories?post=83264"},{"taxonomy":"post_tag","embeddable":true,"href":"https:\/\/luchonoticias.com\/editor\/wp-json\/wp\/v2\/tags?post=83264"}],"curies":[{"name":"wp","href":"https:\/\/api.w.org\/{rel}","templated":true}]}}