{"id":83440,"date":"2025-05-26T04:23:24","date_gmt":"2025-05-26T09:23:24","guid":{"rendered":"https:\/\/luchonoticias.com\/?p=83440"},"modified":"2025-05-26T04:23:26","modified_gmt":"2025-05-26T09:23:26","slug":"futbol-colombiano-y-sus-cuadrangulares-semifinales","status":"publish","type":"post","link":"https:\/\/luchonoticias.com\/editor\/futbol-colombiano-y-sus-cuadrangulares-semifinales\/","title":{"rendered":"F\u00fatbol colombiano y sus cuadrangulares semifinales"},"content":{"rendered":"\n<figure class=\"wp-block-image size-full\"><img loading=\"lazy\" decoding=\"async\" width=\"700\" height=\"400\" src=\"https:\/\/luchonoticias.com\/wp-content\/uploads\/2025\/05\/TROFEO-LIGA.jpg\" alt=\"\" class=\"wp-image-83441\" srcset=\"https:\/\/luchonoticias.com\/editor\/wp-content\/uploads\/2025\/05\/TROFEO-LIGA.jpg 700w, https:\/\/luchonoticias.com\/editor\/wp-content\/uploads\/2025\/05\/TROFEO-LIGA-300x171.jpg 300w\" sizes=\"auto, (max-width: 700px) 100vw, 700px\" \/><\/figure>\n\n\n\n<p>Concluida la fecha 20 del f\u00fatbol profesional colombiano, quedaron definidos los ocho equipos clasificados a los cuadrangulares semifinales del torneo. Am\u00e9rica de Cali y Millonarios terminaron primero y segundo en la tabla, asegurando el beneficio del punto invisible y la local\u00eda para la \u00faltima jornada.<\/p>\n\n\n\n<p>En una noche emocionante con siete partidos disputados en simult\u00e1neo, se confirm\u00f3 la clasificaci\u00f3n de los clubes que disputar\u00e1n el t\u00edtulo del FPC. La Dimayor realiz\u00f3 de inmediato el sorteo de los grupos, introduciendo un cambio importante en esta edici\u00f3n: los equipos entre la tercera y octava posici\u00f3n fueron sorteados sin importar su lugar espec\u00edfico en la tabla.<\/p>\n\n\n\n<p>Los grupos quedaron conformados de la siguiente manera:<\/p>\n\n\n\n<ul class=\"wp-block-list\">\n<li><strong>Grupo A:<\/strong> Am\u00e9rica de Cali, Deportes Tolima, Junior de Barranquilla, Independiente Medell\u00edn.<\/li>\n\n\n\n<li><strong>Grupo B:<\/strong> Millonarios, Atl\u00e9tico Nacional, Once Caldas, Santa Fe.<\/li>\n<\/ul>\n\n\n\n<p>Adem\u00e1s del punto invisible, Am\u00e9rica y Millonarios tendr\u00e1n la ventaja de cerrar los cuadrangulares como locales, jugando la fecha 6 en sus estadios: el Pascual Guerrero y El Camp\u00edn, respectivamente. Esta medida busca premiar su regularidad en el campeonato.<\/p>\n\n\n\n<p>La primera fecha se jugar\u00e1 as\u00ed:<\/p>\n\n\n\n<ul class=\"wp-block-list\">\n<li><strong>Grupo A:<\/strong> Junior vs. Tolima \/ DIM vs. Am\u00e9rica<\/li>\n\n\n\n<li><strong>Grupo B:<\/strong> Nacional vs. Once Caldas \/ Santa Fe vs. Millonarios<\/li>\n<\/ul>\n\n\n\n<p>Con estos emparejamientos, inicia una fase vibrante en la que los equipos buscar\u00e1n avanzar a la gran final del f\u00fatbol colombiano. La expectativa crece entre los aficionados, que sue\u00f1an con ver a su equipo pelear por la estrella de mitad de a\u00f1o.<\/p>\n\n\n\n<p><\/p>\n","protected":false},"excerpt":{"rendered":"<p>Concluida la fecha 20 del f\u00fatbol profesional colombiano, quedaron definidos los ocho equipos clasificados a los cuadrangulares semifinales del torneo. Am\u00e9rica de Cali y Millonarios terminaron primero y segundo en la tabla, asegurando el beneficio del punto invisible y la local\u00eda para la \u00faltima jornada. En una noche emocionante con siete partidos disputados en simult\u00e1neo, [&hellip;]<\/p>\n","protected":false},"author":2,"featured_media":83441,"comment_status":"closed","ping_status":"open","sticky":false,"template":"","format":"standard","meta":{"footnotes":""},"categories":[34],"tags":[],"class_list":["post-83440","post","type-post","status-publish","format-standard","has-post-thumbnail","hentry","category-deportes"],"yoast_head":"<!-- This site is optimized with the Yoast SEO plugin v26.6 - https:\/\/yoast.com\/wordpress\/plugins\/seo\/ -->\n<title>F\u00fatbol colombiano y sus cuadrangulares semifinales -<\/title>\n<meta name=\"robots\" content=\"index, follow, max-snippet:-1, max-image-preview:large, max-video-preview:-1\" \/>\n<link rel=\"canonical\" href=\"https:\/\/luchonoticias.com\/editor\/futbol-colombiano-y-sus-cuadrangulares-semifinales\/\" \/>\n<meta property=\"og:locale\" content=\"es_ES\" \/>\n<meta property=\"og:type\" content=\"article\" \/>\n<meta property=\"og:title\" content=\"F\u00fatbol colombiano y sus cuadrangulares semifinales -\" \/>\n<meta property=\"og:url\" content=\"https:\/\/luchonoticias.com\/editor\/futbol-colombiano-y-sus-cuadrangulares-semifinales\/\" \/>\n<meta property=\"article:publisher\" content=\"https:\/\/www.facebook.com\/luchonoticiasneiva\" \/>\n<meta property=\"article:published_time\" content=\"2025-05-26T09:23:24+00:00\" \/>\n<meta property=\"article:modified_time\" content=\"2025-05-26T09:23:26+00:00\" \/>\n<meta property=\"og:image\" content=\"https:\/\/luchonoticias.com\/editor\/wp-content\/uploads\/2025\/05\/TROFEO-LIGA.jpg\" \/>\n\t<meta property=\"og:image:width\" content=\"700\" \/>\n\t<meta property=\"og:image:height\" content=\"400\" \/>\n\t<meta property=\"og:image:type\" content=\"image\/jpeg\" \/>\n<meta name=\"author\" content=\"Editor General\" \/>\n<meta name=\"twitter:card\" content=\"summary_large_image\" \/>\n<meta name=\"twitter:label1\" content=\"Escrito por\" \/>\n\t<meta name=\"twitter:data1\" content=\"Editor General\" \/>\n\t<meta name=\"twitter:label2\" content=\"Tiempo de lectura\" \/>\n\t<meta name=\"twitter:data2\" content=\"2 minutos\" \/>\n<script type=\"application\/ld+json\" class=\"yoast-schema-graph\">{\"@context\":\"https:\/\/schema.org\",\"@graph\":[{\"@type\":\"Article\",\"@id\":\"https:\/\/luchonoticias.com\/editor\/futbol-colombiano-y-sus-cuadrangulares-semifinales\/#article\",\"isPartOf\":{\"@id\":\"https:\/\/luchonoticias.com\/editor\/futbol-colombiano-y-sus-cuadrangulares-semifinales\/\"},\"author\":{\"name\":\"Editor General\",\"@id\":\"https:\/\/luchonoticias.com\/editor\/#\/schema\/person\/29217990ddf6f14e35912b2866d591fb\"},\"headline\":\"F\u00fatbol colombiano y sus cuadrangulares semifinales\",\"datePublished\":\"2025-05-26T09:23:24+00:00\",\"dateModified\":\"2025-05-26T09:23:26+00:00\",\"mainEntityOfPage\":{\"@id\":\"https:\/\/luchonoticias.com\/editor\/futbol-colombiano-y-sus-cuadrangulares-semifinales\/\"},\"wordCount\":264,\"publisher\":{\"@id\":\"https:\/\/luchonoticias.com\/editor\/#\/schema\/person\/7a7fd911f58561fd056dbac7b55af9cd\"},\"image\":{\"@id\":\"https:\/\/luchonoticias.com\/editor\/futbol-colombiano-y-sus-cuadrangulares-semifinales\/#primaryimage\"},\"thumbnailUrl\":\"https:\/\/luchonoticias.com\/editor\/wp-content\/uploads\/2025\/05\/TROFEO-LIGA.jpg\",\"articleSection\":[\"Deportes\"],\"inLanguage\":\"es\"},{\"@type\":\"WebPage\",\"@id\":\"https:\/\/luchonoticias.com\/editor\/futbol-colombiano-y-sus-cuadrangulares-semifinales\/\",\"url\":\"https:\/\/luchonoticias.com\/editor\/futbol-colombiano-y-sus-cuadrangulares-semifinales\/\",\"name\":\"F\u00fatbol colombiano y sus cuadrangulares semifinales -\",\"isPartOf\":{\"@id\":\"https:\/\/luchonoticias.com\/editor\/#website\"},\"primaryImageOfPage\":{\"@id\":\"https:\/\/luchonoticias.com\/editor\/futbol-colombiano-y-sus-cuadrangulares-semifinales\/#primaryimage\"},\"image\":{\"@id\":\"https:\/\/luchonoticias.com\/editor\/futbol-colombiano-y-sus-cuadrangulares-semifinales\/#primaryimage\"},\"thumbnailUrl\":\"https:\/\/luchonoticias.com\/editor\/wp-content\/uploads\/2025\/05\/TROFEO-LIGA.jpg\",\"datePublished\":\"2025-05-26T09:23:24+00:00\",\"dateModified\":\"2025-05-26T09:23:26+00:00\",\"breadcrumb\":{\"@id\":\"https:\/\/luchonoticias.com\/editor\/futbol-colombiano-y-sus-cuadrangulares-semifinales\/#breadcrumb\"},\"inLanguage\":\"es\",\"potentialAction\":[{\"@type\":\"ReadAction\",\"target\":[\"https:\/\/luchonoticias.com\/editor\/futbol-colombiano-y-sus-cuadrangulares-semifinales\/\"]}]},{\"@type\":\"ImageObject\",\"inLanguage\":\"es\",\"@id\":\"https:\/\/luchonoticias.com\/editor\/futbol-colombiano-y-sus-cuadrangulares-semifinales\/#primaryimage\",\"url\":\"https:\/\/luchonoticias.com\/editor\/wp-content\/uploads\/2025\/05\/TROFEO-LIGA.jpg\",\"contentUrl\":\"https:\/\/luchonoticias.com\/editor\/wp-content\/uploads\/2025\/05\/TROFEO-LIGA.jpg\",\"width\":700,\"height\":400},{\"@type\":\"BreadcrumbList\",\"@id\":\"https:\/\/luchonoticias.com\/editor\/futbol-colombiano-y-sus-cuadrangulares-semifinales\/#breadcrumb\",\"itemListElement\":[{\"@type\":\"ListItem\",\"position\":1,\"name\":\"Portada\",\"item\":\"https:\/\/luchonoticias.com\/editor\/\"},{\"@type\":\"ListItem\",\"position\":2,\"name\":\"F\u00fatbol colombiano y sus cuadrangulares semifinales\"}]},{\"@type\":\"WebSite\",\"@id\":\"https:\/\/luchonoticias.com\/editor\/#website\",\"url\":\"https:\/\/luchonoticias.com\/editor\/\",\"name\":\"\",\"description\":\"\",\"publisher\":{\"@id\":\"https:\/\/luchonoticias.com\/editor\/#\/schema\/person\/7a7fd911f58561fd056dbac7b55af9cd\"},\"potentialAction\":[{\"@type\":\"SearchAction\",\"target\":{\"@type\":\"EntryPoint\",\"urlTemplate\":\"https:\/\/luchonoticias.com\/editor\/?s={search_term_string}\"},\"query-input\":{\"@type\":\"PropertyValueSpecification\",\"valueRequired\":true,\"valueName\":\"search_term_string\"}}],\"inLanguage\":\"es\"},{\"@type\":[\"Person\",\"Organization\"],\"@id\":\"https:\/\/luchonoticias.com\/editor\/#\/schema\/person\/7a7fd911f58561fd056dbac7b55af9cd\",\"name\":\"admin\",\"image\":{\"@type\":\"ImageObject\",\"inLanguage\":\"es\",\"@id\":\"https:\/\/luchonoticias.com\/editor\/#\/schema\/person\/image\/\",\"url\":\"https:\/\/luchonoticias.com\/editor\/wp-content\/uploads\/2024\/02\/cropped-cropped-logolu.webp\",\"contentUrl\":\"https:\/\/luchonoticias.com\/editor\/wp-content\/uploads\/2024\/02\/cropped-cropped-logolu.webp\",\"width\":382,\"height\":170,\"caption\":\"admin\"},\"logo\":{\"@id\":\"https:\/\/luchonoticias.com\/editor\/#\/schema\/person\/image\/\"},\"sameAs\":[\"https:\/\/www.facebook.com\/luchonoticiasneiva\"]},{\"@type\":\"Person\",\"@id\":\"https:\/\/luchonoticias.com\/editor\/#\/schema\/person\/29217990ddf6f14e35912b2866d591fb\",\"name\":\"Editor General\",\"image\":{\"@type\":\"ImageObject\",\"inLanguage\":\"es\",\"@id\":\"https:\/\/luchonoticias.com\/editor\/#\/schema\/person\/image\/\",\"url\":\"https:\/\/luchonoticias.com\/editor\/wp-content\/uploads\/2024\/02\/cropped-cropped-logolu-150x150.webp\",\"contentUrl\":\"https:\/\/luchonoticias.com\/editor\/wp-content\/uploads\/2024\/02\/cropped-cropped-logolu-150x150.webp\",\"caption\":\"Editor General\"},\"sameAs\":[\"https:\/\/luchonoticias.com\/\"],\"url\":\"https:\/\/luchonoticias.com\/editor\/author\/editor-general\/\"}]}<\/script>\n<!-- \/ Yoast SEO plugin. -->","yoast_head_json":{"title":"F\u00fatbol colombiano y sus cuadrangulares semifinales -","robots":{"index":"index","follow":"follow","max-snippet":"max-snippet:-1","max-image-preview":"max-image-preview:large","max-video-preview":"max-video-preview:-1"},"canonical":"https:\/\/luchonoticias.com\/editor\/futbol-colombiano-y-sus-cuadrangulares-semifinales\/","og_locale":"es_ES","og_type":"article","og_title":"F\u00fatbol colombiano y sus cuadrangulares semifinales -","og_url":"https:\/\/luchonoticias.com\/editor\/futbol-colombiano-y-sus-cuadrangulares-semifinales\/","article_publisher":"https:\/\/www.facebook.com\/luchonoticiasneiva","article_published_time":"2025-05-26T09:23:24+00:00","article_modified_time":"2025-05-26T09:23:26+00:00","og_image":[{"width":700,"height":400,"url":"https:\/\/luchonoticias.com\/editor\/wp-content\/uploads\/2025\/05\/TROFEO-LIGA.jpg","type":"image\/jpeg"}],"author":"Editor General","twitter_card":"summary_large_image","twitter_misc":{"Escrito por":"Editor General","Tiempo de lectura":"2 minutos"},"schema":{"@context":"https:\/\/schema.org","@graph":[{"@type":"Article","@id":"https:\/\/luchonoticias.com\/editor\/futbol-colombiano-y-sus-cuadrangulares-semifinales\/#article","isPartOf":{"@id":"https:\/\/luchonoticias.com\/editor\/futbol-colombiano-y-sus-cuadrangulares-semifinales\/"},"author":{"name":"Editor General","@id":"https:\/\/luchonoticias.com\/editor\/#\/schema\/person\/29217990ddf6f14e35912b2866d591fb"},"headline":"F\u00fatbol colombiano y sus cuadrangulares semifinales","datePublished":"2025-05-26T09:23:24+00:00","dateModified":"2025-05-26T09:23:26+00:00","mainEntityOfPage":{"@id":"https:\/\/luchonoticias.com\/editor\/futbol-colombiano-y-sus-cuadrangulares-semifinales\/"},"wordCount":264,"publisher":{"@id":"https:\/\/luchonoticias.com\/editor\/#\/schema\/person\/7a7fd911f58561fd056dbac7b55af9cd"},"image":{"@id":"https:\/\/luchonoticias.com\/editor\/futbol-colombiano-y-sus-cuadrangulares-semifinales\/#primaryimage"},"thumbnailUrl":"https:\/\/luchonoticias.com\/editor\/wp-content\/uploads\/2025\/05\/TROFEO-LIGA.jpg","articleSection":["Deportes"],"inLanguage":"es"},{"@type":"WebPage","@id":"https:\/\/luchonoticias.com\/editor\/futbol-colombiano-y-sus-cuadrangulares-semifinales\/","url":"https:\/\/luchonoticias.com\/editor\/futbol-colombiano-y-sus-cuadrangulares-semifinales\/","name":"F\u00fatbol colombiano y sus cuadrangulares semifinales -","isPartOf":{"@id":"https:\/\/luchonoticias.com\/editor\/#website"},"primaryImageOfPage":{"@id":"https:\/\/luchonoticias.com\/editor\/futbol-colombiano-y-sus-cuadrangulares-semifinales\/#primaryimage"},"image":{"@id":"https:\/\/luchonoticias.com\/editor\/futbol-colombiano-y-sus-cuadrangulares-semifinales\/#primaryimage"},"thumbnailUrl":"https:\/\/luchonoticias.com\/editor\/wp-content\/uploads\/2025\/05\/TROFEO-LIGA.jpg","datePublished":"2025-05-26T09:23:24+00:00","dateModified":"2025-05-26T09:23:26+00:00","breadcrumb":{"@id":"https:\/\/luchonoticias.com\/editor\/futbol-colombiano-y-sus-cuadrangulares-semifinales\/#breadcrumb"},"inLanguage":"es","potentialAction":[{"@type":"ReadAction","target":["https:\/\/luchonoticias.com\/editor\/futbol-colombiano-y-sus-cuadrangulares-semifinales\/"]}]},{"@type":"ImageObject","inLanguage":"es","@id":"https:\/\/luchonoticias.com\/editor\/futbol-colombiano-y-sus-cuadrangulares-semifinales\/#primaryimage","url":"https:\/\/luchonoticias.com\/editor\/wp-content\/uploads\/2025\/05\/TROFEO-LIGA.jpg","contentUrl":"https:\/\/luchonoticias.com\/editor\/wp-content\/uploads\/2025\/05\/TROFEO-LIGA.jpg","width":700,"height":400},{"@type":"BreadcrumbList","@id":"https:\/\/luchonoticias.com\/editor\/futbol-colombiano-y-sus-cuadrangulares-semifinales\/#breadcrumb","itemListElement":[{"@type":"ListItem","position":1,"name":"Portada","item":"https:\/\/luchonoticias.com\/editor\/"},{"@type":"ListItem","position":2,"name":"F\u00fatbol colombiano y sus cuadrangulares semifinales"}]},{"@type":"WebSite","@id":"https:\/\/luchonoticias.com\/editor\/#website","url":"https:\/\/luchonoticias.com\/editor\/","name":"","description":"","publisher":{"@id":"https:\/\/luchonoticias.com\/editor\/#\/schema\/person\/7a7fd911f58561fd056dbac7b55af9cd"},"potentialAction":[{"@type":"SearchAction","target":{"@type":"EntryPoint","urlTemplate":"https:\/\/luchonoticias.com\/editor\/?s={search_term_string}"},"query-input":{"@type":"PropertyValueSpecification","valueRequired":true,"valueName":"search_term_string"}}],"inLanguage":"es"},{"@type":["Person","Organization"],"@id":"https:\/\/luchonoticias.com\/editor\/#\/schema\/person\/7a7fd911f58561fd056dbac7b55af9cd","name":"admin","image":{"@type":"ImageObject","inLanguage":"es","@id":"https:\/\/luchonoticias.com\/editor\/#\/schema\/person\/image\/","url":"https:\/\/luchonoticias.com\/editor\/wp-content\/uploads\/2024\/02\/cropped-cropped-logolu.webp","contentUrl":"https:\/\/luchonoticias.com\/editor\/wp-content\/uploads\/2024\/02\/cropped-cropped-logolu.webp","width":382,"height":170,"caption":"admin"},"logo":{"@id":"https:\/\/luchonoticias.com\/editor\/#\/schema\/person\/image\/"},"sameAs":["https:\/\/www.facebook.com\/luchonoticiasneiva"]},{"@type":"Person","@id":"https:\/\/luchonoticias.com\/editor\/#\/schema\/person\/29217990ddf6f14e35912b2866d591fb","name":"Editor General","image":{"@type":"ImageObject","inLanguage":"es","@id":"https:\/\/luchonoticias.com\/editor\/#\/schema\/person\/image\/","url":"https:\/\/luchonoticias.com\/editor\/wp-content\/uploads\/2024\/02\/cropped-cropped-logolu-150x150.webp","contentUrl":"https:\/\/luchonoticias.com\/editor\/wp-content\/uploads\/2024\/02\/cropped-cropped-logolu-150x150.webp","caption":"Editor General"},"sameAs":["https:\/\/luchonoticias.com\/"],"url":"https:\/\/luchonoticias.com\/editor\/author\/editor-general\/"}]}},"_links":{"self":[{"href":"https:\/\/luchonoticias.com\/editor\/wp-json\/wp\/v2\/posts\/83440","targetHints":{"allow":["GET"]}}],"collection":[{"href":"https:\/\/luchonoticias.com\/editor\/wp-json\/wp\/v2\/posts"}],"about":[{"href":"https:\/\/luchonoticias.com\/editor\/wp-json\/wp\/v2\/types\/post"}],"author":[{"embeddable":true,"href":"https:\/\/luchonoticias.com\/editor\/wp-json\/wp\/v2\/users\/2"}],"replies":[{"embeddable":true,"href":"https:\/\/luchonoticias.com\/editor\/wp-json\/wp\/v2\/comments?post=83440"}],"version-history":[{"count":1,"href":"https:\/\/luchonoticias.com\/editor\/wp-json\/wp\/v2\/posts\/83440\/revisions"}],"predecessor-version":[{"id":83442,"href":"https:\/\/luchonoticias.com\/editor\/wp-json\/wp\/v2\/posts\/83440\/revisions\/83442"}],"wp:featuredmedia":[{"embeddable":true,"href":"https:\/\/luchonoticias.com\/editor\/wp-json\/wp\/v2\/media\/83441"}],"wp:attachment":[{"href":"https:\/\/luchonoticias.com\/editor\/wp-json\/wp\/v2\/media?parent=83440"}],"wp:term":[{"taxonomy":"category","embeddable":true,"href":"https:\/\/luchonoticias.com\/editor\/wp-json\/wp\/v2\/categories?post=83440"},{"taxonomy":"post_tag","embeddable":true,"href":"https:\/\/luchonoticias.com\/editor\/wp-json\/wp\/v2\/tags?post=83440"}],"curies":[{"name":"wp","href":"https:\/\/api.w.org\/{rel}","templated":true}]}}