{"id":83507,"date":"2025-05-27T11:44:59","date_gmt":"2025-05-27T16:44:59","guid":{"rendered":"https:\/\/luchonoticias.com\/?p=83507"},"modified":"2025-05-27T11:45:00","modified_gmt":"2025-05-27T16:45:00","slug":"mas-candidatas-al-reinado-nacional-y-departamental-del-bambuco","status":"publish","type":"post","link":"https:\/\/luchonoticias.com\/editor\/mas-candidatas-al-reinado-nacional-y-departamental-del-bambuco\/","title":{"rendered":"M\u00e1s candidatas al Reinado Nacional y Departamental del Bambuco"},"content":{"rendered":"\n<figure class=\"wp-block-image size-full\"><img loading=\"lazy\" decoding=\"async\" width=\"700\" height=\"400\" src=\"https:\/\/luchonoticias.com\/wp-content\/uploads\/2025\/05\/CANDIDATAS-27-DE-MAYO.jpg\" alt=\"\" class=\"wp-image-83508\" srcset=\"https:\/\/luchonoticias.com\/editor\/wp-content\/uploads\/2025\/05\/CANDIDATAS-27-DE-MAYO.jpg 700w, https:\/\/luchonoticias.com\/editor\/wp-content\/uploads\/2025\/05\/CANDIDATAS-27-DE-MAYO-300x171.jpg 300w\" sizes=\"auto, (max-width: 700px) 100vw, 700px\" \/><\/figure>\n\n\n\n<p>Cinco nuevas candidatas se sumaron oficialmente al Reinado Departamental y Nacional del Bambuco 2025, en una jornada llena de folclor celebrada en Neiva. Las participantes representan a los municipios de N\u00e1taga, La Plata, Risaralda, San Agust\u00edn y al departamento de Norte de Santander.<\/p>\n\n\n\n<p>Con estas nuevas inscripciones, ya son 19 las candidatas al Reinado Departamental y 15 al Nacional, lo que evidencia el creciente inter\u00e9s por este certamen que exalta la identidad huilense y promueve la integraci\u00f3n cultural del pa\u00eds.<\/p>\n\n\n\n<p>Las j\u00f3venes Daian D\u00edaz, Laura C\u00e1ceres, Valeria Moreno, Solunmty Campos e Ingrid Ibarra, ser\u00e1n embajadoras del Sanjuanero Huilense y de las tradiciones locales, llevando con orgullo la riqueza folcl\u00f3rica de sus regiones al escenario del Festival.<\/p>\n\n\n\n<figure class=\"wp-block-gallery has-nested-images columns-default is-cropped wp-block-gallery-1 is-layout-flex wp-block-gallery-is-layout-flex\">\n<figure class=\"wp-block-image size-large\"><img loading=\"lazy\" decoding=\"async\" width=\"1024\" height=\"639\" data-id=\"83509\" src=\"https:\/\/luchonoticias.com\/wp-content\/uploads\/2025\/05\/Imagen-de-WhatsApp-2025-05-27-a-las-11.17.42_9a3ca7f0-1024x639.jpg\" alt=\"\" class=\"wp-image-83509\" srcset=\"https:\/\/luchonoticias.com\/editor\/wp-content\/uploads\/2025\/05\/Imagen-de-WhatsApp-2025-05-27-a-las-11.17.42_9a3ca7f0-1024x639.jpg 1024w, https:\/\/luchonoticias.com\/editor\/wp-content\/uploads\/2025\/05\/Imagen-de-WhatsApp-2025-05-27-a-las-11.17.42_9a3ca7f0-300x187.jpg 300w, https:\/\/luchonoticias.com\/editor\/wp-content\/uploads\/2025\/05\/Imagen-de-WhatsApp-2025-05-27-a-las-11.17.42_9a3ca7f0-768x479.jpg 768w, https:\/\/luchonoticias.com\/editor\/wp-content\/uploads\/2025\/05\/Imagen-de-WhatsApp-2025-05-27-a-las-11.17.42_9a3ca7f0.jpg 1280w\" sizes=\"auto, (max-width: 1024px) 100vw, 1024px\" \/><\/figure>\n\n\n\n<figure class=\"wp-block-image size-large\"><img loading=\"lazy\" decoding=\"async\" width=\"1024\" height=\"683\" data-id=\"83510\" src=\"https:\/\/luchonoticias.com\/wp-content\/uploads\/2025\/05\/Imagen-de-WhatsApp-2025-05-27-a-las-11.17.21_633940ef-1024x683.jpg\" alt=\"\" class=\"wp-image-83510\" srcset=\"https:\/\/luchonoticias.com\/editor\/wp-content\/uploads\/2025\/05\/Imagen-de-WhatsApp-2025-05-27-a-las-11.17.21_633940ef-1024x683.jpg 1024w, https:\/\/luchonoticias.com\/editor\/wp-content\/uploads\/2025\/05\/Imagen-de-WhatsApp-2025-05-27-a-las-11.17.21_633940ef-300x200.jpg 300w, https:\/\/luchonoticias.com\/editor\/wp-content\/uploads\/2025\/05\/Imagen-de-WhatsApp-2025-05-27-a-las-11.17.21_633940ef-768x512.jpg 768w, https:\/\/luchonoticias.com\/editor\/wp-content\/uploads\/2025\/05\/Imagen-de-WhatsApp-2025-05-27-a-las-11.17.21_633940ef.jpg 1500w\" sizes=\"auto, (max-width: 1024px) 100vw, 1024px\" \/><\/figure>\n<\/figure>\n\n\n\n<p>Las candidatas resaltaron el valor del evento para la promoci\u00f3n del patrimonio regional. Desde La Plata hasta San Agust\u00edn, invitaron a colombianos y turistas a disfrutar del folclor, la gastronom\u00eda y las festividades que hacen del Huila la cuna del Sanjuanero.<\/p>\n\n\n\n<p>El Festival del Bambuco en San Juan y San Pedro se consolida como una de las celebraciones m\u00e1s importantes de Colombia. Las inscripciones siguen abiertas y se espera una participaci\u00f3n hist\u00f3rica este 2025. M\u00e1s detalles en <a class=\"\" href=\"http:\/\/www.corposanpedro.org\">www.corposanpedro.org<\/a>.<\/p>\n\n\n\n<p><\/p>\n","protected":false},"excerpt":{"rendered":"<p>Cinco nuevas candidatas se sumaron oficialmente al Reinado Departamental y Nacional del Bambuco 2025, en una jornada llena de folclor celebrada en Neiva. Las participantes representan a los municipios de N\u00e1taga, La Plata, Risaralda, San Agust\u00edn y al departamento de Norte de Santander. Con estas nuevas inscripciones, ya son 19 las candidatas al Reinado Departamental [&hellip;]<\/p>\n","protected":false},"author":2,"featured_media":83508,"comment_status":"closed","ping_status":"open","sticky":false,"template":"","format":"standard","meta":{"footnotes":""},"categories":[33],"tags":[],"class_list":["post-83507","post","type-post","status-publish","format-standard","has-post-thumbnail","hentry","category-huila"],"yoast_head":"<!-- This site is optimized with the Yoast SEO plugin v26.6 - https:\/\/yoast.com\/wordpress\/plugins\/seo\/ -->\n<title>M\u00e1s candidatas al Reinado Nacional y Departamental del Bambuco -<\/title>\n<meta name=\"robots\" content=\"index, follow, max-snippet:-1, max-image-preview:large, max-video-preview:-1\" \/>\n<link rel=\"canonical\" href=\"https:\/\/luchonoticias.com\/editor\/mas-candidatas-al-reinado-nacional-y-departamental-del-bambuco\/\" \/>\n<meta property=\"og:locale\" content=\"es_ES\" \/>\n<meta property=\"og:type\" content=\"article\" \/>\n<meta property=\"og:title\" content=\"M\u00e1s candidatas al Reinado Nacional y Departamental del Bambuco -\" \/>\n<meta property=\"og:url\" content=\"https:\/\/luchonoticias.com\/editor\/mas-candidatas-al-reinado-nacional-y-departamental-del-bambuco\/\" \/>\n<meta property=\"article:publisher\" content=\"https:\/\/www.facebook.com\/luchonoticiasneiva\" \/>\n<meta property=\"article:published_time\" content=\"2025-05-27T16:44:59+00:00\" \/>\n<meta property=\"article:modified_time\" content=\"2025-05-27T16:45:00+00:00\" \/>\n<meta property=\"og:image\" content=\"https:\/\/luchonoticias.com\/editor\/wp-content\/uploads\/2025\/05\/CANDIDATAS-27-DE-MAYO.jpg\" \/>\n\t<meta property=\"og:image:width\" content=\"700\" \/>\n\t<meta property=\"og:image:height\" content=\"400\" \/>\n\t<meta property=\"og:image:type\" content=\"image\/jpeg\" \/>\n<meta name=\"author\" content=\"Editor General\" \/>\n<meta name=\"twitter:card\" content=\"summary_large_image\" \/>\n<meta name=\"twitter:label1\" content=\"Escrito por\" \/>\n\t<meta name=\"twitter:data1\" content=\"Editor General\" \/>\n\t<meta name=\"twitter:label2\" content=\"Tiempo de lectura\" \/>\n\t<meta name=\"twitter:data2\" content=\"2 minutos\" \/>\n<script type=\"application\/ld+json\" class=\"yoast-schema-graph\">{\"@context\":\"https:\/\/schema.org\",\"@graph\":[{\"@type\":\"Article\",\"@id\":\"https:\/\/luchonoticias.com\/editor\/mas-candidatas-al-reinado-nacional-y-departamental-del-bambuco\/#article\",\"isPartOf\":{\"@id\":\"https:\/\/luchonoticias.com\/editor\/mas-candidatas-al-reinado-nacional-y-departamental-del-bambuco\/\"},\"author\":{\"name\":\"Editor General\",\"@id\":\"https:\/\/luchonoticias.com\/editor\/#\/schema\/person\/29217990ddf6f14e35912b2866d591fb\"},\"headline\":\"M\u00e1s candidatas al Reinado Nacional y Departamental del Bambuco\",\"datePublished\":\"2025-05-27T16:44:59+00:00\",\"dateModified\":\"2025-05-27T16:45:00+00:00\",\"mainEntityOfPage\":{\"@id\":\"https:\/\/luchonoticias.com\/editor\/mas-candidatas-al-reinado-nacional-y-departamental-del-bambuco\/\"},\"wordCount\":219,\"publisher\":{\"@id\":\"https:\/\/luchonoticias.com\/editor\/#\/schema\/person\/7a7fd911f58561fd056dbac7b55af9cd\"},\"image\":{\"@id\":\"https:\/\/luchonoticias.com\/editor\/mas-candidatas-al-reinado-nacional-y-departamental-del-bambuco\/#primaryimage\"},\"thumbnailUrl\":\"https:\/\/luchonoticias.com\/editor\/wp-content\/uploads\/2025\/05\/CANDIDATAS-27-DE-MAYO.jpg\",\"articleSection\":[\"Huila\"],\"inLanguage\":\"es\"},{\"@type\":\"WebPage\",\"@id\":\"https:\/\/luchonoticias.com\/editor\/mas-candidatas-al-reinado-nacional-y-departamental-del-bambuco\/\",\"url\":\"https:\/\/luchonoticias.com\/editor\/mas-candidatas-al-reinado-nacional-y-departamental-del-bambuco\/\",\"name\":\"M\u00e1s candidatas al Reinado Nacional y Departamental del Bambuco -\",\"isPartOf\":{\"@id\":\"https:\/\/luchonoticias.com\/editor\/#website\"},\"primaryImageOfPage\":{\"@id\":\"https:\/\/luchonoticias.com\/editor\/mas-candidatas-al-reinado-nacional-y-departamental-del-bambuco\/#primaryimage\"},\"image\":{\"@id\":\"https:\/\/luchonoticias.com\/editor\/mas-candidatas-al-reinado-nacional-y-departamental-del-bambuco\/#primaryimage\"},\"thumbnailUrl\":\"https:\/\/luchonoticias.com\/editor\/wp-content\/uploads\/2025\/05\/CANDIDATAS-27-DE-MAYO.jpg\",\"datePublished\":\"2025-05-27T16:44:59+00:00\",\"dateModified\":\"2025-05-27T16:45:00+00:00\",\"breadcrumb\":{\"@id\":\"https:\/\/luchonoticias.com\/editor\/mas-candidatas-al-reinado-nacional-y-departamental-del-bambuco\/#breadcrumb\"},\"inLanguage\":\"es\",\"potentialAction\":[{\"@type\":\"ReadAction\",\"target\":[\"https:\/\/luchonoticias.com\/editor\/mas-candidatas-al-reinado-nacional-y-departamental-del-bambuco\/\"]}]},{\"@type\":\"ImageObject\",\"inLanguage\":\"es\",\"@id\":\"https:\/\/luchonoticias.com\/editor\/mas-candidatas-al-reinado-nacional-y-departamental-del-bambuco\/#primaryimage\",\"url\":\"https:\/\/luchonoticias.com\/editor\/wp-content\/uploads\/2025\/05\/CANDIDATAS-27-DE-MAYO.jpg\",\"contentUrl\":\"https:\/\/luchonoticias.com\/editor\/wp-content\/uploads\/2025\/05\/CANDIDATAS-27-DE-MAYO.jpg\",\"width\":700,\"height\":400},{\"@type\":\"BreadcrumbList\",\"@id\":\"https:\/\/luchonoticias.com\/editor\/mas-candidatas-al-reinado-nacional-y-departamental-del-bambuco\/#breadcrumb\",\"itemListElement\":[{\"@type\":\"ListItem\",\"position\":1,\"name\":\"Portada\",\"item\":\"https:\/\/luchonoticias.com\/editor\/\"},{\"@type\":\"ListItem\",\"position\":2,\"name\":\"M\u00e1s candidatas al Reinado Nacional y Departamental del Bambuco\"}]},{\"@type\":\"WebSite\",\"@id\":\"https:\/\/luchonoticias.com\/editor\/#website\",\"url\":\"https:\/\/luchonoticias.com\/editor\/\",\"name\":\"\",\"description\":\"\",\"publisher\":{\"@id\":\"https:\/\/luchonoticias.com\/editor\/#\/schema\/person\/7a7fd911f58561fd056dbac7b55af9cd\"},\"potentialAction\":[{\"@type\":\"SearchAction\",\"target\":{\"@type\":\"EntryPoint\",\"urlTemplate\":\"https:\/\/luchonoticias.com\/editor\/?s={search_term_string}\"},\"query-input\":{\"@type\":\"PropertyValueSpecification\",\"valueRequired\":true,\"valueName\":\"search_term_string\"}}],\"inLanguage\":\"es\"},{\"@type\":[\"Person\",\"Organization\"],\"@id\":\"https:\/\/luchonoticias.com\/editor\/#\/schema\/person\/7a7fd911f58561fd056dbac7b55af9cd\",\"name\":\"admin\",\"image\":{\"@type\":\"ImageObject\",\"inLanguage\":\"es\",\"@id\":\"https:\/\/luchonoticias.com\/editor\/#\/schema\/person\/image\/\",\"url\":\"https:\/\/luchonoticias.com\/editor\/wp-content\/uploads\/2024\/02\/cropped-cropped-logolu.webp\",\"contentUrl\":\"https:\/\/luchonoticias.com\/editor\/wp-content\/uploads\/2024\/02\/cropped-cropped-logolu.webp\",\"width\":382,\"height\":170,\"caption\":\"admin\"},\"logo\":{\"@id\":\"https:\/\/luchonoticias.com\/editor\/#\/schema\/person\/image\/\"},\"sameAs\":[\"https:\/\/www.facebook.com\/luchonoticiasneiva\"]},{\"@type\":\"Person\",\"@id\":\"https:\/\/luchonoticias.com\/editor\/#\/schema\/person\/29217990ddf6f14e35912b2866d591fb\",\"name\":\"Editor General\",\"image\":{\"@type\":\"ImageObject\",\"inLanguage\":\"es\",\"@id\":\"https:\/\/luchonoticias.com\/editor\/#\/schema\/person\/image\/\",\"url\":\"https:\/\/luchonoticias.com\/editor\/wp-content\/uploads\/2024\/02\/cropped-cropped-logolu-150x150.webp\",\"contentUrl\":\"https:\/\/luchonoticias.com\/editor\/wp-content\/uploads\/2024\/02\/cropped-cropped-logolu-150x150.webp\",\"caption\":\"Editor General\"},\"sameAs\":[\"https:\/\/luchonoticias.com\/\"],\"url\":\"https:\/\/luchonoticias.com\/editor\/author\/editor-general\/\"}]}<\/script>\n<!-- \/ Yoast SEO plugin. -->","yoast_head_json":{"title":"M\u00e1s candidatas al Reinado Nacional y Departamental del Bambuco -","robots":{"index":"index","follow":"follow","max-snippet":"max-snippet:-1","max-image-preview":"max-image-preview:large","max-video-preview":"max-video-preview:-1"},"canonical":"https:\/\/luchonoticias.com\/editor\/mas-candidatas-al-reinado-nacional-y-departamental-del-bambuco\/","og_locale":"es_ES","og_type":"article","og_title":"M\u00e1s candidatas al Reinado Nacional y Departamental del Bambuco -","og_url":"https:\/\/luchonoticias.com\/editor\/mas-candidatas-al-reinado-nacional-y-departamental-del-bambuco\/","article_publisher":"https:\/\/www.facebook.com\/luchonoticiasneiva","article_published_time":"2025-05-27T16:44:59+00:00","article_modified_time":"2025-05-27T16:45:00+00:00","og_image":[{"width":700,"height":400,"url":"https:\/\/luchonoticias.com\/editor\/wp-content\/uploads\/2025\/05\/CANDIDATAS-27-DE-MAYO.jpg","type":"image\/jpeg"}],"author":"Editor General","twitter_card":"summary_large_image","twitter_misc":{"Escrito por":"Editor General","Tiempo de lectura":"2 minutos"},"schema":{"@context":"https:\/\/schema.org","@graph":[{"@type":"Article","@id":"https:\/\/luchonoticias.com\/editor\/mas-candidatas-al-reinado-nacional-y-departamental-del-bambuco\/#article","isPartOf":{"@id":"https:\/\/luchonoticias.com\/editor\/mas-candidatas-al-reinado-nacional-y-departamental-del-bambuco\/"},"author":{"name":"Editor General","@id":"https:\/\/luchonoticias.com\/editor\/#\/schema\/person\/29217990ddf6f14e35912b2866d591fb"},"headline":"M\u00e1s candidatas al Reinado Nacional y Departamental del Bambuco","datePublished":"2025-05-27T16:44:59+00:00","dateModified":"2025-05-27T16:45:00+00:00","mainEntityOfPage":{"@id":"https:\/\/luchonoticias.com\/editor\/mas-candidatas-al-reinado-nacional-y-departamental-del-bambuco\/"},"wordCount":219,"publisher":{"@id":"https:\/\/luchonoticias.com\/editor\/#\/schema\/person\/7a7fd911f58561fd056dbac7b55af9cd"},"image":{"@id":"https:\/\/luchonoticias.com\/editor\/mas-candidatas-al-reinado-nacional-y-departamental-del-bambuco\/#primaryimage"},"thumbnailUrl":"https:\/\/luchonoticias.com\/editor\/wp-content\/uploads\/2025\/05\/CANDIDATAS-27-DE-MAYO.jpg","articleSection":["Huila"],"inLanguage":"es"},{"@type":"WebPage","@id":"https:\/\/luchonoticias.com\/editor\/mas-candidatas-al-reinado-nacional-y-departamental-del-bambuco\/","url":"https:\/\/luchonoticias.com\/editor\/mas-candidatas-al-reinado-nacional-y-departamental-del-bambuco\/","name":"M\u00e1s candidatas al Reinado Nacional y Departamental del Bambuco -","isPartOf":{"@id":"https:\/\/luchonoticias.com\/editor\/#website"},"primaryImageOfPage":{"@id":"https:\/\/luchonoticias.com\/editor\/mas-candidatas-al-reinado-nacional-y-departamental-del-bambuco\/#primaryimage"},"image":{"@id":"https:\/\/luchonoticias.com\/editor\/mas-candidatas-al-reinado-nacional-y-departamental-del-bambuco\/#primaryimage"},"thumbnailUrl":"https:\/\/luchonoticias.com\/editor\/wp-content\/uploads\/2025\/05\/CANDIDATAS-27-DE-MAYO.jpg","datePublished":"2025-05-27T16:44:59+00:00","dateModified":"2025-05-27T16:45:00+00:00","breadcrumb":{"@id":"https:\/\/luchonoticias.com\/editor\/mas-candidatas-al-reinado-nacional-y-departamental-del-bambuco\/#breadcrumb"},"inLanguage":"es","potentialAction":[{"@type":"ReadAction","target":["https:\/\/luchonoticias.com\/editor\/mas-candidatas-al-reinado-nacional-y-departamental-del-bambuco\/"]}]},{"@type":"ImageObject","inLanguage":"es","@id":"https:\/\/luchonoticias.com\/editor\/mas-candidatas-al-reinado-nacional-y-departamental-del-bambuco\/#primaryimage","url":"https:\/\/luchonoticias.com\/editor\/wp-content\/uploads\/2025\/05\/CANDIDATAS-27-DE-MAYO.jpg","contentUrl":"https:\/\/luchonoticias.com\/editor\/wp-content\/uploads\/2025\/05\/CANDIDATAS-27-DE-MAYO.jpg","width":700,"height":400},{"@type":"BreadcrumbList","@id":"https:\/\/luchonoticias.com\/editor\/mas-candidatas-al-reinado-nacional-y-departamental-del-bambuco\/#breadcrumb","itemListElement":[{"@type":"ListItem","position":1,"name":"Portada","item":"https:\/\/luchonoticias.com\/editor\/"},{"@type":"ListItem","position":2,"name":"M\u00e1s candidatas al Reinado Nacional y Departamental del Bambuco"}]},{"@type":"WebSite","@id":"https:\/\/luchonoticias.com\/editor\/#website","url":"https:\/\/luchonoticias.com\/editor\/","name":"","description":"","publisher":{"@id":"https:\/\/luchonoticias.com\/editor\/#\/schema\/person\/7a7fd911f58561fd056dbac7b55af9cd"},"potentialAction":[{"@type":"SearchAction","target":{"@type":"EntryPoint","urlTemplate":"https:\/\/luchonoticias.com\/editor\/?s={search_term_string}"},"query-input":{"@type":"PropertyValueSpecification","valueRequired":true,"valueName":"search_term_string"}}],"inLanguage":"es"},{"@type":["Person","Organization"],"@id":"https:\/\/luchonoticias.com\/editor\/#\/schema\/person\/7a7fd911f58561fd056dbac7b55af9cd","name":"admin","image":{"@type":"ImageObject","inLanguage":"es","@id":"https:\/\/luchonoticias.com\/editor\/#\/schema\/person\/image\/","url":"https:\/\/luchonoticias.com\/editor\/wp-content\/uploads\/2024\/02\/cropped-cropped-logolu.webp","contentUrl":"https:\/\/luchonoticias.com\/editor\/wp-content\/uploads\/2024\/02\/cropped-cropped-logolu.webp","width":382,"height":170,"caption":"admin"},"logo":{"@id":"https:\/\/luchonoticias.com\/editor\/#\/schema\/person\/image\/"},"sameAs":["https:\/\/www.facebook.com\/luchonoticiasneiva"]},{"@type":"Person","@id":"https:\/\/luchonoticias.com\/editor\/#\/schema\/person\/29217990ddf6f14e35912b2866d591fb","name":"Editor General","image":{"@type":"ImageObject","inLanguage":"es","@id":"https:\/\/luchonoticias.com\/editor\/#\/schema\/person\/image\/","url":"https:\/\/luchonoticias.com\/editor\/wp-content\/uploads\/2024\/02\/cropped-cropped-logolu-150x150.webp","contentUrl":"https:\/\/luchonoticias.com\/editor\/wp-content\/uploads\/2024\/02\/cropped-cropped-logolu-150x150.webp","caption":"Editor General"},"sameAs":["https:\/\/luchonoticias.com\/"],"url":"https:\/\/luchonoticias.com\/editor\/author\/editor-general\/"}]}},"_links":{"self":[{"href":"https:\/\/luchonoticias.com\/editor\/wp-json\/wp\/v2\/posts\/83507","targetHints":{"allow":["GET"]}}],"collection":[{"href":"https:\/\/luchonoticias.com\/editor\/wp-json\/wp\/v2\/posts"}],"about":[{"href":"https:\/\/luchonoticias.com\/editor\/wp-json\/wp\/v2\/types\/post"}],"author":[{"embeddable":true,"href":"https:\/\/luchonoticias.com\/editor\/wp-json\/wp\/v2\/users\/2"}],"replies":[{"embeddable":true,"href":"https:\/\/luchonoticias.com\/editor\/wp-json\/wp\/v2\/comments?post=83507"}],"version-history":[{"count":1,"href":"https:\/\/luchonoticias.com\/editor\/wp-json\/wp\/v2\/posts\/83507\/revisions"}],"predecessor-version":[{"id":83511,"href":"https:\/\/luchonoticias.com\/editor\/wp-json\/wp\/v2\/posts\/83507\/revisions\/83511"}],"wp:featuredmedia":[{"embeddable":true,"href":"https:\/\/luchonoticias.com\/editor\/wp-json\/wp\/v2\/media\/83508"}],"wp:attachment":[{"href":"https:\/\/luchonoticias.com\/editor\/wp-json\/wp\/v2\/media?parent=83507"}],"wp:term":[{"taxonomy":"category","embeddable":true,"href":"https:\/\/luchonoticias.com\/editor\/wp-json\/wp\/v2\/categories?post=83507"},{"taxonomy":"post_tag","embeddable":true,"href":"https:\/\/luchonoticias.com\/editor\/wp-json\/wp\/v2\/tags?post=83507"}],"curies":[{"name":"wp","href":"https:\/\/api.w.org\/{rel}","templated":true}]}}