{"id":83529,"date":"2025-05-27T17:31:54","date_gmt":"2025-05-27T22:31:54","guid":{"rendered":"https:\/\/luchonoticias.com\/?p=83529"},"modified":"2025-05-27T17:31:56","modified_gmt":"2025-05-27T22:31:56","slug":"comfamiliar-huila-y-su-mas-importante-proyecto-de-vivienda","status":"publish","type":"post","link":"https:\/\/luchonoticias.com\/editor\/comfamiliar-huila-y-su-mas-importante-proyecto-de-vivienda\/","title":{"rendered":"Comfamiliar Huila y su m\u00e1s importante proyecto de vivienda"},"content":{"rendered":"\n<figure class=\"wp-block-image size-full\"><img loading=\"lazy\" decoding=\"async\" width=\"700\" height=\"400\" src=\"https:\/\/luchonoticias.com\/wp-content\/uploads\/2025\/05\/PROYECTO-DE-VIVIENDA.jpg\" alt=\"\" class=\"wp-image-83530\" srcset=\"https:\/\/luchonoticias.com\/editor\/wp-content\/uploads\/2025\/05\/PROYECTO-DE-VIVIENDA.jpg 700w, https:\/\/luchonoticias.com\/editor\/wp-content\/uploads\/2025\/05\/PROYECTO-DE-VIVIENDA-300x171.jpg 300w\" sizes=\"auto, (max-width: 700px) 100vw, 700px\" \/><\/figure>\n\n\n\n<p>La Caja de Compensaci\u00f3n Familiar del Huila anunci\u00f3 el inicio oficial de ventas de su proyecto de vivienda \u201cCiudadela de la Felicidad\u201d, que ofrecer\u00e1 soluciones habitacionales dignas para afiliados en Neiva. El plan contempla casas de inter\u00e9s social (VIS) y apartamentos de inter\u00e9s prioritario (VIP), dise\u00f1ados para mejorar la calidad de vida de cientos de familias.<\/p>\n\n\n\n<p>Las casas VIS son 112 unidades de dos pisos con 72.88 m\u00b2, entregadas en obra gris y valoradas en 135 salarios m\u00ednimos. Incluyen sala-comedor, cocina, ba\u00f1o social, patio y dos habitaciones con ba\u00f1o completo en el segundo nivel. La urbanizaci\u00f3n es de tipo abierto.<\/p>\n\n\n\n<p>Los apartamentos VIP suman 320 unidades distribuidas en 16 torres de cinco pisos, cada una con 20 apartamentos de 55.34 m\u00b2. Est\u00e1n valorados en 90 salarios m\u00ednimos y contar\u00e1n con tres habitaciones, una de ellas con ba\u00f1o privado, zonas comunes como piscina, polideportivo, sal\u00f3n social y parqueaderos.<\/p>\n\n\n\n<p>Ambos tipos de vivienda se entregar\u00e1n en 2026 y est\u00e1n dise\u00f1ados para brindar funcionalidad, bienestar y acceso real a vivienda propia. La iniciativa destaca por su enfoque integral y proyecci\u00f3n social.<\/p>\n\n\n\n<p>\u201cEl bienestar de nuestros afiliados es nuestra prioridad. Esta Caja le pertenece a su gente\u201d, afirm\u00f3 Juan Carlos Carvajal Rodr\u00edguez, director de Comfamiliar. Los interesados pueden obtener m\u00e1s informaci\u00f3n en la sala de ventas de la C\u00e1mara de Comercio de Huila o llamando al 301 111 0696.<\/p>\n\n\n\n<p><\/p>\n","protected":false},"excerpt":{"rendered":"<p>La Caja de Compensaci\u00f3n Familiar del Huila anunci\u00f3 el inicio oficial de ventas de su proyecto de vivienda \u201cCiudadela de la Felicidad\u201d, que ofrecer\u00e1 soluciones habitacionales dignas para afiliados en Neiva. El plan contempla casas de inter\u00e9s social (VIS) y apartamentos de inter\u00e9s prioritario (VIP), dise\u00f1ados para mejorar la calidad de vida de cientos de [&hellip;]<\/p>\n","protected":false},"author":2,"featured_media":83530,"comment_status":"closed","ping_status":"open","sticky":false,"template":"","format":"standard","meta":{"footnotes":""},"categories":[33],"tags":[],"class_list":["post-83529","post","type-post","status-publish","format-standard","has-post-thumbnail","hentry","category-huila"],"yoast_head":"<!-- This site is optimized with the Yoast SEO plugin v26.6 - https:\/\/yoast.com\/wordpress\/plugins\/seo\/ -->\n<title>Comfamiliar Huila y su m\u00e1s importante proyecto de vivienda -<\/title>\n<meta name=\"robots\" content=\"index, follow, max-snippet:-1, max-image-preview:large, max-video-preview:-1\" \/>\n<link rel=\"canonical\" href=\"https:\/\/luchonoticias.com\/editor\/comfamiliar-huila-y-su-mas-importante-proyecto-de-vivienda\/\" \/>\n<meta property=\"og:locale\" content=\"es_ES\" \/>\n<meta property=\"og:type\" content=\"article\" \/>\n<meta property=\"og:title\" content=\"Comfamiliar Huila y su m\u00e1s importante proyecto de vivienda -\" \/>\n<meta property=\"og:url\" content=\"https:\/\/luchonoticias.com\/editor\/comfamiliar-huila-y-su-mas-importante-proyecto-de-vivienda\/\" \/>\n<meta property=\"article:publisher\" content=\"https:\/\/www.facebook.com\/luchonoticiasneiva\" \/>\n<meta property=\"article:published_time\" content=\"2025-05-27T22:31:54+00:00\" \/>\n<meta property=\"article:modified_time\" content=\"2025-05-27T22:31:56+00:00\" \/>\n<meta property=\"og:image\" content=\"https:\/\/luchonoticias.com\/editor\/wp-content\/uploads\/2025\/05\/PROYECTO-DE-VIVIENDA.jpg\" \/>\n\t<meta property=\"og:image:width\" content=\"700\" \/>\n\t<meta property=\"og:image:height\" content=\"400\" \/>\n\t<meta property=\"og:image:type\" content=\"image\/jpeg\" \/>\n<meta name=\"author\" content=\"Editor General\" \/>\n<meta name=\"twitter:card\" content=\"summary_large_image\" \/>\n<meta name=\"twitter:label1\" content=\"Escrito por\" \/>\n\t<meta name=\"twitter:data1\" content=\"Editor General\" \/>\n\t<meta name=\"twitter:label2\" content=\"Tiempo de lectura\" \/>\n\t<meta name=\"twitter:data2\" content=\"2 minutos\" \/>\n<script type=\"application\/ld+json\" class=\"yoast-schema-graph\">{\"@context\":\"https:\/\/schema.org\",\"@graph\":[{\"@type\":\"Article\",\"@id\":\"https:\/\/luchonoticias.com\/editor\/comfamiliar-huila-y-su-mas-importante-proyecto-de-vivienda\/#article\",\"isPartOf\":{\"@id\":\"https:\/\/luchonoticias.com\/editor\/comfamiliar-huila-y-su-mas-importante-proyecto-de-vivienda\/\"},\"author\":{\"name\":\"Editor General\",\"@id\":\"https:\/\/luchonoticias.com\/editor\/#\/schema\/person\/29217990ddf6f14e35912b2866d591fb\"},\"headline\":\"Comfamiliar Huila y su m\u00e1s importante proyecto de vivienda\",\"datePublished\":\"2025-05-27T22:31:54+00:00\",\"dateModified\":\"2025-05-27T22:31:56+00:00\",\"mainEntityOfPage\":{\"@id\":\"https:\/\/luchonoticias.com\/editor\/comfamiliar-huila-y-su-mas-importante-proyecto-de-vivienda\/\"},\"wordCount\":244,\"publisher\":{\"@id\":\"https:\/\/luchonoticias.com\/editor\/#\/schema\/person\/7a7fd911f58561fd056dbac7b55af9cd\"},\"image\":{\"@id\":\"https:\/\/luchonoticias.com\/editor\/comfamiliar-huila-y-su-mas-importante-proyecto-de-vivienda\/#primaryimage\"},\"thumbnailUrl\":\"https:\/\/luchonoticias.com\/editor\/wp-content\/uploads\/2025\/05\/PROYECTO-DE-VIVIENDA.jpg\",\"articleSection\":[\"Huila\"],\"inLanguage\":\"es\"},{\"@type\":\"WebPage\",\"@id\":\"https:\/\/luchonoticias.com\/editor\/comfamiliar-huila-y-su-mas-importante-proyecto-de-vivienda\/\",\"url\":\"https:\/\/luchonoticias.com\/editor\/comfamiliar-huila-y-su-mas-importante-proyecto-de-vivienda\/\",\"name\":\"Comfamiliar Huila y su m\u00e1s importante proyecto de vivienda -\",\"isPartOf\":{\"@id\":\"https:\/\/luchonoticias.com\/editor\/#website\"},\"primaryImageOfPage\":{\"@id\":\"https:\/\/luchonoticias.com\/editor\/comfamiliar-huila-y-su-mas-importante-proyecto-de-vivienda\/#primaryimage\"},\"image\":{\"@id\":\"https:\/\/luchonoticias.com\/editor\/comfamiliar-huila-y-su-mas-importante-proyecto-de-vivienda\/#primaryimage\"},\"thumbnailUrl\":\"https:\/\/luchonoticias.com\/editor\/wp-content\/uploads\/2025\/05\/PROYECTO-DE-VIVIENDA.jpg\",\"datePublished\":\"2025-05-27T22:31:54+00:00\",\"dateModified\":\"2025-05-27T22:31:56+00:00\",\"breadcrumb\":{\"@id\":\"https:\/\/luchonoticias.com\/editor\/comfamiliar-huila-y-su-mas-importante-proyecto-de-vivienda\/#breadcrumb\"},\"inLanguage\":\"es\",\"potentialAction\":[{\"@type\":\"ReadAction\",\"target\":[\"https:\/\/luchonoticias.com\/editor\/comfamiliar-huila-y-su-mas-importante-proyecto-de-vivienda\/\"]}]},{\"@type\":\"ImageObject\",\"inLanguage\":\"es\",\"@id\":\"https:\/\/luchonoticias.com\/editor\/comfamiliar-huila-y-su-mas-importante-proyecto-de-vivienda\/#primaryimage\",\"url\":\"https:\/\/luchonoticias.com\/editor\/wp-content\/uploads\/2025\/05\/PROYECTO-DE-VIVIENDA.jpg\",\"contentUrl\":\"https:\/\/luchonoticias.com\/editor\/wp-content\/uploads\/2025\/05\/PROYECTO-DE-VIVIENDA.jpg\",\"width\":700,\"height\":400},{\"@type\":\"BreadcrumbList\",\"@id\":\"https:\/\/luchonoticias.com\/editor\/comfamiliar-huila-y-su-mas-importante-proyecto-de-vivienda\/#breadcrumb\",\"itemListElement\":[{\"@type\":\"ListItem\",\"position\":1,\"name\":\"Portada\",\"item\":\"https:\/\/luchonoticias.com\/editor\/\"},{\"@type\":\"ListItem\",\"position\":2,\"name\":\"Comfamiliar Huila y su m\u00e1s importante proyecto de vivienda\"}]},{\"@type\":\"WebSite\",\"@id\":\"https:\/\/luchonoticias.com\/editor\/#website\",\"url\":\"https:\/\/luchonoticias.com\/editor\/\",\"name\":\"\",\"description\":\"\",\"publisher\":{\"@id\":\"https:\/\/luchonoticias.com\/editor\/#\/schema\/person\/7a7fd911f58561fd056dbac7b55af9cd\"},\"potentialAction\":[{\"@type\":\"SearchAction\",\"target\":{\"@type\":\"EntryPoint\",\"urlTemplate\":\"https:\/\/luchonoticias.com\/editor\/?s={search_term_string}\"},\"query-input\":{\"@type\":\"PropertyValueSpecification\",\"valueRequired\":true,\"valueName\":\"search_term_string\"}}],\"inLanguage\":\"es\"},{\"@type\":[\"Person\",\"Organization\"],\"@id\":\"https:\/\/luchonoticias.com\/editor\/#\/schema\/person\/7a7fd911f58561fd056dbac7b55af9cd\",\"name\":\"admin\",\"image\":{\"@type\":\"ImageObject\",\"inLanguage\":\"es\",\"@id\":\"https:\/\/luchonoticias.com\/editor\/#\/schema\/person\/image\/\",\"url\":\"https:\/\/luchonoticias.com\/editor\/wp-content\/uploads\/2024\/02\/cropped-cropped-logolu.webp\",\"contentUrl\":\"https:\/\/luchonoticias.com\/editor\/wp-content\/uploads\/2024\/02\/cropped-cropped-logolu.webp\",\"width\":382,\"height\":170,\"caption\":\"admin\"},\"logo\":{\"@id\":\"https:\/\/luchonoticias.com\/editor\/#\/schema\/person\/image\/\"},\"sameAs\":[\"https:\/\/www.facebook.com\/luchonoticiasneiva\"]},{\"@type\":\"Person\",\"@id\":\"https:\/\/luchonoticias.com\/editor\/#\/schema\/person\/29217990ddf6f14e35912b2866d591fb\",\"name\":\"Editor General\",\"image\":{\"@type\":\"ImageObject\",\"inLanguage\":\"es\",\"@id\":\"https:\/\/luchonoticias.com\/editor\/#\/schema\/person\/image\/\",\"url\":\"https:\/\/luchonoticias.com\/editor\/wp-content\/uploads\/2024\/02\/cropped-cropped-logolu-150x150.webp\",\"contentUrl\":\"https:\/\/luchonoticias.com\/editor\/wp-content\/uploads\/2024\/02\/cropped-cropped-logolu-150x150.webp\",\"caption\":\"Editor General\"},\"sameAs\":[\"https:\/\/luchonoticias.com\/\"],\"url\":\"https:\/\/luchonoticias.com\/editor\/author\/editor-general\/\"}]}<\/script>\n<!-- \/ Yoast SEO plugin. -->","yoast_head_json":{"title":"Comfamiliar Huila y su m\u00e1s importante proyecto de vivienda -","robots":{"index":"index","follow":"follow","max-snippet":"max-snippet:-1","max-image-preview":"max-image-preview:large","max-video-preview":"max-video-preview:-1"},"canonical":"https:\/\/luchonoticias.com\/editor\/comfamiliar-huila-y-su-mas-importante-proyecto-de-vivienda\/","og_locale":"es_ES","og_type":"article","og_title":"Comfamiliar Huila y su m\u00e1s importante proyecto de vivienda -","og_url":"https:\/\/luchonoticias.com\/editor\/comfamiliar-huila-y-su-mas-importante-proyecto-de-vivienda\/","article_publisher":"https:\/\/www.facebook.com\/luchonoticiasneiva","article_published_time":"2025-05-27T22:31:54+00:00","article_modified_time":"2025-05-27T22:31:56+00:00","og_image":[{"width":700,"height":400,"url":"https:\/\/luchonoticias.com\/editor\/wp-content\/uploads\/2025\/05\/PROYECTO-DE-VIVIENDA.jpg","type":"image\/jpeg"}],"author":"Editor General","twitter_card":"summary_large_image","twitter_misc":{"Escrito por":"Editor General","Tiempo de lectura":"2 minutos"},"schema":{"@context":"https:\/\/schema.org","@graph":[{"@type":"Article","@id":"https:\/\/luchonoticias.com\/editor\/comfamiliar-huila-y-su-mas-importante-proyecto-de-vivienda\/#article","isPartOf":{"@id":"https:\/\/luchonoticias.com\/editor\/comfamiliar-huila-y-su-mas-importante-proyecto-de-vivienda\/"},"author":{"name":"Editor General","@id":"https:\/\/luchonoticias.com\/editor\/#\/schema\/person\/29217990ddf6f14e35912b2866d591fb"},"headline":"Comfamiliar Huila y su m\u00e1s importante proyecto de vivienda","datePublished":"2025-05-27T22:31:54+00:00","dateModified":"2025-05-27T22:31:56+00:00","mainEntityOfPage":{"@id":"https:\/\/luchonoticias.com\/editor\/comfamiliar-huila-y-su-mas-importante-proyecto-de-vivienda\/"},"wordCount":244,"publisher":{"@id":"https:\/\/luchonoticias.com\/editor\/#\/schema\/person\/7a7fd911f58561fd056dbac7b55af9cd"},"image":{"@id":"https:\/\/luchonoticias.com\/editor\/comfamiliar-huila-y-su-mas-importante-proyecto-de-vivienda\/#primaryimage"},"thumbnailUrl":"https:\/\/luchonoticias.com\/editor\/wp-content\/uploads\/2025\/05\/PROYECTO-DE-VIVIENDA.jpg","articleSection":["Huila"],"inLanguage":"es"},{"@type":"WebPage","@id":"https:\/\/luchonoticias.com\/editor\/comfamiliar-huila-y-su-mas-importante-proyecto-de-vivienda\/","url":"https:\/\/luchonoticias.com\/editor\/comfamiliar-huila-y-su-mas-importante-proyecto-de-vivienda\/","name":"Comfamiliar Huila y su m\u00e1s importante proyecto de vivienda -","isPartOf":{"@id":"https:\/\/luchonoticias.com\/editor\/#website"},"primaryImageOfPage":{"@id":"https:\/\/luchonoticias.com\/editor\/comfamiliar-huila-y-su-mas-importante-proyecto-de-vivienda\/#primaryimage"},"image":{"@id":"https:\/\/luchonoticias.com\/editor\/comfamiliar-huila-y-su-mas-importante-proyecto-de-vivienda\/#primaryimage"},"thumbnailUrl":"https:\/\/luchonoticias.com\/editor\/wp-content\/uploads\/2025\/05\/PROYECTO-DE-VIVIENDA.jpg","datePublished":"2025-05-27T22:31:54+00:00","dateModified":"2025-05-27T22:31:56+00:00","breadcrumb":{"@id":"https:\/\/luchonoticias.com\/editor\/comfamiliar-huila-y-su-mas-importante-proyecto-de-vivienda\/#breadcrumb"},"inLanguage":"es","potentialAction":[{"@type":"ReadAction","target":["https:\/\/luchonoticias.com\/editor\/comfamiliar-huila-y-su-mas-importante-proyecto-de-vivienda\/"]}]},{"@type":"ImageObject","inLanguage":"es","@id":"https:\/\/luchonoticias.com\/editor\/comfamiliar-huila-y-su-mas-importante-proyecto-de-vivienda\/#primaryimage","url":"https:\/\/luchonoticias.com\/editor\/wp-content\/uploads\/2025\/05\/PROYECTO-DE-VIVIENDA.jpg","contentUrl":"https:\/\/luchonoticias.com\/editor\/wp-content\/uploads\/2025\/05\/PROYECTO-DE-VIVIENDA.jpg","width":700,"height":400},{"@type":"BreadcrumbList","@id":"https:\/\/luchonoticias.com\/editor\/comfamiliar-huila-y-su-mas-importante-proyecto-de-vivienda\/#breadcrumb","itemListElement":[{"@type":"ListItem","position":1,"name":"Portada","item":"https:\/\/luchonoticias.com\/editor\/"},{"@type":"ListItem","position":2,"name":"Comfamiliar Huila y su m\u00e1s importante proyecto de vivienda"}]},{"@type":"WebSite","@id":"https:\/\/luchonoticias.com\/editor\/#website","url":"https:\/\/luchonoticias.com\/editor\/","name":"","description":"","publisher":{"@id":"https:\/\/luchonoticias.com\/editor\/#\/schema\/person\/7a7fd911f58561fd056dbac7b55af9cd"},"potentialAction":[{"@type":"SearchAction","target":{"@type":"EntryPoint","urlTemplate":"https:\/\/luchonoticias.com\/editor\/?s={search_term_string}"},"query-input":{"@type":"PropertyValueSpecification","valueRequired":true,"valueName":"search_term_string"}}],"inLanguage":"es"},{"@type":["Person","Organization"],"@id":"https:\/\/luchonoticias.com\/editor\/#\/schema\/person\/7a7fd911f58561fd056dbac7b55af9cd","name":"admin","image":{"@type":"ImageObject","inLanguage":"es","@id":"https:\/\/luchonoticias.com\/editor\/#\/schema\/person\/image\/","url":"https:\/\/luchonoticias.com\/editor\/wp-content\/uploads\/2024\/02\/cropped-cropped-logolu.webp","contentUrl":"https:\/\/luchonoticias.com\/editor\/wp-content\/uploads\/2024\/02\/cropped-cropped-logolu.webp","width":382,"height":170,"caption":"admin"},"logo":{"@id":"https:\/\/luchonoticias.com\/editor\/#\/schema\/person\/image\/"},"sameAs":["https:\/\/www.facebook.com\/luchonoticiasneiva"]},{"@type":"Person","@id":"https:\/\/luchonoticias.com\/editor\/#\/schema\/person\/29217990ddf6f14e35912b2866d591fb","name":"Editor General","image":{"@type":"ImageObject","inLanguage":"es","@id":"https:\/\/luchonoticias.com\/editor\/#\/schema\/person\/image\/","url":"https:\/\/luchonoticias.com\/editor\/wp-content\/uploads\/2024\/02\/cropped-cropped-logolu-150x150.webp","contentUrl":"https:\/\/luchonoticias.com\/editor\/wp-content\/uploads\/2024\/02\/cropped-cropped-logolu-150x150.webp","caption":"Editor General"},"sameAs":["https:\/\/luchonoticias.com\/"],"url":"https:\/\/luchonoticias.com\/editor\/author\/editor-general\/"}]}},"_links":{"self":[{"href":"https:\/\/luchonoticias.com\/editor\/wp-json\/wp\/v2\/posts\/83529","targetHints":{"allow":["GET"]}}],"collection":[{"href":"https:\/\/luchonoticias.com\/editor\/wp-json\/wp\/v2\/posts"}],"about":[{"href":"https:\/\/luchonoticias.com\/editor\/wp-json\/wp\/v2\/types\/post"}],"author":[{"embeddable":true,"href":"https:\/\/luchonoticias.com\/editor\/wp-json\/wp\/v2\/users\/2"}],"replies":[{"embeddable":true,"href":"https:\/\/luchonoticias.com\/editor\/wp-json\/wp\/v2\/comments?post=83529"}],"version-history":[{"count":1,"href":"https:\/\/luchonoticias.com\/editor\/wp-json\/wp\/v2\/posts\/83529\/revisions"}],"predecessor-version":[{"id":83531,"href":"https:\/\/luchonoticias.com\/editor\/wp-json\/wp\/v2\/posts\/83529\/revisions\/83531"}],"wp:featuredmedia":[{"embeddable":true,"href":"https:\/\/luchonoticias.com\/editor\/wp-json\/wp\/v2\/media\/83530"}],"wp:attachment":[{"href":"https:\/\/luchonoticias.com\/editor\/wp-json\/wp\/v2\/media?parent=83529"}],"wp:term":[{"taxonomy":"category","embeddable":true,"href":"https:\/\/luchonoticias.com\/editor\/wp-json\/wp\/v2\/categories?post=83529"},{"taxonomy":"post_tag","embeddable":true,"href":"https:\/\/luchonoticias.com\/editor\/wp-json\/wp\/v2\/tags?post=83529"}],"curies":[{"name":"wp","href":"https:\/\/api.w.org\/{rel}","templated":true}]}}