{"id":83543,"date":"2025-05-28T04:20:06","date_gmt":"2025-05-28T09:20:06","guid":{"rendered":"https:\/\/luchonoticias.com\/?p=83543"},"modified":"2025-05-28T04:20:07","modified_gmt":"2025-05-28T09:20:07","slug":"comienza-intervencion-en-via-estrategica-de-oporapa","status":"publish","type":"post","link":"https:\/\/luchonoticias.com\/editor\/comienza-intervencion-en-via-estrategica-de-oporapa\/","title":{"rendered":"Comienza intervenci\u00f3n en v\u00eda estrat\u00e9gica de Oporapa"},"content":{"rendered":"\n<figure class=\"wp-block-image size-full\"><img loading=\"lazy\" decoding=\"async\" width=\"700\" height=\"400\" src=\"https:\/\/luchonoticias.com\/wp-content\/uploads\/2025\/05\/via-oporapa.jpg\" alt=\"\" class=\"wp-image-83544\" srcset=\"https:\/\/luchonoticias.com\/editor\/wp-content\/uploads\/2025\/05\/via-oporapa.jpg 700w, https:\/\/luchonoticias.com\/editor\/wp-content\/uploads\/2025\/05\/via-oporapa-300x171.jpg 300w\" sizes=\"auto, (max-width: 700px) 100vw, 700px\" \/><\/figure>\n\n\n\n<p>Con la entrega oficial de los estudios y dise\u00f1os para el mejoramiento y pavimentaci\u00f3n de 5.8 kil\u00f3metros de la v\u00eda Cruce Saladoblanco \u2013 Oporapa, la Gobernaci\u00f3n del Huila da el primer paso para transformar este corredor estrat\u00e9gico del sur del departamento. El proyecto busca mejorar la conectividad y la calidad de vida de los habitantes de Oporapa, quienes por a\u00f1os han esperado esta obra clave.<\/p>\n\n\n\n<p>La consultor\u00eda final, correspondiente al Contrato 883 de 2024, fue financiada con una inversi\u00f3n de $337 millones e incluy\u00f3 estudios topogr\u00e1ficos, geot\u00e9cnicos, de estabilidad de taludes, dise\u00f1o de pavimento, obras de drenaje y an\u00e1lisis ambiental. Con esta base t\u00e9cnica, la obra ha sido priorizada para su construcci\u00f3n con recursos propios del Departamento, gestionados a trav\u00e9s del empr\u00e9stito aprobado por la Asamblea del Huila.<\/p>\n\n\n\n<figure class=\"wp-block-gallery has-nested-images columns-default is-cropped wp-block-gallery-1 is-layout-flex wp-block-gallery-is-layout-flex\">\n<figure class=\"wp-block-image size-large\"><img loading=\"lazy\" decoding=\"async\" width=\"1024\" height=\"577\" data-id=\"83546\" src=\"https:\/\/luchonoticias.com\/wp-content\/uploads\/2025\/05\/IMG_2915-1024x577.jpg\" alt=\"\" class=\"wp-image-83546\" srcset=\"https:\/\/luchonoticias.com\/editor\/wp-content\/uploads\/2025\/05\/IMG_2915-1024x577.jpg 1024w, https:\/\/luchonoticias.com\/editor\/wp-content\/uploads\/2025\/05\/IMG_2915-300x169.jpg 300w, https:\/\/luchonoticias.com\/editor\/wp-content\/uploads\/2025\/05\/IMG_2915-768x433.jpg 768w, https:\/\/luchonoticias.com\/editor\/wp-content\/uploads\/2025\/05\/IMG_2915-1536x865.jpg 1536w, https:\/\/luchonoticias.com\/editor\/wp-content\/uploads\/2025\/05\/IMG_2915-2048x1154.jpg 2048w\" sizes=\"auto, (max-width: 1024px) 100vw, 1024px\" \/><\/figure>\n\n\n\n<figure class=\"wp-block-image size-large\"><img loading=\"lazy\" decoding=\"async\" width=\"1024\" height=\"683\" data-id=\"83545\" src=\"https:\/\/luchonoticias.com\/wp-content\/uploads\/2025\/05\/IMG_2921-1024x683.jpg\" alt=\"\" class=\"wp-image-83545\" srcset=\"https:\/\/luchonoticias.com\/editor\/wp-content\/uploads\/2025\/05\/IMG_2921-1024x683.jpg 1024w, https:\/\/luchonoticias.com\/editor\/wp-content\/uploads\/2025\/05\/IMG_2921-300x200.jpg 300w, https:\/\/luchonoticias.com\/editor\/wp-content\/uploads\/2025\/05\/IMG_2921-768x512.jpg 768w, https:\/\/luchonoticias.com\/editor\/wp-content\/uploads\/2025\/05\/IMG_2921-1536x1024.jpg 1536w, https:\/\/luchonoticias.com\/editor\/wp-content\/uploads\/2025\/05\/IMG_2921-2048x1365.jpg 2048w\" sizes=\"auto, (max-width: 1024px) 100vw, 1024px\" \/><\/figure>\n<\/figure>\n\n\n\n<p>El gobernador Rodrigo Villalba Mosquera anunci\u00f3 que el proyecto contar\u00e1 con un presupuesto de $18.133 millones para su ejecuci\u00f3n y $1.288 millones para la interventor\u00eda. Asegur\u00f3 que este avance es resultado del compromiso adquirido en campa\u00f1a y representa una muestra de voluntad pol\u00edtica real: \u201cVamos a arreglar esta v\u00eda cueste lo que cueste, y lo estamos haciendo con hechos concretos\u201d.<\/p>\n\n\n\n<p>El proyecto contempla pavimentaci\u00f3n en asfalto, reconstrucci\u00f3n y construcci\u00f3n de alcantarillas, muros de contenci\u00f3n, cunetas, y se\u00f1alizaci\u00f3n vial. Autoridades locales como el alcalde Marcos Molina y el exalcalde Juan Carlos R\u00faales coincidieron en destacar la rapidez en la gesti\u00f3n y el impacto que tendr\u00e1 esta v\u00eda para el desarrollo econ\u00f3mico y social de Oporapa y los municipios vecinos.<\/p>\n\n\n\n<p><\/p>\n","protected":false},"excerpt":{"rendered":"<p>Con la entrega oficial de los estudios y dise\u00f1os para el mejoramiento y pavimentaci\u00f3n de 5.8 kil\u00f3metros de la v\u00eda Cruce Saladoblanco \u2013 Oporapa, la Gobernaci\u00f3n del Huila da el primer paso para transformar este corredor estrat\u00e9gico del sur del departamento. El proyecto busca mejorar la conectividad y la calidad de vida de los habitantes [&hellip;]<\/p>\n","protected":false},"author":2,"featured_media":83544,"comment_status":"closed","ping_status":"open","sticky":false,"template":"","format":"standard","meta":{"footnotes":""},"categories":[33],"tags":[],"class_list":["post-83543","post","type-post","status-publish","format-standard","has-post-thumbnail","hentry","category-huila"],"yoast_head":"<!-- This site is optimized with the Yoast SEO plugin v26.6 - https:\/\/yoast.com\/wordpress\/plugins\/seo\/ -->\n<title>Comienza intervenci\u00f3n en v\u00eda estrat\u00e9gica de Oporapa -<\/title>\n<meta name=\"robots\" content=\"index, follow, max-snippet:-1, max-image-preview:large, max-video-preview:-1\" \/>\n<link rel=\"canonical\" href=\"https:\/\/luchonoticias.com\/editor\/comienza-intervencion-en-via-estrategica-de-oporapa\/\" \/>\n<meta property=\"og:locale\" content=\"es_ES\" \/>\n<meta property=\"og:type\" content=\"article\" \/>\n<meta property=\"og:title\" content=\"Comienza intervenci\u00f3n en v\u00eda estrat\u00e9gica de Oporapa -\" \/>\n<meta property=\"og:url\" content=\"https:\/\/luchonoticias.com\/editor\/comienza-intervencion-en-via-estrategica-de-oporapa\/\" \/>\n<meta property=\"article:publisher\" content=\"https:\/\/www.facebook.com\/luchonoticiasneiva\" \/>\n<meta property=\"article:published_time\" content=\"2025-05-28T09:20:06+00:00\" \/>\n<meta property=\"article:modified_time\" content=\"2025-05-28T09:20:07+00:00\" \/>\n<meta property=\"og:image\" content=\"https:\/\/luchonoticias.com\/editor\/wp-content\/uploads\/2025\/05\/via-oporapa.jpg\" \/>\n\t<meta property=\"og:image:width\" content=\"700\" \/>\n\t<meta property=\"og:image:height\" content=\"400\" \/>\n\t<meta property=\"og:image:type\" content=\"image\/jpeg\" \/>\n<meta name=\"author\" content=\"Editor General\" \/>\n<meta name=\"twitter:card\" content=\"summary_large_image\" \/>\n<meta name=\"twitter:label1\" content=\"Escrito por\" \/>\n\t<meta name=\"twitter:data1\" content=\"Editor General\" \/>\n\t<meta name=\"twitter:label2\" content=\"Tiempo de lectura\" \/>\n\t<meta name=\"twitter:data2\" content=\"2 minutos\" \/>\n<script type=\"application\/ld+json\" class=\"yoast-schema-graph\">{\"@context\":\"https:\/\/schema.org\",\"@graph\":[{\"@type\":\"Article\",\"@id\":\"https:\/\/luchonoticias.com\/editor\/comienza-intervencion-en-via-estrategica-de-oporapa\/#article\",\"isPartOf\":{\"@id\":\"https:\/\/luchonoticias.com\/editor\/comienza-intervencion-en-via-estrategica-de-oporapa\/\"},\"author\":{\"name\":\"Editor General\",\"@id\":\"https:\/\/luchonoticias.com\/editor\/#\/schema\/person\/29217990ddf6f14e35912b2866d591fb\"},\"headline\":\"Comienza intervenci\u00f3n en v\u00eda estrat\u00e9gica de Oporapa\",\"datePublished\":\"2025-05-28T09:20:06+00:00\",\"dateModified\":\"2025-05-28T09:20:07+00:00\",\"mainEntityOfPage\":{\"@id\":\"https:\/\/luchonoticias.com\/editor\/comienza-intervencion-en-via-estrategica-de-oporapa\/\"},\"wordCount\":281,\"publisher\":{\"@id\":\"https:\/\/luchonoticias.com\/editor\/#\/schema\/person\/7a7fd911f58561fd056dbac7b55af9cd\"},\"image\":{\"@id\":\"https:\/\/luchonoticias.com\/editor\/comienza-intervencion-en-via-estrategica-de-oporapa\/#primaryimage\"},\"thumbnailUrl\":\"https:\/\/luchonoticias.com\/editor\/wp-content\/uploads\/2025\/05\/via-oporapa.jpg\",\"articleSection\":[\"Huila\"],\"inLanguage\":\"es\"},{\"@type\":\"WebPage\",\"@id\":\"https:\/\/luchonoticias.com\/editor\/comienza-intervencion-en-via-estrategica-de-oporapa\/\",\"url\":\"https:\/\/luchonoticias.com\/editor\/comienza-intervencion-en-via-estrategica-de-oporapa\/\",\"name\":\"Comienza intervenci\u00f3n en v\u00eda estrat\u00e9gica de Oporapa -\",\"isPartOf\":{\"@id\":\"https:\/\/luchonoticias.com\/editor\/#website\"},\"primaryImageOfPage\":{\"@id\":\"https:\/\/luchonoticias.com\/editor\/comienza-intervencion-en-via-estrategica-de-oporapa\/#primaryimage\"},\"image\":{\"@id\":\"https:\/\/luchonoticias.com\/editor\/comienza-intervencion-en-via-estrategica-de-oporapa\/#primaryimage\"},\"thumbnailUrl\":\"https:\/\/luchonoticias.com\/editor\/wp-content\/uploads\/2025\/05\/via-oporapa.jpg\",\"datePublished\":\"2025-05-28T09:20:06+00:00\",\"dateModified\":\"2025-05-28T09:20:07+00:00\",\"breadcrumb\":{\"@id\":\"https:\/\/luchonoticias.com\/editor\/comienza-intervencion-en-via-estrategica-de-oporapa\/#breadcrumb\"},\"inLanguage\":\"es\",\"potentialAction\":[{\"@type\":\"ReadAction\",\"target\":[\"https:\/\/luchonoticias.com\/editor\/comienza-intervencion-en-via-estrategica-de-oporapa\/\"]}]},{\"@type\":\"ImageObject\",\"inLanguage\":\"es\",\"@id\":\"https:\/\/luchonoticias.com\/editor\/comienza-intervencion-en-via-estrategica-de-oporapa\/#primaryimage\",\"url\":\"https:\/\/luchonoticias.com\/editor\/wp-content\/uploads\/2025\/05\/via-oporapa.jpg\",\"contentUrl\":\"https:\/\/luchonoticias.com\/editor\/wp-content\/uploads\/2025\/05\/via-oporapa.jpg\",\"width\":700,\"height\":400},{\"@type\":\"BreadcrumbList\",\"@id\":\"https:\/\/luchonoticias.com\/editor\/comienza-intervencion-en-via-estrategica-de-oporapa\/#breadcrumb\",\"itemListElement\":[{\"@type\":\"ListItem\",\"position\":1,\"name\":\"Portada\",\"item\":\"https:\/\/luchonoticias.com\/editor\/\"},{\"@type\":\"ListItem\",\"position\":2,\"name\":\"Comienza intervenci\u00f3n en v\u00eda estrat\u00e9gica de Oporapa\"}]},{\"@type\":\"WebSite\",\"@id\":\"https:\/\/luchonoticias.com\/editor\/#website\",\"url\":\"https:\/\/luchonoticias.com\/editor\/\",\"name\":\"\",\"description\":\"\",\"publisher\":{\"@id\":\"https:\/\/luchonoticias.com\/editor\/#\/schema\/person\/7a7fd911f58561fd056dbac7b55af9cd\"},\"potentialAction\":[{\"@type\":\"SearchAction\",\"target\":{\"@type\":\"EntryPoint\",\"urlTemplate\":\"https:\/\/luchonoticias.com\/editor\/?s={search_term_string}\"},\"query-input\":{\"@type\":\"PropertyValueSpecification\",\"valueRequired\":true,\"valueName\":\"search_term_string\"}}],\"inLanguage\":\"es\"},{\"@type\":[\"Person\",\"Organization\"],\"@id\":\"https:\/\/luchonoticias.com\/editor\/#\/schema\/person\/7a7fd911f58561fd056dbac7b55af9cd\",\"name\":\"admin\",\"image\":{\"@type\":\"ImageObject\",\"inLanguage\":\"es\",\"@id\":\"https:\/\/luchonoticias.com\/editor\/#\/schema\/person\/image\/\",\"url\":\"https:\/\/luchonoticias.com\/editor\/wp-content\/uploads\/2024\/02\/cropped-cropped-logolu.webp\",\"contentUrl\":\"https:\/\/luchonoticias.com\/editor\/wp-content\/uploads\/2024\/02\/cropped-cropped-logolu.webp\",\"width\":382,\"height\":170,\"caption\":\"admin\"},\"logo\":{\"@id\":\"https:\/\/luchonoticias.com\/editor\/#\/schema\/person\/image\/\"},\"sameAs\":[\"https:\/\/www.facebook.com\/luchonoticiasneiva\"]},{\"@type\":\"Person\",\"@id\":\"https:\/\/luchonoticias.com\/editor\/#\/schema\/person\/29217990ddf6f14e35912b2866d591fb\",\"name\":\"Editor General\",\"image\":{\"@type\":\"ImageObject\",\"inLanguage\":\"es\",\"@id\":\"https:\/\/luchonoticias.com\/editor\/#\/schema\/person\/image\/\",\"url\":\"https:\/\/luchonoticias.com\/editor\/wp-content\/uploads\/2024\/02\/cropped-cropped-logolu-150x150.webp\",\"contentUrl\":\"https:\/\/luchonoticias.com\/editor\/wp-content\/uploads\/2024\/02\/cropped-cropped-logolu-150x150.webp\",\"caption\":\"Editor General\"},\"sameAs\":[\"https:\/\/luchonoticias.com\/\"],\"url\":\"https:\/\/luchonoticias.com\/editor\/author\/editor-general\/\"}]}<\/script>\n<!-- \/ Yoast SEO plugin. -->","yoast_head_json":{"title":"Comienza intervenci\u00f3n en v\u00eda estrat\u00e9gica de Oporapa -","robots":{"index":"index","follow":"follow","max-snippet":"max-snippet:-1","max-image-preview":"max-image-preview:large","max-video-preview":"max-video-preview:-1"},"canonical":"https:\/\/luchonoticias.com\/editor\/comienza-intervencion-en-via-estrategica-de-oporapa\/","og_locale":"es_ES","og_type":"article","og_title":"Comienza intervenci\u00f3n en v\u00eda estrat\u00e9gica de Oporapa -","og_url":"https:\/\/luchonoticias.com\/editor\/comienza-intervencion-en-via-estrategica-de-oporapa\/","article_publisher":"https:\/\/www.facebook.com\/luchonoticiasneiva","article_published_time":"2025-05-28T09:20:06+00:00","article_modified_time":"2025-05-28T09:20:07+00:00","og_image":[{"width":700,"height":400,"url":"https:\/\/luchonoticias.com\/editor\/wp-content\/uploads\/2025\/05\/via-oporapa.jpg","type":"image\/jpeg"}],"author":"Editor General","twitter_card":"summary_large_image","twitter_misc":{"Escrito por":"Editor General","Tiempo de lectura":"2 minutos"},"schema":{"@context":"https:\/\/schema.org","@graph":[{"@type":"Article","@id":"https:\/\/luchonoticias.com\/editor\/comienza-intervencion-en-via-estrategica-de-oporapa\/#article","isPartOf":{"@id":"https:\/\/luchonoticias.com\/editor\/comienza-intervencion-en-via-estrategica-de-oporapa\/"},"author":{"name":"Editor General","@id":"https:\/\/luchonoticias.com\/editor\/#\/schema\/person\/29217990ddf6f14e35912b2866d591fb"},"headline":"Comienza intervenci\u00f3n en v\u00eda estrat\u00e9gica de Oporapa","datePublished":"2025-05-28T09:20:06+00:00","dateModified":"2025-05-28T09:20:07+00:00","mainEntityOfPage":{"@id":"https:\/\/luchonoticias.com\/editor\/comienza-intervencion-en-via-estrategica-de-oporapa\/"},"wordCount":281,"publisher":{"@id":"https:\/\/luchonoticias.com\/editor\/#\/schema\/person\/7a7fd911f58561fd056dbac7b55af9cd"},"image":{"@id":"https:\/\/luchonoticias.com\/editor\/comienza-intervencion-en-via-estrategica-de-oporapa\/#primaryimage"},"thumbnailUrl":"https:\/\/luchonoticias.com\/editor\/wp-content\/uploads\/2025\/05\/via-oporapa.jpg","articleSection":["Huila"],"inLanguage":"es"},{"@type":"WebPage","@id":"https:\/\/luchonoticias.com\/editor\/comienza-intervencion-en-via-estrategica-de-oporapa\/","url":"https:\/\/luchonoticias.com\/editor\/comienza-intervencion-en-via-estrategica-de-oporapa\/","name":"Comienza intervenci\u00f3n en v\u00eda estrat\u00e9gica de Oporapa -","isPartOf":{"@id":"https:\/\/luchonoticias.com\/editor\/#website"},"primaryImageOfPage":{"@id":"https:\/\/luchonoticias.com\/editor\/comienza-intervencion-en-via-estrategica-de-oporapa\/#primaryimage"},"image":{"@id":"https:\/\/luchonoticias.com\/editor\/comienza-intervencion-en-via-estrategica-de-oporapa\/#primaryimage"},"thumbnailUrl":"https:\/\/luchonoticias.com\/editor\/wp-content\/uploads\/2025\/05\/via-oporapa.jpg","datePublished":"2025-05-28T09:20:06+00:00","dateModified":"2025-05-28T09:20:07+00:00","breadcrumb":{"@id":"https:\/\/luchonoticias.com\/editor\/comienza-intervencion-en-via-estrategica-de-oporapa\/#breadcrumb"},"inLanguage":"es","potentialAction":[{"@type":"ReadAction","target":["https:\/\/luchonoticias.com\/editor\/comienza-intervencion-en-via-estrategica-de-oporapa\/"]}]},{"@type":"ImageObject","inLanguage":"es","@id":"https:\/\/luchonoticias.com\/editor\/comienza-intervencion-en-via-estrategica-de-oporapa\/#primaryimage","url":"https:\/\/luchonoticias.com\/editor\/wp-content\/uploads\/2025\/05\/via-oporapa.jpg","contentUrl":"https:\/\/luchonoticias.com\/editor\/wp-content\/uploads\/2025\/05\/via-oporapa.jpg","width":700,"height":400},{"@type":"BreadcrumbList","@id":"https:\/\/luchonoticias.com\/editor\/comienza-intervencion-en-via-estrategica-de-oporapa\/#breadcrumb","itemListElement":[{"@type":"ListItem","position":1,"name":"Portada","item":"https:\/\/luchonoticias.com\/editor\/"},{"@type":"ListItem","position":2,"name":"Comienza intervenci\u00f3n en v\u00eda estrat\u00e9gica de Oporapa"}]},{"@type":"WebSite","@id":"https:\/\/luchonoticias.com\/editor\/#website","url":"https:\/\/luchonoticias.com\/editor\/","name":"","description":"","publisher":{"@id":"https:\/\/luchonoticias.com\/editor\/#\/schema\/person\/7a7fd911f58561fd056dbac7b55af9cd"},"potentialAction":[{"@type":"SearchAction","target":{"@type":"EntryPoint","urlTemplate":"https:\/\/luchonoticias.com\/editor\/?s={search_term_string}"},"query-input":{"@type":"PropertyValueSpecification","valueRequired":true,"valueName":"search_term_string"}}],"inLanguage":"es"},{"@type":["Person","Organization"],"@id":"https:\/\/luchonoticias.com\/editor\/#\/schema\/person\/7a7fd911f58561fd056dbac7b55af9cd","name":"admin","image":{"@type":"ImageObject","inLanguage":"es","@id":"https:\/\/luchonoticias.com\/editor\/#\/schema\/person\/image\/","url":"https:\/\/luchonoticias.com\/editor\/wp-content\/uploads\/2024\/02\/cropped-cropped-logolu.webp","contentUrl":"https:\/\/luchonoticias.com\/editor\/wp-content\/uploads\/2024\/02\/cropped-cropped-logolu.webp","width":382,"height":170,"caption":"admin"},"logo":{"@id":"https:\/\/luchonoticias.com\/editor\/#\/schema\/person\/image\/"},"sameAs":["https:\/\/www.facebook.com\/luchonoticiasneiva"]},{"@type":"Person","@id":"https:\/\/luchonoticias.com\/editor\/#\/schema\/person\/29217990ddf6f14e35912b2866d591fb","name":"Editor General","image":{"@type":"ImageObject","inLanguage":"es","@id":"https:\/\/luchonoticias.com\/editor\/#\/schema\/person\/image\/","url":"https:\/\/luchonoticias.com\/editor\/wp-content\/uploads\/2024\/02\/cropped-cropped-logolu-150x150.webp","contentUrl":"https:\/\/luchonoticias.com\/editor\/wp-content\/uploads\/2024\/02\/cropped-cropped-logolu-150x150.webp","caption":"Editor General"},"sameAs":["https:\/\/luchonoticias.com\/"],"url":"https:\/\/luchonoticias.com\/editor\/author\/editor-general\/"}]}},"_links":{"self":[{"href":"https:\/\/luchonoticias.com\/editor\/wp-json\/wp\/v2\/posts\/83543","targetHints":{"allow":["GET"]}}],"collection":[{"href":"https:\/\/luchonoticias.com\/editor\/wp-json\/wp\/v2\/posts"}],"about":[{"href":"https:\/\/luchonoticias.com\/editor\/wp-json\/wp\/v2\/types\/post"}],"author":[{"embeddable":true,"href":"https:\/\/luchonoticias.com\/editor\/wp-json\/wp\/v2\/users\/2"}],"replies":[{"embeddable":true,"href":"https:\/\/luchonoticias.com\/editor\/wp-json\/wp\/v2\/comments?post=83543"}],"version-history":[{"count":1,"href":"https:\/\/luchonoticias.com\/editor\/wp-json\/wp\/v2\/posts\/83543\/revisions"}],"predecessor-version":[{"id":83547,"href":"https:\/\/luchonoticias.com\/editor\/wp-json\/wp\/v2\/posts\/83543\/revisions\/83547"}],"wp:featuredmedia":[{"embeddable":true,"href":"https:\/\/luchonoticias.com\/editor\/wp-json\/wp\/v2\/media\/83544"}],"wp:attachment":[{"href":"https:\/\/luchonoticias.com\/editor\/wp-json\/wp\/v2\/media?parent=83543"}],"wp:term":[{"taxonomy":"category","embeddable":true,"href":"https:\/\/luchonoticias.com\/editor\/wp-json\/wp\/v2\/categories?post=83543"},{"taxonomy":"post_tag","embeddable":true,"href":"https:\/\/luchonoticias.com\/editor\/wp-json\/wp\/v2\/tags?post=83543"}],"curies":[{"name":"wp","href":"https:\/\/api.w.org\/{rel}","templated":true}]}}