{"id":83551,"date":"2025-05-28T04:29:40","date_gmt":"2025-05-28T09:29:40","guid":{"rendered":"https:\/\/luchonoticias.com\/?p=83551"},"modified":"2025-05-28T04:29:42","modified_gmt":"2025-05-28T09:29:42","slug":"congresistas-en-la-mira-por-presunto-acaparamiento-de-tierras","status":"publish","type":"post","link":"https:\/\/luchonoticias.com\/editor\/congresistas-en-la-mira-por-presunto-acaparamiento-de-tierras\/","title":{"rendered":"Congresistas en la mira por presunto acaparamiento de tierras"},"content":{"rendered":"\n<figure class=\"wp-block-image size-full\"><img loading=\"lazy\" decoding=\"async\" width=\"700\" height=\"400\" src=\"https:\/\/luchonoticias.com\/wp-content\/uploads\/2025\/05\/congresistas-tierras.jpg\" alt=\"\" class=\"wp-image-83552\" srcset=\"https:\/\/luchonoticias.com\/editor\/wp-content\/uploads\/2025\/05\/congresistas-tierras.jpg 700w, https:\/\/luchonoticias.com\/editor\/wp-content\/uploads\/2025\/05\/congresistas-tierras-300x171.jpg 300w\" sizes=\"auto, (max-width: 700px) 100vw, 700px\" \/><\/figure>\n\n\n\n<p>El director de la Agencia Nacional de Tierras (ANT), Felipe Harman, revel\u00f3 en el Consejo de Ministros que al menos uno de cada tres congresistas tendr\u00eda v\u00ednculos con casos relacionados con tierras bald\u00edas. Seg\u00fan explic\u00f3, la entidad ha abierto procesos administrativos contra ocho legisladores por presunto acaparamiento de tierras, en el marco de una investigaci\u00f3n en curso.<\/p>\n\n\n\n<p>Harman detall\u00f3 que entre los congresistas investigados se encuentran el senador conservador Marco Daniel Pineda, con tierras en Ceret\u00e9, y la senadora Liliana Esther Bitar, con predios en Ci\u00e9naga de Oro. Tambi\u00e9n mencion\u00f3 a Lidio Garc\u00eda Turbay (Partido Liberal) con terrenos en Bol\u00edvar, y a la representante Ana Paola Garc\u00eda (Partido de la U), con v\u00ednculos familiares en predios de C\u00f3rdoba.<\/p>\n\n\n\n<p>Asimismo, figuran en los procesos el representante Carlos Cuenca (Cambio Radical), con un caso en Puerto Carre\u00f1o; los hermanos Samy y Habib Merheg, vinculados a bald\u00edos en Vichada y Valle del Cauca; familiares de la senadora Paloma Valencia en Vichada y Tolima; y Luis Eduardo D\u00edaz Mateus (Partido Conservador), con un predio en Cerrito, Santander. Todos estos casos tienen identificaci\u00f3n predial y expedientes activos.<\/p>\n\n\n\n<p>El funcionario asegur\u00f3 que los congresistas involucrados cuentan con las garant\u00edas procesales para explicar el origen de las tierras y a\u00f1adi\u00f3 que los procesos forman parte de un esfuerzo del Gobierno por frenar el acaparamiento y recuperar bald\u00edos de la Naci\u00f3n.<\/p>\n\n\n\n<p><\/p>\n","protected":false},"excerpt":{"rendered":"<p>El director de la Agencia Nacional de Tierras (ANT), Felipe Harman, revel\u00f3 en el Consejo de Ministros que al menos uno de cada tres congresistas tendr\u00eda v\u00ednculos con casos relacionados con tierras bald\u00edas. Seg\u00fan explic\u00f3, la entidad ha abierto procesos administrativos contra ocho legisladores por presunto acaparamiento de tierras, en el marco de una investigaci\u00f3n [&hellip;]<\/p>\n","protected":false},"author":2,"featured_media":83552,"comment_status":"closed","ping_status":"open","sticky":false,"template":"","format":"standard","meta":{"footnotes":""},"categories":[28,32],"tags":[],"class_list":["post-83551","post","type-post","status-publish","format-standard","has-post-thumbnail","hentry","category-actualidad","category-nacional"],"yoast_head":"<!-- This site is optimized with the Yoast SEO plugin v26.6 - https:\/\/yoast.com\/wordpress\/plugins\/seo\/ -->\n<title>Congresistas en la mira por presunto acaparamiento de tierras -<\/title>\n<meta name=\"robots\" content=\"index, follow, max-snippet:-1, max-image-preview:large, max-video-preview:-1\" \/>\n<link rel=\"canonical\" href=\"https:\/\/luchonoticias.com\/editor\/congresistas-en-la-mira-por-presunto-acaparamiento-de-tierras\/\" \/>\n<meta property=\"og:locale\" content=\"es_ES\" \/>\n<meta property=\"og:type\" content=\"article\" \/>\n<meta property=\"og:title\" content=\"Congresistas en la mira por presunto acaparamiento de tierras -\" \/>\n<meta property=\"og:url\" content=\"https:\/\/luchonoticias.com\/editor\/congresistas-en-la-mira-por-presunto-acaparamiento-de-tierras\/\" \/>\n<meta property=\"article:publisher\" content=\"https:\/\/www.facebook.com\/luchonoticiasneiva\" \/>\n<meta property=\"article:published_time\" content=\"2025-05-28T09:29:40+00:00\" \/>\n<meta property=\"article:modified_time\" content=\"2025-05-28T09:29:42+00:00\" \/>\n<meta property=\"og:image\" content=\"https:\/\/luchonoticias.com\/editor\/wp-content\/uploads\/2025\/05\/congresistas-tierras.jpg\" \/>\n\t<meta property=\"og:image:width\" content=\"700\" \/>\n\t<meta property=\"og:image:height\" content=\"400\" \/>\n\t<meta property=\"og:image:type\" content=\"image\/jpeg\" \/>\n<meta name=\"author\" content=\"Editor General\" \/>\n<meta name=\"twitter:card\" content=\"summary_large_image\" \/>\n<meta name=\"twitter:label1\" content=\"Escrito por\" \/>\n\t<meta name=\"twitter:data1\" content=\"Editor General\" \/>\n\t<meta name=\"twitter:label2\" content=\"Tiempo de lectura\" \/>\n\t<meta name=\"twitter:data2\" content=\"2 minutos\" \/>\n<script type=\"application\/ld+json\" class=\"yoast-schema-graph\">{\"@context\":\"https:\/\/schema.org\",\"@graph\":[{\"@type\":\"Article\",\"@id\":\"https:\/\/luchonoticias.com\/editor\/congresistas-en-la-mira-por-presunto-acaparamiento-de-tierras\/#article\",\"isPartOf\":{\"@id\":\"https:\/\/luchonoticias.com\/editor\/congresistas-en-la-mira-por-presunto-acaparamiento-de-tierras\/\"},\"author\":{\"name\":\"Editor General\",\"@id\":\"https:\/\/luchonoticias.com\/editor\/#\/schema\/person\/29217990ddf6f14e35912b2866d591fb\"},\"headline\":\"Congresistas en la mira por presunto acaparamiento de tierras\",\"datePublished\":\"2025-05-28T09:29:40+00:00\",\"dateModified\":\"2025-05-28T09:29:42+00:00\",\"mainEntityOfPage\":{\"@id\":\"https:\/\/luchonoticias.com\/editor\/congresistas-en-la-mira-por-presunto-acaparamiento-de-tierras\/\"},\"wordCount\":252,\"publisher\":{\"@id\":\"https:\/\/luchonoticias.com\/editor\/#\/schema\/person\/7a7fd911f58561fd056dbac7b55af9cd\"},\"image\":{\"@id\":\"https:\/\/luchonoticias.com\/editor\/congresistas-en-la-mira-por-presunto-acaparamiento-de-tierras\/#primaryimage\"},\"thumbnailUrl\":\"https:\/\/luchonoticias.com\/editor\/wp-content\/uploads\/2025\/05\/congresistas-tierras.jpg\",\"articleSection\":[\"Actualidad\",\"Nacional\"],\"inLanguage\":\"es\"},{\"@type\":\"WebPage\",\"@id\":\"https:\/\/luchonoticias.com\/editor\/congresistas-en-la-mira-por-presunto-acaparamiento-de-tierras\/\",\"url\":\"https:\/\/luchonoticias.com\/editor\/congresistas-en-la-mira-por-presunto-acaparamiento-de-tierras\/\",\"name\":\"Congresistas en la mira por presunto acaparamiento de tierras -\",\"isPartOf\":{\"@id\":\"https:\/\/luchonoticias.com\/editor\/#website\"},\"primaryImageOfPage\":{\"@id\":\"https:\/\/luchonoticias.com\/editor\/congresistas-en-la-mira-por-presunto-acaparamiento-de-tierras\/#primaryimage\"},\"image\":{\"@id\":\"https:\/\/luchonoticias.com\/editor\/congresistas-en-la-mira-por-presunto-acaparamiento-de-tierras\/#primaryimage\"},\"thumbnailUrl\":\"https:\/\/luchonoticias.com\/editor\/wp-content\/uploads\/2025\/05\/congresistas-tierras.jpg\",\"datePublished\":\"2025-05-28T09:29:40+00:00\",\"dateModified\":\"2025-05-28T09:29:42+00:00\",\"breadcrumb\":{\"@id\":\"https:\/\/luchonoticias.com\/editor\/congresistas-en-la-mira-por-presunto-acaparamiento-de-tierras\/#breadcrumb\"},\"inLanguage\":\"es\",\"potentialAction\":[{\"@type\":\"ReadAction\",\"target\":[\"https:\/\/luchonoticias.com\/editor\/congresistas-en-la-mira-por-presunto-acaparamiento-de-tierras\/\"]}]},{\"@type\":\"ImageObject\",\"inLanguage\":\"es\",\"@id\":\"https:\/\/luchonoticias.com\/editor\/congresistas-en-la-mira-por-presunto-acaparamiento-de-tierras\/#primaryimage\",\"url\":\"https:\/\/luchonoticias.com\/editor\/wp-content\/uploads\/2025\/05\/congresistas-tierras.jpg\",\"contentUrl\":\"https:\/\/luchonoticias.com\/editor\/wp-content\/uploads\/2025\/05\/congresistas-tierras.jpg\",\"width\":700,\"height\":400},{\"@type\":\"BreadcrumbList\",\"@id\":\"https:\/\/luchonoticias.com\/editor\/congresistas-en-la-mira-por-presunto-acaparamiento-de-tierras\/#breadcrumb\",\"itemListElement\":[{\"@type\":\"ListItem\",\"position\":1,\"name\":\"Portada\",\"item\":\"https:\/\/luchonoticias.com\/editor\/\"},{\"@type\":\"ListItem\",\"position\":2,\"name\":\"Congresistas en la mira por presunto acaparamiento de tierras\"}]},{\"@type\":\"WebSite\",\"@id\":\"https:\/\/luchonoticias.com\/editor\/#website\",\"url\":\"https:\/\/luchonoticias.com\/editor\/\",\"name\":\"\",\"description\":\"\",\"publisher\":{\"@id\":\"https:\/\/luchonoticias.com\/editor\/#\/schema\/person\/7a7fd911f58561fd056dbac7b55af9cd\"},\"potentialAction\":[{\"@type\":\"SearchAction\",\"target\":{\"@type\":\"EntryPoint\",\"urlTemplate\":\"https:\/\/luchonoticias.com\/editor\/?s={search_term_string}\"},\"query-input\":{\"@type\":\"PropertyValueSpecification\",\"valueRequired\":true,\"valueName\":\"search_term_string\"}}],\"inLanguage\":\"es\"},{\"@type\":[\"Person\",\"Organization\"],\"@id\":\"https:\/\/luchonoticias.com\/editor\/#\/schema\/person\/7a7fd911f58561fd056dbac7b55af9cd\",\"name\":\"admin\",\"image\":{\"@type\":\"ImageObject\",\"inLanguage\":\"es\",\"@id\":\"https:\/\/luchonoticias.com\/editor\/#\/schema\/person\/image\/\",\"url\":\"https:\/\/luchonoticias.com\/editor\/wp-content\/uploads\/2024\/02\/cropped-cropped-logolu.webp\",\"contentUrl\":\"https:\/\/luchonoticias.com\/editor\/wp-content\/uploads\/2024\/02\/cropped-cropped-logolu.webp\",\"width\":382,\"height\":170,\"caption\":\"admin\"},\"logo\":{\"@id\":\"https:\/\/luchonoticias.com\/editor\/#\/schema\/person\/image\/\"},\"sameAs\":[\"https:\/\/www.facebook.com\/luchonoticiasneiva\"]},{\"@type\":\"Person\",\"@id\":\"https:\/\/luchonoticias.com\/editor\/#\/schema\/person\/29217990ddf6f14e35912b2866d591fb\",\"name\":\"Editor General\",\"image\":{\"@type\":\"ImageObject\",\"inLanguage\":\"es\",\"@id\":\"https:\/\/luchonoticias.com\/editor\/#\/schema\/person\/image\/\",\"url\":\"https:\/\/luchonoticias.com\/editor\/wp-content\/uploads\/2024\/02\/cropped-cropped-logolu-150x150.webp\",\"contentUrl\":\"https:\/\/luchonoticias.com\/editor\/wp-content\/uploads\/2024\/02\/cropped-cropped-logolu-150x150.webp\",\"caption\":\"Editor General\"},\"sameAs\":[\"https:\/\/luchonoticias.com\/\"],\"url\":\"https:\/\/luchonoticias.com\/editor\/author\/editor-general\/\"}]}<\/script>\n<!-- \/ Yoast SEO plugin. -->","yoast_head_json":{"title":"Congresistas en la mira por presunto acaparamiento de tierras -","robots":{"index":"index","follow":"follow","max-snippet":"max-snippet:-1","max-image-preview":"max-image-preview:large","max-video-preview":"max-video-preview:-1"},"canonical":"https:\/\/luchonoticias.com\/editor\/congresistas-en-la-mira-por-presunto-acaparamiento-de-tierras\/","og_locale":"es_ES","og_type":"article","og_title":"Congresistas en la mira por presunto acaparamiento de tierras -","og_url":"https:\/\/luchonoticias.com\/editor\/congresistas-en-la-mira-por-presunto-acaparamiento-de-tierras\/","article_publisher":"https:\/\/www.facebook.com\/luchonoticiasneiva","article_published_time":"2025-05-28T09:29:40+00:00","article_modified_time":"2025-05-28T09:29:42+00:00","og_image":[{"width":700,"height":400,"url":"https:\/\/luchonoticias.com\/editor\/wp-content\/uploads\/2025\/05\/congresistas-tierras.jpg","type":"image\/jpeg"}],"author":"Editor General","twitter_card":"summary_large_image","twitter_misc":{"Escrito por":"Editor General","Tiempo de lectura":"2 minutos"},"schema":{"@context":"https:\/\/schema.org","@graph":[{"@type":"Article","@id":"https:\/\/luchonoticias.com\/editor\/congresistas-en-la-mira-por-presunto-acaparamiento-de-tierras\/#article","isPartOf":{"@id":"https:\/\/luchonoticias.com\/editor\/congresistas-en-la-mira-por-presunto-acaparamiento-de-tierras\/"},"author":{"name":"Editor General","@id":"https:\/\/luchonoticias.com\/editor\/#\/schema\/person\/29217990ddf6f14e35912b2866d591fb"},"headline":"Congresistas en la mira por presunto acaparamiento de tierras","datePublished":"2025-05-28T09:29:40+00:00","dateModified":"2025-05-28T09:29:42+00:00","mainEntityOfPage":{"@id":"https:\/\/luchonoticias.com\/editor\/congresistas-en-la-mira-por-presunto-acaparamiento-de-tierras\/"},"wordCount":252,"publisher":{"@id":"https:\/\/luchonoticias.com\/editor\/#\/schema\/person\/7a7fd911f58561fd056dbac7b55af9cd"},"image":{"@id":"https:\/\/luchonoticias.com\/editor\/congresistas-en-la-mira-por-presunto-acaparamiento-de-tierras\/#primaryimage"},"thumbnailUrl":"https:\/\/luchonoticias.com\/editor\/wp-content\/uploads\/2025\/05\/congresistas-tierras.jpg","articleSection":["Actualidad","Nacional"],"inLanguage":"es"},{"@type":"WebPage","@id":"https:\/\/luchonoticias.com\/editor\/congresistas-en-la-mira-por-presunto-acaparamiento-de-tierras\/","url":"https:\/\/luchonoticias.com\/editor\/congresistas-en-la-mira-por-presunto-acaparamiento-de-tierras\/","name":"Congresistas en la mira por presunto acaparamiento de tierras -","isPartOf":{"@id":"https:\/\/luchonoticias.com\/editor\/#website"},"primaryImageOfPage":{"@id":"https:\/\/luchonoticias.com\/editor\/congresistas-en-la-mira-por-presunto-acaparamiento-de-tierras\/#primaryimage"},"image":{"@id":"https:\/\/luchonoticias.com\/editor\/congresistas-en-la-mira-por-presunto-acaparamiento-de-tierras\/#primaryimage"},"thumbnailUrl":"https:\/\/luchonoticias.com\/editor\/wp-content\/uploads\/2025\/05\/congresistas-tierras.jpg","datePublished":"2025-05-28T09:29:40+00:00","dateModified":"2025-05-28T09:29:42+00:00","breadcrumb":{"@id":"https:\/\/luchonoticias.com\/editor\/congresistas-en-la-mira-por-presunto-acaparamiento-de-tierras\/#breadcrumb"},"inLanguage":"es","potentialAction":[{"@type":"ReadAction","target":["https:\/\/luchonoticias.com\/editor\/congresistas-en-la-mira-por-presunto-acaparamiento-de-tierras\/"]}]},{"@type":"ImageObject","inLanguage":"es","@id":"https:\/\/luchonoticias.com\/editor\/congresistas-en-la-mira-por-presunto-acaparamiento-de-tierras\/#primaryimage","url":"https:\/\/luchonoticias.com\/editor\/wp-content\/uploads\/2025\/05\/congresistas-tierras.jpg","contentUrl":"https:\/\/luchonoticias.com\/editor\/wp-content\/uploads\/2025\/05\/congresistas-tierras.jpg","width":700,"height":400},{"@type":"BreadcrumbList","@id":"https:\/\/luchonoticias.com\/editor\/congresistas-en-la-mira-por-presunto-acaparamiento-de-tierras\/#breadcrumb","itemListElement":[{"@type":"ListItem","position":1,"name":"Portada","item":"https:\/\/luchonoticias.com\/editor\/"},{"@type":"ListItem","position":2,"name":"Congresistas en la mira por presunto acaparamiento de tierras"}]},{"@type":"WebSite","@id":"https:\/\/luchonoticias.com\/editor\/#website","url":"https:\/\/luchonoticias.com\/editor\/","name":"","description":"","publisher":{"@id":"https:\/\/luchonoticias.com\/editor\/#\/schema\/person\/7a7fd911f58561fd056dbac7b55af9cd"},"potentialAction":[{"@type":"SearchAction","target":{"@type":"EntryPoint","urlTemplate":"https:\/\/luchonoticias.com\/editor\/?s={search_term_string}"},"query-input":{"@type":"PropertyValueSpecification","valueRequired":true,"valueName":"search_term_string"}}],"inLanguage":"es"},{"@type":["Person","Organization"],"@id":"https:\/\/luchonoticias.com\/editor\/#\/schema\/person\/7a7fd911f58561fd056dbac7b55af9cd","name":"admin","image":{"@type":"ImageObject","inLanguage":"es","@id":"https:\/\/luchonoticias.com\/editor\/#\/schema\/person\/image\/","url":"https:\/\/luchonoticias.com\/editor\/wp-content\/uploads\/2024\/02\/cropped-cropped-logolu.webp","contentUrl":"https:\/\/luchonoticias.com\/editor\/wp-content\/uploads\/2024\/02\/cropped-cropped-logolu.webp","width":382,"height":170,"caption":"admin"},"logo":{"@id":"https:\/\/luchonoticias.com\/editor\/#\/schema\/person\/image\/"},"sameAs":["https:\/\/www.facebook.com\/luchonoticiasneiva"]},{"@type":"Person","@id":"https:\/\/luchonoticias.com\/editor\/#\/schema\/person\/29217990ddf6f14e35912b2866d591fb","name":"Editor General","image":{"@type":"ImageObject","inLanguage":"es","@id":"https:\/\/luchonoticias.com\/editor\/#\/schema\/person\/image\/","url":"https:\/\/luchonoticias.com\/editor\/wp-content\/uploads\/2024\/02\/cropped-cropped-logolu-150x150.webp","contentUrl":"https:\/\/luchonoticias.com\/editor\/wp-content\/uploads\/2024\/02\/cropped-cropped-logolu-150x150.webp","caption":"Editor General"},"sameAs":["https:\/\/luchonoticias.com\/"],"url":"https:\/\/luchonoticias.com\/editor\/author\/editor-general\/"}]}},"_links":{"self":[{"href":"https:\/\/luchonoticias.com\/editor\/wp-json\/wp\/v2\/posts\/83551","targetHints":{"allow":["GET"]}}],"collection":[{"href":"https:\/\/luchonoticias.com\/editor\/wp-json\/wp\/v2\/posts"}],"about":[{"href":"https:\/\/luchonoticias.com\/editor\/wp-json\/wp\/v2\/types\/post"}],"author":[{"embeddable":true,"href":"https:\/\/luchonoticias.com\/editor\/wp-json\/wp\/v2\/users\/2"}],"replies":[{"embeddable":true,"href":"https:\/\/luchonoticias.com\/editor\/wp-json\/wp\/v2\/comments?post=83551"}],"version-history":[{"count":1,"href":"https:\/\/luchonoticias.com\/editor\/wp-json\/wp\/v2\/posts\/83551\/revisions"}],"predecessor-version":[{"id":83553,"href":"https:\/\/luchonoticias.com\/editor\/wp-json\/wp\/v2\/posts\/83551\/revisions\/83553"}],"wp:featuredmedia":[{"embeddable":true,"href":"https:\/\/luchonoticias.com\/editor\/wp-json\/wp\/v2\/media\/83552"}],"wp:attachment":[{"href":"https:\/\/luchonoticias.com\/editor\/wp-json\/wp\/v2\/media?parent=83551"}],"wp:term":[{"taxonomy":"category","embeddable":true,"href":"https:\/\/luchonoticias.com\/editor\/wp-json\/wp\/v2\/categories?post=83551"},{"taxonomy":"post_tag","embeddable":true,"href":"https:\/\/luchonoticias.com\/editor\/wp-json\/wp\/v2\/tags?post=83551"}],"curies":[{"name":"wp","href":"https:\/\/api.w.org\/{rel}","templated":true}]}}