{"id":83755,"date":"2025-06-01T18:09:16","date_gmt":"2025-06-01T23:09:16","guid":{"rendered":"https:\/\/luchonoticias.com\/?p=83755"},"modified":"2025-06-01T18:09:18","modified_gmt":"2025-06-01T23:09:18","slug":"comenzaron-sesiones-ordinarias-en-la-asamblea","status":"publish","type":"post","link":"https:\/\/luchonoticias.com\/editor\/comenzaron-sesiones-ordinarias-en-la-asamblea\/","title":{"rendered":"Comenzaron sesiones ordinarias en la Asamblea"},"content":{"rendered":"\n<figure class=\"wp-block-image size-full\"><img loading=\"lazy\" decoding=\"async\" width=\"700\" height=\"400\" src=\"https:\/\/luchonoticias.com\/wp-content\/uploads\/2025\/06\/asamblea-1.jpg\" alt=\"\" class=\"wp-image-83756\" srcset=\"https:\/\/luchonoticias.com\/editor\/wp-content\/uploads\/2025\/06\/asamblea-1.jpg 700w, https:\/\/luchonoticias.com\/editor\/wp-content\/uploads\/2025\/06\/asamblea-1-300x171.jpg 300w\" sizes=\"auto, (max-width: 700px) 100vw, 700px\" \/><\/figure>\n\n\n\n<p>La Asamblea Departamental del Huila instal\u00f3 este domingo el segundo periodo de sesiones ordinarias, que se extender\u00e1 durante junio y julio, con una agenda centrada en el desarrollo y la seguridad del departamento. El acto se realiz\u00f3 en el recinto oficial, con la participaci\u00f3n de diputados, funcionarios y representantes de la sociedad civil.<\/p>\n\n\n\n<p>Durante este ciclo legislativo se priorizar\u00e1 la construcci\u00f3n participativa del Plan de Ordenamiento Departamental, una hoja de ruta que proyectar\u00e1 el rumbo del Huila hacia el a\u00f1o 2050. El presidente de la Asamblea, Sergio Andr\u00e9s Trujillo, destac\u00f3 que este proceso ser\u00e1 incluyente y contar\u00e1 con la participaci\u00f3n de sectores sociales, econ\u00f3micos y acad\u00e9micos.<\/p>\n\n\n\n<p>Trujillo invit\u00f3 a la ciudadan\u00eda a sumarse a los espacios de discusi\u00f3n, como plenarias, audiencias p\u00fablicas y sesiones descentralizadas, resaltando que la Asamblea tiene las puertas abiertas para promover un di\u00e1logo amplio, con enfoque de g\u00e9nero, sostenibilidad y territorio.<\/p>\n\n\n\n<figure class=\"wp-block-gallery has-nested-images columns-default is-cropped wp-block-gallery-1 is-layout-flex wp-block-gallery-is-layout-flex\">\n<figure class=\"wp-block-image size-large\"><img loading=\"lazy\" decoding=\"async\" width=\"1024\" height=\"682\" data-id=\"83758\" src=\"https:\/\/luchonoticias.com\/wp-content\/uploads\/2025\/06\/Imagen-de-WhatsApp-2025-06-01-a-las-12.00.53_16234754-1024x682.jpg\" alt=\"\" class=\"wp-image-83758\" srcset=\"https:\/\/luchonoticias.com\/editor\/wp-content\/uploads\/2025\/06\/Imagen-de-WhatsApp-2025-06-01-a-las-12.00.53_16234754-1024x682.jpg 1024w, https:\/\/luchonoticias.com\/editor\/wp-content\/uploads\/2025\/06\/Imagen-de-WhatsApp-2025-06-01-a-las-12.00.53_16234754-300x200.jpg 300w, https:\/\/luchonoticias.com\/editor\/wp-content\/uploads\/2025\/06\/Imagen-de-WhatsApp-2025-06-01-a-las-12.00.53_16234754-768x512.jpg 768w, https:\/\/luchonoticias.com\/editor\/wp-content\/uploads\/2025\/06\/Imagen-de-WhatsApp-2025-06-01-a-las-12.00.53_16234754-1536x1023.jpg 1536w, https:\/\/luchonoticias.com\/editor\/wp-content\/uploads\/2025\/06\/Imagen-de-WhatsApp-2025-06-01-a-las-12.00.53_16234754.jpg 1600w\" sizes=\"auto, (max-width: 1024px) 100vw, 1024px\" \/><\/figure>\n\n\n\n<figure class=\"wp-block-image size-large\"><img loading=\"lazy\" decoding=\"async\" width=\"1024\" height=\"682\" data-id=\"83759\" src=\"https:\/\/luchonoticias.com\/wp-content\/uploads\/2025\/06\/Imagen-de-WhatsApp-2025-06-01-a-las-12.00.52_b43f2ca9-1024x682.jpg\" alt=\"\" class=\"wp-image-83759\" srcset=\"https:\/\/luchonoticias.com\/editor\/wp-content\/uploads\/2025\/06\/Imagen-de-WhatsApp-2025-06-01-a-las-12.00.52_b43f2ca9-1024x682.jpg 1024w, https:\/\/luchonoticias.com\/editor\/wp-content\/uploads\/2025\/06\/Imagen-de-WhatsApp-2025-06-01-a-las-12.00.52_b43f2ca9-300x200.jpg 300w, https:\/\/luchonoticias.com\/editor\/wp-content\/uploads\/2025\/06\/Imagen-de-WhatsApp-2025-06-01-a-las-12.00.52_b43f2ca9-768x512.jpg 768w, https:\/\/luchonoticias.com\/editor\/wp-content\/uploads\/2025\/06\/Imagen-de-WhatsApp-2025-06-01-a-las-12.00.52_b43f2ca9-1536x1023.jpg 1536w, https:\/\/luchonoticias.com\/editor\/wp-content\/uploads\/2025\/06\/Imagen-de-WhatsApp-2025-06-01-a-las-12.00.52_b43f2ca9.jpg 1600w\" sizes=\"auto, (max-width: 1024px) 100vw, 1024px\" \/><\/figure>\n\n\n\n<figure class=\"wp-block-image size-large\"><img loading=\"lazy\" decoding=\"async\" width=\"1024\" height=\"682\" data-id=\"83757\" src=\"https:\/\/luchonoticias.com\/wp-content\/uploads\/2025\/06\/Imagen-de-WhatsApp-2025-06-01-a-las-12.00.52_02a79ca8-1024x682.jpg\" alt=\"\" class=\"wp-image-83757\" srcset=\"https:\/\/luchonoticias.com\/editor\/wp-content\/uploads\/2025\/06\/Imagen-de-WhatsApp-2025-06-01-a-las-12.00.52_02a79ca8-1024x682.jpg 1024w, https:\/\/luchonoticias.com\/editor\/wp-content\/uploads\/2025\/06\/Imagen-de-WhatsApp-2025-06-01-a-las-12.00.52_02a79ca8-300x200.jpg 300w, https:\/\/luchonoticias.com\/editor\/wp-content\/uploads\/2025\/06\/Imagen-de-WhatsApp-2025-06-01-a-las-12.00.52_02a79ca8-768x512.jpg 768w, https:\/\/luchonoticias.com\/editor\/wp-content\/uploads\/2025\/06\/Imagen-de-WhatsApp-2025-06-01-a-las-12.00.52_02a79ca8-1536x1023.jpg 1536w, https:\/\/luchonoticias.com\/editor\/wp-content\/uploads\/2025\/06\/Imagen-de-WhatsApp-2025-06-01-a-las-12.00.52_02a79ca8.jpg 1600w\" sizes=\"auto, (max-width: 1024px) 100vw, 1024px\" \/><\/figure>\n<\/figure>\n\n\n\n<p>El gobernador encargado y secretario de Gobierno, Juan Carlos Casallas, subray\u00f3 la importancia del trabajo conjunto con la duma para hacer seguimiento al Plan de Desarrollo y fortalecer los mecanismos de control pol\u00edtico, especialmente en temas sensibles como la seguridad ciudadana.<\/p>\n\n\n\n<p>Casallas tambi\u00e9n inform\u00f3 que el Gobierno avanza en acciones coordinadas con la Fuerza P\u00fablica para enfrentar delitos como la extorsi\u00f3n y los homicidios. Con esta apertura, la Asamblea reafirma su compromiso con la deliberaci\u00f3n democr\u00e1tica y la construcci\u00f3n de pol\u00edticas p\u00fablicas para enfrentar los retos del Huila.<\/p>\n\n\n\n<p><\/p>\n","protected":false},"excerpt":{"rendered":"<p>La Asamblea Departamental del Huila instal\u00f3 este domingo el segundo periodo de sesiones ordinarias, que se extender\u00e1 durante junio y julio, con una agenda centrada en el desarrollo y la seguridad del departamento. El acto se realiz\u00f3 en el recinto oficial, con la participaci\u00f3n de diputados, funcionarios y representantes de la sociedad civil. Durante este [&hellip;]<\/p>\n","protected":false},"author":2,"featured_media":83756,"comment_status":"closed","ping_status":"open","sticky":false,"template":"","format":"standard","meta":{"footnotes":""},"categories":[33],"tags":[],"class_list":["post-83755","post","type-post","status-publish","format-standard","has-post-thumbnail","hentry","category-huila"],"yoast_head":"<!-- This site is optimized with the Yoast SEO plugin v26.6 - https:\/\/yoast.com\/wordpress\/plugins\/seo\/ -->\n<title>Comenzaron sesiones ordinarias en la Asamblea -<\/title>\n<meta name=\"robots\" content=\"index, follow, max-snippet:-1, max-image-preview:large, max-video-preview:-1\" \/>\n<link rel=\"canonical\" href=\"https:\/\/luchonoticias.com\/editor\/comenzaron-sesiones-ordinarias-en-la-asamblea\/\" \/>\n<meta property=\"og:locale\" content=\"es_ES\" \/>\n<meta property=\"og:type\" content=\"article\" \/>\n<meta property=\"og:title\" content=\"Comenzaron sesiones ordinarias en la Asamblea -\" \/>\n<meta property=\"og:url\" content=\"https:\/\/luchonoticias.com\/editor\/comenzaron-sesiones-ordinarias-en-la-asamblea\/\" \/>\n<meta property=\"article:publisher\" content=\"https:\/\/www.facebook.com\/luchonoticiasneiva\" \/>\n<meta property=\"article:published_time\" content=\"2025-06-01T23:09:16+00:00\" \/>\n<meta property=\"article:modified_time\" content=\"2025-06-01T23:09:18+00:00\" \/>\n<meta property=\"og:image\" content=\"https:\/\/luchonoticias.com\/editor\/wp-content\/uploads\/2025\/06\/asamblea-1.jpg\" \/>\n\t<meta property=\"og:image:width\" content=\"700\" \/>\n\t<meta property=\"og:image:height\" content=\"400\" \/>\n\t<meta property=\"og:image:type\" content=\"image\/jpeg\" \/>\n<meta name=\"author\" content=\"Editor General\" \/>\n<meta name=\"twitter:card\" content=\"summary_large_image\" \/>\n<meta name=\"twitter:label1\" content=\"Escrito por\" \/>\n\t<meta name=\"twitter:data1\" content=\"Editor General\" \/>\n\t<meta name=\"twitter:label2\" content=\"Tiempo de lectura\" \/>\n\t<meta name=\"twitter:data2\" content=\"3 minutos\" \/>\n<script type=\"application\/ld+json\" class=\"yoast-schema-graph\">{\"@context\":\"https:\/\/schema.org\",\"@graph\":[{\"@type\":\"Article\",\"@id\":\"https:\/\/luchonoticias.com\/editor\/comenzaron-sesiones-ordinarias-en-la-asamblea\/#article\",\"isPartOf\":{\"@id\":\"https:\/\/luchonoticias.com\/editor\/comenzaron-sesiones-ordinarias-en-la-asamblea\/\"},\"author\":{\"name\":\"Editor General\",\"@id\":\"https:\/\/luchonoticias.com\/editor\/#\/schema\/person\/29217990ddf6f14e35912b2866d591fb\"},\"headline\":\"Comenzaron sesiones ordinarias en la Asamblea\",\"datePublished\":\"2025-06-01T23:09:16+00:00\",\"dateModified\":\"2025-06-01T23:09:18+00:00\",\"mainEntityOfPage\":{\"@id\":\"https:\/\/luchonoticias.com\/editor\/comenzaron-sesiones-ordinarias-en-la-asamblea\/\"},\"wordCount\":259,\"publisher\":{\"@id\":\"https:\/\/luchonoticias.com\/editor\/#\/schema\/person\/7a7fd911f58561fd056dbac7b55af9cd\"},\"image\":{\"@id\":\"https:\/\/luchonoticias.com\/editor\/comenzaron-sesiones-ordinarias-en-la-asamblea\/#primaryimage\"},\"thumbnailUrl\":\"https:\/\/luchonoticias.com\/editor\/wp-content\/uploads\/2025\/06\/asamblea-1.jpg\",\"articleSection\":[\"Huila\"],\"inLanguage\":\"es\"},{\"@type\":\"WebPage\",\"@id\":\"https:\/\/luchonoticias.com\/editor\/comenzaron-sesiones-ordinarias-en-la-asamblea\/\",\"url\":\"https:\/\/luchonoticias.com\/editor\/comenzaron-sesiones-ordinarias-en-la-asamblea\/\",\"name\":\"Comenzaron sesiones ordinarias en la Asamblea -\",\"isPartOf\":{\"@id\":\"https:\/\/luchonoticias.com\/editor\/#website\"},\"primaryImageOfPage\":{\"@id\":\"https:\/\/luchonoticias.com\/editor\/comenzaron-sesiones-ordinarias-en-la-asamblea\/#primaryimage\"},\"image\":{\"@id\":\"https:\/\/luchonoticias.com\/editor\/comenzaron-sesiones-ordinarias-en-la-asamblea\/#primaryimage\"},\"thumbnailUrl\":\"https:\/\/luchonoticias.com\/editor\/wp-content\/uploads\/2025\/06\/asamblea-1.jpg\",\"datePublished\":\"2025-06-01T23:09:16+00:00\",\"dateModified\":\"2025-06-01T23:09:18+00:00\",\"breadcrumb\":{\"@id\":\"https:\/\/luchonoticias.com\/editor\/comenzaron-sesiones-ordinarias-en-la-asamblea\/#breadcrumb\"},\"inLanguage\":\"es\",\"potentialAction\":[{\"@type\":\"ReadAction\",\"target\":[\"https:\/\/luchonoticias.com\/editor\/comenzaron-sesiones-ordinarias-en-la-asamblea\/\"]}]},{\"@type\":\"ImageObject\",\"inLanguage\":\"es\",\"@id\":\"https:\/\/luchonoticias.com\/editor\/comenzaron-sesiones-ordinarias-en-la-asamblea\/#primaryimage\",\"url\":\"https:\/\/luchonoticias.com\/editor\/wp-content\/uploads\/2025\/06\/asamblea-1.jpg\",\"contentUrl\":\"https:\/\/luchonoticias.com\/editor\/wp-content\/uploads\/2025\/06\/asamblea-1.jpg\",\"width\":700,\"height\":400},{\"@type\":\"BreadcrumbList\",\"@id\":\"https:\/\/luchonoticias.com\/editor\/comenzaron-sesiones-ordinarias-en-la-asamblea\/#breadcrumb\",\"itemListElement\":[{\"@type\":\"ListItem\",\"position\":1,\"name\":\"Portada\",\"item\":\"https:\/\/luchonoticias.com\/editor\/\"},{\"@type\":\"ListItem\",\"position\":2,\"name\":\"Comenzaron sesiones ordinarias en la Asamblea\"}]},{\"@type\":\"WebSite\",\"@id\":\"https:\/\/luchonoticias.com\/editor\/#website\",\"url\":\"https:\/\/luchonoticias.com\/editor\/\",\"name\":\"\",\"description\":\"\",\"publisher\":{\"@id\":\"https:\/\/luchonoticias.com\/editor\/#\/schema\/person\/7a7fd911f58561fd056dbac7b55af9cd\"},\"potentialAction\":[{\"@type\":\"SearchAction\",\"target\":{\"@type\":\"EntryPoint\",\"urlTemplate\":\"https:\/\/luchonoticias.com\/editor\/?s={search_term_string}\"},\"query-input\":{\"@type\":\"PropertyValueSpecification\",\"valueRequired\":true,\"valueName\":\"search_term_string\"}}],\"inLanguage\":\"es\"},{\"@type\":[\"Person\",\"Organization\"],\"@id\":\"https:\/\/luchonoticias.com\/editor\/#\/schema\/person\/7a7fd911f58561fd056dbac7b55af9cd\",\"name\":\"admin\",\"image\":{\"@type\":\"ImageObject\",\"inLanguage\":\"es\",\"@id\":\"https:\/\/luchonoticias.com\/editor\/#\/schema\/person\/image\/\",\"url\":\"https:\/\/luchonoticias.com\/editor\/wp-content\/uploads\/2024\/02\/cropped-cropped-logolu.webp\",\"contentUrl\":\"https:\/\/luchonoticias.com\/editor\/wp-content\/uploads\/2024\/02\/cropped-cropped-logolu.webp\",\"width\":382,\"height\":170,\"caption\":\"admin\"},\"logo\":{\"@id\":\"https:\/\/luchonoticias.com\/editor\/#\/schema\/person\/image\/\"},\"sameAs\":[\"https:\/\/www.facebook.com\/luchonoticiasneiva\"]},{\"@type\":\"Person\",\"@id\":\"https:\/\/luchonoticias.com\/editor\/#\/schema\/person\/29217990ddf6f14e35912b2866d591fb\",\"name\":\"Editor General\",\"image\":{\"@type\":\"ImageObject\",\"inLanguage\":\"es\",\"@id\":\"https:\/\/luchonoticias.com\/editor\/#\/schema\/person\/image\/\",\"url\":\"https:\/\/luchonoticias.com\/editor\/wp-content\/uploads\/2024\/02\/cropped-cropped-logolu-150x150.webp\",\"contentUrl\":\"https:\/\/luchonoticias.com\/editor\/wp-content\/uploads\/2024\/02\/cropped-cropped-logolu-150x150.webp\",\"caption\":\"Editor General\"},\"sameAs\":[\"https:\/\/luchonoticias.com\/\"],\"url\":\"https:\/\/luchonoticias.com\/editor\/author\/editor-general\/\"}]}<\/script>\n<!-- \/ Yoast SEO plugin. -->","yoast_head_json":{"title":"Comenzaron sesiones ordinarias en la Asamblea -","robots":{"index":"index","follow":"follow","max-snippet":"max-snippet:-1","max-image-preview":"max-image-preview:large","max-video-preview":"max-video-preview:-1"},"canonical":"https:\/\/luchonoticias.com\/editor\/comenzaron-sesiones-ordinarias-en-la-asamblea\/","og_locale":"es_ES","og_type":"article","og_title":"Comenzaron sesiones ordinarias en la Asamblea -","og_url":"https:\/\/luchonoticias.com\/editor\/comenzaron-sesiones-ordinarias-en-la-asamblea\/","article_publisher":"https:\/\/www.facebook.com\/luchonoticiasneiva","article_published_time":"2025-06-01T23:09:16+00:00","article_modified_time":"2025-06-01T23:09:18+00:00","og_image":[{"width":700,"height":400,"url":"https:\/\/luchonoticias.com\/editor\/wp-content\/uploads\/2025\/06\/asamblea-1.jpg","type":"image\/jpeg"}],"author":"Editor General","twitter_card":"summary_large_image","twitter_misc":{"Escrito por":"Editor General","Tiempo de lectura":"3 minutos"},"schema":{"@context":"https:\/\/schema.org","@graph":[{"@type":"Article","@id":"https:\/\/luchonoticias.com\/editor\/comenzaron-sesiones-ordinarias-en-la-asamblea\/#article","isPartOf":{"@id":"https:\/\/luchonoticias.com\/editor\/comenzaron-sesiones-ordinarias-en-la-asamblea\/"},"author":{"name":"Editor General","@id":"https:\/\/luchonoticias.com\/editor\/#\/schema\/person\/29217990ddf6f14e35912b2866d591fb"},"headline":"Comenzaron sesiones ordinarias en la Asamblea","datePublished":"2025-06-01T23:09:16+00:00","dateModified":"2025-06-01T23:09:18+00:00","mainEntityOfPage":{"@id":"https:\/\/luchonoticias.com\/editor\/comenzaron-sesiones-ordinarias-en-la-asamblea\/"},"wordCount":259,"publisher":{"@id":"https:\/\/luchonoticias.com\/editor\/#\/schema\/person\/7a7fd911f58561fd056dbac7b55af9cd"},"image":{"@id":"https:\/\/luchonoticias.com\/editor\/comenzaron-sesiones-ordinarias-en-la-asamblea\/#primaryimage"},"thumbnailUrl":"https:\/\/luchonoticias.com\/editor\/wp-content\/uploads\/2025\/06\/asamblea-1.jpg","articleSection":["Huila"],"inLanguage":"es"},{"@type":"WebPage","@id":"https:\/\/luchonoticias.com\/editor\/comenzaron-sesiones-ordinarias-en-la-asamblea\/","url":"https:\/\/luchonoticias.com\/editor\/comenzaron-sesiones-ordinarias-en-la-asamblea\/","name":"Comenzaron sesiones ordinarias en la Asamblea -","isPartOf":{"@id":"https:\/\/luchonoticias.com\/editor\/#website"},"primaryImageOfPage":{"@id":"https:\/\/luchonoticias.com\/editor\/comenzaron-sesiones-ordinarias-en-la-asamblea\/#primaryimage"},"image":{"@id":"https:\/\/luchonoticias.com\/editor\/comenzaron-sesiones-ordinarias-en-la-asamblea\/#primaryimage"},"thumbnailUrl":"https:\/\/luchonoticias.com\/editor\/wp-content\/uploads\/2025\/06\/asamblea-1.jpg","datePublished":"2025-06-01T23:09:16+00:00","dateModified":"2025-06-01T23:09:18+00:00","breadcrumb":{"@id":"https:\/\/luchonoticias.com\/editor\/comenzaron-sesiones-ordinarias-en-la-asamblea\/#breadcrumb"},"inLanguage":"es","potentialAction":[{"@type":"ReadAction","target":["https:\/\/luchonoticias.com\/editor\/comenzaron-sesiones-ordinarias-en-la-asamblea\/"]}]},{"@type":"ImageObject","inLanguage":"es","@id":"https:\/\/luchonoticias.com\/editor\/comenzaron-sesiones-ordinarias-en-la-asamblea\/#primaryimage","url":"https:\/\/luchonoticias.com\/editor\/wp-content\/uploads\/2025\/06\/asamblea-1.jpg","contentUrl":"https:\/\/luchonoticias.com\/editor\/wp-content\/uploads\/2025\/06\/asamblea-1.jpg","width":700,"height":400},{"@type":"BreadcrumbList","@id":"https:\/\/luchonoticias.com\/editor\/comenzaron-sesiones-ordinarias-en-la-asamblea\/#breadcrumb","itemListElement":[{"@type":"ListItem","position":1,"name":"Portada","item":"https:\/\/luchonoticias.com\/editor\/"},{"@type":"ListItem","position":2,"name":"Comenzaron sesiones ordinarias en la Asamblea"}]},{"@type":"WebSite","@id":"https:\/\/luchonoticias.com\/editor\/#website","url":"https:\/\/luchonoticias.com\/editor\/","name":"","description":"","publisher":{"@id":"https:\/\/luchonoticias.com\/editor\/#\/schema\/person\/7a7fd911f58561fd056dbac7b55af9cd"},"potentialAction":[{"@type":"SearchAction","target":{"@type":"EntryPoint","urlTemplate":"https:\/\/luchonoticias.com\/editor\/?s={search_term_string}"},"query-input":{"@type":"PropertyValueSpecification","valueRequired":true,"valueName":"search_term_string"}}],"inLanguage":"es"},{"@type":["Person","Organization"],"@id":"https:\/\/luchonoticias.com\/editor\/#\/schema\/person\/7a7fd911f58561fd056dbac7b55af9cd","name":"admin","image":{"@type":"ImageObject","inLanguage":"es","@id":"https:\/\/luchonoticias.com\/editor\/#\/schema\/person\/image\/","url":"https:\/\/luchonoticias.com\/editor\/wp-content\/uploads\/2024\/02\/cropped-cropped-logolu.webp","contentUrl":"https:\/\/luchonoticias.com\/editor\/wp-content\/uploads\/2024\/02\/cropped-cropped-logolu.webp","width":382,"height":170,"caption":"admin"},"logo":{"@id":"https:\/\/luchonoticias.com\/editor\/#\/schema\/person\/image\/"},"sameAs":["https:\/\/www.facebook.com\/luchonoticiasneiva"]},{"@type":"Person","@id":"https:\/\/luchonoticias.com\/editor\/#\/schema\/person\/29217990ddf6f14e35912b2866d591fb","name":"Editor General","image":{"@type":"ImageObject","inLanguage":"es","@id":"https:\/\/luchonoticias.com\/editor\/#\/schema\/person\/image\/","url":"https:\/\/luchonoticias.com\/editor\/wp-content\/uploads\/2024\/02\/cropped-cropped-logolu-150x150.webp","contentUrl":"https:\/\/luchonoticias.com\/editor\/wp-content\/uploads\/2024\/02\/cropped-cropped-logolu-150x150.webp","caption":"Editor General"},"sameAs":["https:\/\/luchonoticias.com\/"],"url":"https:\/\/luchonoticias.com\/editor\/author\/editor-general\/"}]}},"_links":{"self":[{"href":"https:\/\/luchonoticias.com\/editor\/wp-json\/wp\/v2\/posts\/83755","targetHints":{"allow":["GET"]}}],"collection":[{"href":"https:\/\/luchonoticias.com\/editor\/wp-json\/wp\/v2\/posts"}],"about":[{"href":"https:\/\/luchonoticias.com\/editor\/wp-json\/wp\/v2\/types\/post"}],"author":[{"embeddable":true,"href":"https:\/\/luchonoticias.com\/editor\/wp-json\/wp\/v2\/users\/2"}],"replies":[{"embeddable":true,"href":"https:\/\/luchonoticias.com\/editor\/wp-json\/wp\/v2\/comments?post=83755"}],"version-history":[{"count":1,"href":"https:\/\/luchonoticias.com\/editor\/wp-json\/wp\/v2\/posts\/83755\/revisions"}],"predecessor-version":[{"id":83760,"href":"https:\/\/luchonoticias.com\/editor\/wp-json\/wp\/v2\/posts\/83755\/revisions\/83760"}],"wp:featuredmedia":[{"embeddable":true,"href":"https:\/\/luchonoticias.com\/editor\/wp-json\/wp\/v2\/media\/83756"}],"wp:attachment":[{"href":"https:\/\/luchonoticias.com\/editor\/wp-json\/wp\/v2\/media?parent=83755"}],"wp:term":[{"taxonomy":"category","embeddable":true,"href":"https:\/\/luchonoticias.com\/editor\/wp-json\/wp\/v2\/categories?post=83755"},{"taxonomy":"post_tag","embeddable":true,"href":"https:\/\/luchonoticias.com\/editor\/wp-json\/wp\/v2\/tags?post=83755"}],"curies":[{"name":"wp","href":"https:\/\/api.w.org\/{rel}","templated":true}]}}