{"id":83761,"date":"2025-06-01T20:00:03","date_gmt":"2025-06-02T01:00:03","guid":{"rendered":"https:\/\/luchonoticias.com\/?p=83761"},"modified":"2025-06-01T20:00:04","modified_gmt":"2025-06-02T01:00:04","slug":"emergencia-en-el-huila-por-las-lluvias","status":"publish","type":"post","link":"https:\/\/luchonoticias.com\/editor\/emergencia-en-el-huila-por-las-lluvias\/","title":{"rendered":"Emergencia en el Huila por las lluvias"},"content":{"rendered":"\n<figure class=\"wp-block-image size-full\"><img loading=\"lazy\" decoding=\"async\" width=\"700\" height=\"400\" src=\"https:\/\/luchonoticias.com\/wp-content\/uploads\/2025\/06\/LLUVIAS-HUILA.jpg\" alt=\"\" class=\"wp-image-83762\" srcset=\"https:\/\/luchonoticias.com\/editor\/wp-content\/uploads\/2025\/06\/LLUVIAS-HUILA.jpg 700w, https:\/\/luchonoticias.com\/editor\/wp-content\/uploads\/2025\/06\/LLUVIAS-HUILA-300x171.jpg 300w\" sizes=\"auto, (max-width: 700px) 100vw, 700px\" \/><\/figure>\n\n\n\n<p>Las fuertes lluvias registradas entre el 31 de mayo y el 1 de junio han generado m\u00faltiples emergencias en el Huila, con afectaciones en viviendas, v\u00edas y puentes, especialmente en zonas rurales. La Gobernaci\u00f3n del Huila, a trav\u00e9s de la Oficina para la Gesti\u00f3n del Riesgo de Desastres, mantiene monitoreo constante y coordinaci\u00f3n con los municipios para atender la situaci\u00f3n.<\/p>\n\n\n\n<p>El municipio de Acevedo ha sido uno de los m\u00e1s impactados, con 23 eventos reportados, incluyendo crecientes s\u00fabitas, desbordamientos, deslizamientos e inundaciones que causaron cierres en v\u00edas terciarias y da\u00f1os en viviendas y puentes. Tambi\u00e9n se reportaron emergencias en Pitalito, Guadalupe, Palestina, Suaza, Oporapa y Colombia.<\/p>\n\n\n\n<p>Desde el inicio de la primera temporada de lluvias, el 15 de marzo, se han atendido 325 emergencias en todo el departamento. Hasta la fecha, se registran 365 viviendas afectadas \u2014196 rurales y 169 urbanas\u2014, adem\u00e1s de 17 casos de da\u00f1o en infraestructura p\u00fablica como escuelas y centros comunitarios. M\u00e1s de 20 v\u00edas terciarias presentan cierres totales o parciales.<\/p>\n\n\n\n<figure class=\"wp-block-gallery has-nested-images columns-default is-cropped wp-block-gallery-1 is-layout-flex wp-block-gallery-is-layout-flex\">\n<figure class=\"wp-block-image size-large\"><img loading=\"lazy\" decoding=\"async\" width=\"1024\" height=\"683\" data-id=\"83763\" src=\"https:\/\/luchonoticias.com\/wp-content\/uploads\/2025\/06\/IMG-20250601-WA00431-1024x683.jpg\" alt=\"\" class=\"wp-image-83763\" srcset=\"https:\/\/luchonoticias.com\/editor\/wp-content\/uploads\/2025\/06\/IMG-20250601-WA00431-1024x683.jpg 1024w, https:\/\/luchonoticias.com\/editor\/wp-content\/uploads\/2025\/06\/IMG-20250601-WA00431-300x200.jpg 300w, https:\/\/luchonoticias.com\/editor\/wp-content\/uploads\/2025\/06\/IMG-20250601-WA00431-768x512.jpg 768w, https:\/\/luchonoticias.com\/editor\/wp-content\/uploads\/2025\/06\/IMG-20250601-WA00431-1536x1024.jpg 1536w, https:\/\/luchonoticias.com\/editor\/wp-content\/uploads\/2025\/06\/IMG-20250601-WA00431-2048x1366.jpg 2048w\" sizes=\"auto, (max-width: 1024px) 100vw, 1024px\" \/><\/figure>\n\n\n\n<figure class=\"wp-block-image size-large\"><img loading=\"lazy\" decoding=\"async\" width=\"1024\" height=\"683\" data-id=\"83765\" src=\"https:\/\/luchonoticias.com\/wp-content\/uploads\/2025\/06\/IMG-20250601-WA00451-1024x683.jpg\" alt=\"\" class=\"wp-image-83765\" srcset=\"https:\/\/luchonoticias.com\/editor\/wp-content\/uploads\/2025\/06\/IMG-20250601-WA00451-1024x683.jpg 1024w, https:\/\/luchonoticias.com\/editor\/wp-content\/uploads\/2025\/06\/IMG-20250601-WA00451-300x200.jpg 300w, https:\/\/luchonoticias.com\/editor\/wp-content\/uploads\/2025\/06\/IMG-20250601-WA00451-768x512.jpg 768w, https:\/\/luchonoticias.com\/editor\/wp-content\/uploads\/2025\/06\/IMG-20250601-WA00451-1536x1024.jpg 1536w, https:\/\/luchonoticias.com\/editor\/wp-content\/uploads\/2025\/06\/IMG-20250601-WA00451-2048x1366.jpg 2048w\" sizes=\"auto, (max-width: 1024px) 100vw, 1024px\" \/><\/figure>\n\n\n\n<figure class=\"wp-block-image size-large\"><img loading=\"lazy\" decoding=\"async\" width=\"1024\" height=\"683\" data-id=\"83764\" src=\"https:\/\/luchonoticias.com\/wp-content\/uploads\/2025\/06\/Imagen-de-WhatsApp-2025-06-01-a-las-19.54.36_d58552e3-1024x683.jpg\" alt=\"\" class=\"wp-image-83764\" srcset=\"https:\/\/luchonoticias.com\/editor\/wp-content\/uploads\/2025\/06\/Imagen-de-WhatsApp-2025-06-01-a-las-19.54.36_d58552e3-1024x683.jpg 1024w, https:\/\/luchonoticias.com\/editor\/wp-content\/uploads\/2025\/06\/Imagen-de-WhatsApp-2025-06-01-a-las-19.54.36_d58552e3-300x200.jpg 300w, https:\/\/luchonoticias.com\/editor\/wp-content\/uploads\/2025\/06\/Imagen-de-WhatsApp-2025-06-01-a-las-19.54.36_d58552e3-768x512.jpg 768w, https:\/\/luchonoticias.com\/editor\/wp-content\/uploads\/2025\/06\/Imagen-de-WhatsApp-2025-06-01-a-las-19.54.36_d58552e3-1536x1024.jpg 1536w, https:\/\/luchonoticias.com\/editor\/wp-content\/uploads\/2025\/06\/Imagen-de-WhatsApp-2025-06-01-a-las-19.54.36_d58552e3-2048x1366.jpg 2048w\" sizes=\"auto, (max-width: 1024px) 100vw, 1024px\" \/><\/figure>\n<\/figure>\n\n\n\n<p>Los eventos m\u00e1s frecuentes han sido deslizamientos (217 casos), seguidos por crecientes s\u00fabitas (39), ca\u00edda de \u00e1rboles (27), vientos fuertes (13), e inundaciones. El IDEAM ha emitido alerta roja por deslizamientos en Oporapa y alerta naranja en Acevedo, Colombia, Garz\u00f3n, Palestina, Pitalito, San Agust\u00edn y Teruel. Tambi\u00e9n persiste una alerta amarilla por riesgo de incendios en Campoalegre y Palermo.<\/p>\n\n\n\n<p>Frente a la emergencia, las alcald\u00edas, bomberos y Consejos Municipales de Gesti\u00f3n del Riesgo realizan evaluaciones de da\u00f1os y necesidades (EDAN), y movilizan maquinaria para atender los puntos cr\u00edticos. \u201cLa prioridad es proteger la vida de los huilenses\u201d, afirm\u00f3 Jorge Chaparro, ge\u00f3logo de la Gobernaci\u00f3n, quien reiter\u00f3 el seguimiento permanente a la situaci\u00f3n.<\/p>\n\n\n\n<p><\/p>\n","protected":false},"excerpt":{"rendered":"<p>Las fuertes lluvias registradas entre el 31 de mayo y el 1 de junio han generado m\u00faltiples emergencias en el Huila, con afectaciones en viviendas, v\u00edas y puentes, especialmente en zonas rurales. La Gobernaci\u00f3n del Huila, a trav\u00e9s de la Oficina para la Gesti\u00f3n del Riesgo de Desastres, mantiene monitoreo constante y coordinaci\u00f3n con los [&hellip;]<\/p>\n","protected":false},"author":2,"featured_media":83762,"comment_status":"closed","ping_status":"open","sticky":false,"template":"","format":"standard","meta":{"footnotes":""},"categories":[33],"tags":[],"class_list":["post-83761","post","type-post","status-publish","format-standard","has-post-thumbnail","hentry","category-huila"],"yoast_head":"<!-- This site is optimized with the Yoast SEO plugin v26.6 - https:\/\/yoast.com\/wordpress\/plugins\/seo\/ -->\n<title>Emergencia en el Huila por las lluvias -<\/title>\n<meta name=\"robots\" content=\"index, follow, max-snippet:-1, max-image-preview:large, max-video-preview:-1\" \/>\n<link rel=\"canonical\" href=\"https:\/\/luchonoticias.com\/editor\/emergencia-en-el-huila-por-las-lluvias\/\" \/>\n<meta property=\"og:locale\" content=\"es_ES\" \/>\n<meta property=\"og:type\" content=\"article\" \/>\n<meta property=\"og:title\" content=\"Emergencia en el Huila por las lluvias -\" \/>\n<meta property=\"og:url\" content=\"https:\/\/luchonoticias.com\/editor\/emergencia-en-el-huila-por-las-lluvias\/\" \/>\n<meta property=\"article:publisher\" content=\"https:\/\/www.facebook.com\/luchonoticiasneiva\" \/>\n<meta property=\"article:published_time\" content=\"2025-06-02T01:00:03+00:00\" \/>\n<meta property=\"article:modified_time\" content=\"2025-06-02T01:00:04+00:00\" \/>\n<meta property=\"og:image\" content=\"https:\/\/luchonoticias.com\/editor\/wp-content\/uploads\/2025\/06\/LLUVIAS-HUILA.jpg\" \/>\n\t<meta property=\"og:image:width\" content=\"700\" \/>\n\t<meta property=\"og:image:height\" content=\"400\" \/>\n\t<meta property=\"og:image:type\" content=\"image\/jpeg\" \/>\n<meta name=\"author\" content=\"Editor General\" \/>\n<meta name=\"twitter:card\" content=\"summary_large_image\" \/>\n<meta name=\"twitter:label1\" content=\"Escrito por\" \/>\n\t<meta name=\"twitter:data1\" content=\"Editor General\" \/>\n\t<meta name=\"twitter:label2\" content=\"Tiempo de lectura\" \/>\n\t<meta name=\"twitter:data2\" content=\"3 minutos\" \/>\n<script type=\"application\/ld+json\" class=\"yoast-schema-graph\">{\"@context\":\"https:\/\/schema.org\",\"@graph\":[{\"@type\":\"Article\",\"@id\":\"https:\/\/luchonoticias.com\/editor\/emergencia-en-el-huila-por-las-lluvias\/#article\",\"isPartOf\":{\"@id\":\"https:\/\/luchonoticias.com\/editor\/emergencia-en-el-huila-por-las-lluvias\/\"},\"author\":{\"name\":\"Editor General\",\"@id\":\"https:\/\/luchonoticias.com\/editor\/#\/schema\/person\/29217990ddf6f14e35912b2866d591fb\"},\"headline\":\"Emergencia en el Huila por las lluvias\",\"datePublished\":\"2025-06-02T01:00:03+00:00\",\"dateModified\":\"2025-06-02T01:00:04+00:00\",\"mainEntityOfPage\":{\"@id\":\"https:\/\/luchonoticias.com\/editor\/emergencia-en-el-huila-por-las-lluvias\/\"},\"wordCount\":300,\"publisher\":{\"@id\":\"https:\/\/luchonoticias.com\/editor\/#\/schema\/person\/7a7fd911f58561fd056dbac7b55af9cd\"},\"image\":{\"@id\":\"https:\/\/luchonoticias.com\/editor\/emergencia-en-el-huila-por-las-lluvias\/#primaryimage\"},\"thumbnailUrl\":\"https:\/\/luchonoticias.com\/editor\/wp-content\/uploads\/2025\/06\/LLUVIAS-HUILA.jpg\",\"articleSection\":[\"Huila\"],\"inLanguage\":\"es\"},{\"@type\":\"WebPage\",\"@id\":\"https:\/\/luchonoticias.com\/editor\/emergencia-en-el-huila-por-las-lluvias\/\",\"url\":\"https:\/\/luchonoticias.com\/editor\/emergencia-en-el-huila-por-las-lluvias\/\",\"name\":\"Emergencia en el Huila por las lluvias -\",\"isPartOf\":{\"@id\":\"https:\/\/luchonoticias.com\/editor\/#website\"},\"primaryImageOfPage\":{\"@id\":\"https:\/\/luchonoticias.com\/editor\/emergencia-en-el-huila-por-las-lluvias\/#primaryimage\"},\"image\":{\"@id\":\"https:\/\/luchonoticias.com\/editor\/emergencia-en-el-huila-por-las-lluvias\/#primaryimage\"},\"thumbnailUrl\":\"https:\/\/luchonoticias.com\/editor\/wp-content\/uploads\/2025\/06\/LLUVIAS-HUILA.jpg\",\"datePublished\":\"2025-06-02T01:00:03+00:00\",\"dateModified\":\"2025-06-02T01:00:04+00:00\",\"breadcrumb\":{\"@id\":\"https:\/\/luchonoticias.com\/editor\/emergencia-en-el-huila-por-las-lluvias\/#breadcrumb\"},\"inLanguage\":\"es\",\"potentialAction\":[{\"@type\":\"ReadAction\",\"target\":[\"https:\/\/luchonoticias.com\/editor\/emergencia-en-el-huila-por-las-lluvias\/\"]}]},{\"@type\":\"ImageObject\",\"inLanguage\":\"es\",\"@id\":\"https:\/\/luchonoticias.com\/editor\/emergencia-en-el-huila-por-las-lluvias\/#primaryimage\",\"url\":\"https:\/\/luchonoticias.com\/editor\/wp-content\/uploads\/2025\/06\/LLUVIAS-HUILA.jpg\",\"contentUrl\":\"https:\/\/luchonoticias.com\/editor\/wp-content\/uploads\/2025\/06\/LLUVIAS-HUILA.jpg\",\"width\":700,\"height\":400},{\"@type\":\"BreadcrumbList\",\"@id\":\"https:\/\/luchonoticias.com\/editor\/emergencia-en-el-huila-por-las-lluvias\/#breadcrumb\",\"itemListElement\":[{\"@type\":\"ListItem\",\"position\":1,\"name\":\"Portada\",\"item\":\"https:\/\/luchonoticias.com\/editor\/\"},{\"@type\":\"ListItem\",\"position\":2,\"name\":\"Emergencia en el Huila por las lluvias\"}]},{\"@type\":\"WebSite\",\"@id\":\"https:\/\/luchonoticias.com\/editor\/#website\",\"url\":\"https:\/\/luchonoticias.com\/editor\/\",\"name\":\"\",\"description\":\"\",\"publisher\":{\"@id\":\"https:\/\/luchonoticias.com\/editor\/#\/schema\/person\/7a7fd911f58561fd056dbac7b55af9cd\"},\"potentialAction\":[{\"@type\":\"SearchAction\",\"target\":{\"@type\":\"EntryPoint\",\"urlTemplate\":\"https:\/\/luchonoticias.com\/editor\/?s={search_term_string}\"},\"query-input\":{\"@type\":\"PropertyValueSpecification\",\"valueRequired\":true,\"valueName\":\"search_term_string\"}}],\"inLanguage\":\"es\"},{\"@type\":[\"Person\",\"Organization\"],\"@id\":\"https:\/\/luchonoticias.com\/editor\/#\/schema\/person\/7a7fd911f58561fd056dbac7b55af9cd\",\"name\":\"admin\",\"image\":{\"@type\":\"ImageObject\",\"inLanguage\":\"es\",\"@id\":\"https:\/\/luchonoticias.com\/editor\/#\/schema\/person\/image\/\",\"url\":\"https:\/\/luchonoticias.com\/editor\/wp-content\/uploads\/2024\/02\/cropped-cropped-logolu.webp\",\"contentUrl\":\"https:\/\/luchonoticias.com\/editor\/wp-content\/uploads\/2024\/02\/cropped-cropped-logolu.webp\",\"width\":382,\"height\":170,\"caption\":\"admin\"},\"logo\":{\"@id\":\"https:\/\/luchonoticias.com\/editor\/#\/schema\/person\/image\/\"},\"sameAs\":[\"https:\/\/www.facebook.com\/luchonoticiasneiva\"]},{\"@type\":\"Person\",\"@id\":\"https:\/\/luchonoticias.com\/editor\/#\/schema\/person\/29217990ddf6f14e35912b2866d591fb\",\"name\":\"Editor General\",\"image\":{\"@type\":\"ImageObject\",\"inLanguage\":\"es\",\"@id\":\"https:\/\/luchonoticias.com\/editor\/#\/schema\/person\/image\/\",\"url\":\"https:\/\/luchonoticias.com\/editor\/wp-content\/uploads\/2024\/02\/cropped-cropped-logolu-150x150.webp\",\"contentUrl\":\"https:\/\/luchonoticias.com\/editor\/wp-content\/uploads\/2024\/02\/cropped-cropped-logolu-150x150.webp\",\"caption\":\"Editor General\"},\"sameAs\":[\"https:\/\/luchonoticias.com\/\"],\"url\":\"https:\/\/luchonoticias.com\/editor\/author\/editor-general\/\"}]}<\/script>\n<!-- \/ Yoast SEO plugin. -->","yoast_head_json":{"title":"Emergencia en el Huila por las lluvias -","robots":{"index":"index","follow":"follow","max-snippet":"max-snippet:-1","max-image-preview":"max-image-preview:large","max-video-preview":"max-video-preview:-1"},"canonical":"https:\/\/luchonoticias.com\/editor\/emergencia-en-el-huila-por-las-lluvias\/","og_locale":"es_ES","og_type":"article","og_title":"Emergencia en el Huila por las lluvias -","og_url":"https:\/\/luchonoticias.com\/editor\/emergencia-en-el-huila-por-las-lluvias\/","article_publisher":"https:\/\/www.facebook.com\/luchonoticiasneiva","article_published_time":"2025-06-02T01:00:03+00:00","article_modified_time":"2025-06-02T01:00:04+00:00","og_image":[{"width":700,"height":400,"url":"https:\/\/luchonoticias.com\/editor\/wp-content\/uploads\/2025\/06\/LLUVIAS-HUILA.jpg","type":"image\/jpeg"}],"author":"Editor General","twitter_card":"summary_large_image","twitter_misc":{"Escrito por":"Editor General","Tiempo de lectura":"3 minutos"},"schema":{"@context":"https:\/\/schema.org","@graph":[{"@type":"Article","@id":"https:\/\/luchonoticias.com\/editor\/emergencia-en-el-huila-por-las-lluvias\/#article","isPartOf":{"@id":"https:\/\/luchonoticias.com\/editor\/emergencia-en-el-huila-por-las-lluvias\/"},"author":{"name":"Editor General","@id":"https:\/\/luchonoticias.com\/editor\/#\/schema\/person\/29217990ddf6f14e35912b2866d591fb"},"headline":"Emergencia en el Huila por las lluvias","datePublished":"2025-06-02T01:00:03+00:00","dateModified":"2025-06-02T01:00:04+00:00","mainEntityOfPage":{"@id":"https:\/\/luchonoticias.com\/editor\/emergencia-en-el-huila-por-las-lluvias\/"},"wordCount":300,"publisher":{"@id":"https:\/\/luchonoticias.com\/editor\/#\/schema\/person\/7a7fd911f58561fd056dbac7b55af9cd"},"image":{"@id":"https:\/\/luchonoticias.com\/editor\/emergencia-en-el-huila-por-las-lluvias\/#primaryimage"},"thumbnailUrl":"https:\/\/luchonoticias.com\/editor\/wp-content\/uploads\/2025\/06\/LLUVIAS-HUILA.jpg","articleSection":["Huila"],"inLanguage":"es"},{"@type":"WebPage","@id":"https:\/\/luchonoticias.com\/editor\/emergencia-en-el-huila-por-las-lluvias\/","url":"https:\/\/luchonoticias.com\/editor\/emergencia-en-el-huila-por-las-lluvias\/","name":"Emergencia en el Huila por las lluvias -","isPartOf":{"@id":"https:\/\/luchonoticias.com\/editor\/#website"},"primaryImageOfPage":{"@id":"https:\/\/luchonoticias.com\/editor\/emergencia-en-el-huila-por-las-lluvias\/#primaryimage"},"image":{"@id":"https:\/\/luchonoticias.com\/editor\/emergencia-en-el-huila-por-las-lluvias\/#primaryimage"},"thumbnailUrl":"https:\/\/luchonoticias.com\/editor\/wp-content\/uploads\/2025\/06\/LLUVIAS-HUILA.jpg","datePublished":"2025-06-02T01:00:03+00:00","dateModified":"2025-06-02T01:00:04+00:00","breadcrumb":{"@id":"https:\/\/luchonoticias.com\/editor\/emergencia-en-el-huila-por-las-lluvias\/#breadcrumb"},"inLanguage":"es","potentialAction":[{"@type":"ReadAction","target":["https:\/\/luchonoticias.com\/editor\/emergencia-en-el-huila-por-las-lluvias\/"]}]},{"@type":"ImageObject","inLanguage":"es","@id":"https:\/\/luchonoticias.com\/editor\/emergencia-en-el-huila-por-las-lluvias\/#primaryimage","url":"https:\/\/luchonoticias.com\/editor\/wp-content\/uploads\/2025\/06\/LLUVIAS-HUILA.jpg","contentUrl":"https:\/\/luchonoticias.com\/editor\/wp-content\/uploads\/2025\/06\/LLUVIAS-HUILA.jpg","width":700,"height":400},{"@type":"BreadcrumbList","@id":"https:\/\/luchonoticias.com\/editor\/emergencia-en-el-huila-por-las-lluvias\/#breadcrumb","itemListElement":[{"@type":"ListItem","position":1,"name":"Portada","item":"https:\/\/luchonoticias.com\/editor\/"},{"@type":"ListItem","position":2,"name":"Emergencia en el Huila por las lluvias"}]},{"@type":"WebSite","@id":"https:\/\/luchonoticias.com\/editor\/#website","url":"https:\/\/luchonoticias.com\/editor\/","name":"","description":"","publisher":{"@id":"https:\/\/luchonoticias.com\/editor\/#\/schema\/person\/7a7fd911f58561fd056dbac7b55af9cd"},"potentialAction":[{"@type":"SearchAction","target":{"@type":"EntryPoint","urlTemplate":"https:\/\/luchonoticias.com\/editor\/?s={search_term_string}"},"query-input":{"@type":"PropertyValueSpecification","valueRequired":true,"valueName":"search_term_string"}}],"inLanguage":"es"},{"@type":["Person","Organization"],"@id":"https:\/\/luchonoticias.com\/editor\/#\/schema\/person\/7a7fd911f58561fd056dbac7b55af9cd","name":"admin","image":{"@type":"ImageObject","inLanguage":"es","@id":"https:\/\/luchonoticias.com\/editor\/#\/schema\/person\/image\/","url":"https:\/\/luchonoticias.com\/editor\/wp-content\/uploads\/2024\/02\/cropped-cropped-logolu.webp","contentUrl":"https:\/\/luchonoticias.com\/editor\/wp-content\/uploads\/2024\/02\/cropped-cropped-logolu.webp","width":382,"height":170,"caption":"admin"},"logo":{"@id":"https:\/\/luchonoticias.com\/editor\/#\/schema\/person\/image\/"},"sameAs":["https:\/\/www.facebook.com\/luchonoticiasneiva"]},{"@type":"Person","@id":"https:\/\/luchonoticias.com\/editor\/#\/schema\/person\/29217990ddf6f14e35912b2866d591fb","name":"Editor General","image":{"@type":"ImageObject","inLanguage":"es","@id":"https:\/\/luchonoticias.com\/editor\/#\/schema\/person\/image\/","url":"https:\/\/luchonoticias.com\/editor\/wp-content\/uploads\/2024\/02\/cropped-cropped-logolu-150x150.webp","contentUrl":"https:\/\/luchonoticias.com\/editor\/wp-content\/uploads\/2024\/02\/cropped-cropped-logolu-150x150.webp","caption":"Editor General"},"sameAs":["https:\/\/luchonoticias.com\/"],"url":"https:\/\/luchonoticias.com\/editor\/author\/editor-general\/"}]}},"_links":{"self":[{"href":"https:\/\/luchonoticias.com\/editor\/wp-json\/wp\/v2\/posts\/83761","targetHints":{"allow":["GET"]}}],"collection":[{"href":"https:\/\/luchonoticias.com\/editor\/wp-json\/wp\/v2\/posts"}],"about":[{"href":"https:\/\/luchonoticias.com\/editor\/wp-json\/wp\/v2\/types\/post"}],"author":[{"embeddable":true,"href":"https:\/\/luchonoticias.com\/editor\/wp-json\/wp\/v2\/users\/2"}],"replies":[{"embeddable":true,"href":"https:\/\/luchonoticias.com\/editor\/wp-json\/wp\/v2\/comments?post=83761"}],"version-history":[{"count":1,"href":"https:\/\/luchonoticias.com\/editor\/wp-json\/wp\/v2\/posts\/83761\/revisions"}],"predecessor-version":[{"id":83766,"href":"https:\/\/luchonoticias.com\/editor\/wp-json\/wp\/v2\/posts\/83761\/revisions\/83766"}],"wp:featuredmedia":[{"embeddable":true,"href":"https:\/\/luchonoticias.com\/editor\/wp-json\/wp\/v2\/media\/83762"}],"wp:attachment":[{"href":"https:\/\/luchonoticias.com\/editor\/wp-json\/wp\/v2\/media?parent=83761"}],"wp:term":[{"taxonomy":"category","embeddable":true,"href":"https:\/\/luchonoticias.com\/editor\/wp-json\/wp\/v2\/categories?post=83761"},{"taxonomy":"post_tag","embeddable":true,"href":"https:\/\/luchonoticias.com\/editor\/wp-json\/wp\/v2\/tags?post=83761"}],"curies":[{"name":"wp","href":"https:\/\/api.w.org\/{rel}","templated":true}]}}