{"id":83792,"date":"2025-06-02T16:25:47","date_gmt":"2025-06-02T21:25:47","guid":{"rendered":"https:\/\/luchonoticias.com\/?p=83792"},"modified":"2025-06-02T16:25:48","modified_gmt":"2025-06-02T21:25:48","slug":"impulso-a-la-caficultura-en-campoalegre","status":"publish","type":"post","link":"https:\/\/luchonoticias.com\/editor\/impulso-a-la-caficultura-en-campoalegre\/","title":{"rendered":"Impulso a la caficultura en Campoalegre"},"content":{"rendered":"\n<figure class=\"wp-block-image size-full\"><img loading=\"lazy\" decoding=\"async\" width=\"700\" height=\"400\" src=\"https:\/\/luchonoticias.com\/wp-content\/uploads\/2025\/06\/GOBERNADOR-CAFE.jpg\" alt=\"\" class=\"wp-image-83793\" srcset=\"https:\/\/luchonoticias.com\/editor\/wp-content\/uploads\/2025\/06\/GOBERNADOR-CAFE.jpg 700w, https:\/\/luchonoticias.com\/editor\/wp-content\/uploads\/2025\/06\/GOBERNADOR-CAFE-300x171.jpg 300w\" sizes=\"auto, (max-width: 700px) 100vw, 700px\" \/><\/figure>\n\n\n\n<p>Gracias a una inversi\u00f3n superior a los $300 millones entre la Gobernaci\u00f3n del Huila y la Asociaci\u00f3n de Caficultores La Esperanza, fue construida y puesta en operaci\u00f3n una moderna planta de secado de caf\u00e9 en la vereda El Guayabo, municipio de Campoalegre. Esta infraestructura permitir\u00e1 agregar valor al producto, mejorar los ingresos de 53 familias caficultoras y evitar los traslados a otras localidades para el proceso de secado.<\/p>\n\n\n\n<p>La nueva planta cuenta con una Guardiola con capacidad para 5.000 kilos por bache, elevadores de canjil\u00f3n, zona de empaque con capacidad de 4 toneladas por hora y una bodega de almacenamiento. El gobernador Rodrigo Villalba destac\u00f3 que la administraci\u00f3n aport\u00f3 m\u00e1s de $120 millones, mientras que la asociaci\u00f3n cubri\u00f3 el resto, consolidando un modelo de agroindustrializaci\u00f3n que busca mayor competitividad para los productores rurales.<\/p>\n\n\n\n<figure class=\"wp-block-gallery has-nested-images columns-default is-cropped wp-block-gallery-1 is-layout-flex wp-block-gallery-is-layout-flex\">\n<figure class=\"wp-block-image size-large\"><img loading=\"lazy\" decoding=\"async\" width=\"1024\" height=\"683\" data-id=\"83795\" src=\"https:\/\/luchonoticias.com\/wp-content\/uploads\/2025\/06\/Imagen-de-WhatsApp-2025-06-02-a-las-15.58.34_78fea12c-1024x683.jpg\" alt=\"\" class=\"wp-image-83795\" srcset=\"https:\/\/luchonoticias.com\/editor\/wp-content\/uploads\/2025\/06\/Imagen-de-WhatsApp-2025-06-02-a-las-15.58.34_78fea12c-1024x683.jpg 1024w, https:\/\/luchonoticias.com\/editor\/wp-content\/uploads\/2025\/06\/Imagen-de-WhatsApp-2025-06-02-a-las-15.58.34_78fea12c-300x200.jpg 300w, https:\/\/luchonoticias.com\/editor\/wp-content\/uploads\/2025\/06\/Imagen-de-WhatsApp-2025-06-02-a-las-15.58.34_78fea12c-768x512.jpg 768w, https:\/\/luchonoticias.com\/editor\/wp-content\/uploads\/2025\/06\/Imagen-de-WhatsApp-2025-06-02-a-las-15.58.34_78fea12c-1536x1024.jpg 1536w, https:\/\/luchonoticias.com\/editor\/wp-content\/uploads\/2025\/06\/Imagen-de-WhatsApp-2025-06-02-a-las-15.58.34_78fea12c-2048x1365.jpg 2048w\" sizes=\"auto, (max-width: 1024px) 100vw, 1024px\" \/><\/figure>\n\n\n\n<figure class=\"wp-block-image size-large\"><img loading=\"lazy\" decoding=\"async\" width=\"1024\" height=\"683\" data-id=\"83794\" src=\"https:\/\/luchonoticias.com\/wp-content\/uploads\/2025\/06\/Imagen-de-WhatsApp-2025-06-02-a-las-15.58.35_1b5764a0-1024x683.jpg\" alt=\"\" class=\"wp-image-83794\" srcset=\"https:\/\/luchonoticias.com\/editor\/wp-content\/uploads\/2025\/06\/Imagen-de-WhatsApp-2025-06-02-a-las-15.58.35_1b5764a0-1024x683.jpg 1024w, https:\/\/luchonoticias.com\/editor\/wp-content\/uploads\/2025\/06\/Imagen-de-WhatsApp-2025-06-02-a-las-15.58.35_1b5764a0-300x200.jpg 300w, https:\/\/luchonoticias.com\/editor\/wp-content\/uploads\/2025\/06\/Imagen-de-WhatsApp-2025-06-02-a-las-15.58.35_1b5764a0-768x512.jpg 768w, https:\/\/luchonoticias.com\/editor\/wp-content\/uploads\/2025\/06\/Imagen-de-WhatsApp-2025-06-02-a-las-15.58.35_1b5764a0-1536x1024.jpg 1536w, https:\/\/luchonoticias.com\/editor\/wp-content\/uploads\/2025\/06\/Imagen-de-WhatsApp-2025-06-02-a-las-15.58.35_1b5764a0-2048x1365.jpg 2048w\" sizes=\"auto, (max-width: 1024px) 100vw, 1024px\" \/><\/figure>\n\n\n\n<figure class=\"wp-block-image size-large\"><img loading=\"lazy\" decoding=\"async\" width=\"1024\" height=\"833\" data-id=\"83796\" src=\"https:\/\/luchonoticias.com\/wp-content\/uploads\/2025\/06\/Imagen-de-WhatsApp-2025-06-02-a-las-15.58.32_19dd96c3-1024x833.jpg\" alt=\"\" class=\"wp-image-83796\" srcset=\"https:\/\/luchonoticias.com\/editor\/wp-content\/uploads\/2025\/06\/Imagen-de-WhatsApp-2025-06-02-a-las-15.58.32_19dd96c3-1024x833.jpg 1024w, https:\/\/luchonoticias.com\/editor\/wp-content\/uploads\/2025\/06\/Imagen-de-WhatsApp-2025-06-02-a-las-15.58.32_19dd96c3-300x244.jpg 300w, https:\/\/luchonoticias.com\/editor\/wp-content\/uploads\/2025\/06\/Imagen-de-WhatsApp-2025-06-02-a-las-15.58.32_19dd96c3-768x624.jpg 768w, https:\/\/luchonoticias.com\/editor\/wp-content\/uploads\/2025\/06\/Imagen-de-WhatsApp-2025-06-02-a-las-15.58.32_19dd96c3-1536x1249.jpg 1536w, https:\/\/luchonoticias.com\/editor\/wp-content\/uploads\/2025\/06\/Imagen-de-WhatsApp-2025-06-02-a-las-15.58.32_19dd96c3-2048x1665.jpg 2048w\" sizes=\"auto, (max-width: 1024px) 100vw, 1024px\" \/><\/figure>\n<\/figure>\n\n\n\n<p>L\u00edderes de la asociaci\u00f3n celebraron el logro, resaltando que este proyecto era un sue\u00f1o pendiente desde hace d\u00e9cadas. El presidente Alfonso Bonilla y el tesorero Wilber Cruz valoraron la rapidez con la que se ejecut\u00f3 la obra, iniciada en noviembre de 2024 y concluida antes del cierre del primer semestre de 2025, gracias al compromiso conjunto de la comunidad y la administraci\u00f3n departamental.<\/p>\n\n\n\n<p>Adem\u00e1s, el proyecto se ejecut\u00f3 con mano de obra local, lo que permiti\u00f3 que los $316 millones invertidos dinamizaran la econom\u00eda de la regi\u00f3n. El secretario de Agricultura, Carlos Cuellar, anunci\u00f3 que el Gobierno Huila Grande ya estructura nuevos megaproyectos para beneficiar a m\u00e1s de 10.000 caficultores en el departamento, fortaleciendo as\u00ed las principales cadenas productivas del sector agropecuario.<\/p>\n\n\n\n<p><\/p>\n","protected":false},"excerpt":{"rendered":"<p>Gracias a una inversi\u00f3n superior a los $300 millones entre la Gobernaci\u00f3n del Huila y la Asociaci\u00f3n de Caficultores La Esperanza, fue construida y puesta en operaci\u00f3n una moderna planta de secado de caf\u00e9 en la vereda El Guayabo, municipio de Campoalegre. Esta infraestructura permitir\u00e1 agregar valor al producto, mejorar los ingresos de 53 familias [&hellip;]<\/p>\n","protected":false},"author":2,"featured_media":83793,"comment_status":"closed","ping_status":"open","sticky":false,"template":"","format":"standard","meta":{"footnotes":""},"categories":[33],"tags":[],"class_list":["post-83792","post","type-post","status-publish","format-standard","has-post-thumbnail","hentry","category-huila"],"yoast_head":"<!-- This site is optimized with the Yoast SEO plugin v26.6 - https:\/\/yoast.com\/wordpress\/plugins\/seo\/ -->\n<title>Impulso a la caficultura en Campoalegre -<\/title>\n<meta name=\"robots\" content=\"index, follow, max-snippet:-1, max-image-preview:large, max-video-preview:-1\" \/>\n<link rel=\"canonical\" href=\"https:\/\/luchonoticias.com\/editor\/impulso-a-la-caficultura-en-campoalegre\/\" \/>\n<meta property=\"og:locale\" content=\"es_ES\" \/>\n<meta property=\"og:type\" content=\"article\" \/>\n<meta property=\"og:title\" content=\"Impulso a la caficultura en Campoalegre -\" \/>\n<meta property=\"og:url\" content=\"https:\/\/luchonoticias.com\/editor\/impulso-a-la-caficultura-en-campoalegre\/\" \/>\n<meta property=\"article:publisher\" content=\"https:\/\/www.facebook.com\/luchonoticiasneiva\" \/>\n<meta property=\"article:published_time\" content=\"2025-06-02T21:25:47+00:00\" \/>\n<meta property=\"article:modified_time\" content=\"2025-06-02T21:25:48+00:00\" \/>\n<meta property=\"og:image\" content=\"https:\/\/luchonoticias.com\/editor\/wp-content\/uploads\/2025\/06\/GOBERNADOR-CAFE.jpg\" \/>\n\t<meta property=\"og:image:width\" content=\"700\" \/>\n\t<meta property=\"og:image:height\" content=\"400\" \/>\n\t<meta property=\"og:image:type\" content=\"image\/jpeg\" \/>\n<meta name=\"author\" content=\"Editor General\" \/>\n<meta name=\"twitter:card\" content=\"summary_large_image\" \/>\n<meta name=\"twitter:label1\" content=\"Escrito por\" \/>\n\t<meta name=\"twitter:data1\" content=\"Editor General\" \/>\n\t<meta name=\"twitter:label2\" content=\"Tiempo de lectura\" \/>\n\t<meta name=\"twitter:data2\" content=\"3 minutos\" \/>\n<script type=\"application\/ld+json\" class=\"yoast-schema-graph\">{\"@context\":\"https:\/\/schema.org\",\"@graph\":[{\"@type\":\"Article\",\"@id\":\"https:\/\/luchonoticias.com\/editor\/impulso-a-la-caficultura-en-campoalegre\/#article\",\"isPartOf\":{\"@id\":\"https:\/\/luchonoticias.com\/editor\/impulso-a-la-caficultura-en-campoalegre\/\"},\"author\":{\"name\":\"Editor General\",\"@id\":\"https:\/\/luchonoticias.com\/editor\/#\/schema\/person\/29217990ddf6f14e35912b2866d591fb\"},\"headline\":\"Impulso a la caficultura en Campoalegre\",\"datePublished\":\"2025-06-02T21:25:47+00:00\",\"dateModified\":\"2025-06-02T21:25:48+00:00\",\"mainEntityOfPage\":{\"@id\":\"https:\/\/luchonoticias.com\/editor\/impulso-a-la-caficultura-en-campoalegre\/\"},\"wordCount\":270,\"publisher\":{\"@id\":\"https:\/\/luchonoticias.com\/editor\/#\/schema\/person\/7a7fd911f58561fd056dbac7b55af9cd\"},\"image\":{\"@id\":\"https:\/\/luchonoticias.com\/editor\/impulso-a-la-caficultura-en-campoalegre\/#primaryimage\"},\"thumbnailUrl\":\"https:\/\/luchonoticias.com\/editor\/wp-content\/uploads\/2025\/06\/GOBERNADOR-CAFE.jpg\",\"articleSection\":[\"Huila\"],\"inLanguage\":\"es\"},{\"@type\":\"WebPage\",\"@id\":\"https:\/\/luchonoticias.com\/editor\/impulso-a-la-caficultura-en-campoalegre\/\",\"url\":\"https:\/\/luchonoticias.com\/editor\/impulso-a-la-caficultura-en-campoalegre\/\",\"name\":\"Impulso a la caficultura en Campoalegre -\",\"isPartOf\":{\"@id\":\"https:\/\/luchonoticias.com\/editor\/#website\"},\"primaryImageOfPage\":{\"@id\":\"https:\/\/luchonoticias.com\/editor\/impulso-a-la-caficultura-en-campoalegre\/#primaryimage\"},\"image\":{\"@id\":\"https:\/\/luchonoticias.com\/editor\/impulso-a-la-caficultura-en-campoalegre\/#primaryimage\"},\"thumbnailUrl\":\"https:\/\/luchonoticias.com\/editor\/wp-content\/uploads\/2025\/06\/GOBERNADOR-CAFE.jpg\",\"datePublished\":\"2025-06-02T21:25:47+00:00\",\"dateModified\":\"2025-06-02T21:25:48+00:00\",\"breadcrumb\":{\"@id\":\"https:\/\/luchonoticias.com\/editor\/impulso-a-la-caficultura-en-campoalegre\/#breadcrumb\"},\"inLanguage\":\"es\",\"potentialAction\":[{\"@type\":\"ReadAction\",\"target\":[\"https:\/\/luchonoticias.com\/editor\/impulso-a-la-caficultura-en-campoalegre\/\"]}]},{\"@type\":\"ImageObject\",\"inLanguage\":\"es\",\"@id\":\"https:\/\/luchonoticias.com\/editor\/impulso-a-la-caficultura-en-campoalegre\/#primaryimage\",\"url\":\"https:\/\/luchonoticias.com\/editor\/wp-content\/uploads\/2025\/06\/GOBERNADOR-CAFE.jpg\",\"contentUrl\":\"https:\/\/luchonoticias.com\/editor\/wp-content\/uploads\/2025\/06\/GOBERNADOR-CAFE.jpg\",\"width\":700,\"height\":400},{\"@type\":\"BreadcrumbList\",\"@id\":\"https:\/\/luchonoticias.com\/editor\/impulso-a-la-caficultura-en-campoalegre\/#breadcrumb\",\"itemListElement\":[{\"@type\":\"ListItem\",\"position\":1,\"name\":\"Portada\",\"item\":\"https:\/\/luchonoticias.com\/editor\/\"},{\"@type\":\"ListItem\",\"position\":2,\"name\":\"Impulso a la caficultura en Campoalegre\"}]},{\"@type\":\"WebSite\",\"@id\":\"https:\/\/luchonoticias.com\/editor\/#website\",\"url\":\"https:\/\/luchonoticias.com\/editor\/\",\"name\":\"\",\"description\":\"\",\"publisher\":{\"@id\":\"https:\/\/luchonoticias.com\/editor\/#\/schema\/person\/7a7fd911f58561fd056dbac7b55af9cd\"},\"potentialAction\":[{\"@type\":\"SearchAction\",\"target\":{\"@type\":\"EntryPoint\",\"urlTemplate\":\"https:\/\/luchonoticias.com\/editor\/?s={search_term_string}\"},\"query-input\":{\"@type\":\"PropertyValueSpecification\",\"valueRequired\":true,\"valueName\":\"search_term_string\"}}],\"inLanguage\":\"es\"},{\"@type\":[\"Person\",\"Organization\"],\"@id\":\"https:\/\/luchonoticias.com\/editor\/#\/schema\/person\/7a7fd911f58561fd056dbac7b55af9cd\",\"name\":\"admin\",\"image\":{\"@type\":\"ImageObject\",\"inLanguage\":\"es\",\"@id\":\"https:\/\/luchonoticias.com\/editor\/#\/schema\/person\/image\/\",\"url\":\"https:\/\/luchonoticias.com\/editor\/wp-content\/uploads\/2024\/02\/cropped-cropped-logolu.webp\",\"contentUrl\":\"https:\/\/luchonoticias.com\/editor\/wp-content\/uploads\/2024\/02\/cropped-cropped-logolu.webp\",\"width\":382,\"height\":170,\"caption\":\"admin\"},\"logo\":{\"@id\":\"https:\/\/luchonoticias.com\/editor\/#\/schema\/person\/image\/\"},\"sameAs\":[\"https:\/\/www.facebook.com\/luchonoticiasneiva\"]},{\"@type\":\"Person\",\"@id\":\"https:\/\/luchonoticias.com\/editor\/#\/schema\/person\/29217990ddf6f14e35912b2866d591fb\",\"name\":\"Editor General\",\"image\":{\"@type\":\"ImageObject\",\"inLanguage\":\"es\",\"@id\":\"https:\/\/luchonoticias.com\/editor\/#\/schema\/person\/image\/\",\"url\":\"https:\/\/luchonoticias.com\/editor\/wp-content\/uploads\/2024\/02\/cropped-cropped-logolu-150x150.webp\",\"contentUrl\":\"https:\/\/luchonoticias.com\/editor\/wp-content\/uploads\/2024\/02\/cropped-cropped-logolu-150x150.webp\",\"caption\":\"Editor General\"},\"sameAs\":[\"https:\/\/luchonoticias.com\/\"],\"url\":\"https:\/\/luchonoticias.com\/editor\/author\/editor-general\/\"}]}<\/script>\n<!-- \/ Yoast SEO plugin. -->","yoast_head_json":{"title":"Impulso a la caficultura en Campoalegre -","robots":{"index":"index","follow":"follow","max-snippet":"max-snippet:-1","max-image-preview":"max-image-preview:large","max-video-preview":"max-video-preview:-1"},"canonical":"https:\/\/luchonoticias.com\/editor\/impulso-a-la-caficultura-en-campoalegre\/","og_locale":"es_ES","og_type":"article","og_title":"Impulso a la caficultura en Campoalegre -","og_url":"https:\/\/luchonoticias.com\/editor\/impulso-a-la-caficultura-en-campoalegre\/","article_publisher":"https:\/\/www.facebook.com\/luchonoticiasneiva","article_published_time":"2025-06-02T21:25:47+00:00","article_modified_time":"2025-06-02T21:25:48+00:00","og_image":[{"width":700,"height":400,"url":"https:\/\/luchonoticias.com\/editor\/wp-content\/uploads\/2025\/06\/GOBERNADOR-CAFE.jpg","type":"image\/jpeg"}],"author":"Editor General","twitter_card":"summary_large_image","twitter_misc":{"Escrito por":"Editor General","Tiempo de lectura":"3 minutos"},"schema":{"@context":"https:\/\/schema.org","@graph":[{"@type":"Article","@id":"https:\/\/luchonoticias.com\/editor\/impulso-a-la-caficultura-en-campoalegre\/#article","isPartOf":{"@id":"https:\/\/luchonoticias.com\/editor\/impulso-a-la-caficultura-en-campoalegre\/"},"author":{"name":"Editor General","@id":"https:\/\/luchonoticias.com\/editor\/#\/schema\/person\/29217990ddf6f14e35912b2866d591fb"},"headline":"Impulso a la caficultura en Campoalegre","datePublished":"2025-06-02T21:25:47+00:00","dateModified":"2025-06-02T21:25:48+00:00","mainEntityOfPage":{"@id":"https:\/\/luchonoticias.com\/editor\/impulso-a-la-caficultura-en-campoalegre\/"},"wordCount":270,"publisher":{"@id":"https:\/\/luchonoticias.com\/editor\/#\/schema\/person\/7a7fd911f58561fd056dbac7b55af9cd"},"image":{"@id":"https:\/\/luchonoticias.com\/editor\/impulso-a-la-caficultura-en-campoalegre\/#primaryimage"},"thumbnailUrl":"https:\/\/luchonoticias.com\/editor\/wp-content\/uploads\/2025\/06\/GOBERNADOR-CAFE.jpg","articleSection":["Huila"],"inLanguage":"es"},{"@type":"WebPage","@id":"https:\/\/luchonoticias.com\/editor\/impulso-a-la-caficultura-en-campoalegre\/","url":"https:\/\/luchonoticias.com\/editor\/impulso-a-la-caficultura-en-campoalegre\/","name":"Impulso a la caficultura en Campoalegre -","isPartOf":{"@id":"https:\/\/luchonoticias.com\/editor\/#website"},"primaryImageOfPage":{"@id":"https:\/\/luchonoticias.com\/editor\/impulso-a-la-caficultura-en-campoalegre\/#primaryimage"},"image":{"@id":"https:\/\/luchonoticias.com\/editor\/impulso-a-la-caficultura-en-campoalegre\/#primaryimage"},"thumbnailUrl":"https:\/\/luchonoticias.com\/editor\/wp-content\/uploads\/2025\/06\/GOBERNADOR-CAFE.jpg","datePublished":"2025-06-02T21:25:47+00:00","dateModified":"2025-06-02T21:25:48+00:00","breadcrumb":{"@id":"https:\/\/luchonoticias.com\/editor\/impulso-a-la-caficultura-en-campoalegre\/#breadcrumb"},"inLanguage":"es","potentialAction":[{"@type":"ReadAction","target":["https:\/\/luchonoticias.com\/editor\/impulso-a-la-caficultura-en-campoalegre\/"]}]},{"@type":"ImageObject","inLanguage":"es","@id":"https:\/\/luchonoticias.com\/editor\/impulso-a-la-caficultura-en-campoalegre\/#primaryimage","url":"https:\/\/luchonoticias.com\/editor\/wp-content\/uploads\/2025\/06\/GOBERNADOR-CAFE.jpg","contentUrl":"https:\/\/luchonoticias.com\/editor\/wp-content\/uploads\/2025\/06\/GOBERNADOR-CAFE.jpg","width":700,"height":400},{"@type":"BreadcrumbList","@id":"https:\/\/luchonoticias.com\/editor\/impulso-a-la-caficultura-en-campoalegre\/#breadcrumb","itemListElement":[{"@type":"ListItem","position":1,"name":"Portada","item":"https:\/\/luchonoticias.com\/editor\/"},{"@type":"ListItem","position":2,"name":"Impulso a la caficultura en Campoalegre"}]},{"@type":"WebSite","@id":"https:\/\/luchonoticias.com\/editor\/#website","url":"https:\/\/luchonoticias.com\/editor\/","name":"","description":"","publisher":{"@id":"https:\/\/luchonoticias.com\/editor\/#\/schema\/person\/7a7fd911f58561fd056dbac7b55af9cd"},"potentialAction":[{"@type":"SearchAction","target":{"@type":"EntryPoint","urlTemplate":"https:\/\/luchonoticias.com\/editor\/?s={search_term_string}"},"query-input":{"@type":"PropertyValueSpecification","valueRequired":true,"valueName":"search_term_string"}}],"inLanguage":"es"},{"@type":["Person","Organization"],"@id":"https:\/\/luchonoticias.com\/editor\/#\/schema\/person\/7a7fd911f58561fd056dbac7b55af9cd","name":"admin","image":{"@type":"ImageObject","inLanguage":"es","@id":"https:\/\/luchonoticias.com\/editor\/#\/schema\/person\/image\/","url":"https:\/\/luchonoticias.com\/editor\/wp-content\/uploads\/2024\/02\/cropped-cropped-logolu.webp","contentUrl":"https:\/\/luchonoticias.com\/editor\/wp-content\/uploads\/2024\/02\/cropped-cropped-logolu.webp","width":382,"height":170,"caption":"admin"},"logo":{"@id":"https:\/\/luchonoticias.com\/editor\/#\/schema\/person\/image\/"},"sameAs":["https:\/\/www.facebook.com\/luchonoticiasneiva"]},{"@type":"Person","@id":"https:\/\/luchonoticias.com\/editor\/#\/schema\/person\/29217990ddf6f14e35912b2866d591fb","name":"Editor General","image":{"@type":"ImageObject","inLanguage":"es","@id":"https:\/\/luchonoticias.com\/editor\/#\/schema\/person\/image\/","url":"https:\/\/luchonoticias.com\/editor\/wp-content\/uploads\/2024\/02\/cropped-cropped-logolu-150x150.webp","contentUrl":"https:\/\/luchonoticias.com\/editor\/wp-content\/uploads\/2024\/02\/cropped-cropped-logolu-150x150.webp","caption":"Editor General"},"sameAs":["https:\/\/luchonoticias.com\/"],"url":"https:\/\/luchonoticias.com\/editor\/author\/editor-general\/"}]}},"_links":{"self":[{"href":"https:\/\/luchonoticias.com\/editor\/wp-json\/wp\/v2\/posts\/83792","targetHints":{"allow":["GET"]}}],"collection":[{"href":"https:\/\/luchonoticias.com\/editor\/wp-json\/wp\/v2\/posts"}],"about":[{"href":"https:\/\/luchonoticias.com\/editor\/wp-json\/wp\/v2\/types\/post"}],"author":[{"embeddable":true,"href":"https:\/\/luchonoticias.com\/editor\/wp-json\/wp\/v2\/users\/2"}],"replies":[{"embeddable":true,"href":"https:\/\/luchonoticias.com\/editor\/wp-json\/wp\/v2\/comments?post=83792"}],"version-history":[{"count":1,"href":"https:\/\/luchonoticias.com\/editor\/wp-json\/wp\/v2\/posts\/83792\/revisions"}],"predecessor-version":[{"id":83797,"href":"https:\/\/luchonoticias.com\/editor\/wp-json\/wp\/v2\/posts\/83792\/revisions\/83797"}],"wp:featuredmedia":[{"embeddable":true,"href":"https:\/\/luchonoticias.com\/editor\/wp-json\/wp\/v2\/media\/83793"}],"wp:attachment":[{"href":"https:\/\/luchonoticias.com\/editor\/wp-json\/wp\/v2\/media?parent=83792"}],"wp:term":[{"taxonomy":"category","embeddable":true,"href":"https:\/\/luchonoticias.com\/editor\/wp-json\/wp\/v2\/categories?post=83792"},{"taxonomy":"post_tag","embeddable":true,"href":"https:\/\/luchonoticias.com\/editor\/wp-json\/wp\/v2\/tags?post=83792"}],"curies":[{"name":"wp","href":"https:\/\/api.w.org\/{rel}","templated":true}]}}