{"id":83798,"date":"2025-06-02T17:33:38","date_gmt":"2025-06-02T22:33:38","guid":{"rendered":"https:\/\/luchonoticias.com\/?p=83798"},"modified":"2025-06-02T17:33:39","modified_gmt":"2025-06-02T22:33:39","slug":"importantes-acciones-contra-el-delito-en-neiva","status":"publish","type":"post","link":"https:\/\/luchonoticias.com\/editor\/importantes-acciones-contra-el-delito-en-neiva\/","title":{"rendered":"Importantes acciones contra el delito en Neiva"},"content":{"rendered":"\n<figure class=\"wp-block-image size-full\"><img loading=\"lazy\" decoding=\"async\" width=\"700\" height=\"400\" src=\"https:\/\/luchonoticias.com\/wp-content\/uploads\/2025\/06\/policia.jpg\" alt=\"\" class=\"wp-image-83799\" srcset=\"https:\/\/luchonoticias.com\/editor\/wp-content\/uploads\/2025\/06\/policia.jpg 700w, https:\/\/luchonoticias.com\/editor\/wp-content\/uploads\/2025\/06\/policia-300x171.jpg 300w\" sizes=\"auto, (max-width: 700px) 100vw, 700px\" \/><\/figure>\n\n\n\n<p>Durante el reciente fin de semana de puente festivo, en desarrollo del Plan Cazador, la Polic\u00eda Metropolitana de Neiva despleg\u00f3 una serie de intervenciones estrat\u00e9gicas que permitieron afianzar la seguridad y el orden p\u00fablico en diferentes sectores de la ciudad.<\/p>\n\n\n\n<p>Como resultado de estos procedimientos, se registr\u00f3 la captura de 10 individuos y la aprehensi\u00f3n de un adolescente, implicados en delitos como tr\u00e1fico de estupefacientes, hurto, porte ilegal de armas de fuego, lesiones personales, da\u00f1o en bien ajeno y violencia intrafamiliar.<\/p>\n\n\n\n<p>Adem\u00e1s, se logr\u00f3 la incautaci\u00f3n de un arma de fuego, 82 cartuchos calibre 7.62, cuatro motocicletas, un autom\u00f3vil, dos tel\u00e9fonos celulares y aproximadamente 20.718 gramos de estupefacientes, resultado del accionar policial en zonas priorizadas.<\/p>\n\n\n\n<p>Durante el fin de semana, la l\u00ednea de emergencia 123 recibi\u00f3 un total de 2.828 llamadas, de las cuales se destacan 280 reportes por alteraci\u00f3n de la tranquilidad, 200 casos de ri\u00f1a, 150 solicitudes de patrullajes preventivos y 47 incidentes relacionados con violencia intrafamiliar. Estas cifras reflejan el nivel de respuesta y compromiso institucional frente a las necesidades de la comunidad.<\/p>\n\n\n\n<p>En lo relacionado con la convivencia ciudadana, se aplicaron 146 medidas correctivas conforme al C\u00f3digo Nacional de Seguridad y Convivencia Ciudadana. Los comportamientos sancionados con mayor frecuencia fueron el porte de armas blancas, el consumo y expendio de sustancias psicoactivas y el uso o comercializaci\u00f3n de tel\u00e9fonos reportados como hurtados o extraviados. Adicionalmente, se orden\u00f3 la suspensi\u00f3n temporal de actividades en 2 establecimientos comerciales por incumplimientos normativos.<\/p>\n\n\n\n<p><\/p>\n","protected":false},"excerpt":{"rendered":"<p>Durante el reciente fin de semana de puente festivo, en desarrollo del Plan Cazador, la Polic\u00eda Metropolitana de Neiva despleg\u00f3 una serie de intervenciones estrat\u00e9gicas que permitieron afianzar la seguridad y el orden p\u00fablico en diferentes sectores de la ciudad. Como resultado de estos procedimientos, se registr\u00f3 la captura de 10 individuos y la aprehensi\u00f3n [&hellip;]<\/p>\n","protected":false},"author":2,"featured_media":83799,"comment_status":"closed","ping_status":"open","sticky":false,"template":"","format":"standard","meta":{"footnotes":""},"categories":[29],"tags":[],"class_list":["post-83798","post","type-post","status-publish","format-standard","has-post-thumbnail","hentry","category-judicial"],"yoast_head":"<!-- This site is optimized with the Yoast SEO plugin v26.6 - https:\/\/yoast.com\/wordpress\/plugins\/seo\/ -->\n<title>Importantes acciones contra el delito en Neiva -<\/title>\n<meta name=\"robots\" content=\"index, follow, max-snippet:-1, max-image-preview:large, max-video-preview:-1\" \/>\n<link rel=\"canonical\" href=\"https:\/\/luchonoticias.com\/editor\/importantes-acciones-contra-el-delito-en-neiva\/\" \/>\n<meta property=\"og:locale\" content=\"es_ES\" \/>\n<meta property=\"og:type\" content=\"article\" \/>\n<meta property=\"og:title\" content=\"Importantes acciones contra el delito en Neiva -\" \/>\n<meta property=\"og:url\" content=\"https:\/\/luchonoticias.com\/editor\/importantes-acciones-contra-el-delito-en-neiva\/\" \/>\n<meta property=\"article:publisher\" content=\"https:\/\/www.facebook.com\/luchonoticiasneiva\" \/>\n<meta property=\"article:published_time\" content=\"2025-06-02T22:33:38+00:00\" \/>\n<meta property=\"article:modified_time\" content=\"2025-06-02T22:33:39+00:00\" \/>\n<meta property=\"og:image\" content=\"https:\/\/luchonoticias.com\/editor\/wp-content\/uploads\/2025\/06\/policia.jpg\" \/>\n\t<meta property=\"og:image:width\" content=\"700\" \/>\n\t<meta property=\"og:image:height\" content=\"400\" \/>\n\t<meta property=\"og:image:type\" content=\"image\/jpeg\" \/>\n<meta name=\"author\" content=\"Editor General\" \/>\n<meta name=\"twitter:card\" content=\"summary_large_image\" \/>\n<meta name=\"twitter:label1\" content=\"Escrito por\" \/>\n\t<meta name=\"twitter:data1\" content=\"Editor General\" \/>\n\t<meta name=\"twitter:label2\" content=\"Tiempo de lectura\" \/>\n\t<meta name=\"twitter:data2\" content=\"2 minutos\" \/>\n<script type=\"application\/ld+json\" class=\"yoast-schema-graph\">{\"@context\":\"https:\/\/schema.org\",\"@graph\":[{\"@type\":\"Article\",\"@id\":\"https:\/\/luchonoticias.com\/editor\/importantes-acciones-contra-el-delito-en-neiva\/#article\",\"isPartOf\":{\"@id\":\"https:\/\/luchonoticias.com\/editor\/importantes-acciones-contra-el-delito-en-neiva\/\"},\"author\":{\"name\":\"Editor General\",\"@id\":\"https:\/\/luchonoticias.com\/editor\/#\/schema\/person\/29217990ddf6f14e35912b2866d591fb\"},\"headline\":\"Importantes acciones contra el delito en Neiva\",\"datePublished\":\"2025-06-02T22:33:38+00:00\",\"dateModified\":\"2025-06-02T22:33:39+00:00\",\"mainEntityOfPage\":{\"@id\":\"https:\/\/luchonoticias.com\/editor\/importantes-acciones-contra-el-delito-en-neiva\/\"},\"wordCount\":255,\"publisher\":{\"@id\":\"https:\/\/luchonoticias.com\/editor\/#\/schema\/person\/7a7fd911f58561fd056dbac7b55af9cd\"},\"image\":{\"@id\":\"https:\/\/luchonoticias.com\/editor\/importantes-acciones-contra-el-delito-en-neiva\/#primaryimage\"},\"thumbnailUrl\":\"https:\/\/luchonoticias.com\/editor\/wp-content\/uploads\/2025\/06\/policia.jpg\",\"articleSection\":[\"Judicial\"],\"inLanguage\":\"es\"},{\"@type\":\"WebPage\",\"@id\":\"https:\/\/luchonoticias.com\/editor\/importantes-acciones-contra-el-delito-en-neiva\/\",\"url\":\"https:\/\/luchonoticias.com\/editor\/importantes-acciones-contra-el-delito-en-neiva\/\",\"name\":\"Importantes acciones contra el delito en Neiva -\",\"isPartOf\":{\"@id\":\"https:\/\/luchonoticias.com\/editor\/#website\"},\"primaryImageOfPage\":{\"@id\":\"https:\/\/luchonoticias.com\/editor\/importantes-acciones-contra-el-delito-en-neiva\/#primaryimage\"},\"image\":{\"@id\":\"https:\/\/luchonoticias.com\/editor\/importantes-acciones-contra-el-delito-en-neiva\/#primaryimage\"},\"thumbnailUrl\":\"https:\/\/luchonoticias.com\/editor\/wp-content\/uploads\/2025\/06\/policia.jpg\",\"datePublished\":\"2025-06-02T22:33:38+00:00\",\"dateModified\":\"2025-06-02T22:33:39+00:00\",\"breadcrumb\":{\"@id\":\"https:\/\/luchonoticias.com\/editor\/importantes-acciones-contra-el-delito-en-neiva\/#breadcrumb\"},\"inLanguage\":\"es\",\"potentialAction\":[{\"@type\":\"ReadAction\",\"target\":[\"https:\/\/luchonoticias.com\/editor\/importantes-acciones-contra-el-delito-en-neiva\/\"]}]},{\"@type\":\"ImageObject\",\"inLanguage\":\"es\",\"@id\":\"https:\/\/luchonoticias.com\/editor\/importantes-acciones-contra-el-delito-en-neiva\/#primaryimage\",\"url\":\"https:\/\/luchonoticias.com\/editor\/wp-content\/uploads\/2025\/06\/policia.jpg\",\"contentUrl\":\"https:\/\/luchonoticias.com\/editor\/wp-content\/uploads\/2025\/06\/policia.jpg\",\"width\":700,\"height\":400},{\"@type\":\"BreadcrumbList\",\"@id\":\"https:\/\/luchonoticias.com\/editor\/importantes-acciones-contra-el-delito-en-neiva\/#breadcrumb\",\"itemListElement\":[{\"@type\":\"ListItem\",\"position\":1,\"name\":\"Portada\",\"item\":\"https:\/\/luchonoticias.com\/editor\/\"},{\"@type\":\"ListItem\",\"position\":2,\"name\":\"Importantes acciones contra el delito en Neiva\"}]},{\"@type\":\"WebSite\",\"@id\":\"https:\/\/luchonoticias.com\/editor\/#website\",\"url\":\"https:\/\/luchonoticias.com\/editor\/\",\"name\":\"\",\"description\":\"\",\"publisher\":{\"@id\":\"https:\/\/luchonoticias.com\/editor\/#\/schema\/person\/7a7fd911f58561fd056dbac7b55af9cd\"},\"potentialAction\":[{\"@type\":\"SearchAction\",\"target\":{\"@type\":\"EntryPoint\",\"urlTemplate\":\"https:\/\/luchonoticias.com\/editor\/?s={search_term_string}\"},\"query-input\":{\"@type\":\"PropertyValueSpecification\",\"valueRequired\":true,\"valueName\":\"search_term_string\"}}],\"inLanguage\":\"es\"},{\"@type\":[\"Person\",\"Organization\"],\"@id\":\"https:\/\/luchonoticias.com\/editor\/#\/schema\/person\/7a7fd911f58561fd056dbac7b55af9cd\",\"name\":\"admin\",\"image\":{\"@type\":\"ImageObject\",\"inLanguage\":\"es\",\"@id\":\"https:\/\/luchonoticias.com\/editor\/#\/schema\/person\/image\/\",\"url\":\"https:\/\/luchonoticias.com\/editor\/wp-content\/uploads\/2024\/02\/cropped-cropped-logolu.webp\",\"contentUrl\":\"https:\/\/luchonoticias.com\/editor\/wp-content\/uploads\/2024\/02\/cropped-cropped-logolu.webp\",\"width\":382,\"height\":170,\"caption\":\"admin\"},\"logo\":{\"@id\":\"https:\/\/luchonoticias.com\/editor\/#\/schema\/person\/image\/\"},\"sameAs\":[\"https:\/\/www.facebook.com\/luchonoticiasneiva\"]},{\"@type\":\"Person\",\"@id\":\"https:\/\/luchonoticias.com\/editor\/#\/schema\/person\/29217990ddf6f14e35912b2866d591fb\",\"name\":\"Editor General\",\"image\":{\"@type\":\"ImageObject\",\"inLanguage\":\"es\",\"@id\":\"https:\/\/luchonoticias.com\/editor\/#\/schema\/person\/image\/\",\"url\":\"https:\/\/luchonoticias.com\/editor\/wp-content\/uploads\/2024\/02\/cropped-cropped-logolu-150x150.webp\",\"contentUrl\":\"https:\/\/luchonoticias.com\/editor\/wp-content\/uploads\/2024\/02\/cropped-cropped-logolu-150x150.webp\",\"caption\":\"Editor General\"},\"sameAs\":[\"https:\/\/luchonoticias.com\/\"],\"url\":\"https:\/\/luchonoticias.com\/editor\/author\/editor-general\/\"}]}<\/script>\n<!-- \/ Yoast SEO plugin. -->","yoast_head_json":{"title":"Importantes acciones contra el delito en Neiva -","robots":{"index":"index","follow":"follow","max-snippet":"max-snippet:-1","max-image-preview":"max-image-preview:large","max-video-preview":"max-video-preview:-1"},"canonical":"https:\/\/luchonoticias.com\/editor\/importantes-acciones-contra-el-delito-en-neiva\/","og_locale":"es_ES","og_type":"article","og_title":"Importantes acciones contra el delito en Neiva -","og_url":"https:\/\/luchonoticias.com\/editor\/importantes-acciones-contra-el-delito-en-neiva\/","article_publisher":"https:\/\/www.facebook.com\/luchonoticiasneiva","article_published_time":"2025-06-02T22:33:38+00:00","article_modified_time":"2025-06-02T22:33:39+00:00","og_image":[{"width":700,"height":400,"url":"https:\/\/luchonoticias.com\/editor\/wp-content\/uploads\/2025\/06\/policia.jpg","type":"image\/jpeg"}],"author":"Editor General","twitter_card":"summary_large_image","twitter_misc":{"Escrito por":"Editor General","Tiempo de lectura":"2 minutos"},"schema":{"@context":"https:\/\/schema.org","@graph":[{"@type":"Article","@id":"https:\/\/luchonoticias.com\/editor\/importantes-acciones-contra-el-delito-en-neiva\/#article","isPartOf":{"@id":"https:\/\/luchonoticias.com\/editor\/importantes-acciones-contra-el-delito-en-neiva\/"},"author":{"name":"Editor General","@id":"https:\/\/luchonoticias.com\/editor\/#\/schema\/person\/29217990ddf6f14e35912b2866d591fb"},"headline":"Importantes acciones contra el delito en Neiva","datePublished":"2025-06-02T22:33:38+00:00","dateModified":"2025-06-02T22:33:39+00:00","mainEntityOfPage":{"@id":"https:\/\/luchonoticias.com\/editor\/importantes-acciones-contra-el-delito-en-neiva\/"},"wordCount":255,"publisher":{"@id":"https:\/\/luchonoticias.com\/editor\/#\/schema\/person\/7a7fd911f58561fd056dbac7b55af9cd"},"image":{"@id":"https:\/\/luchonoticias.com\/editor\/importantes-acciones-contra-el-delito-en-neiva\/#primaryimage"},"thumbnailUrl":"https:\/\/luchonoticias.com\/editor\/wp-content\/uploads\/2025\/06\/policia.jpg","articleSection":["Judicial"],"inLanguage":"es"},{"@type":"WebPage","@id":"https:\/\/luchonoticias.com\/editor\/importantes-acciones-contra-el-delito-en-neiva\/","url":"https:\/\/luchonoticias.com\/editor\/importantes-acciones-contra-el-delito-en-neiva\/","name":"Importantes acciones contra el delito en Neiva -","isPartOf":{"@id":"https:\/\/luchonoticias.com\/editor\/#website"},"primaryImageOfPage":{"@id":"https:\/\/luchonoticias.com\/editor\/importantes-acciones-contra-el-delito-en-neiva\/#primaryimage"},"image":{"@id":"https:\/\/luchonoticias.com\/editor\/importantes-acciones-contra-el-delito-en-neiva\/#primaryimage"},"thumbnailUrl":"https:\/\/luchonoticias.com\/editor\/wp-content\/uploads\/2025\/06\/policia.jpg","datePublished":"2025-06-02T22:33:38+00:00","dateModified":"2025-06-02T22:33:39+00:00","breadcrumb":{"@id":"https:\/\/luchonoticias.com\/editor\/importantes-acciones-contra-el-delito-en-neiva\/#breadcrumb"},"inLanguage":"es","potentialAction":[{"@type":"ReadAction","target":["https:\/\/luchonoticias.com\/editor\/importantes-acciones-contra-el-delito-en-neiva\/"]}]},{"@type":"ImageObject","inLanguage":"es","@id":"https:\/\/luchonoticias.com\/editor\/importantes-acciones-contra-el-delito-en-neiva\/#primaryimage","url":"https:\/\/luchonoticias.com\/editor\/wp-content\/uploads\/2025\/06\/policia.jpg","contentUrl":"https:\/\/luchonoticias.com\/editor\/wp-content\/uploads\/2025\/06\/policia.jpg","width":700,"height":400},{"@type":"BreadcrumbList","@id":"https:\/\/luchonoticias.com\/editor\/importantes-acciones-contra-el-delito-en-neiva\/#breadcrumb","itemListElement":[{"@type":"ListItem","position":1,"name":"Portada","item":"https:\/\/luchonoticias.com\/editor\/"},{"@type":"ListItem","position":2,"name":"Importantes acciones contra el delito en Neiva"}]},{"@type":"WebSite","@id":"https:\/\/luchonoticias.com\/editor\/#website","url":"https:\/\/luchonoticias.com\/editor\/","name":"","description":"","publisher":{"@id":"https:\/\/luchonoticias.com\/editor\/#\/schema\/person\/7a7fd911f58561fd056dbac7b55af9cd"},"potentialAction":[{"@type":"SearchAction","target":{"@type":"EntryPoint","urlTemplate":"https:\/\/luchonoticias.com\/editor\/?s={search_term_string}"},"query-input":{"@type":"PropertyValueSpecification","valueRequired":true,"valueName":"search_term_string"}}],"inLanguage":"es"},{"@type":["Person","Organization"],"@id":"https:\/\/luchonoticias.com\/editor\/#\/schema\/person\/7a7fd911f58561fd056dbac7b55af9cd","name":"admin","image":{"@type":"ImageObject","inLanguage":"es","@id":"https:\/\/luchonoticias.com\/editor\/#\/schema\/person\/image\/","url":"https:\/\/luchonoticias.com\/editor\/wp-content\/uploads\/2024\/02\/cropped-cropped-logolu.webp","contentUrl":"https:\/\/luchonoticias.com\/editor\/wp-content\/uploads\/2024\/02\/cropped-cropped-logolu.webp","width":382,"height":170,"caption":"admin"},"logo":{"@id":"https:\/\/luchonoticias.com\/editor\/#\/schema\/person\/image\/"},"sameAs":["https:\/\/www.facebook.com\/luchonoticiasneiva"]},{"@type":"Person","@id":"https:\/\/luchonoticias.com\/editor\/#\/schema\/person\/29217990ddf6f14e35912b2866d591fb","name":"Editor General","image":{"@type":"ImageObject","inLanguage":"es","@id":"https:\/\/luchonoticias.com\/editor\/#\/schema\/person\/image\/","url":"https:\/\/luchonoticias.com\/editor\/wp-content\/uploads\/2024\/02\/cropped-cropped-logolu-150x150.webp","contentUrl":"https:\/\/luchonoticias.com\/editor\/wp-content\/uploads\/2024\/02\/cropped-cropped-logolu-150x150.webp","caption":"Editor General"},"sameAs":["https:\/\/luchonoticias.com\/"],"url":"https:\/\/luchonoticias.com\/editor\/author\/editor-general\/"}]}},"_links":{"self":[{"href":"https:\/\/luchonoticias.com\/editor\/wp-json\/wp\/v2\/posts\/83798","targetHints":{"allow":["GET"]}}],"collection":[{"href":"https:\/\/luchonoticias.com\/editor\/wp-json\/wp\/v2\/posts"}],"about":[{"href":"https:\/\/luchonoticias.com\/editor\/wp-json\/wp\/v2\/types\/post"}],"author":[{"embeddable":true,"href":"https:\/\/luchonoticias.com\/editor\/wp-json\/wp\/v2\/users\/2"}],"replies":[{"embeddable":true,"href":"https:\/\/luchonoticias.com\/editor\/wp-json\/wp\/v2\/comments?post=83798"}],"version-history":[{"count":1,"href":"https:\/\/luchonoticias.com\/editor\/wp-json\/wp\/v2\/posts\/83798\/revisions"}],"predecessor-version":[{"id":83800,"href":"https:\/\/luchonoticias.com\/editor\/wp-json\/wp\/v2\/posts\/83798\/revisions\/83800"}],"wp:featuredmedia":[{"embeddable":true,"href":"https:\/\/luchonoticias.com\/editor\/wp-json\/wp\/v2\/media\/83799"}],"wp:attachment":[{"href":"https:\/\/luchonoticias.com\/editor\/wp-json\/wp\/v2\/media?parent=83798"}],"wp:term":[{"taxonomy":"category","embeddable":true,"href":"https:\/\/luchonoticias.com\/editor\/wp-json\/wp\/v2\/categories?post=83798"},{"taxonomy":"post_tag","embeddable":true,"href":"https:\/\/luchonoticias.com\/editor\/wp-json\/wp\/v2\/tags?post=83798"}],"curies":[{"name":"wp","href":"https:\/\/api.w.org\/{rel}","templated":true}]}}