{"id":83811,"date":"2025-06-03T04:43:22","date_gmt":"2025-06-03T09:43:22","guid":{"rendered":"https:\/\/luchonoticias.com\/?p=83811"},"modified":"2025-06-03T04:43:23","modified_gmt":"2025-06-03T09:43:23","slug":"abren-investigacion-a-tiendas-d1-por-presunto-acoso-laboral","status":"publish","type":"post","link":"https:\/\/luchonoticias.com\/editor\/abren-investigacion-a-tiendas-d1-por-presunto-acoso-laboral\/","title":{"rendered":"Abren investigaci\u00f3n a tiendas D1 por presunto acoso laboral"},"content":{"rendered":"\n<figure class=\"wp-block-image size-full\"><img loading=\"lazy\" decoding=\"async\" width=\"700\" height=\"400\" src=\"https:\/\/luchonoticias.com\/wp-content\/uploads\/2025\/06\/TIENDAS-D1.jpg\" alt=\"\" class=\"wp-image-83812\" srcset=\"https:\/\/luchonoticias.com\/editor\/wp-content\/uploads\/2025\/06\/TIENDAS-D1.jpg 700w, https:\/\/luchonoticias.com\/editor\/wp-content\/uploads\/2025\/06\/TIENDAS-D1-300x171.jpg 300w\" sizes=\"auto, (max-width: 700px) 100vw, 700px\" \/><\/figure>\n\n\n\n<p>El ministro de Trabajo, Antonio Sanguino, orden\u00f3 abrir una investigaci\u00f3n contra la cadena de supermercados D1 ante denuncias de posibles casos de explotaci\u00f3n laboral en distintas sedes del pa\u00eds.<\/p>\n\n\n\n<p>Sanguino advirti\u00f3 que ser\u00eda \u201cde suma gravedad\u201d que una empresa con utilidades de $373.200 millones en 2024 someta a sus empleados a condiciones laborales \u201cilegales e inmorales\u201d, en referencia a las m\u00faltiples quejas que han llegado a las autoridades.<\/p>\n\n\n\n<p>Seg\u00fan la Red de Veedur\u00edas, trabajadores han reportado sobrecarga laboral, falta de pago de horas extras, despidos sin justificaci\u00f3n y situaciones de maltrato y acoso, lo cual constituye una posible vulneraci\u00f3n de derechos fundamentales.<\/p>\n\n\n\n<p>Tambi\u00e9n se denuncia que un solo empleado realiza m\u00faltiples funciones, como atender el punto de pago, descargar mercanc\u00eda, organizar bodegas y cumplir labores administrativas, lo que excede las responsabilidades contratadas.<\/p>\n\n\n\n<p>Pablo Bustos, presidente de la Red de Veedur\u00edas, pidi\u00f3 que el Ministerio del Trabajo act\u00fae con contundencia para evitar que este problema se agrave y reiter\u00f3 que se mantendr\u00e1n vigilantes frente a las medidas que tomen las autoridades.<\/p>\n\n\n\n<p><\/p>\n","protected":false},"excerpt":{"rendered":"<p>El ministro de Trabajo, Antonio Sanguino, orden\u00f3 abrir una investigaci\u00f3n contra la cadena de supermercados D1 ante denuncias de posibles casos de explotaci\u00f3n laboral en distintas sedes del pa\u00eds. Sanguino advirti\u00f3 que ser\u00eda \u201cde suma gravedad\u201d que una empresa con utilidades de $373.200 millones en 2024 someta a sus empleados a condiciones laborales \u201cilegales e [&hellip;]<\/p>\n","protected":false},"author":2,"featured_media":83812,"comment_status":"closed","ping_status":"open","sticky":false,"template":"","format":"standard","meta":{"footnotes":""},"categories":[28,32],"tags":[],"class_list":["post-83811","post","type-post","status-publish","format-standard","has-post-thumbnail","hentry","category-actualidad","category-nacional"],"yoast_head":"<!-- This site is optimized with the Yoast SEO plugin v26.6 - https:\/\/yoast.com\/wordpress\/plugins\/seo\/ -->\n<title>Abren investigaci\u00f3n a tiendas D1 por presunto acoso laboral -<\/title>\n<meta name=\"robots\" content=\"index, follow, max-snippet:-1, max-image-preview:large, max-video-preview:-1\" \/>\n<link rel=\"canonical\" href=\"https:\/\/luchonoticias.com\/editor\/abren-investigacion-a-tiendas-d1-por-presunto-acoso-laboral\/\" \/>\n<meta property=\"og:locale\" content=\"es_ES\" \/>\n<meta property=\"og:type\" content=\"article\" \/>\n<meta property=\"og:title\" content=\"Abren investigaci\u00f3n a tiendas D1 por presunto acoso laboral -\" \/>\n<meta property=\"og:url\" content=\"https:\/\/luchonoticias.com\/editor\/abren-investigacion-a-tiendas-d1-por-presunto-acoso-laboral\/\" \/>\n<meta property=\"article:publisher\" content=\"https:\/\/www.facebook.com\/luchonoticiasneiva\" \/>\n<meta property=\"article:published_time\" content=\"2025-06-03T09:43:22+00:00\" \/>\n<meta property=\"article:modified_time\" content=\"2025-06-03T09:43:23+00:00\" \/>\n<meta property=\"og:image\" content=\"https:\/\/luchonoticias.com\/editor\/wp-content\/uploads\/2025\/06\/TIENDAS-D1.jpg\" \/>\n\t<meta property=\"og:image:width\" content=\"700\" \/>\n\t<meta property=\"og:image:height\" content=\"400\" \/>\n\t<meta property=\"og:image:type\" content=\"image\/jpeg\" \/>\n<meta name=\"author\" content=\"Editor General\" \/>\n<meta name=\"twitter:card\" content=\"summary_large_image\" \/>\n<meta name=\"twitter:label1\" content=\"Escrito por\" \/>\n\t<meta name=\"twitter:data1\" content=\"Editor General\" \/>\n\t<meta name=\"twitter:label2\" content=\"Tiempo de lectura\" \/>\n\t<meta name=\"twitter:data2\" content=\"2 minutos\" \/>\n<script type=\"application\/ld+json\" class=\"yoast-schema-graph\">{\"@context\":\"https:\/\/schema.org\",\"@graph\":[{\"@type\":\"Article\",\"@id\":\"https:\/\/luchonoticias.com\/editor\/abren-investigacion-a-tiendas-d1-por-presunto-acoso-laboral\/#article\",\"isPartOf\":{\"@id\":\"https:\/\/luchonoticias.com\/editor\/abren-investigacion-a-tiendas-d1-por-presunto-acoso-laboral\/\"},\"author\":{\"name\":\"Editor General\",\"@id\":\"https:\/\/luchonoticias.com\/editor\/#\/schema\/person\/29217990ddf6f14e35912b2866d591fb\"},\"headline\":\"Abren investigaci\u00f3n a tiendas D1 por presunto acoso laboral\",\"datePublished\":\"2025-06-03T09:43:22+00:00\",\"dateModified\":\"2025-06-03T09:43:23+00:00\",\"mainEntityOfPage\":{\"@id\":\"https:\/\/luchonoticias.com\/editor\/abren-investigacion-a-tiendas-d1-por-presunto-acoso-laboral\/\"},\"wordCount\":193,\"publisher\":{\"@id\":\"https:\/\/luchonoticias.com\/editor\/#\/schema\/person\/7a7fd911f58561fd056dbac7b55af9cd\"},\"image\":{\"@id\":\"https:\/\/luchonoticias.com\/editor\/abren-investigacion-a-tiendas-d1-por-presunto-acoso-laboral\/#primaryimage\"},\"thumbnailUrl\":\"https:\/\/luchonoticias.com\/editor\/wp-content\/uploads\/2025\/06\/TIENDAS-D1.jpg\",\"articleSection\":[\"Actualidad\",\"Nacional\"],\"inLanguage\":\"es\"},{\"@type\":\"WebPage\",\"@id\":\"https:\/\/luchonoticias.com\/editor\/abren-investigacion-a-tiendas-d1-por-presunto-acoso-laboral\/\",\"url\":\"https:\/\/luchonoticias.com\/editor\/abren-investigacion-a-tiendas-d1-por-presunto-acoso-laboral\/\",\"name\":\"Abren investigaci\u00f3n a tiendas D1 por presunto acoso laboral -\",\"isPartOf\":{\"@id\":\"https:\/\/luchonoticias.com\/editor\/#website\"},\"primaryImageOfPage\":{\"@id\":\"https:\/\/luchonoticias.com\/editor\/abren-investigacion-a-tiendas-d1-por-presunto-acoso-laboral\/#primaryimage\"},\"image\":{\"@id\":\"https:\/\/luchonoticias.com\/editor\/abren-investigacion-a-tiendas-d1-por-presunto-acoso-laboral\/#primaryimage\"},\"thumbnailUrl\":\"https:\/\/luchonoticias.com\/editor\/wp-content\/uploads\/2025\/06\/TIENDAS-D1.jpg\",\"datePublished\":\"2025-06-03T09:43:22+00:00\",\"dateModified\":\"2025-06-03T09:43:23+00:00\",\"breadcrumb\":{\"@id\":\"https:\/\/luchonoticias.com\/editor\/abren-investigacion-a-tiendas-d1-por-presunto-acoso-laboral\/#breadcrumb\"},\"inLanguage\":\"es\",\"potentialAction\":[{\"@type\":\"ReadAction\",\"target\":[\"https:\/\/luchonoticias.com\/editor\/abren-investigacion-a-tiendas-d1-por-presunto-acoso-laboral\/\"]}]},{\"@type\":\"ImageObject\",\"inLanguage\":\"es\",\"@id\":\"https:\/\/luchonoticias.com\/editor\/abren-investigacion-a-tiendas-d1-por-presunto-acoso-laboral\/#primaryimage\",\"url\":\"https:\/\/luchonoticias.com\/editor\/wp-content\/uploads\/2025\/06\/TIENDAS-D1.jpg\",\"contentUrl\":\"https:\/\/luchonoticias.com\/editor\/wp-content\/uploads\/2025\/06\/TIENDAS-D1.jpg\",\"width\":700,\"height\":400},{\"@type\":\"BreadcrumbList\",\"@id\":\"https:\/\/luchonoticias.com\/editor\/abren-investigacion-a-tiendas-d1-por-presunto-acoso-laboral\/#breadcrumb\",\"itemListElement\":[{\"@type\":\"ListItem\",\"position\":1,\"name\":\"Portada\",\"item\":\"https:\/\/luchonoticias.com\/editor\/\"},{\"@type\":\"ListItem\",\"position\":2,\"name\":\"Abren investigaci\u00f3n a tiendas D1 por presunto acoso laboral\"}]},{\"@type\":\"WebSite\",\"@id\":\"https:\/\/luchonoticias.com\/editor\/#website\",\"url\":\"https:\/\/luchonoticias.com\/editor\/\",\"name\":\"\",\"description\":\"\",\"publisher\":{\"@id\":\"https:\/\/luchonoticias.com\/editor\/#\/schema\/person\/7a7fd911f58561fd056dbac7b55af9cd\"},\"potentialAction\":[{\"@type\":\"SearchAction\",\"target\":{\"@type\":\"EntryPoint\",\"urlTemplate\":\"https:\/\/luchonoticias.com\/editor\/?s={search_term_string}\"},\"query-input\":{\"@type\":\"PropertyValueSpecification\",\"valueRequired\":true,\"valueName\":\"search_term_string\"}}],\"inLanguage\":\"es\"},{\"@type\":[\"Person\",\"Organization\"],\"@id\":\"https:\/\/luchonoticias.com\/editor\/#\/schema\/person\/7a7fd911f58561fd056dbac7b55af9cd\",\"name\":\"admin\",\"image\":{\"@type\":\"ImageObject\",\"inLanguage\":\"es\",\"@id\":\"https:\/\/luchonoticias.com\/editor\/#\/schema\/person\/image\/\",\"url\":\"https:\/\/luchonoticias.com\/editor\/wp-content\/uploads\/2024\/02\/cropped-cropped-logolu.webp\",\"contentUrl\":\"https:\/\/luchonoticias.com\/editor\/wp-content\/uploads\/2024\/02\/cropped-cropped-logolu.webp\",\"width\":382,\"height\":170,\"caption\":\"admin\"},\"logo\":{\"@id\":\"https:\/\/luchonoticias.com\/editor\/#\/schema\/person\/image\/\"},\"sameAs\":[\"https:\/\/www.facebook.com\/luchonoticiasneiva\"]},{\"@type\":\"Person\",\"@id\":\"https:\/\/luchonoticias.com\/editor\/#\/schema\/person\/29217990ddf6f14e35912b2866d591fb\",\"name\":\"Editor General\",\"image\":{\"@type\":\"ImageObject\",\"inLanguage\":\"es\",\"@id\":\"https:\/\/luchonoticias.com\/editor\/#\/schema\/person\/image\/\",\"url\":\"https:\/\/luchonoticias.com\/editor\/wp-content\/uploads\/2024\/02\/cropped-cropped-logolu-150x150.webp\",\"contentUrl\":\"https:\/\/luchonoticias.com\/editor\/wp-content\/uploads\/2024\/02\/cropped-cropped-logolu-150x150.webp\",\"caption\":\"Editor General\"},\"sameAs\":[\"https:\/\/luchonoticias.com\/\"],\"url\":\"https:\/\/luchonoticias.com\/editor\/author\/editor-general\/\"}]}<\/script>\n<!-- \/ Yoast SEO plugin. -->","yoast_head_json":{"title":"Abren investigaci\u00f3n a tiendas D1 por presunto acoso laboral -","robots":{"index":"index","follow":"follow","max-snippet":"max-snippet:-1","max-image-preview":"max-image-preview:large","max-video-preview":"max-video-preview:-1"},"canonical":"https:\/\/luchonoticias.com\/editor\/abren-investigacion-a-tiendas-d1-por-presunto-acoso-laboral\/","og_locale":"es_ES","og_type":"article","og_title":"Abren investigaci\u00f3n a tiendas D1 por presunto acoso laboral -","og_url":"https:\/\/luchonoticias.com\/editor\/abren-investigacion-a-tiendas-d1-por-presunto-acoso-laboral\/","article_publisher":"https:\/\/www.facebook.com\/luchonoticiasneiva","article_published_time":"2025-06-03T09:43:22+00:00","article_modified_time":"2025-06-03T09:43:23+00:00","og_image":[{"width":700,"height":400,"url":"https:\/\/luchonoticias.com\/editor\/wp-content\/uploads\/2025\/06\/TIENDAS-D1.jpg","type":"image\/jpeg"}],"author":"Editor General","twitter_card":"summary_large_image","twitter_misc":{"Escrito por":"Editor General","Tiempo de lectura":"2 minutos"},"schema":{"@context":"https:\/\/schema.org","@graph":[{"@type":"Article","@id":"https:\/\/luchonoticias.com\/editor\/abren-investigacion-a-tiendas-d1-por-presunto-acoso-laboral\/#article","isPartOf":{"@id":"https:\/\/luchonoticias.com\/editor\/abren-investigacion-a-tiendas-d1-por-presunto-acoso-laboral\/"},"author":{"name":"Editor General","@id":"https:\/\/luchonoticias.com\/editor\/#\/schema\/person\/29217990ddf6f14e35912b2866d591fb"},"headline":"Abren investigaci\u00f3n a tiendas D1 por presunto acoso laboral","datePublished":"2025-06-03T09:43:22+00:00","dateModified":"2025-06-03T09:43:23+00:00","mainEntityOfPage":{"@id":"https:\/\/luchonoticias.com\/editor\/abren-investigacion-a-tiendas-d1-por-presunto-acoso-laboral\/"},"wordCount":193,"publisher":{"@id":"https:\/\/luchonoticias.com\/editor\/#\/schema\/person\/7a7fd911f58561fd056dbac7b55af9cd"},"image":{"@id":"https:\/\/luchonoticias.com\/editor\/abren-investigacion-a-tiendas-d1-por-presunto-acoso-laboral\/#primaryimage"},"thumbnailUrl":"https:\/\/luchonoticias.com\/editor\/wp-content\/uploads\/2025\/06\/TIENDAS-D1.jpg","articleSection":["Actualidad","Nacional"],"inLanguage":"es"},{"@type":"WebPage","@id":"https:\/\/luchonoticias.com\/editor\/abren-investigacion-a-tiendas-d1-por-presunto-acoso-laboral\/","url":"https:\/\/luchonoticias.com\/editor\/abren-investigacion-a-tiendas-d1-por-presunto-acoso-laboral\/","name":"Abren investigaci\u00f3n a tiendas D1 por presunto acoso laboral -","isPartOf":{"@id":"https:\/\/luchonoticias.com\/editor\/#website"},"primaryImageOfPage":{"@id":"https:\/\/luchonoticias.com\/editor\/abren-investigacion-a-tiendas-d1-por-presunto-acoso-laboral\/#primaryimage"},"image":{"@id":"https:\/\/luchonoticias.com\/editor\/abren-investigacion-a-tiendas-d1-por-presunto-acoso-laboral\/#primaryimage"},"thumbnailUrl":"https:\/\/luchonoticias.com\/editor\/wp-content\/uploads\/2025\/06\/TIENDAS-D1.jpg","datePublished":"2025-06-03T09:43:22+00:00","dateModified":"2025-06-03T09:43:23+00:00","breadcrumb":{"@id":"https:\/\/luchonoticias.com\/editor\/abren-investigacion-a-tiendas-d1-por-presunto-acoso-laboral\/#breadcrumb"},"inLanguage":"es","potentialAction":[{"@type":"ReadAction","target":["https:\/\/luchonoticias.com\/editor\/abren-investigacion-a-tiendas-d1-por-presunto-acoso-laboral\/"]}]},{"@type":"ImageObject","inLanguage":"es","@id":"https:\/\/luchonoticias.com\/editor\/abren-investigacion-a-tiendas-d1-por-presunto-acoso-laboral\/#primaryimage","url":"https:\/\/luchonoticias.com\/editor\/wp-content\/uploads\/2025\/06\/TIENDAS-D1.jpg","contentUrl":"https:\/\/luchonoticias.com\/editor\/wp-content\/uploads\/2025\/06\/TIENDAS-D1.jpg","width":700,"height":400},{"@type":"BreadcrumbList","@id":"https:\/\/luchonoticias.com\/editor\/abren-investigacion-a-tiendas-d1-por-presunto-acoso-laboral\/#breadcrumb","itemListElement":[{"@type":"ListItem","position":1,"name":"Portada","item":"https:\/\/luchonoticias.com\/editor\/"},{"@type":"ListItem","position":2,"name":"Abren investigaci\u00f3n a tiendas D1 por presunto acoso laboral"}]},{"@type":"WebSite","@id":"https:\/\/luchonoticias.com\/editor\/#website","url":"https:\/\/luchonoticias.com\/editor\/","name":"","description":"","publisher":{"@id":"https:\/\/luchonoticias.com\/editor\/#\/schema\/person\/7a7fd911f58561fd056dbac7b55af9cd"},"potentialAction":[{"@type":"SearchAction","target":{"@type":"EntryPoint","urlTemplate":"https:\/\/luchonoticias.com\/editor\/?s={search_term_string}"},"query-input":{"@type":"PropertyValueSpecification","valueRequired":true,"valueName":"search_term_string"}}],"inLanguage":"es"},{"@type":["Person","Organization"],"@id":"https:\/\/luchonoticias.com\/editor\/#\/schema\/person\/7a7fd911f58561fd056dbac7b55af9cd","name":"admin","image":{"@type":"ImageObject","inLanguage":"es","@id":"https:\/\/luchonoticias.com\/editor\/#\/schema\/person\/image\/","url":"https:\/\/luchonoticias.com\/editor\/wp-content\/uploads\/2024\/02\/cropped-cropped-logolu.webp","contentUrl":"https:\/\/luchonoticias.com\/editor\/wp-content\/uploads\/2024\/02\/cropped-cropped-logolu.webp","width":382,"height":170,"caption":"admin"},"logo":{"@id":"https:\/\/luchonoticias.com\/editor\/#\/schema\/person\/image\/"},"sameAs":["https:\/\/www.facebook.com\/luchonoticiasneiva"]},{"@type":"Person","@id":"https:\/\/luchonoticias.com\/editor\/#\/schema\/person\/29217990ddf6f14e35912b2866d591fb","name":"Editor General","image":{"@type":"ImageObject","inLanguage":"es","@id":"https:\/\/luchonoticias.com\/editor\/#\/schema\/person\/image\/","url":"https:\/\/luchonoticias.com\/editor\/wp-content\/uploads\/2024\/02\/cropped-cropped-logolu-150x150.webp","contentUrl":"https:\/\/luchonoticias.com\/editor\/wp-content\/uploads\/2024\/02\/cropped-cropped-logolu-150x150.webp","caption":"Editor General"},"sameAs":["https:\/\/luchonoticias.com\/"],"url":"https:\/\/luchonoticias.com\/editor\/author\/editor-general\/"}]}},"_links":{"self":[{"href":"https:\/\/luchonoticias.com\/editor\/wp-json\/wp\/v2\/posts\/83811","targetHints":{"allow":["GET"]}}],"collection":[{"href":"https:\/\/luchonoticias.com\/editor\/wp-json\/wp\/v2\/posts"}],"about":[{"href":"https:\/\/luchonoticias.com\/editor\/wp-json\/wp\/v2\/types\/post"}],"author":[{"embeddable":true,"href":"https:\/\/luchonoticias.com\/editor\/wp-json\/wp\/v2\/users\/2"}],"replies":[{"embeddable":true,"href":"https:\/\/luchonoticias.com\/editor\/wp-json\/wp\/v2\/comments?post=83811"}],"version-history":[{"count":1,"href":"https:\/\/luchonoticias.com\/editor\/wp-json\/wp\/v2\/posts\/83811\/revisions"}],"predecessor-version":[{"id":83813,"href":"https:\/\/luchonoticias.com\/editor\/wp-json\/wp\/v2\/posts\/83811\/revisions\/83813"}],"wp:featuredmedia":[{"embeddable":true,"href":"https:\/\/luchonoticias.com\/editor\/wp-json\/wp\/v2\/media\/83812"}],"wp:attachment":[{"href":"https:\/\/luchonoticias.com\/editor\/wp-json\/wp\/v2\/media?parent=83811"}],"wp:term":[{"taxonomy":"category","embeddable":true,"href":"https:\/\/luchonoticias.com\/editor\/wp-json\/wp\/v2\/categories?post=83811"},{"taxonomy":"post_tag","embeddable":true,"href":"https:\/\/luchonoticias.com\/editor\/wp-json\/wp\/v2\/tags?post=83811"}],"curies":[{"name":"wp","href":"https:\/\/api.w.org\/{rel}","templated":true}]}}