{"id":83904,"date":"2025-06-05T05:32:30","date_gmt":"2025-06-05T10:32:30","guid":{"rendered":"https:\/\/luchonoticias.com\/?p=83904"},"modified":"2025-06-05T05:32:33","modified_gmt":"2025-06-05T10:32:33","slug":"rivera-y-su-apuesta-por-la-granada","status":"publish","type":"post","link":"https:\/\/luchonoticias.com\/editor\/rivera-y-su-apuesta-por-la-granada\/","title":{"rendered":"Rivera y su apuesta por la granada"},"content":{"rendered":"\n<figure class=\"wp-block-image size-full\"><img loading=\"lazy\" decoding=\"async\" width=\"700\" height=\"400\" src=\"https:\/\/luchonoticias.com\/wp-content\/uploads\/2025\/06\/GRANADAS.jpg\" alt=\"\" class=\"wp-image-83905\" srcset=\"https:\/\/luchonoticias.com\/editor\/wp-content\/uploads\/2025\/06\/GRANADAS.jpg 700w, https:\/\/luchonoticias.com\/editor\/wp-content\/uploads\/2025\/06\/GRANADAS-300x171.jpg 300w\" sizes=\"auto, (max-width: 700px) 100vw, 700px\" \/><\/figure>\n\n\n\n<p>Con el objetivo de diversificar los cultivos en Huila, el productor Jos\u00e9 Gilberto Cometa Hern\u00e1ndez decidi\u00f3 apostarle al cultivo de granada, una fruta ex\u00f3tica con alta demanda internacional y m\u00faltiples beneficios para la salud. En su finca ubicada en la vereda El Dinde del municipio de Rivera, ha logrado establecer 10 hect\u00e1reas sembradas, superando obst\u00e1culos gracias a la prueba, el error y la persistencia.<\/p>\n\n\n\n<p>La granada, originaria de Asia Central y cultivada exitosamente en pa\u00edses como India, Ir\u00e1n y Espa\u00f1a, encuentra en regiones como Huila condiciones favorables para su crecimiento. La experiencia de Jos\u00e9 Gilberto, pionero en este tipo de producci\u00f3n, ha servido adem\u00e1s como fuente de empleo para diez familias de la zona, quienes participan en las constantes labores agr\u00edcolas que requiere este cultivo.<\/p>\n\n\n\n<figure class=\"wp-block-gallery has-nested-images columns-default is-cropped wp-block-gallery-1 is-layout-flex wp-block-gallery-is-layout-flex\">\n<figure class=\"wp-block-image size-large\"><img loading=\"lazy\" decoding=\"async\" width=\"1024\" height=\"683\" data-id=\"83907\" src=\"https:\/\/luchonoticias.com\/wp-content\/uploads\/2025\/06\/cultivo-de-granada-4-1024x683.jpg\" alt=\"\" class=\"wp-image-83907\" srcset=\"https:\/\/luchonoticias.com\/editor\/wp-content\/uploads\/2025\/06\/cultivo-de-granada-4-1024x683.jpg 1024w, https:\/\/luchonoticias.com\/editor\/wp-content\/uploads\/2025\/06\/cultivo-de-granada-4-300x200.jpg 300w, https:\/\/luchonoticias.com\/editor\/wp-content\/uploads\/2025\/06\/cultivo-de-granada-4-768x512.jpg 768w, https:\/\/luchonoticias.com\/editor\/wp-content\/uploads\/2025\/06\/cultivo-de-granada-4-1536x1024.jpg 1536w, https:\/\/luchonoticias.com\/editor\/wp-content\/uploads\/2025\/06\/cultivo-de-granada-4-2048x1365.jpg 2048w\" sizes=\"auto, (max-width: 1024px) 100vw, 1024px\" \/><\/figure>\n\n\n\n<figure class=\"wp-block-image size-large\"><img loading=\"lazy\" decoding=\"async\" width=\"1024\" height=\"683\" data-id=\"83906\" src=\"https:\/\/luchonoticias.com\/wp-content\/uploads\/2025\/06\/Cultivo-de-granada-1-1024x683.jpg\" alt=\"\" class=\"wp-image-83906\" srcset=\"https:\/\/luchonoticias.com\/editor\/wp-content\/uploads\/2025\/06\/Cultivo-de-granada-1-1024x683.jpg 1024w, https:\/\/luchonoticias.com\/editor\/wp-content\/uploads\/2025\/06\/Cultivo-de-granada-1-300x200.jpg 300w, https:\/\/luchonoticias.com\/editor\/wp-content\/uploads\/2025\/06\/Cultivo-de-granada-1-768x512.jpg 768w, https:\/\/luchonoticias.com\/editor\/wp-content\/uploads\/2025\/06\/Cultivo-de-granada-1-1536x1024.jpg 1536w, https:\/\/luchonoticias.com\/editor\/wp-content\/uploads\/2025\/06\/Cultivo-de-granada-1-2048x1365.jpg 2048w\" sizes=\"auto, (max-width: 1024px) 100vw, 1024px\" \/><\/figure>\n<\/figure>\n\n\n\n<p>Reconociendo su esfuerzo, la Gobernaci\u00f3n del Huila, a trav\u00e9s de la Secretar\u00eda de Agricultura, lo ha invitado a participar como expositor en Agroexpo en Bogot\u00e1, una de las ferias agropecuarias m\u00e1s importantes del pa\u00eds. All\u00ed podr\u00e1 promocionar su producto y servir como referente para otros productores interesados en diversificar sus cultivos.<\/p>\n\n\n\n<p>Adem\u00e1s, se explora la posibilidad de desarrollar proyectos de investigaci\u00f3n junto con Agrosavia para adaptar mejor la semilla a la regi\u00f3n y crear bioinsumos que enfrenten plagas y enfermedades. As\u00ed, este cultivo no solo representa una oportunidad comercial, sino tambi\u00e9n un aporte al conocimiento t\u00e9cnico y al fortalecimiento del campo huilense.<\/p>\n\n\n\n<p><\/p>\n","protected":false},"excerpt":{"rendered":"<p>Con el objetivo de diversificar los cultivos en Huila, el productor Jos\u00e9 Gilberto Cometa Hern\u00e1ndez decidi\u00f3 apostarle al cultivo de granada, una fruta ex\u00f3tica con alta demanda internacional y m\u00faltiples beneficios para la salud. En su finca ubicada en la vereda El Dinde del municipio de Rivera, ha logrado establecer 10 hect\u00e1reas sembradas, superando obst\u00e1culos [&hellip;]<\/p>\n","protected":false},"author":2,"featured_media":83905,"comment_status":"closed","ping_status":"open","sticky":false,"template":"","format":"standard","meta":{"footnotes":""},"categories":[33],"tags":[],"class_list":["post-83904","post","type-post","status-publish","format-standard","has-post-thumbnail","hentry","category-huila"],"yoast_head":"<!-- This site is optimized with the Yoast SEO plugin v26.6 - https:\/\/yoast.com\/wordpress\/plugins\/seo\/ -->\n<title>Rivera y su apuesta por la granada -<\/title>\n<meta name=\"robots\" content=\"index, follow, max-snippet:-1, max-image-preview:large, max-video-preview:-1\" \/>\n<link rel=\"canonical\" href=\"https:\/\/luchonoticias.com\/editor\/rivera-y-su-apuesta-por-la-granada\/\" \/>\n<meta property=\"og:locale\" content=\"es_ES\" \/>\n<meta property=\"og:type\" content=\"article\" \/>\n<meta property=\"og:title\" content=\"Rivera y su apuesta por la granada -\" \/>\n<meta property=\"og:url\" content=\"https:\/\/luchonoticias.com\/editor\/rivera-y-su-apuesta-por-la-granada\/\" \/>\n<meta property=\"article:publisher\" content=\"https:\/\/www.facebook.com\/luchonoticiasneiva\" \/>\n<meta property=\"article:published_time\" content=\"2025-06-05T10:32:30+00:00\" \/>\n<meta property=\"article:modified_time\" content=\"2025-06-05T10:32:33+00:00\" \/>\n<meta property=\"og:image\" content=\"https:\/\/luchonoticias.com\/editor\/wp-content\/uploads\/2025\/06\/GRANADAS.jpg\" \/>\n\t<meta property=\"og:image:width\" content=\"700\" \/>\n\t<meta property=\"og:image:height\" content=\"400\" \/>\n\t<meta property=\"og:image:type\" content=\"image\/jpeg\" \/>\n<meta name=\"author\" content=\"Editor General\" \/>\n<meta name=\"twitter:card\" content=\"summary_large_image\" \/>\n<meta name=\"twitter:label1\" content=\"Escrito por\" \/>\n\t<meta name=\"twitter:data1\" content=\"Editor General\" \/>\n\t<meta name=\"twitter:label2\" content=\"Tiempo de lectura\" \/>\n\t<meta name=\"twitter:data2\" content=\"2 minutos\" \/>\n<script type=\"application\/ld+json\" class=\"yoast-schema-graph\">{\"@context\":\"https:\/\/schema.org\",\"@graph\":[{\"@type\":\"Article\",\"@id\":\"https:\/\/luchonoticias.com\/editor\/rivera-y-su-apuesta-por-la-granada\/#article\",\"isPartOf\":{\"@id\":\"https:\/\/luchonoticias.com\/editor\/rivera-y-su-apuesta-por-la-granada\/\"},\"author\":{\"name\":\"Editor General\",\"@id\":\"https:\/\/luchonoticias.com\/editor\/#\/schema\/person\/29217990ddf6f14e35912b2866d591fb\"},\"headline\":\"Rivera y su apuesta por la granada\",\"datePublished\":\"2025-06-05T10:32:30+00:00\",\"dateModified\":\"2025-06-05T10:32:33+00:00\",\"mainEntityOfPage\":{\"@id\":\"https:\/\/luchonoticias.com\/editor\/rivera-y-su-apuesta-por-la-granada\/\"},\"wordCount\":254,\"publisher\":{\"@id\":\"https:\/\/luchonoticias.com\/editor\/#\/schema\/person\/7a7fd911f58561fd056dbac7b55af9cd\"},\"image\":{\"@id\":\"https:\/\/luchonoticias.com\/editor\/rivera-y-su-apuesta-por-la-granada\/#primaryimage\"},\"thumbnailUrl\":\"https:\/\/luchonoticias.com\/editor\/wp-content\/uploads\/2025\/06\/GRANADAS.jpg\",\"articleSection\":[\"Huila\"],\"inLanguage\":\"es\"},{\"@type\":\"WebPage\",\"@id\":\"https:\/\/luchonoticias.com\/editor\/rivera-y-su-apuesta-por-la-granada\/\",\"url\":\"https:\/\/luchonoticias.com\/editor\/rivera-y-su-apuesta-por-la-granada\/\",\"name\":\"Rivera y su apuesta por la granada -\",\"isPartOf\":{\"@id\":\"https:\/\/luchonoticias.com\/editor\/#website\"},\"primaryImageOfPage\":{\"@id\":\"https:\/\/luchonoticias.com\/editor\/rivera-y-su-apuesta-por-la-granada\/#primaryimage\"},\"image\":{\"@id\":\"https:\/\/luchonoticias.com\/editor\/rivera-y-su-apuesta-por-la-granada\/#primaryimage\"},\"thumbnailUrl\":\"https:\/\/luchonoticias.com\/editor\/wp-content\/uploads\/2025\/06\/GRANADAS.jpg\",\"datePublished\":\"2025-06-05T10:32:30+00:00\",\"dateModified\":\"2025-06-05T10:32:33+00:00\",\"breadcrumb\":{\"@id\":\"https:\/\/luchonoticias.com\/editor\/rivera-y-su-apuesta-por-la-granada\/#breadcrumb\"},\"inLanguage\":\"es\",\"potentialAction\":[{\"@type\":\"ReadAction\",\"target\":[\"https:\/\/luchonoticias.com\/editor\/rivera-y-su-apuesta-por-la-granada\/\"]}]},{\"@type\":\"ImageObject\",\"inLanguage\":\"es\",\"@id\":\"https:\/\/luchonoticias.com\/editor\/rivera-y-su-apuesta-por-la-granada\/#primaryimage\",\"url\":\"https:\/\/luchonoticias.com\/editor\/wp-content\/uploads\/2025\/06\/GRANADAS.jpg\",\"contentUrl\":\"https:\/\/luchonoticias.com\/editor\/wp-content\/uploads\/2025\/06\/GRANADAS.jpg\",\"width\":700,\"height\":400},{\"@type\":\"BreadcrumbList\",\"@id\":\"https:\/\/luchonoticias.com\/editor\/rivera-y-su-apuesta-por-la-granada\/#breadcrumb\",\"itemListElement\":[{\"@type\":\"ListItem\",\"position\":1,\"name\":\"Portada\",\"item\":\"https:\/\/luchonoticias.com\/editor\/\"},{\"@type\":\"ListItem\",\"position\":2,\"name\":\"Rivera y su apuesta por la granada\"}]},{\"@type\":\"WebSite\",\"@id\":\"https:\/\/luchonoticias.com\/editor\/#website\",\"url\":\"https:\/\/luchonoticias.com\/editor\/\",\"name\":\"\",\"description\":\"\",\"publisher\":{\"@id\":\"https:\/\/luchonoticias.com\/editor\/#\/schema\/person\/7a7fd911f58561fd056dbac7b55af9cd\"},\"potentialAction\":[{\"@type\":\"SearchAction\",\"target\":{\"@type\":\"EntryPoint\",\"urlTemplate\":\"https:\/\/luchonoticias.com\/editor\/?s={search_term_string}\"},\"query-input\":{\"@type\":\"PropertyValueSpecification\",\"valueRequired\":true,\"valueName\":\"search_term_string\"}}],\"inLanguage\":\"es\"},{\"@type\":[\"Person\",\"Organization\"],\"@id\":\"https:\/\/luchonoticias.com\/editor\/#\/schema\/person\/7a7fd911f58561fd056dbac7b55af9cd\",\"name\":\"admin\",\"image\":{\"@type\":\"ImageObject\",\"inLanguage\":\"es\",\"@id\":\"https:\/\/luchonoticias.com\/editor\/#\/schema\/person\/image\/\",\"url\":\"https:\/\/luchonoticias.com\/editor\/wp-content\/uploads\/2024\/02\/cropped-cropped-logolu.webp\",\"contentUrl\":\"https:\/\/luchonoticias.com\/editor\/wp-content\/uploads\/2024\/02\/cropped-cropped-logolu.webp\",\"width\":382,\"height\":170,\"caption\":\"admin\"},\"logo\":{\"@id\":\"https:\/\/luchonoticias.com\/editor\/#\/schema\/person\/image\/\"},\"sameAs\":[\"https:\/\/www.facebook.com\/luchonoticiasneiva\"]},{\"@type\":\"Person\",\"@id\":\"https:\/\/luchonoticias.com\/editor\/#\/schema\/person\/29217990ddf6f14e35912b2866d591fb\",\"name\":\"Editor General\",\"image\":{\"@type\":\"ImageObject\",\"inLanguage\":\"es\",\"@id\":\"https:\/\/luchonoticias.com\/editor\/#\/schema\/person\/image\/\",\"url\":\"https:\/\/luchonoticias.com\/editor\/wp-content\/uploads\/2024\/02\/cropped-cropped-logolu-150x150.webp\",\"contentUrl\":\"https:\/\/luchonoticias.com\/editor\/wp-content\/uploads\/2024\/02\/cropped-cropped-logolu-150x150.webp\",\"caption\":\"Editor General\"},\"sameAs\":[\"https:\/\/luchonoticias.com\/\"],\"url\":\"https:\/\/luchonoticias.com\/editor\/author\/editor-general\/\"}]}<\/script>\n<!-- \/ Yoast SEO plugin. -->","yoast_head_json":{"title":"Rivera y su apuesta por la granada -","robots":{"index":"index","follow":"follow","max-snippet":"max-snippet:-1","max-image-preview":"max-image-preview:large","max-video-preview":"max-video-preview:-1"},"canonical":"https:\/\/luchonoticias.com\/editor\/rivera-y-su-apuesta-por-la-granada\/","og_locale":"es_ES","og_type":"article","og_title":"Rivera y su apuesta por la granada -","og_url":"https:\/\/luchonoticias.com\/editor\/rivera-y-su-apuesta-por-la-granada\/","article_publisher":"https:\/\/www.facebook.com\/luchonoticiasneiva","article_published_time":"2025-06-05T10:32:30+00:00","article_modified_time":"2025-06-05T10:32:33+00:00","og_image":[{"width":700,"height":400,"url":"https:\/\/luchonoticias.com\/editor\/wp-content\/uploads\/2025\/06\/GRANADAS.jpg","type":"image\/jpeg"}],"author":"Editor General","twitter_card":"summary_large_image","twitter_misc":{"Escrito por":"Editor General","Tiempo de lectura":"2 minutos"},"schema":{"@context":"https:\/\/schema.org","@graph":[{"@type":"Article","@id":"https:\/\/luchonoticias.com\/editor\/rivera-y-su-apuesta-por-la-granada\/#article","isPartOf":{"@id":"https:\/\/luchonoticias.com\/editor\/rivera-y-su-apuesta-por-la-granada\/"},"author":{"name":"Editor General","@id":"https:\/\/luchonoticias.com\/editor\/#\/schema\/person\/29217990ddf6f14e35912b2866d591fb"},"headline":"Rivera y su apuesta por la granada","datePublished":"2025-06-05T10:32:30+00:00","dateModified":"2025-06-05T10:32:33+00:00","mainEntityOfPage":{"@id":"https:\/\/luchonoticias.com\/editor\/rivera-y-su-apuesta-por-la-granada\/"},"wordCount":254,"publisher":{"@id":"https:\/\/luchonoticias.com\/editor\/#\/schema\/person\/7a7fd911f58561fd056dbac7b55af9cd"},"image":{"@id":"https:\/\/luchonoticias.com\/editor\/rivera-y-su-apuesta-por-la-granada\/#primaryimage"},"thumbnailUrl":"https:\/\/luchonoticias.com\/editor\/wp-content\/uploads\/2025\/06\/GRANADAS.jpg","articleSection":["Huila"],"inLanguage":"es"},{"@type":"WebPage","@id":"https:\/\/luchonoticias.com\/editor\/rivera-y-su-apuesta-por-la-granada\/","url":"https:\/\/luchonoticias.com\/editor\/rivera-y-su-apuesta-por-la-granada\/","name":"Rivera y su apuesta por la granada -","isPartOf":{"@id":"https:\/\/luchonoticias.com\/editor\/#website"},"primaryImageOfPage":{"@id":"https:\/\/luchonoticias.com\/editor\/rivera-y-su-apuesta-por-la-granada\/#primaryimage"},"image":{"@id":"https:\/\/luchonoticias.com\/editor\/rivera-y-su-apuesta-por-la-granada\/#primaryimage"},"thumbnailUrl":"https:\/\/luchonoticias.com\/editor\/wp-content\/uploads\/2025\/06\/GRANADAS.jpg","datePublished":"2025-06-05T10:32:30+00:00","dateModified":"2025-06-05T10:32:33+00:00","breadcrumb":{"@id":"https:\/\/luchonoticias.com\/editor\/rivera-y-su-apuesta-por-la-granada\/#breadcrumb"},"inLanguage":"es","potentialAction":[{"@type":"ReadAction","target":["https:\/\/luchonoticias.com\/editor\/rivera-y-su-apuesta-por-la-granada\/"]}]},{"@type":"ImageObject","inLanguage":"es","@id":"https:\/\/luchonoticias.com\/editor\/rivera-y-su-apuesta-por-la-granada\/#primaryimage","url":"https:\/\/luchonoticias.com\/editor\/wp-content\/uploads\/2025\/06\/GRANADAS.jpg","contentUrl":"https:\/\/luchonoticias.com\/editor\/wp-content\/uploads\/2025\/06\/GRANADAS.jpg","width":700,"height":400},{"@type":"BreadcrumbList","@id":"https:\/\/luchonoticias.com\/editor\/rivera-y-su-apuesta-por-la-granada\/#breadcrumb","itemListElement":[{"@type":"ListItem","position":1,"name":"Portada","item":"https:\/\/luchonoticias.com\/editor\/"},{"@type":"ListItem","position":2,"name":"Rivera y su apuesta por la granada"}]},{"@type":"WebSite","@id":"https:\/\/luchonoticias.com\/editor\/#website","url":"https:\/\/luchonoticias.com\/editor\/","name":"","description":"","publisher":{"@id":"https:\/\/luchonoticias.com\/editor\/#\/schema\/person\/7a7fd911f58561fd056dbac7b55af9cd"},"potentialAction":[{"@type":"SearchAction","target":{"@type":"EntryPoint","urlTemplate":"https:\/\/luchonoticias.com\/editor\/?s={search_term_string}"},"query-input":{"@type":"PropertyValueSpecification","valueRequired":true,"valueName":"search_term_string"}}],"inLanguage":"es"},{"@type":["Person","Organization"],"@id":"https:\/\/luchonoticias.com\/editor\/#\/schema\/person\/7a7fd911f58561fd056dbac7b55af9cd","name":"admin","image":{"@type":"ImageObject","inLanguage":"es","@id":"https:\/\/luchonoticias.com\/editor\/#\/schema\/person\/image\/","url":"https:\/\/luchonoticias.com\/editor\/wp-content\/uploads\/2024\/02\/cropped-cropped-logolu.webp","contentUrl":"https:\/\/luchonoticias.com\/editor\/wp-content\/uploads\/2024\/02\/cropped-cropped-logolu.webp","width":382,"height":170,"caption":"admin"},"logo":{"@id":"https:\/\/luchonoticias.com\/editor\/#\/schema\/person\/image\/"},"sameAs":["https:\/\/www.facebook.com\/luchonoticiasneiva"]},{"@type":"Person","@id":"https:\/\/luchonoticias.com\/editor\/#\/schema\/person\/29217990ddf6f14e35912b2866d591fb","name":"Editor General","image":{"@type":"ImageObject","inLanguage":"es","@id":"https:\/\/luchonoticias.com\/editor\/#\/schema\/person\/image\/","url":"https:\/\/luchonoticias.com\/editor\/wp-content\/uploads\/2024\/02\/cropped-cropped-logolu-150x150.webp","contentUrl":"https:\/\/luchonoticias.com\/editor\/wp-content\/uploads\/2024\/02\/cropped-cropped-logolu-150x150.webp","caption":"Editor General"},"sameAs":["https:\/\/luchonoticias.com\/"],"url":"https:\/\/luchonoticias.com\/editor\/author\/editor-general\/"}]}},"_links":{"self":[{"href":"https:\/\/luchonoticias.com\/editor\/wp-json\/wp\/v2\/posts\/83904","targetHints":{"allow":["GET"]}}],"collection":[{"href":"https:\/\/luchonoticias.com\/editor\/wp-json\/wp\/v2\/posts"}],"about":[{"href":"https:\/\/luchonoticias.com\/editor\/wp-json\/wp\/v2\/types\/post"}],"author":[{"embeddable":true,"href":"https:\/\/luchonoticias.com\/editor\/wp-json\/wp\/v2\/users\/2"}],"replies":[{"embeddable":true,"href":"https:\/\/luchonoticias.com\/editor\/wp-json\/wp\/v2\/comments?post=83904"}],"version-history":[{"count":1,"href":"https:\/\/luchonoticias.com\/editor\/wp-json\/wp\/v2\/posts\/83904\/revisions"}],"predecessor-version":[{"id":83908,"href":"https:\/\/luchonoticias.com\/editor\/wp-json\/wp\/v2\/posts\/83904\/revisions\/83908"}],"wp:featuredmedia":[{"embeddable":true,"href":"https:\/\/luchonoticias.com\/editor\/wp-json\/wp\/v2\/media\/83905"}],"wp:attachment":[{"href":"https:\/\/luchonoticias.com\/editor\/wp-json\/wp\/v2\/media?parent=83904"}],"wp:term":[{"taxonomy":"category","embeddable":true,"href":"https:\/\/luchonoticias.com\/editor\/wp-json\/wp\/v2\/categories?post=83904"},{"taxonomy":"post_tag","embeddable":true,"href":"https:\/\/luchonoticias.com\/editor\/wp-json\/wp\/v2\/tags?post=83904"}],"curies":[{"name":"wp","href":"https:\/\/api.w.org\/{rel}","templated":true}]}}