{"id":84037,"date":"2025-06-08T04:34:20","date_gmt":"2025-06-08T09:34:20","guid":{"rendered":"https:\/\/luchonoticias.com\/?p=84037"},"modified":"2025-06-08T04:34:22","modified_gmt":"2025-06-08T09:34:22","slug":"colombia-participara-en-conferencia-sobre-los-oceanos","status":"publish","type":"post","link":"https:\/\/luchonoticias.com\/editor\/colombia-participara-en-conferencia-sobre-los-oceanos\/","title":{"rendered":"Colombia participar\u00e1 en conferencia sobre los oc\u00e9anos"},"content":{"rendered":"\n<figure class=\"wp-block-image size-full\"><img loading=\"lazy\" decoding=\"async\" width=\"700\" height=\"400\" src=\"https:\/\/luchonoticias.com\/wp-content\/uploads\/2025\/06\/minambiente.jpg\" alt=\"\" class=\"wp-image-84038\" srcset=\"https:\/\/luchonoticias.com\/editor\/wp-content\/uploads\/2025\/06\/minambiente.jpg 700w, https:\/\/luchonoticias.com\/editor\/wp-content\/uploads\/2025\/06\/minambiente-300x171.jpg 300w\" sizes=\"auto, (max-width: 700px) 100vw, 700px\" \/><\/figure>\n\n\n\n<p>La ministra de Ambiente, Lena Estrada A\u00f1okazi, participar\u00e1 los d\u00edas 9 y 10 de junio en la III Conferencia de las Naciones Unidas sobre los Oc\u00e9anos (UNOC3) en Niza, Francia, acompa\u00f1ando al presidente Gustavo Petro. All\u00ed representar\u00e1 a Colombia como presidenta pro tempore del Corredor Marino del Pac\u00edfico Este Tropical (Cmar), una iniciativa conjunta con Ecuador, Costa Rica y Panam\u00e1 que busca proteger la biodiversidad marina mediante cooperaci\u00f3n regional.<\/p>\n\n\n\n<p>Esta conferencia es uno de los escenarios multilaterales m\u00e1s relevantes a nivel global para avanzar en la conservaci\u00f3n de los oc\u00e9anos y acelerar el cumplimiento del Objetivo de Desarrollo Sostenible n\u00famero 14. La ministra destac\u00f3 que el Cmar es un ejemplo inspirador de gesti\u00f3n regional efectiva e integral para conservar los ecosistemas marinos compartidos.<\/p>\n\n\n\n<p>Colombia llega a esta cumbre con compromisos ambientales concretos que refuerzan su papel como l\u00edder en protecci\u00f3n marina. Entre ellos, la restauraci\u00f3n de 3.500 hect\u00e1reas de manglares al 2028 con participaci\u00f3n de comunidades locales y pueblos \u00e9tnicos, y la mejora del 6% en el \u00edndice de efectividad en el manejo de \u00e1reas marinas protegidas y zonas costeras para 2030.<\/p>\n\n\n\n<p>El pa\u00eds tambi\u00e9n celebra haber superado la meta global del 30% de protecci\u00f3n de \u00e1reas marinas, al alcanzar un 38% de su territorio marino bajo esquemas de conservaci\u00f3n, como \u00e1reas protegidas y otras medidas efectivas basadas en \u00e1reas (Omec), consolidando su compromiso con la estrategia 30&#215;30.<\/p>\n\n\n\n<p>Estos avances forman parte del camino hacia la COP30 de cambio clim\u00e1tico en Brasil, donde Colombia continuar\u00e1 promoviendo reformas estructurales como la revisi\u00f3n del v\u00ednculo entre deuda, naturaleza y clima, y la eliminaci\u00f3n progresiva de los combustibles f\u00f3siles, reafirmando su protagonismo en la agenda ambiental internacional.<\/p>\n\n\n\n<p><\/p>\n","protected":false},"excerpt":{"rendered":"<p>La ministra de Ambiente, Lena Estrada A\u00f1okazi, participar\u00e1 los d\u00edas 9 y 10 de junio en la III Conferencia de las Naciones Unidas sobre los Oc\u00e9anos (UNOC3) en Niza, Francia, acompa\u00f1ando al presidente Gustavo Petro. All\u00ed representar\u00e1 a Colombia como presidenta pro tempore del Corredor Marino del Pac\u00edfico Este Tropical (Cmar), una iniciativa conjunta con [&hellip;]<\/p>\n","protected":false},"author":2,"featured_media":84038,"comment_status":"closed","ping_status":"open","sticky":false,"template":"","format":"standard","meta":{"footnotes":""},"categories":[28,32],"tags":[],"class_list":["post-84037","post","type-post","status-publish","format-standard","has-post-thumbnail","hentry","category-actualidad","category-nacional"],"yoast_head":"<!-- This site is optimized with the Yoast SEO plugin v26.6 - https:\/\/yoast.com\/wordpress\/plugins\/seo\/ -->\n<title>Colombia participar\u00e1 en conferencia sobre los oc\u00e9anos -<\/title>\n<meta name=\"robots\" content=\"index, follow, max-snippet:-1, max-image-preview:large, max-video-preview:-1\" \/>\n<link rel=\"canonical\" href=\"https:\/\/luchonoticias.com\/editor\/colombia-participara-en-conferencia-sobre-los-oceanos\/\" \/>\n<meta property=\"og:locale\" content=\"es_ES\" \/>\n<meta property=\"og:type\" content=\"article\" \/>\n<meta property=\"og:title\" content=\"Colombia participar\u00e1 en conferencia sobre los oc\u00e9anos -\" \/>\n<meta property=\"og:url\" content=\"https:\/\/luchonoticias.com\/editor\/colombia-participara-en-conferencia-sobre-los-oceanos\/\" \/>\n<meta property=\"article:publisher\" content=\"https:\/\/www.facebook.com\/luchonoticiasneiva\" \/>\n<meta property=\"article:published_time\" content=\"2025-06-08T09:34:20+00:00\" \/>\n<meta property=\"article:modified_time\" content=\"2025-06-08T09:34:22+00:00\" \/>\n<meta property=\"og:image\" content=\"https:\/\/luchonoticias.com\/editor\/wp-content\/uploads\/2025\/06\/minambiente.jpg\" \/>\n\t<meta property=\"og:image:width\" content=\"700\" \/>\n\t<meta property=\"og:image:height\" content=\"400\" \/>\n\t<meta property=\"og:image:type\" content=\"image\/jpeg\" \/>\n<meta name=\"author\" content=\"Editor General\" \/>\n<meta name=\"twitter:card\" content=\"summary_large_image\" \/>\n<meta name=\"twitter:label1\" content=\"Escrito por\" \/>\n\t<meta name=\"twitter:data1\" content=\"Editor General\" \/>\n\t<meta name=\"twitter:label2\" content=\"Tiempo de lectura\" \/>\n\t<meta name=\"twitter:data2\" content=\"2 minutos\" \/>\n<script type=\"application\/ld+json\" class=\"yoast-schema-graph\">{\"@context\":\"https:\/\/schema.org\",\"@graph\":[{\"@type\":\"Article\",\"@id\":\"https:\/\/luchonoticias.com\/editor\/colombia-participara-en-conferencia-sobre-los-oceanos\/#article\",\"isPartOf\":{\"@id\":\"https:\/\/luchonoticias.com\/editor\/colombia-participara-en-conferencia-sobre-los-oceanos\/\"},\"author\":{\"name\":\"Editor General\",\"@id\":\"https:\/\/luchonoticias.com\/editor\/#\/schema\/person\/29217990ddf6f14e35912b2866d591fb\"},\"headline\":\"Colombia participar\u00e1 en conferencia sobre los oc\u00e9anos\",\"datePublished\":\"2025-06-08T09:34:20+00:00\",\"dateModified\":\"2025-06-08T09:34:22+00:00\",\"mainEntityOfPage\":{\"@id\":\"https:\/\/luchonoticias.com\/editor\/colombia-participara-en-conferencia-sobre-los-oceanos\/\"},\"wordCount\":298,\"publisher\":{\"@id\":\"https:\/\/luchonoticias.com\/editor\/#\/schema\/person\/7a7fd911f58561fd056dbac7b55af9cd\"},\"image\":{\"@id\":\"https:\/\/luchonoticias.com\/editor\/colombia-participara-en-conferencia-sobre-los-oceanos\/#primaryimage\"},\"thumbnailUrl\":\"https:\/\/luchonoticias.com\/editor\/wp-content\/uploads\/2025\/06\/minambiente.jpg\",\"articleSection\":[\"Actualidad\",\"Nacional\"],\"inLanguage\":\"es\"},{\"@type\":\"WebPage\",\"@id\":\"https:\/\/luchonoticias.com\/editor\/colombia-participara-en-conferencia-sobre-los-oceanos\/\",\"url\":\"https:\/\/luchonoticias.com\/editor\/colombia-participara-en-conferencia-sobre-los-oceanos\/\",\"name\":\"Colombia participar\u00e1 en conferencia sobre los oc\u00e9anos -\",\"isPartOf\":{\"@id\":\"https:\/\/luchonoticias.com\/editor\/#website\"},\"primaryImageOfPage\":{\"@id\":\"https:\/\/luchonoticias.com\/editor\/colombia-participara-en-conferencia-sobre-los-oceanos\/#primaryimage\"},\"image\":{\"@id\":\"https:\/\/luchonoticias.com\/editor\/colombia-participara-en-conferencia-sobre-los-oceanos\/#primaryimage\"},\"thumbnailUrl\":\"https:\/\/luchonoticias.com\/editor\/wp-content\/uploads\/2025\/06\/minambiente.jpg\",\"datePublished\":\"2025-06-08T09:34:20+00:00\",\"dateModified\":\"2025-06-08T09:34:22+00:00\",\"breadcrumb\":{\"@id\":\"https:\/\/luchonoticias.com\/editor\/colombia-participara-en-conferencia-sobre-los-oceanos\/#breadcrumb\"},\"inLanguage\":\"es\",\"potentialAction\":[{\"@type\":\"ReadAction\",\"target\":[\"https:\/\/luchonoticias.com\/editor\/colombia-participara-en-conferencia-sobre-los-oceanos\/\"]}]},{\"@type\":\"ImageObject\",\"inLanguage\":\"es\",\"@id\":\"https:\/\/luchonoticias.com\/editor\/colombia-participara-en-conferencia-sobre-los-oceanos\/#primaryimage\",\"url\":\"https:\/\/luchonoticias.com\/editor\/wp-content\/uploads\/2025\/06\/minambiente.jpg\",\"contentUrl\":\"https:\/\/luchonoticias.com\/editor\/wp-content\/uploads\/2025\/06\/minambiente.jpg\",\"width\":700,\"height\":400},{\"@type\":\"BreadcrumbList\",\"@id\":\"https:\/\/luchonoticias.com\/editor\/colombia-participara-en-conferencia-sobre-los-oceanos\/#breadcrumb\",\"itemListElement\":[{\"@type\":\"ListItem\",\"position\":1,\"name\":\"Portada\",\"item\":\"https:\/\/luchonoticias.com\/editor\/\"},{\"@type\":\"ListItem\",\"position\":2,\"name\":\"Colombia participar\u00e1 en conferencia sobre los oc\u00e9anos\"}]},{\"@type\":\"WebSite\",\"@id\":\"https:\/\/luchonoticias.com\/editor\/#website\",\"url\":\"https:\/\/luchonoticias.com\/editor\/\",\"name\":\"\",\"description\":\"\",\"publisher\":{\"@id\":\"https:\/\/luchonoticias.com\/editor\/#\/schema\/person\/7a7fd911f58561fd056dbac7b55af9cd\"},\"potentialAction\":[{\"@type\":\"SearchAction\",\"target\":{\"@type\":\"EntryPoint\",\"urlTemplate\":\"https:\/\/luchonoticias.com\/editor\/?s={search_term_string}\"},\"query-input\":{\"@type\":\"PropertyValueSpecification\",\"valueRequired\":true,\"valueName\":\"search_term_string\"}}],\"inLanguage\":\"es\"},{\"@type\":[\"Person\",\"Organization\"],\"@id\":\"https:\/\/luchonoticias.com\/editor\/#\/schema\/person\/7a7fd911f58561fd056dbac7b55af9cd\",\"name\":\"admin\",\"image\":{\"@type\":\"ImageObject\",\"inLanguage\":\"es\",\"@id\":\"https:\/\/luchonoticias.com\/editor\/#\/schema\/person\/image\/\",\"url\":\"https:\/\/luchonoticias.com\/editor\/wp-content\/uploads\/2024\/02\/cropped-cropped-logolu.webp\",\"contentUrl\":\"https:\/\/luchonoticias.com\/editor\/wp-content\/uploads\/2024\/02\/cropped-cropped-logolu.webp\",\"width\":382,\"height\":170,\"caption\":\"admin\"},\"logo\":{\"@id\":\"https:\/\/luchonoticias.com\/editor\/#\/schema\/person\/image\/\"},\"sameAs\":[\"https:\/\/www.facebook.com\/luchonoticiasneiva\"]},{\"@type\":\"Person\",\"@id\":\"https:\/\/luchonoticias.com\/editor\/#\/schema\/person\/29217990ddf6f14e35912b2866d591fb\",\"name\":\"Editor General\",\"image\":{\"@type\":\"ImageObject\",\"inLanguage\":\"es\",\"@id\":\"https:\/\/luchonoticias.com\/editor\/#\/schema\/person\/image\/\",\"url\":\"https:\/\/luchonoticias.com\/editor\/wp-content\/uploads\/2024\/02\/cropped-cropped-logolu-150x150.webp\",\"contentUrl\":\"https:\/\/luchonoticias.com\/editor\/wp-content\/uploads\/2024\/02\/cropped-cropped-logolu-150x150.webp\",\"caption\":\"Editor General\"},\"sameAs\":[\"https:\/\/luchonoticias.com\/\"],\"url\":\"https:\/\/luchonoticias.com\/editor\/author\/editor-general\/\"}]}<\/script>\n<!-- \/ Yoast SEO plugin. -->","yoast_head_json":{"title":"Colombia participar\u00e1 en conferencia sobre los oc\u00e9anos -","robots":{"index":"index","follow":"follow","max-snippet":"max-snippet:-1","max-image-preview":"max-image-preview:large","max-video-preview":"max-video-preview:-1"},"canonical":"https:\/\/luchonoticias.com\/editor\/colombia-participara-en-conferencia-sobre-los-oceanos\/","og_locale":"es_ES","og_type":"article","og_title":"Colombia participar\u00e1 en conferencia sobre los oc\u00e9anos -","og_url":"https:\/\/luchonoticias.com\/editor\/colombia-participara-en-conferencia-sobre-los-oceanos\/","article_publisher":"https:\/\/www.facebook.com\/luchonoticiasneiva","article_published_time":"2025-06-08T09:34:20+00:00","article_modified_time":"2025-06-08T09:34:22+00:00","og_image":[{"width":700,"height":400,"url":"https:\/\/luchonoticias.com\/editor\/wp-content\/uploads\/2025\/06\/minambiente.jpg","type":"image\/jpeg"}],"author":"Editor General","twitter_card":"summary_large_image","twitter_misc":{"Escrito por":"Editor General","Tiempo de lectura":"2 minutos"},"schema":{"@context":"https:\/\/schema.org","@graph":[{"@type":"Article","@id":"https:\/\/luchonoticias.com\/editor\/colombia-participara-en-conferencia-sobre-los-oceanos\/#article","isPartOf":{"@id":"https:\/\/luchonoticias.com\/editor\/colombia-participara-en-conferencia-sobre-los-oceanos\/"},"author":{"name":"Editor General","@id":"https:\/\/luchonoticias.com\/editor\/#\/schema\/person\/29217990ddf6f14e35912b2866d591fb"},"headline":"Colombia participar\u00e1 en conferencia sobre los oc\u00e9anos","datePublished":"2025-06-08T09:34:20+00:00","dateModified":"2025-06-08T09:34:22+00:00","mainEntityOfPage":{"@id":"https:\/\/luchonoticias.com\/editor\/colombia-participara-en-conferencia-sobre-los-oceanos\/"},"wordCount":298,"publisher":{"@id":"https:\/\/luchonoticias.com\/editor\/#\/schema\/person\/7a7fd911f58561fd056dbac7b55af9cd"},"image":{"@id":"https:\/\/luchonoticias.com\/editor\/colombia-participara-en-conferencia-sobre-los-oceanos\/#primaryimage"},"thumbnailUrl":"https:\/\/luchonoticias.com\/editor\/wp-content\/uploads\/2025\/06\/minambiente.jpg","articleSection":["Actualidad","Nacional"],"inLanguage":"es"},{"@type":"WebPage","@id":"https:\/\/luchonoticias.com\/editor\/colombia-participara-en-conferencia-sobre-los-oceanos\/","url":"https:\/\/luchonoticias.com\/editor\/colombia-participara-en-conferencia-sobre-los-oceanos\/","name":"Colombia participar\u00e1 en conferencia sobre los oc\u00e9anos -","isPartOf":{"@id":"https:\/\/luchonoticias.com\/editor\/#website"},"primaryImageOfPage":{"@id":"https:\/\/luchonoticias.com\/editor\/colombia-participara-en-conferencia-sobre-los-oceanos\/#primaryimage"},"image":{"@id":"https:\/\/luchonoticias.com\/editor\/colombia-participara-en-conferencia-sobre-los-oceanos\/#primaryimage"},"thumbnailUrl":"https:\/\/luchonoticias.com\/editor\/wp-content\/uploads\/2025\/06\/minambiente.jpg","datePublished":"2025-06-08T09:34:20+00:00","dateModified":"2025-06-08T09:34:22+00:00","breadcrumb":{"@id":"https:\/\/luchonoticias.com\/editor\/colombia-participara-en-conferencia-sobre-los-oceanos\/#breadcrumb"},"inLanguage":"es","potentialAction":[{"@type":"ReadAction","target":["https:\/\/luchonoticias.com\/editor\/colombia-participara-en-conferencia-sobre-los-oceanos\/"]}]},{"@type":"ImageObject","inLanguage":"es","@id":"https:\/\/luchonoticias.com\/editor\/colombia-participara-en-conferencia-sobre-los-oceanos\/#primaryimage","url":"https:\/\/luchonoticias.com\/editor\/wp-content\/uploads\/2025\/06\/minambiente.jpg","contentUrl":"https:\/\/luchonoticias.com\/editor\/wp-content\/uploads\/2025\/06\/minambiente.jpg","width":700,"height":400},{"@type":"BreadcrumbList","@id":"https:\/\/luchonoticias.com\/editor\/colombia-participara-en-conferencia-sobre-los-oceanos\/#breadcrumb","itemListElement":[{"@type":"ListItem","position":1,"name":"Portada","item":"https:\/\/luchonoticias.com\/editor\/"},{"@type":"ListItem","position":2,"name":"Colombia participar\u00e1 en conferencia sobre los oc\u00e9anos"}]},{"@type":"WebSite","@id":"https:\/\/luchonoticias.com\/editor\/#website","url":"https:\/\/luchonoticias.com\/editor\/","name":"","description":"","publisher":{"@id":"https:\/\/luchonoticias.com\/editor\/#\/schema\/person\/7a7fd911f58561fd056dbac7b55af9cd"},"potentialAction":[{"@type":"SearchAction","target":{"@type":"EntryPoint","urlTemplate":"https:\/\/luchonoticias.com\/editor\/?s={search_term_string}"},"query-input":{"@type":"PropertyValueSpecification","valueRequired":true,"valueName":"search_term_string"}}],"inLanguage":"es"},{"@type":["Person","Organization"],"@id":"https:\/\/luchonoticias.com\/editor\/#\/schema\/person\/7a7fd911f58561fd056dbac7b55af9cd","name":"admin","image":{"@type":"ImageObject","inLanguage":"es","@id":"https:\/\/luchonoticias.com\/editor\/#\/schema\/person\/image\/","url":"https:\/\/luchonoticias.com\/editor\/wp-content\/uploads\/2024\/02\/cropped-cropped-logolu.webp","contentUrl":"https:\/\/luchonoticias.com\/editor\/wp-content\/uploads\/2024\/02\/cropped-cropped-logolu.webp","width":382,"height":170,"caption":"admin"},"logo":{"@id":"https:\/\/luchonoticias.com\/editor\/#\/schema\/person\/image\/"},"sameAs":["https:\/\/www.facebook.com\/luchonoticiasneiva"]},{"@type":"Person","@id":"https:\/\/luchonoticias.com\/editor\/#\/schema\/person\/29217990ddf6f14e35912b2866d591fb","name":"Editor General","image":{"@type":"ImageObject","inLanguage":"es","@id":"https:\/\/luchonoticias.com\/editor\/#\/schema\/person\/image\/","url":"https:\/\/luchonoticias.com\/editor\/wp-content\/uploads\/2024\/02\/cropped-cropped-logolu-150x150.webp","contentUrl":"https:\/\/luchonoticias.com\/editor\/wp-content\/uploads\/2024\/02\/cropped-cropped-logolu-150x150.webp","caption":"Editor General"},"sameAs":["https:\/\/luchonoticias.com\/"],"url":"https:\/\/luchonoticias.com\/editor\/author\/editor-general\/"}]}},"_links":{"self":[{"href":"https:\/\/luchonoticias.com\/editor\/wp-json\/wp\/v2\/posts\/84037","targetHints":{"allow":["GET"]}}],"collection":[{"href":"https:\/\/luchonoticias.com\/editor\/wp-json\/wp\/v2\/posts"}],"about":[{"href":"https:\/\/luchonoticias.com\/editor\/wp-json\/wp\/v2\/types\/post"}],"author":[{"embeddable":true,"href":"https:\/\/luchonoticias.com\/editor\/wp-json\/wp\/v2\/users\/2"}],"replies":[{"embeddable":true,"href":"https:\/\/luchonoticias.com\/editor\/wp-json\/wp\/v2\/comments?post=84037"}],"version-history":[{"count":1,"href":"https:\/\/luchonoticias.com\/editor\/wp-json\/wp\/v2\/posts\/84037\/revisions"}],"predecessor-version":[{"id":84039,"href":"https:\/\/luchonoticias.com\/editor\/wp-json\/wp\/v2\/posts\/84037\/revisions\/84039"}],"wp:featuredmedia":[{"embeddable":true,"href":"https:\/\/luchonoticias.com\/editor\/wp-json\/wp\/v2\/media\/84038"}],"wp:attachment":[{"href":"https:\/\/luchonoticias.com\/editor\/wp-json\/wp\/v2\/media?parent=84037"}],"wp:term":[{"taxonomy":"category","embeddable":true,"href":"https:\/\/luchonoticias.com\/editor\/wp-json\/wp\/v2\/categories?post=84037"},{"taxonomy":"post_tag","embeddable":true,"href":"https:\/\/luchonoticias.com\/editor\/wp-json\/wp\/v2\/tags?post=84037"}],"curies":[{"name":"wp","href":"https:\/\/api.w.org\/{rel}","templated":true}]}}