{"id":84040,"date":"2025-06-08T04:38:18","date_gmt":"2025-06-08T09:38:18","guid":{"rendered":"https:\/\/luchonoticias.com\/?p=84040"},"modified":"2025-06-08T04:38:19","modified_gmt":"2025-06-08T09:38:19","slug":"colombia-cambia-el-chip-con-miras-al-juego-ante-argentina","status":"publish","type":"post","link":"https:\/\/luchonoticias.com\/editor\/colombia-cambia-el-chip-con-miras-al-juego-ante-argentina\/","title":{"rendered":"Colombia cambia el chip con miras al juego ante Argentina"},"content":{"rendered":"\n<figure class=\"wp-block-image size-full\"><img loading=\"lazy\" decoding=\"async\" width=\"700\" height=\"400\" src=\"https:\/\/luchonoticias.com\/wp-content\/uploads\/2025\/06\/colombia-entrenamientos-RD.jpg\" alt=\"\" class=\"wp-image-84041\" srcset=\"https:\/\/luchonoticias.com\/editor\/wp-content\/uploads\/2025\/06\/colombia-entrenamientos-RD.jpg 700w, https:\/\/luchonoticias.com\/editor\/wp-content\/uploads\/2025\/06\/colombia-entrenamientos-RD-300x171.jpg 300w\" sizes=\"auto, (max-width: 700px) 100vw, 700px\" \/><\/figure>\n\n\n\n<p>La Selecci\u00f3n Colombia volvi\u00f3 a trabajos con miras a lo que ser\u00e1 el juego ante Argentina por la eliminatoria al mundial de f\u00fatbol del a\u00f1o entrante. <\/p>\n\n\n\n<p>El equipo tuvo una nueva sesi\u00f3n de entrenamiento en la Sede Deportiva de Barranquilla; lleg\u00f3 a las instalaciones a las 4:30 p.m. e inici\u00f3 la jornada en el gimnasio&nbsp;alrededor de las 5:30 p.m.<\/p>\n\n\n\n<p>El entrenamiento comenz\u00f3 con el equipo completo y, posteriormente, se dividi\u00f3 en dos grupos: uno conformado por los jugadores que disputaron m\u00e1s de 75 minutos en el \u00faltimo partido, y otro por quienes tuvieron menor participaci\u00f3n. De esta manera, el cuerpo t\u00e9cnico llev\u00f3 a cabo trabajos de recuperaci\u00f3n y ajuste de cargas f\u00edsicas.<\/p>\n\n\n\n<p>Para el d\u00eda de hoy la Selecci\u00f3n Colombia saldr\u00e1 del hotel de concentraci\u00f3n alrededor de las 8:00 de la ma\u00f1ana para realizar una nueva sesi\u00f3n de entrenamiento en la capital del Atl\u00e1ntico.&nbsp;Luego, el equipo tomar\u00e1 un vuelo directo hacia la ciudad de Buenos Aires.<\/p>\n\n\n\n<p><strong>El caso John Jader Dur\u00e1n&nbsp;<\/strong><\/p>\n\n\n\n<p>El retorno de Colombia a los entrenamientos llega luego de que el d\u00eda anterior fuera desconvocado el delantero John Jader Dur\u00e1n para el partido ante los actuales campeones del mundo.<\/p>\n\n\n\n<p>Oficialmente se habla de que el atacante del f\u00fatbol \u00e1rabe sali\u00f3 de la convocatoria debido a un problema lumbar, hecho que, seg\u00fan la federaci\u00f3n y el jugador, se agudiz\u00f3 en el partido ante Per\u00fa.<\/p>\n\n\n\n<p>No obstante se habla de que dicha desconvocatoria obedecer\u00eda a un presunto problema registrado en las postrimer\u00edas en el partido ante Per\u00fa y del cual Dur\u00e1n aparentemente hizo parte; eso si, pese a dicha versi\u00f3n, tanto el jugador como el entrenador N\u00e9stor Lorenzo desmintieron los hechos e incluso el estratega calific\u00f3 lo ocurrido como informaciones de \u2018mala leche\u2019.<\/p>\n\n\n\n<p><\/p>\n","protected":false},"excerpt":{"rendered":"<p>La Selecci\u00f3n Colombia volvi\u00f3 a trabajos con miras a lo que ser\u00e1 el juego ante Argentina por la eliminatoria al mundial de f\u00fatbol del a\u00f1o entrante. El equipo tuvo una nueva sesi\u00f3n de entrenamiento en la Sede Deportiva de Barranquilla; lleg\u00f3 a las instalaciones a las 4:30 p.m. e inici\u00f3 la jornada en el gimnasio&nbsp;alrededor [&hellip;]<\/p>\n","protected":false},"author":2,"featured_media":84041,"comment_status":"closed","ping_status":"open","sticky":false,"template":"","format":"standard","meta":{"footnotes":""},"categories":[34],"tags":[],"class_list":["post-84040","post","type-post","status-publish","format-standard","has-post-thumbnail","hentry","category-deportes"],"yoast_head":"<!-- This site is optimized with the Yoast SEO plugin v26.6 - https:\/\/yoast.com\/wordpress\/plugins\/seo\/ -->\n<title>Colombia cambia el chip con miras al juego ante Argentina -<\/title>\n<meta name=\"robots\" content=\"index, follow, max-snippet:-1, max-image-preview:large, max-video-preview:-1\" \/>\n<link rel=\"canonical\" href=\"https:\/\/luchonoticias.com\/editor\/colombia-cambia-el-chip-con-miras-al-juego-ante-argentina\/\" \/>\n<meta property=\"og:locale\" content=\"es_ES\" \/>\n<meta property=\"og:type\" content=\"article\" \/>\n<meta property=\"og:title\" content=\"Colombia cambia el chip con miras al juego ante Argentina -\" \/>\n<meta property=\"og:url\" content=\"https:\/\/luchonoticias.com\/editor\/colombia-cambia-el-chip-con-miras-al-juego-ante-argentina\/\" \/>\n<meta property=\"article:publisher\" content=\"https:\/\/www.facebook.com\/luchonoticiasneiva\" \/>\n<meta property=\"article:published_time\" content=\"2025-06-08T09:38:18+00:00\" \/>\n<meta property=\"article:modified_time\" content=\"2025-06-08T09:38:19+00:00\" \/>\n<meta property=\"og:image\" content=\"https:\/\/luchonoticias.com\/editor\/wp-content\/uploads\/2025\/06\/colombia-entrenamientos-RD.jpg\" \/>\n\t<meta property=\"og:image:width\" content=\"700\" \/>\n\t<meta property=\"og:image:height\" content=\"400\" \/>\n\t<meta property=\"og:image:type\" content=\"image\/jpeg\" \/>\n<meta name=\"author\" content=\"Editor General\" \/>\n<meta name=\"twitter:card\" content=\"summary_large_image\" \/>\n<meta name=\"twitter:label1\" content=\"Escrito por\" \/>\n\t<meta name=\"twitter:data1\" content=\"Editor General\" \/>\n\t<meta name=\"twitter:label2\" content=\"Tiempo de lectura\" \/>\n\t<meta name=\"twitter:data2\" content=\"2 minutos\" \/>\n<script type=\"application\/ld+json\" class=\"yoast-schema-graph\">{\"@context\":\"https:\/\/schema.org\",\"@graph\":[{\"@type\":\"Article\",\"@id\":\"https:\/\/luchonoticias.com\/editor\/colombia-cambia-el-chip-con-miras-al-juego-ante-argentina\/#article\",\"isPartOf\":{\"@id\":\"https:\/\/luchonoticias.com\/editor\/colombia-cambia-el-chip-con-miras-al-juego-ante-argentina\/\"},\"author\":{\"name\":\"Editor General\",\"@id\":\"https:\/\/luchonoticias.com\/editor\/#\/schema\/person\/29217990ddf6f14e35912b2866d591fb\"},\"headline\":\"Colombia cambia el chip con miras al juego ante Argentina\",\"datePublished\":\"2025-06-08T09:38:18+00:00\",\"dateModified\":\"2025-06-08T09:38:19+00:00\",\"mainEntityOfPage\":{\"@id\":\"https:\/\/luchonoticias.com\/editor\/colombia-cambia-el-chip-con-miras-al-juego-ante-argentina\/\"},\"wordCount\":322,\"publisher\":{\"@id\":\"https:\/\/luchonoticias.com\/editor\/#\/schema\/person\/7a7fd911f58561fd056dbac7b55af9cd\"},\"image\":{\"@id\":\"https:\/\/luchonoticias.com\/editor\/colombia-cambia-el-chip-con-miras-al-juego-ante-argentina\/#primaryimage\"},\"thumbnailUrl\":\"https:\/\/luchonoticias.com\/editor\/wp-content\/uploads\/2025\/06\/colombia-entrenamientos-RD.jpg\",\"articleSection\":[\"Deportes\"],\"inLanguage\":\"es\"},{\"@type\":\"WebPage\",\"@id\":\"https:\/\/luchonoticias.com\/editor\/colombia-cambia-el-chip-con-miras-al-juego-ante-argentina\/\",\"url\":\"https:\/\/luchonoticias.com\/editor\/colombia-cambia-el-chip-con-miras-al-juego-ante-argentina\/\",\"name\":\"Colombia cambia el chip con miras al juego ante Argentina -\",\"isPartOf\":{\"@id\":\"https:\/\/luchonoticias.com\/editor\/#website\"},\"primaryImageOfPage\":{\"@id\":\"https:\/\/luchonoticias.com\/editor\/colombia-cambia-el-chip-con-miras-al-juego-ante-argentina\/#primaryimage\"},\"image\":{\"@id\":\"https:\/\/luchonoticias.com\/editor\/colombia-cambia-el-chip-con-miras-al-juego-ante-argentina\/#primaryimage\"},\"thumbnailUrl\":\"https:\/\/luchonoticias.com\/editor\/wp-content\/uploads\/2025\/06\/colombia-entrenamientos-RD.jpg\",\"datePublished\":\"2025-06-08T09:38:18+00:00\",\"dateModified\":\"2025-06-08T09:38:19+00:00\",\"breadcrumb\":{\"@id\":\"https:\/\/luchonoticias.com\/editor\/colombia-cambia-el-chip-con-miras-al-juego-ante-argentina\/#breadcrumb\"},\"inLanguage\":\"es\",\"potentialAction\":[{\"@type\":\"ReadAction\",\"target\":[\"https:\/\/luchonoticias.com\/editor\/colombia-cambia-el-chip-con-miras-al-juego-ante-argentina\/\"]}]},{\"@type\":\"ImageObject\",\"inLanguage\":\"es\",\"@id\":\"https:\/\/luchonoticias.com\/editor\/colombia-cambia-el-chip-con-miras-al-juego-ante-argentina\/#primaryimage\",\"url\":\"https:\/\/luchonoticias.com\/editor\/wp-content\/uploads\/2025\/06\/colombia-entrenamientos-RD.jpg\",\"contentUrl\":\"https:\/\/luchonoticias.com\/editor\/wp-content\/uploads\/2025\/06\/colombia-entrenamientos-RD.jpg\",\"width\":700,\"height\":400},{\"@type\":\"BreadcrumbList\",\"@id\":\"https:\/\/luchonoticias.com\/editor\/colombia-cambia-el-chip-con-miras-al-juego-ante-argentina\/#breadcrumb\",\"itemListElement\":[{\"@type\":\"ListItem\",\"position\":1,\"name\":\"Portada\",\"item\":\"https:\/\/luchonoticias.com\/editor\/\"},{\"@type\":\"ListItem\",\"position\":2,\"name\":\"Colombia cambia el chip con miras al juego ante Argentina\"}]},{\"@type\":\"WebSite\",\"@id\":\"https:\/\/luchonoticias.com\/editor\/#website\",\"url\":\"https:\/\/luchonoticias.com\/editor\/\",\"name\":\"\",\"description\":\"\",\"publisher\":{\"@id\":\"https:\/\/luchonoticias.com\/editor\/#\/schema\/person\/7a7fd911f58561fd056dbac7b55af9cd\"},\"potentialAction\":[{\"@type\":\"SearchAction\",\"target\":{\"@type\":\"EntryPoint\",\"urlTemplate\":\"https:\/\/luchonoticias.com\/editor\/?s={search_term_string}\"},\"query-input\":{\"@type\":\"PropertyValueSpecification\",\"valueRequired\":true,\"valueName\":\"search_term_string\"}}],\"inLanguage\":\"es\"},{\"@type\":[\"Person\",\"Organization\"],\"@id\":\"https:\/\/luchonoticias.com\/editor\/#\/schema\/person\/7a7fd911f58561fd056dbac7b55af9cd\",\"name\":\"admin\",\"image\":{\"@type\":\"ImageObject\",\"inLanguage\":\"es\",\"@id\":\"https:\/\/luchonoticias.com\/editor\/#\/schema\/person\/image\/\",\"url\":\"https:\/\/luchonoticias.com\/editor\/wp-content\/uploads\/2024\/02\/cropped-cropped-logolu.webp\",\"contentUrl\":\"https:\/\/luchonoticias.com\/editor\/wp-content\/uploads\/2024\/02\/cropped-cropped-logolu.webp\",\"width\":382,\"height\":170,\"caption\":\"admin\"},\"logo\":{\"@id\":\"https:\/\/luchonoticias.com\/editor\/#\/schema\/person\/image\/\"},\"sameAs\":[\"https:\/\/www.facebook.com\/luchonoticiasneiva\"]},{\"@type\":\"Person\",\"@id\":\"https:\/\/luchonoticias.com\/editor\/#\/schema\/person\/29217990ddf6f14e35912b2866d591fb\",\"name\":\"Editor General\",\"image\":{\"@type\":\"ImageObject\",\"inLanguage\":\"es\",\"@id\":\"https:\/\/luchonoticias.com\/editor\/#\/schema\/person\/image\/\",\"url\":\"https:\/\/luchonoticias.com\/editor\/wp-content\/uploads\/2024\/02\/cropped-cropped-logolu-150x150.webp\",\"contentUrl\":\"https:\/\/luchonoticias.com\/editor\/wp-content\/uploads\/2024\/02\/cropped-cropped-logolu-150x150.webp\",\"caption\":\"Editor General\"},\"sameAs\":[\"https:\/\/luchonoticias.com\/\"],\"url\":\"https:\/\/luchonoticias.com\/editor\/author\/editor-general\/\"}]}<\/script>\n<!-- \/ Yoast SEO plugin. -->","yoast_head_json":{"title":"Colombia cambia el chip con miras al juego ante Argentina -","robots":{"index":"index","follow":"follow","max-snippet":"max-snippet:-1","max-image-preview":"max-image-preview:large","max-video-preview":"max-video-preview:-1"},"canonical":"https:\/\/luchonoticias.com\/editor\/colombia-cambia-el-chip-con-miras-al-juego-ante-argentina\/","og_locale":"es_ES","og_type":"article","og_title":"Colombia cambia el chip con miras al juego ante Argentina -","og_url":"https:\/\/luchonoticias.com\/editor\/colombia-cambia-el-chip-con-miras-al-juego-ante-argentina\/","article_publisher":"https:\/\/www.facebook.com\/luchonoticiasneiva","article_published_time":"2025-06-08T09:38:18+00:00","article_modified_time":"2025-06-08T09:38:19+00:00","og_image":[{"width":700,"height":400,"url":"https:\/\/luchonoticias.com\/editor\/wp-content\/uploads\/2025\/06\/colombia-entrenamientos-RD.jpg","type":"image\/jpeg"}],"author":"Editor General","twitter_card":"summary_large_image","twitter_misc":{"Escrito por":"Editor General","Tiempo de lectura":"2 minutos"},"schema":{"@context":"https:\/\/schema.org","@graph":[{"@type":"Article","@id":"https:\/\/luchonoticias.com\/editor\/colombia-cambia-el-chip-con-miras-al-juego-ante-argentina\/#article","isPartOf":{"@id":"https:\/\/luchonoticias.com\/editor\/colombia-cambia-el-chip-con-miras-al-juego-ante-argentina\/"},"author":{"name":"Editor General","@id":"https:\/\/luchonoticias.com\/editor\/#\/schema\/person\/29217990ddf6f14e35912b2866d591fb"},"headline":"Colombia cambia el chip con miras al juego ante Argentina","datePublished":"2025-06-08T09:38:18+00:00","dateModified":"2025-06-08T09:38:19+00:00","mainEntityOfPage":{"@id":"https:\/\/luchonoticias.com\/editor\/colombia-cambia-el-chip-con-miras-al-juego-ante-argentina\/"},"wordCount":322,"publisher":{"@id":"https:\/\/luchonoticias.com\/editor\/#\/schema\/person\/7a7fd911f58561fd056dbac7b55af9cd"},"image":{"@id":"https:\/\/luchonoticias.com\/editor\/colombia-cambia-el-chip-con-miras-al-juego-ante-argentina\/#primaryimage"},"thumbnailUrl":"https:\/\/luchonoticias.com\/editor\/wp-content\/uploads\/2025\/06\/colombia-entrenamientos-RD.jpg","articleSection":["Deportes"],"inLanguage":"es"},{"@type":"WebPage","@id":"https:\/\/luchonoticias.com\/editor\/colombia-cambia-el-chip-con-miras-al-juego-ante-argentina\/","url":"https:\/\/luchonoticias.com\/editor\/colombia-cambia-el-chip-con-miras-al-juego-ante-argentina\/","name":"Colombia cambia el chip con miras al juego ante Argentina -","isPartOf":{"@id":"https:\/\/luchonoticias.com\/editor\/#website"},"primaryImageOfPage":{"@id":"https:\/\/luchonoticias.com\/editor\/colombia-cambia-el-chip-con-miras-al-juego-ante-argentina\/#primaryimage"},"image":{"@id":"https:\/\/luchonoticias.com\/editor\/colombia-cambia-el-chip-con-miras-al-juego-ante-argentina\/#primaryimage"},"thumbnailUrl":"https:\/\/luchonoticias.com\/editor\/wp-content\/uploads\/2025\/06\/colombia-entrenamientos-RD.jpg","datePublished":"2025-06-08T09:38:18+00:00","dateModified":"2025-06-08T09:38:19+00:00","breadcrumb":{"@id":"https:\/\/luchonoticias.com\/editor\/colombia-cambia-el-chip-con-miras-al-juego-ante-argentina\/#breadcrumb"},"inLanguage":"es","potentialAction":[{"@type":"ReadAction","target":["https:\/\/luchonoticias.com\/editor\/colombia-cambia-el-chip-con-miras-al-juego-ante-argentina\/"]}]},{"@type":"ImageObject","inLanguage":"es","@id":"https:\/\/luchonoticias.com\/editor\/colombia-cambia-el-chip-con-miras-al-juego-ante-argentina\/#primaryimage","url":"https:\/\/luchonoticias.com\/editor\/wp-content\/uploads\/2025\/06\/colombia-entrenamientos-RD.jpg","contentUrl":"https:\/\/luchonoticias.com\/editor\/wp-content\/uploads\/2025\/06\/colombia-entrenamientos-RD.jpg","width":700,"height":400},{"@type":"BreadcrumbList","@id":"https:\/\/luchonoticias.com\/editor\/colombia-cambia-el-chip-con-miras-al-juego-ante-argentina\/#breadcrumb","itemListElement":[{"@type":"ListItem","position":1,"name":"Portada","item":"https:\/\/luchonoticias.com\/editor\/"},{"@type":"ListItem","position":2,"name":"Colombia cambia el chip con miras al juego ante Argentina"}]},{"@type":"WebSite","@id":"https:\/\/luchonoticias.com\/editor\/#website","url":"https:\/\/luchonoticias.com\/editor\/","name":"","description":"","publisher":{"@id":"https:\/\/luchonoticias.com\/editor\/#\/schema\/person\/7a7fd911f58561fd056dbac7b55af9cd"},"potentialAction":[{"@type":"SearchAction","target":{"@type":"EntryPoint","urlTemplate":"https:\/\/luchonoticias.com\/editor\/?s={search_term_string}"},"query-input":{"@type":"PropertyValueSpecification","valueRequired":true,"valueName":"search_term_string"}}],"inLanguage":"es"},{"@type":["Person","Organization"],"@id":"https:\/\/luchonoticias.com\/editor\/#\/schema\/person\/7a7fd911f58561fd056dbac7b55af9cd","name":"admin","image":{"@type":"ImageObject","inLanguage":"es","@id":"https:\/\/luchonoticias.com\/editor\/#\/schema\/person\/image\/","url":"https:\/\/luchonoticias.com\/editor\/wp-content\/uploads\/2024\/02\/cropped-cropped-logolu.webp","contentUrl":"https:\/\/luchonoticias.com\/editor\/wp-content\/uploads\/2024\/02\/cropped-cropped-logolu.webp","width":382,"height":170,"caption":"admin"},"logo":{"@id":"https:\/\/luchonoticias.com\/editor\/#\/schema\/person\/image\/"},"sameAs":["https:\/\/www.facebook.com\/luchonoticiasneiva"]},{"@type":"Person","@id":"https:\/\/luchonoticias.com\/editor\/#\/schema\/person\/29217990ddf6f14e35912b2866d591fb","name":"Editor General","image":{"@type":"ImageObject","inLanguage":"es","@id":"https:\/\/luchonoticias.com\/editor\/#\/schema\/person\/image\/","url":"https:\/\/luchonoticias.com\/editor\/wp-content\/uploads\/2024\/02\/cropped-cropped-logolu-150x150.webp","contentUrl":"https:\/\/luchonoticias.com\/editor\/wp-content\/uploads\/2024\/02\/cropped-cropped-logolu-150x150.webp","caption":"Editor General"},"sameAs":["https:\/\/luchonoticias.com\/"],"url":"https:\/\/luchonoticias.com\/editor\/author\/editor-general\/"}]}},"_links":{"self":[{"href":"https:\/\/luchonoticias.com\/editor\/wp-json\/wp\/v2\/posts\/84040","targetHints":{"allow":["GET"]}}],"collection":[{"href":"https:\/\/luchonoticias.com\/editor\/wp-json\/wp\/v2\/posts"}],"about":[{"href":"https:\/\/luchonoticias.com\/editor\/wp-json\/wp\/v2\/types\/post"}],"author":[{"embeddable":true,"href":"https:\/\/luchonoticias.com\/editor\/wp-json\/wp\/v2\/users\/2"}],"replies":[{"embeddable":true,"href":"https:\/\/luchonoticias.com\/editor\/wp-json\/wp\/v2\/comments?post=84040"}],"version-history":[{"count":1,"href":"https:\/\/luchonoticias.com\/editor\/wp-json\/wp\/v2\/posts\/84040\/revisions"}],"predecessor-version":[{"id":84042,"href":"https:\/\/luchonoticias.com\/editor\/wp-json\/wp\/v2\/posts\/84040\/revisions\/84042"}],"wp:featuredmedia":[{"embeddable":true,"href":"https:\/\/luchonoticias.com\/editor\/wp-json\/wp\/v2\/media\/84041"}],"wp:attachment":[{"href":"https:\/\/luchonoticias.com\/editor\/wp-json\/wp\/v2\/media?parent=84040"}],"wp:term":[{"taxonomy":"category","embeddable":true,"href":"https:\/\/luchonoticias.com\/editor\/wp-json\/wp\/v2\/categories?post=84040"},{"taxonomy":"post_tag","embeddable":true,"href":"https:\/\/luchonoticias.com\/editor\/wp-json\/wp\/v2\/tags?post=84040"}],"curies":[{"name":"wp","href":"https:\/\/api.w.org\/{rel}","templated":true}]}}