{"id":84043,"date":"2025-06-08T04:47:12","date_gmt":"2025-06-08T09:47:12","guid":{"rendered":"https:\/\/luchonoticias.com\/?p=84043"},"modified":"2025-06-08T04:47:13","modified_gmt":"2025-06-08T09:47:13","slug":"los-avances-frente-al-atentado-contra-miguel-uribe","status":"publish","type":"post","link":"https:\/\/luchonoticias.com\/editor\/los-avances-frente-al-atentado-contra-miguel-uribe\/","title":{"rendered":"Los avances frente al atentado contra Miguel Uribe"},"content":{"rendered":"\n<figure class=\"wp-block-image size-full\"><img loading=\"lazy\" decoding=\"async\" width=\"700\" height=\"400\" src=\"https:\/\/luchonoticias.com\/wp-content\/uploads\/2025\/06\/MIGUEL-URIBE-2.jpg\" alt=\"\" class=\"wp-image-84044\" srcset=\"https:\/\/luchonoticias.com\/editor\/wp-content\/uploads\/2025\/06\/MIGUEL-URIBE-2.jpg 700w, https:\/\/luchonoticias.com\/editor\/wp-content\/uploads\/2025\/06\/MIGUEL-URIBE-2-300x171.jpg 300w\" sizes=\"auto, (max-width: 700px) 100vw, 700px\" \/><\/figure>\n\n\n\n<p>El director de la Polic\u00eda Nacional, general Carlos Fernando Triana, confirm\u00f3 que uno de los presuntos responsables del atentado contra el senador Miguel Uribe Turbay es un menor de edad, quien fue capturado tras resultar herido en una pierna. El hecho ocurri\u00f3 la tarde del s\u00e1bado en el barrio Modelia, en la localidad de Fontib\u00f3n, cuando el senador participaba en una actividad pol\u00edtica junto al concejal Andr\u00e9s Barrios y un grupo de simpatizantes.<\/p>\n\n\n\n<p>El ataque se produjo hacia las 5:30 p. m. en la carrera 82 con calle 22C. En la reacci\u00f3n policial, uno de los agentes de protecci\u00f3n logr\u00f3 aprehender al menor, que fue trasladado a la Cl\u00ednica Colombia. En el hecho tambi\u00e9n resultaron heridos un hombre y una mujer, cuyos datos a\u00fan no han sido revelados. La Polic\u00eda incaut\u00f3 una pistola tipo Glock que ya se encuentra bajo cadena de custodia.<\/p>\n\n\n\n<p>El senador Uribe fue llevado a un centro m\u00e9dico para su valoraci\u00f3n y, seg\u00fan las autoridades, se encuentra fuera de peligro. El general Triana inform\u00f3 que la Fiscal\u00eda y el CTI ya iniciaron la investigaci\u00f3n para identificar a los responsables materiales e intelectuales del ataque.<\/p>\n\n\n\n<p><strong>Entre recompensas y quejas por inseguridad <\/strong><\/p>\n\n\n\n<p>Como parte del proceso, el Ministerio de Defensa ofreci\u00f3 una recompensa de hasta 3.000 millones de pesos a quien brinde informaci\u00f3n que ayude a esclarecer el caso. La Polic\u00eda tambi\u00e9n recolecta testimonios y material probatorio en la zona, donde los comerciantes y residentes expresaron su temor por la creciente inseguridad en el sector.<\/p>\n\n\n\n<p>Vecinos de Modelia aseguraron que la delincuencia ha aumentado recientemente. Algunos denunciaron que, horas antes del atentado, una droguer\u00eda fue asaltada en el mismo sector. Las autoridades contin\u00faan en el \u00e1rea con equipos de inteligencia y seguridad ciudadana para esclarecer los hechos.<\/p>\n\n\n\n<p><\/p>\n","protected":false},"excerpt":{"rendered":"<p>El director de la Polic\u00eda Nacional, general Carlos Fernando Triana, confirm\u00f3 que uno de los presuntos responsables del atentado contra el senador Miguel Uribe Turbay es un menor de edad, quien fue capturado tras resultar herido en una pierna. El hecho ocurri\u00f3 la tarde del s\u00e1bado en el barrio Modelia, en la localidad de Fontib\u00f3n, [&hellip;]<\/p>\n","protected":false},"author":2,"featured_media":84044,"comment_status":"closed","ping_status":"open","sticky":false,"template":"","format":"standard","meta":{"footnotes":""},"categories":[28,32],"tags":[],"class_list":["post-84043","post","type-post","status-publish","format-standard","has-post-thumbnail","hentry","category-actualidad","category-nacional"],"yoast_head":"<!-- This site is optimized with the Yoast SEO plugin v26.6 - https:\/\/yoast.com\/wordpress\/plugins\/seo\/ -->\n<title>Los avances frente al atentado contra Miguel Uribe -<\/title>\n<meta name=\"robots\" content=\"index, follow, max-snippet:-1, max-image-preview:large, max-video-preview:-1\" \/>\n<link rel=\"canonical\" href=\"https:\/\/luchonoticias.com\/editor\/los-avances-frente-al-atentado-contra-miguel-uribe\/\" \/>\n<meta property=\"og:locale\" content=\"es_ES\" \/>\n<meta property=\"og:type\" content=\"article\" \/>\n<meta property=\"og:title\" content=\"Los avances frente al atentado contra Miguel Uribe -\" \/>\n<meta property=\"og:url\" content=\"https:\/\/luchonoticias.com\/editor\/los-avances-frente-al-atentado-contra-miguel-uribe\/\" \/>\n<meta property=\"article:publisher\" content=\"https:\/\/www.facebook.com\/luchonoticiasneiva\" \/>\n<meta property=\"article:published_time\" content=\"2025-06-08T09:47:12+00:00\" \/>\n<meta property=\"article:modified_time\" content=\"2025-06-08T09:47:13+00:00\" \/>\n<meta property=\"og:image\" content=\"https:\/\/luchonoticias.com\/editor\/wp-content\/uploads\/2025\/06\/MIGUEL-URIBE-2.jpg\" \/>\n\t<meta property=\"og:image:width\" content=\"700\" \/>\n\t<meta property=\"og:image:height\" content=\"400\" \/>\n\t<meta property=\"og:image:type\" content=\"image\/jpeg\" \/>\n<meta name=\"author\" content=\"Editor General\" \/>\n<meta name=\"twitter:card\" content=\"summary_large_image\" \/>\n<meta name=\"twitter:label1\" content=\"Escrito por\" \/>\n\t<meta name=\"twitter:data1\" content=\"Editor General\" \/>\n\t<meta name=\"twitter:label2\" content=\"Tiempo de lectura\" \/>\n\t<meta name=\"twitter:data2\" content=\"2 minutos\" \/>\n<script type=\"application\/ld+json\" class=\"yoast-schema-graph\">{\"@context\":\"https:\/\/schema.org\",\"@graph\":[{\"@type\":\"Article\",\"@id\":\"https:\/\/luchonoticias.com\/editor\/los-avances-frente-al-atentado-contra-miguel-uribe\/#article\",\"isPartOf\":{\"@id\":\"https:\/\/luchonoticias.com\/editor\/los-avances-frente-al-atentado-contra-miguel-uribe\/\"},\"author\":{\"name\":\"Editor General\",\"@id\":\"https:\/\/luchonoticias.com\/editor\/#\/schema\/person\/29217990ddf6f14e35912b2866d591fb\"},\"headline\":\"Los avances frente al atentado contra Miguel Uribe\",\"datePublished\":\"2025-06-08T09:47:12+00:00\",\"dateModified\":\"2025-06-08T09:47:13+00:00\",\"mainEntityOfPage\":{\"@id\":\"https:\/\/luchonoticias.com\/editor\/los-avances-frente-al-atentado-contra-miguel-uribe\/\"},\"wordCount\":315,\"publisher\":{\"@id\":\"https:\/\/luchonoticias.com\/editor\/#\/schema\/person\/7a7fd911f58561fd056dbac7b55af9cd\"},\"image\":{\"@id\":\"https:\/\/luchonoticias.com\/editor\/los-avances-frente-al-atentado-contra-miguel-uribe\/#primaryimage\"},\"thumbnailUrl\":\"https:\/\/luchonoticias.com\/editor\/wp-content\/uploads\/2025\/06\/MIGUEL-URIBE-2.jpg\",\"articleSection\":[\"Actualidad\",\"Nacional\"],\"inLanguage\":\"es\"},{\"@type\":\"WebPage\",\"@id\":\"https:\/\/luchonoticias.com\/editor\/los-avances-frente-al-atentado-contra-miguel-uribe\/\",\"url\":\"https:\/\/luchonoticias.com\/editor\/los-avances-frente-al-atentado-contra-miguel-uribe\/\",\"name\":\"Los avances frente al atentado contra Miguel Uribe -\",\"isPartOf\":{\"@id\":\"https:\/\/luchonoticias.com\/editor\/#website\"},\"primaryImageOfPage\":{\"@id\":\"https:\/\/luchonoticias.com\/editor\/los-avances-frente-al-atentado-contra-miguel-uribe\/#primaryimage\"},\"image\":{\"@id\":\"https:\/\/luchonoticias.com\/editor\/los-avances-frente-al-atentado-contra-miguel-uribe\/#primaryimage\"},\"thumbnailUrl\":\"https:\/\/luchonoticias.com\/editor\/wp-content\/uploads\/2025\/06\/MIGUEL-URIBE-2.jpg\",\"datePublished\":\"2025-06-08T09:47:12+00:00\",\"dateModified\":\"2025-06-08T09:47:13+00:00\",\"breadcrumb\":{\"@id\":\"https:\/\/luchonoticias.com\/editor\/los-avances-frente-al-atentado-contra-miguel-uribe\/#breadcrumb\"},\"inLanguage\":\"es\",\"potentialAction\":[{\"@type\":\"ReadAction\",\"target\":[\"https:\/\/luchonoticias.com\/editor\/los-avances-frente-al-atentado-contra-miguel-uribe\/\"]}]},{\"@type\":\"ImageObject\",\"inLanguage\":\"es\",\"@id\":\"https:\/\/luchonoticias.com\/editor\/los-avances-frente-al-atentado-contra-miguel-uribe\/#primaryimage\",\"url\":\"https:\/\/luchonoticias.com\/editor\/wp-content\/uploads\/2025\/06\/MIGUEL-URIBE-2.jpg\",\"contentUrl\":\"https:\/\/luchonoticias.com\/editor\/wp-content\/uploads\/2025\/06\/MIGUEL-URIBE-2.jpg\",\"width\":700,\"height\":400},{\"@type\":\"BreadcrumbList\",\"@id\":\"https:\/\/luchonoticias.com\/editor\/los-avances-frente-al-atentado-contra-miguel-uribe\/#breadcrumb\",\"itemListElement\":[{\"@type\":\"ListItem\",\"position\":1,\"name\":\"Portada\",\"item\":\"https:\/\/luchonoticias.com\/editor\/\"},{\"@type\":\"ListItem\",\"position\":2,\"name\":\"Los avances frente al atentado contra Miguel Uribe\"}]},{\"@type\":\"WebSite\",\"@id\":\"https:\/\/luchonoticias.com\/editor\/#website\",\"url\":\"https:\/\/luchonoticias.com\/editor\/\",\"name\":\"\",\"description\":\"\",\"publisher\":{\"@id\":\"https:\/\/luchonoticias.com\/editor\/#\/schema\/person\/7a7fd911f58561fd056dbac7b55af9cd\"},\"potentialAction\":[{\"@type\":\"SearchAction\",\"target\":{\"@type\":\"EntryPoint\",\"urlTemplate\":\"https:\/\/luchonoticias.com\/editor\/?s={search_term_string}\"},\"query-input\":{\"@type\":\"PropertyValueSpecification\",\"valueRequired\":true,\"valueName\":\"search_term_string\"}}],\"inLanguage\":\"es\"},{\"@type\":[\"Person\",\"Organization\"],\"@id\":\"https:\/\/luchonoticias.com\/editor\/#\/schema\/person\/7a7fd911f58561fd056dbac7b55af9cd\",\"name\":\"admin\",\"image\":{\"@type\":\"ImageObject\",\"inLanguage\":\"es\",\"@id\":\"https:\/\/luchonoticias.com\/editor\/#\/schema\/person\/image\/\",\"url\":\"https:\/\/luchonoticias.com\/editor\/wp-content\/uploads\/2024\/02\/cropped-cropped-logolu.webp\",\"contentUrl\":\"https:\/\/luchonoticias.com\/editor\/wp-content\/uploads\/2024\/02\/cropped-cropped-logolu.webp\",\"width\":382,\"height\":170,\"caption\":\"admin\"},\"logo\":{\"@id\":\"https:\/\/luchonoticias.com\/editor\/#\/schema\/person\/image\/\"},\"sameAs\":[\"https:\/\/www.facebook.com\/luchonoticiasneiva\"]},{\"@type\":\"Person\",\"@id\":\"https:\/\/luchonoticias.com\/editor\/#\/schema\/person\/29217990ddf6f14e35912b2866d591fb\",\"name\":\"Editor General\",\"image\":{\"@type\":\"ImageObject\",\"inLanguage\":\"es\",\"@id\":\"https:\/\/luchonoticias.com\/editor\/#\/schema\/person\/image\/\",\"url\":\"https:\/\/luchonoticias.com\/editor\/wp-content\/uploads\/2024\/02\/cropped-cropped-logolu-150x150.webp\",\"contentUrl\":\"https:\/\/luchonoticias.com\/editor\/wp-content\/uploads\/2024\/02\/cropped-cropped-logolu-150x150.webp\",\"caption\":\"Editor General\"},\"sameAs\":[\"https:\/\/luchonoticias.com\/\"],\"url\":\"https:\/\/luchonoticias.com\/editor\/author\/editor-general\/\"}]}<\/script>\n<!-- \/ Yoast SEO plugin. -->","yoast_head_json":{"title":"Los avances frente al atentado contra Miguel Uribe -","robots":{"index":"index","follow":"follow","max-snippet":"max-snippet:-1","max-image-preview":"max-image-preview:large","max-video-preview":"max-video-preview:-1"},"canonical":"https:\/\/luchonoticias.com\/editor\/los-avances-frente-al-atentado-contra-miguel-uribe\/","og_locale":"es_ES","og_type":"article","og_title":"Los avances frente al atentado contra Miguel Uribe -","og_url":"https:\/\/luchonoticias.com\/editor\/los-avances-frente-al-atentado-contra-miguel-uribe\/","article_publisher":"https:\/\/www.facebook.com\/luchonoticiasneiva","article_published_time":"2025-06-08T09:47:12+00:00","article_modified_time":"2025-06-08T09:47:13+00:00","og_image":[{"width":700,"height":400,"url":"https:\/\/luchonoticias.com\/editor\/wp-content\/uploads\/2025\/06\/MIGUEL-URIBE-2.jpg","type":"image\/jpeg"}],"author":"Editor General","twitter_card":"summary_large_image","twitter_misc":{"Escrito por":"Editor General","Tiempo de lectura":"2 minutos"},"schema":{"@context":"https:\/\/schema.org","@graph":[{"@type":"Article","@id":"https:\/\/luchonoticias.com\/editor\/los-avances-frente-al-atentado-contra-miguel-uribe\/#article","isPartOf":{"@id":"https:\/\/luchonoticias.com\/editor\/los-avances-frente-al-atentado-contra-miguel-uribe\/"},"author":{"name":"Editor General","@id":"https:\/\/luchonoticias.com\/editor\/#\/schema\/person\/29217990ddf6f14e35912b2866d591fb"},"headline":"Los avances frente al atentado contra Miguel Uribe","datePublished":"2025-06-08T09:47:12+00:00","dateModified":"2025-06-08T09:47:13+00:00","mainEntityOfPage":{"@id":"https:\/\/luchonoticias.com\/editor\/los-avances-frente-al-atentado-contra-miguel-uribe\/"},"wordCount":315,"publisher":{"@id":"https:\/\/luchonoticias.com\/editor\/#\/schema\/person\/7a7fd911f58561fd056dbac7b55af9cd"},"image":{"@id":"https:\/\/luchonoticias.com\/editor\/los-avances-frente-al-atentado-contra-miguel-uribe\/#primaryimage"},"thumbnailUrl":"https:\/\/luchonoticias.com\/editor\/wp-content\/uploads\/2025\/06\/MIGUEL-URIBE-2.jpg","articleSection":["Actualidad","Nacional"],"inLanguage":"es"},{"@type":"WebPage","@id":"https:\/\/luchonoticias.com\/editor\/los-avances-frente-al-atentado-contra-miguel-uribe\/","url":"https:\/\/luchonoticias.com\/editor\/los-avances-frente-al-atentado-contra-miguel-uribe\/","name":"Los avances frente al atentado contra Miguel Uribe -","isPartOf":{"@id":"https:\/\/luchonoticias.com\/editor\/#website"},"primaryImageOfPage":{"@id":"https:\/\/luchonoticias.com\/editor\/los-avances-frente-al-atentado-contra-miguel-uribe\/#primaryimage"},"image":{"@id":"https:\/\/luchonoticias.com\/editor\/los-avances-frente-al-atentado-contra-miguel-uribe\/#primaryimage"},"thumbnailUrl":"https:\/\/luchonoticias.com\/editor\/wp-content\/uploads\/2025\/06\/MIGUEL-URIBE-2.jpg","datePublished":"2025-06-08T09:47:12+00:00","dateModified":"2025-06-08T09:47:13+00:00","breadcrumb":{"@id":"https:\/\/luchonoticias.com\/editor\/los-avances-frente-al-atentado-contra-miguel-uribe\/#breadcrumb"},"inLanguage":"es","potentialAction":[{"@type":"ReadAction","target":["https:\/\/luchonoticias.com\/editor\/los-avances-frente-al-atentado-contra-miguel-uribe\/"]}]},{"@type":"ImageObject","inLanguage":"es","@id":"https:\/\/luchonoticias.com\/editor\/los-avances-frente-al-atentado-contra-miguel-uribe\/#primaryimage","url":"https:\/\/luchonoticias.com\/editor\/wp-content\/uploads\/2025\/06\/MIGUEL-URIBE-2.jpg","contentUrl":"https:\/\/luchonoticias.com\/editor\/wp-content\/uploads\/2025\/06\/MIGUEL-URIBE-2.jpg","width":700,"height":400},{"@type":"BreadcrumbList","@id":"https:\/\/luchonoticias.com\/editor\/los-avances-frente-al-atentado-contra-miguel-uribe\/#breadcrumb","itemListElement":[{"@type":"ListItem","position":1,"name":"Portada","item":"https:\/\/luchonoticias.com\/editor\/"},{"@type":"ListItem","position":2,"name":"Los avances frente al atentado contra Miguel Uribe"}]},{"@type":"WebSite","@id":"https:\/\/luchonoticias.com\/editor\/#website","url":"https:\/\/luchonoticias.com\/editor\/","name":"","description":"","publisher":{"@id":"https:\/\/luchonoticias.com\/editor\/#\/schema\/person\/7a7fd911f58561fd056dbac7b55af9cd"},"potentialAction":[{"@type":"SearchAction","target":{"@type":"EntryPoint","urlTemplate":"https:\/\/luchonoticias.com\/editor\/?s={search_term_string}"},"query-input":{"@type":"PropertyValueSpecification","valueRequired":true,"valueName":"search_term_string"}}],"inLanguage":"es"},{"@type":["Person","Organization"],"@id":"https:\/\/luchonoticias.com\/editor\/#\/schema\/person\/7a7fd911f58561fd056dbac7b55af9cd","name":"admin","image":{"@type":"ImageObject","inLanguage":"es","@id":"https:\/\/luchonoticias.com\/editor\/#\/schema\/person\/image\/","url":"https:\/\/luchonoticias.com\/editor\/wp-content\/uploads\/2024\/02\/cropped-cropped-logolu.webp","contentUrl":"https:\/\/luchonoticias.com\/editor\/wp-content\/uploads\/2024\/02\/cropped-cropped-logolu.webp","width":382,"height":170,"caption":"admin"},"logo":{"@id":"https:\/\/luchonoticias.com\/editor\/#\/schema\/person\/image\/"},"sameAs":["https:\/\/www.facebook.com\/luchonoticiasneiva"]},{"@type":"Person","@id":"https:\/\/luchonoticias.com\/editor\/#\/schema\/person\/29217990ddf6f14e35912b2866d591fb","name":"Editor General","image":{"@type":"ImageObject","inLanguage":"es","@id":"https:\/\/luchonoticias.com\/editor\/#\/schema\/person\/image\/","url":"https:\/\/luchonoticias.com\/editor\/wp-content\/uploads\/2024\/02\/cropped-cropped-logolu-150x150.webp","contentUrl":"https:\/\/luchonoticias.com\/editor\/wp-content\/uploads\/2024\/02\/cropped-cropped-logolu-150x150.webp","caption":"Editor General"},"sameAs":["https:\/\/luchonoticias.com\/"],"url":"https:\/\/luchonoticias.com\/editor\/author\/editor-general\/"}]}},"_links":{"self":[{"href":"https:\/\/luchonoticias.com\/editor\/wp-json\/wp\/v2\/posts\/84043","targetHints":{"allow":["GET"]}}],"collection":[{"href":"https:\/\/luchonoticias.com\/editor\/wp-json\/wp\/v2\/posts"}],"about":[{"href":"https:\/\/luchonoticias.com\/editor\/wp-json\/wp\/v2\/types\/post"}],"author":[{"embeddable":true,"href":"https:\/\/luchonoticias.com\/editor\/wp-json\/wp\/v2\/users\/2"}],"replies":[{"embeddable":true,"href":"https:\/\/luchonoticias.com\/editor\/wp-json\/wp\/v2\/comments?post=84043"}],"version-history":[{"count":1,"href":"https:\/\/luchonoticias.com\/editor\/wp-json\/wp\/v2\/posts\/84043\/revisions"}],"predecessor-version":[{"id":84045,"href":"https:\/\/luchonoticias.com\/editor\/wp-json\/wp\/v2\/posts\/84043\/revisions\/84045"}],"wp:featuredmedia":[{"embeddable":true,"href":"https:\/\/luchonoticias.com\/editor\/wp-json\/wp\/v2\/media\/84044"}],"wp:attachment":[{"href":"https:\/\/luchonoticias.com\/editor\/wp-json\/wp\/v2\/media?parent=84043"}],"wp:term":[{"taxonomy":"category","embeddable":true,"href":"https:\/\/luchonoticias.com\/editor\/wp-json\/wp\/v2\/categories?post=84043"},{"taxonomy":"post_tag","embeddable":true,"href":"https:\/\/luchonoticias.com\/editor\/wp-json\/wp\/v2\/tags?post=84043"}],"curies":[{"name":"wp","href":"https:\/\/api.w.org\/{rel}","templated":true}]}}