{"id":84056,"date":"2025-06-09T04:16:36","date_gmt":"2025-06-09T09:16:36","guid":{"rendered":"https:\/\/luchonoticias.com\/?p=84056"},"modified":"2025-06-09T04:16:37","modified_gmt":"2025-06-09T09:16:37","slug":"un-total-de-17-detenidos-el-pasado-fin-de-semana-en-neiva","status":"publish","type":"post","link":"https:\/\/luchonoticias.com\/editor\/un-total-de-17-detenidos-el-pasado-fin-de-semana-en-neiva\/","title":{"rendered":"Un total de 17 detenidos el pasado fin de semana en Neiva"},"content":{"rendered":"\n<figure class=\"wp-block-image size-full\"><img loading=\"lazy\" decoding=\"async\" width=\"700\" height=\"400\" src=\"https:\/\/luchonoticias.com\/wp-content\/uploads\/2025\/06\/POLICIA-METROPO09LITANA.jpg\" alt=\"\" class=\"wp-image-84057\" srcset=\"https:\/\/luchonoticias.com\/editor\/wp-content\/uploads\/2025\/06\/POLICIA-METROPO09LITANA.jpg 700w, https:\/\/luchonoticias.com\/editor\/wp-content\/uploads\/2025\/06\/POLICIA-METROPO09LITANA-300x171.jpg 300w\" sizes=\"auto, (max-width: 700px) 100vw, 700px\" \/><\/figure>\n\n\n\n<p>Este fin de semana, las acciones enmarcadas dentro del \u201cTrinomio de la seguridad\u201d, en los municipios de Neiva, Aipe, Palermo y Rivera, permitieron la captura de: 17 personas y la aprehension de un menor de edad, por delitos como:<\/p>\n\n\n\n<p>Hurto, porte ilegal de armas de fuego, tr\u00e1fico, fabricaci\u00f3n o porte de estupefacientes, acto sexuales abusivos con menor de 14 a\u00f1os, violencia intrafamiliar, desplazamiento forzado, inasistencia alimentaria y lesiones personales.<\/p>\n\n\n\n<p>Adicionalmente, durante el fin de semana se logra recuperar 02 motocicletas , las cuales hab\u00edan sido hurtadas momentos antes en la modalidad de halado, as\u00ed mismo se incautaron 2 armas de fuego, evitando que sean utilizadas en la comisi\u00f3n de delitos.<\/p>\n\n\n\n<p>A la l\u00ednea de emergencia 123 ingresaron un total de 1.221 llamadas, destacando entre estas: 101 por ri\u00f1a, 197 por alteraci\u00f3n a la tranquilidad p\u00fablica, 39 por violencia intrafamiliar y 22 por personas sospechosas.<\/p>\n\n\n\n<figure class=\"wp-block-gallery has-nested-images columns-default is-cropped wp-block-gallery-1 is-layout-flex wp-block-gallery-is-layout-flex\">\n<figure class=\"wp-block-image size-large\"><img loading=\"lazy\" decoding=\"async\" width=\"980\" height=\"738\" data-id=\"84058\" src=\"https:\/\/luchonoticias.com\/wp-content\/uploads\/2025\/06\/Imagen-de-WhatsApp-2025-06-08-a-las-20.28.30_8ad919cf.jpg\" alt=\"\" class=\"wp-image-84058\" srcset=\"https:\/\/luchonoticias.com\/editor\/wp-content\/uploads\/2025\/06\/Imagen-de-WhatsApp-2025-06-08-a-las-20.28.30_8ad919cf.jpg 980w, https:\/\/luchonoticias.com\/editor\/wp-content\/uploads\/2025\/06\/Imagen-de-WhatsApp-2025-06-08-a-las-20.28.30_8ad919cf-300x226.jpg 300w, https:\/\/luchonoticias.com\/editor\/wp-content\/uploads\/2025\/06\/Imagen-de-WhatsApp-2025-06-08-a-las-20.28.30_8ad919cf-768x578.jpg 768w\" sizes=\"auto, (max-width: 980px) 100vw, 980px\" \/><\/figure>\n\n\n\n<figure class=\"wp-block-image size-large\"><img loading=\"lazy\" decoding=\"async\" width=\"1024\" height=\"655\" data-id=\"84059\" src=\"https:\/\/luchonoticias.com\/wp-content\/uploads\/2025\/06\/Imagen-de-WhatsApp-2025-06-08-a-las-20.28.29_9f4bf8ae-1024x655.jpg\" alt=\"\" class=\"wp-image-84059\" srcset=\"https:\/\/luchonoticias.com\/editor\/wp-content\/uploads\/2025\/06\/Imagen-de-WhatsApp-2025-06-08-a-las-20.28.29_9f4bf8ae-1024x655.jpg 1024w, https:\/\/luchonoticias.com\/editor\/wp-content\/uploads\/2025\/06\/Imagen-de-WhatsApp-2025-06-08-a-las-20.28.29_9f4bf8ae-300x192.jpg 300w, https:\/\/luchonoticias.com\/editor\/wp-content\/uploads\/2025\/06\/Imagen-de-WhatsApp-2025-06-08-a-las-20.28.29_9f4bf8ae-768x491.jpg 768w, https:\/\/luchonoticias.com\/editor\/wp-content\/uploads\/2025\/06\/Imagen-de-WhatsApp-2025-06-08-a-las-20.28.29_9f4bf8ae.jpg 1154w\" sizes=\"auto, (max-width: 1024px) 100vw, 1024px\" \/><\/figure>\n<\/figure>\n\n\n\n<p>En la aplicaci\u00f3n del C\u00f3digo Nacional de Seguridad y Convivencia Ciudadana, se registraron 46 \u00f3rdenes de comparendos por comportamientos contrarios a la convivencia, principalmente relacionados con el porte de armas corto punzantes y tel\u00e9fono celular con reporte de p\u00e9rdida o hurto.<\/p>\n\n\n\n<p>El se\u00f1or Coronel Hector Jairo Betancourt Rojas, Comandante de la Polic\u00eda Metropolitana de Neiva, indica que de manera ininterrumpida, se continuaran realizando planes de control e intervenci\u00f3n en las diferentes comunas de la ciudad, con el fin de contrarrestar el delito y comportamientos contarios a la convivencia que afectan la seguridad y la tranquilidad ciudadana.<\/p>\n\n\n\n<p>Asimismo, hace la invitaci\u00f3n a la comunidad, a ser tolerantes y evitar situaciones que puedan desenlazar tragedias, agradece seguir denunciando cualquier situaci\u00f3n sospechosa en su sector, a trav\u00e9s de la l\u00ednea 123 o con la patrulla del cuadrante&nbsp;m\u00e1s&nbsp;cercano.<\/p>\n\n\n\n<p><\/p>\n","protected":false},"excerpt":{"rendered":"<p>Este fin de semana, las acciones enmarcadas dentro del \u201cTrinomio de la seguridad\u201d, en los municipios de Neiva, Aipe, Palermo y Rivera, permitieron la captura de: 17 personas y la aprehension de un menor de edad, por delitos como: Hurto, porte ilegal de armas de fuego, tr\u00e1fico, fabricaci\u00f3n o porte de estupefacientes, acto sexuales abusivos [&hellip;]<\/p>\n","protected":false},"author":2,"featured_media":84057,"comment_status":"closed","ping_status":"open","sticky":false,"template":"","format":"standard","meta":{"footnotes":""},"categories":[29],"tags":[],"class_list":["post-84056","post","type-post","status-publish","format-standard","has-post-thumbnail","hentry","category-judicial"],"yoast_head":"<!-- This site is optimized with the Yoast SEO plugin v26.6 - https:\/\/yoast.com\/wordpress\/plugins\/seo\/ -->\n<title>Un total de 17 detenidos el pasado fin de semana en Neiva -<\/title>\n<meta name=\"robots\" content=\"index, follow, max-snippet:-1, max-image-preview:large, max-video-preview:-1\" \/>\n<link rel=\"canonical\" href=\"https:\/\/luchonoticias.com\/editor\/un-total-de-17-detenidos-el-pasado-fin-de-semana-en-neiva\/\" \/>\n<meta property=\"og:locale\" content=\"es_ES\" \/>\n<meta property=\"og:type\" content=\"article\" \/>\n<meta property=\"og:title\" content=\"Un total de 17 detenidos el pasado fin de semana en Neiva -\" \/>\n<meta property=\"og:url\" content=\"https:\/\/luchonoticias.com\/editor\/un-total-de-17-detenidos-el-pasado-fin-de-semana-en-neiva\/\" \/>\n<meta property=\"article:publisher\" content=\"https:\/\/www.facebook.com\/luchonoticiasneiva\" \/>\n<meta property=\"article:published_time\" content=\"2025-06-09T09:16:36+00:00\" \/>\n<meta property=\"article:modified_time\" content=\"2025-06-09T09:16:37+00:00\" \/>\n<meta property=\"og:image\" content=\"https:\/\/luchonoticias.com\/editor\/wp-content\/uploads\/2025\/06\/POLICIA-METROPO09LITANA.jpg\" \/>\n\t<meta property=\"og:image:width\" content=\"700\" \/>\n\t<meta property=\"og:image:height\" content=\"400\" \/>\n\t<meta property=\"og:image:type\" content=\"image\/jpeg\" \/>\n<meta name=\"author\" content=\"Editor General\" \/>\n<meta name=\"twitter:card\" content=\"summary_large_image\" \/>\n<meta name=\"twitter:label1\" content=\"Escrito por\" \/>\n\t<meta name=\"twitter:data1\" content=\"Editor General\" \/>\n\t<meta name=\"twitter:label2\" content=\"Tiempo de lectura\" \/>\n\t<meta name=\"twitter:data2\" content=\"3 minutos\" \/>\n<script type=\"application\/ld+json\" class=\"yoast-schema-graph\">{\"@context\":\"https:\/\/schema.org\",\"@graph\":[{\"@type\":\"Article\",\"@id\":\"https:\/\/luchonoticias.com\/editor\/un-total-de-17-detenidos-el-pasado-fin-de-semana-en-neiva\/#article\",\"isPartOf\":{\"@id\":\"https:\/\/luchonoticias.com\/editor\/un-total-de-17-detenidos-el-pasado-fin-de-semana-en-neiva\/\"},\"author\":{\"name\":\"Editor General\",\"@id\":\"https:\/\/luchonoticias.com\/editor\/#\/schema\/person\/29217990ddf6f14e35912b2866d591fb\"},\"headline\":\"Un total de 17 detenidos el pasado fin de semana en Neiva\",\"datePublished\":\"2025-06-09T09:16:36+00:00\",\"dateModified\":\"2025-06-09T09:16:37+00:00\",\"mainEntityOfPage\":{\"@id\":\"https:\/\/luchonoticias.com\/editor\/un-total-de-17-detenidos-el-pasado-fin-de-semana-en-neiva\/\"},\"wordCount\":301,\"publisher\":{\"@id\":\"https:\/\/luchonoticias.com\/editor\/#\/schema\/person\/7a7fd911f58561fd056dbac7b55af9cd\"},\"image\":{\"@id\":\"https:\/\/luchonoticias.com\/editor\/un-total-de-17-detenidos-el-pasado-fin-de-semana-en-neiva\/#primaryimage\"},\"thumbnailUrl\":\"https:\/\/luchonoticias.com\/editor\/wp-content\/uploads\/2025\/06\/POLICIA-METROPO09LITANA.jpg\",\"articleSection\":[\"Judicial\"],\"inLanguage\":\"es\"},{\"@type\":\"WebPage\",\"@id\":\"https:\/\/luchonoticias.com\/editor\/un-total-de-17-detenidos-el-pasado-fin-de-semana-en-neiva\/\",\"url\":\"https:\/\/luchonoticias.com\/editor\/un-total-de-17-detenidos-el-pasado-fin-de-semana-en-neiva\/\",\"name\":\"Un total de 17 detenidos el pasado fin de semana en Neiva -\",\"isPartOf\":{\"@id\":\"https:\/\/luchonoticias.com\/editor\/#website\"},\"primaryImageOfPage\":{\"@id\":\"https:\/\/luchonoticias.com\/editor\/un-total-de-17-detenidos-el-pasado-fin-de-semana-en-neiva\/#primaryimage\"},\"image\":{\"@id\":\"https:\/\/luchonoticias.com\/editor\/un-total-de-17-detenidos-el-pasado-fin-de-semana-en-neiva\/#primaryimage\"},\"thumbnailUrl\":\"https:\/\/luchonoticias.com\/editor\/wp-content\/uploads\/2025\/06\/POLICIA-METROPO09LITANA.jpg\",\"datePublished\":\"2025-06-09T09:16:36+00:00\",\"dateModified\":\"2025-06-09T09:16:37+00:00\",\"breadcrumb\":{\"@id\":\"https:\/\/luchonoticias.com\/editor\/un-total-de-17-detenidos-el-pasado-fin-de-semana-en-neiva\/#breadcrumb\"},\"inLanguage\":\"es\",\"potentialAction\":[{\"@type\":\"ReadAction\",\"target\":[\"https:\/\/luchonoticias.com\/editor\/un-total-de-17-detenidos-el-pasado-fin-de-semana-en-neiva\/\"]}]},{\"@type\":\"ImageObject\",\"inLanguage\":\"es\",\"@id\":\"https:\/\/luchonoticias.com\/editor\/un-total-de-17-detenidos-el-pasado-fin-de-semana-en-neiva\/#primaryimage\",\"url\":\"https:\/\/luchonoticias.com\/editor\/wp-content\/uploads\/2025\/06\/POLICIA-METROPO09LITANA.jpg\",\"contentUrl\":\"https:\/\/luchonoticias.com\/editor\/wp-content\/uploads\/2025\/06\/POLICIA-METROPO09LITANA.jpg\",\"width\":700,\"height\":400},{\"@type\":\"BreadcrumbList\",\"@id\":\"https:\/\/luchonoticias.com\/editor\/un-total-de-17-detenidos-el-pasado-fin-de-semana-en-neiva\/#breadcrumb\",\"itemListElement\":[{\"@type\":\"ListItem\",\"position\":1,\"name\":\"Portada\",\"item\":\"https:\/\/luchonoticias.com\/editor\/\"},{\"@type\":\"ListItem\",\"position\":2,\"name\":\"Un total de 17 detenidos el pasado fin de semana en Neiva\"}]},{\"@type\":\"WebSite\",\"@id\":\"https:\/\/luchonoticias.com\/editor\/#website\",\"url\":\"https:\/\/luchonoticias.com\/editor\/\",\"name\":\"\",\"description\":\"\",\"publisher\":{\"@id\":\"https:\/\/luchonoticias.com\/editor\/#\/schema\/person\/7a7fd911f58561fd056dbac7b55af9cd\"},\"potentialAction\":[{\"@type\":\"SearchAction\",\"target\":{\"@type\":\"EntryPoint\",\"urlTemplate\":\"https:\/\/luchonoticias.com\/editor\/?s={search_term_string}\"},\"query-input\":{\"@type\":\"PropertyValueSpecification\",\"valueRequired\":true,\"valueName\":\"search_term_string\"}}],\"inLanguage\":\"es\"},{\"@type\":[\"Person\",\"Organization\"],\"@id\":\"https:\/\/luchonoticias.com\/editor\/#\/schema\/person\/7a7fd911f58561fd056dbac7b55af9cd\",\"name\":\"admin\",\"image\":{\"@type\":\"ImageObject\",\"inLanguage\":\"es\",\"@id\":\"https:\/\/luchonoticias.com\/editor\/#\/schema\/person\/image\/\",\"url\":\"https:\/\/luchonoticias.com\/editor\/wp-content\/uploads\/2024\/02\/cropped-cropped-logolu.webp\",\"contentUrl\":\"https:\/\/luchonoticias.com\/editor\/wp-content\/uploads\/2024\/02\/cropped-cropped-logolu.webp\",\"width\":382,\"height\":170,\"caption\":\"admin\"},\"logo\":{\"@id\":\"https:\/\/luchonoticias.com\/editor\/#\/schema\/person\/image\/\"},\"sameAs\":[\"https:\/\/www.facebook.com\/luchonoticiasneiva\"]},{\"@type\":\"Person\",\"@id\":\"https:\/\/luchonoticias.com\/editor\/#\/schema\/person\/29217990ddf6f14e35912b2866d591fb\",\"name\":\"Editor General\",\"image\":{\"@type\":\"ImageObject\",\"inLanguage\":\"es\",\"@id\":\"https:\/\/luchonoticias.com\/editor\/#\/schema\/person\/image\/\",\"url\":\"https:\/\/luchonoticias.com\/editor\/wp-content\/uploads\/2024\/02\/cropped-cropped-logolu-150x150.webp\",\"contentUrl\":\"https:\/\/luchonoticias.com\/editor\/wp-content\/uploads\/2024\/02\/cropped-cropped-logolu-150x150.webp\",\"caption\":\"Editor General\"},\"sameAs\":[\"https:\/\/luchonoticias.com\/\"],\"url\":\"https:\/\/luchonoticias.com\/editor\/author\/editor-general\/\"}]}<\/script>\n<!-- \/ Yoast SEO plugin. -->","yoast_head_json":{"title":"Un total de 17 detenidos el pasado fin de semana en Neiva -","robots":{"index":"index","follow":"follow","max-snippet":"max-snippet:-1","max-image-preview":"max-image-preview:large","max-video-preview":"max-video-preview:-1"},"canonical":"https:\/\/luchonoticias.com\/editor\/un-total-de-17-detenidos-el-pasado-fin-de-semana-en-neiva\/","og_locale":"es_ES","og_type":"article","og_title":"Un total de 17 detenidos el pasado fin de semana en Neiva -","og_url":"https:\/\/luchonoticias.com\/editor\/un-total-de-17-detenidos-el-pasado-fin-de-semana-en-neiva\/","article_publisher":"https:\/\/www.facebook.com\/luchonoticiasneiva","article_published_time":"2025-06-09T09:16:36+00:00","article_modified_time":"2025-06-09T09:16:37+00:00","og_image":[{"width":700,"height":400,"url":"https:\/\/luchonoticias.com\/editor\/wp-content\/uploads\/2025\/06\/POLICIA-METROPO09LITANA.jpg","type":"image\/jpeg"}],"author":"Editor General","twitter_card":"summary_large_image","twitter_misc":{"Escrito por":"Editor General","Tiempo de lectura":"3 minutos"},"schema":{"@context":"https:\/\/schema.org","@graph":[{"@type":"Article","@id":"https:\/\/luchonoticias.com\/editor\/un-total-de-17-detenidos-el-pasado-fin-de-semana-en-neiva\/#article","isPartOf":{"@id":"https:\/\/luchonoticias.com\/editor\/un-total-de-17-detenidos-el-pasado-fin-de-semana-en-neiva\/"},"author":{"name":"Editor General","@id":"https:\/\/luchonoticias.com\/editor\/#\/schema\/person\/29217990ddf6f14e35912b2866d591fb"},"headline":"Un total de 17 detenidos el pasado fin de semana en Neiva","datePublished":"2025-06-09T09:16:36+00:00","dateModified":"2025-06-09T09:16:37+00:00","mainEntityOfPage":{"@id":"https:\/\/luchonoticias.com\/editor\/un-total-de-17-detenidos-el-pasado-fin-de-semana-en-neiva\/"},"wordCount":301,"publisher":{"@id":"https:\/\/luchonoticias.com\/editor\/#\/schema\/person\/7a7fd911f58561fd056dbac7b55af9cd"},"image":{"@id":"https:\/\/luchonoticias.com\/editor\/un-total-de-17-detenidos-el-pasado-fin-de-semana-en-neiva\/#primaryimage"},"thumbnailUrl":"https:\/\/luchonoticias.com\/editor\/wp-content\/uploads\/2025\/06\/POLICIA-METROPO09LITANA.jpg","articleSection":["Judicial"],"inLanguage":"es"},{"@type":"WebPage","@id":"https:\/\/luchonoticias.com\/editor\/un-total-de-17-detenidos-el-pasado-fin-de-semana-en-neiva\/","url":"https:\/\/luchonoticias.com\/editor\/un-total-de-17-detenidos-el-pasado-fin-de-semana-en-neiva\/","name":"Un total de 17 detenidos el pasado fin de semana en Neiva -","isPartOf":{"@id":"https:\/\/luchonoticias.com\/editor\/#website"},"primaryImageOfPage":{"@id":"https:\/\/luchonoticias.com\/editor\/un-total-de-17-detenidos-el-pasado-fin-de-semana-en-neiva\/#primaryimage"},"image":{"@id":"https:\/\/luchonoticias.com\/editor\/un-total-de-17-detenidos-el-pasado-fin-de-semana-en-neiva\/#primaryimage"},"thumbnailUrl":"https:\/\/luchonoticias.com\/editor\/wp-content\/uploads\/2025\/06\/POLICIA-METROPO09LITANA.jpg","datePublished":"2025-06-09T09:16:36+00:00","dateModified":"2025-06-09T09:16:37+00:00","breadcrumb":{"@id":"https:\/\/luchonoticias.com\/editor\/un-total-de-17-detenidos-el-pasado-fin-de-semana-en-neiva\/#breadcrumb"},"inLanguage":"es","potentialAction":[{"@type":"ReadAction","target":["https:\/\/luchonoticias.com\/editor\/un-total-de-17-detenidos-el-pasado-fin-de-semana-en-neiva\/"]}]},{"@type":"ImageObject","inLanguage":"es","@id":"https:\/\/luchonoticias.com\/editor\/un-total-de-17-detenidos-el-pasado-fin-de-semana-en-neiva\/#primaryimage","url":"https:\/\/luchonoticias.com\/editor\/wp-content\/uploads\/2025\/06\/POLICIA-METROPO09LITANA.jpg","contentUrl":"https:\/\/luchonoticias.com\/editor\/wp-content\/uploads\/2025\/06\/POLICIA-METROPO09LITANA.jpg","width":700,"height":400},{"@type":"BreadcrumbList","@id":"https:\/\/luchonoticias.com\/editor\/un-total-de-17-detenidos-el-pasado-fin-de-semana-en-neiva\/#breadcrumb","itemListElement":[{"@type":"ListItem","position":1,"name":"Portada","item":"https:\/\/luchonoticias.com\/editor\/"},{"@type":"ListItem","position":2,"name":"Un total de 17 detenidos el pasado fin de semana en Neiva"}]},{"@type":"WebSite","@id":"https:\/\/luchonoticias.com\/editor\/#website","url":"https:\/\/luchonoticias.com\/editor\/","name":"","description":"","publisher":{"@id":"https:\/\/luchonoticias.com\/editor\/#\/schema\/person\/7a7fd911f58561fd056dbac7b55af9cd"},"potentialAction":[{"@type":"SearchAction","target":{"@type":"EntryPoint","urlTemplate":"https:\/\/luchonoticias.com\/editor\/?s={search_term_string}"},"query-input":{"@type":"PropertyValueSpecification","valueRequired":true,"valueName":"search_term_string"}}],"inLanguage":"es"},{"@type":["Person","Organization"],"@id":"https:\/\/luchonoticias.com\/editor\/#\/schema\/person\/7a7fd911f58561fd056dbac7b55af9cd","name":"admin","image":{"@type":"ImageObject","inLanguage":"es","@id":"https:\/\/luchonoticias.com\/editor\/#\/schema\/person\/image\/","url":"https:\/\/luchonoticias.com\/editor\/wp-content\/uploads\/2024\/02\/cropped-cropped-logolu.webp","contentUrl":"https:\/\/luchonoticias.com\/editor\/wp-content\/uploads\/2024\/02\/cropped-cropped-logolu.webp","width":382,"height":170,"caption":"admin"},"logo":{"@id":"https:\/\/luchonoticias.com\/editor\/#\/schema\/person\/image\/"},"sameAs":["https:\/\/www.facebook.com\/luchonoticiasneiva"]},{"@type":"Person","@id":"https:\/\/luchonoticias.com\/editor\/#\/schema\/person\/29217990ddf6f14e35912b2866d591fb","name":"Editor General","image":{"@type":"ImageObject","inLanguage":"es","@id":"https:\/\/luchonoticias.com\/editor\/#\/schema\/person\/image\/","url":"https:\/\/luchonoticias.com\/editor\/wp-content\/uploads\/2024\/02\/cropped-cropped-logolu-150x150.webp","contentUrl":"https:\/\/luchonoticias.com\/editor\/wp-content\/uploads\/2024\/02\/cropped-cropped-logolu-150x150.webp","caption":"Editor General"},"sameAs":["https:\/\/luchonoticias.com\/"],"url":"https:\/\/luchonoticias.com\/editor\/author\/editor-general\/"}]}},"_links":{"self":[{"href":"https:\/\/luchonoticias.com\/editor\/wp-json\/wp\/v2\/posts\/84056","targetHints":{"allow":["GET"]}}],"collection":[{"href":"https:\/\/luchonoticias.com\/editor\/wp-json\/wp\/v2\/posts"}],"about":[{"href":"https:\/\/luchonoticias.com\/editor\/wp-json\/wp\/v2\/types\/post"}],"author":[{"embeddable":true,"href":"https:\/\/luchonoticias.com\/editor\/wp-json\/wp\/v2\/users\/2"}],"replies":[{"embeddable":true,"href":"https:\/\/luchonoticias.com\/editor\/wp-json\/wp\/v2\/comments?post=84056"}],"version-history":[{"count":1,"href":"https:\/\/luchonoticias.com\/editor\/wp-json\/wp\/v2\/posts\/84056\/revisions"}],"predecessor-version":[{"id":84060,"href":"https:\/\/luchonoticias.com\/editor\/wp-json\/wp\/v2\/posts\/84056\/revisions\/84060"}],"wp:featuredmedia":[{"embeddable":true,"href":"https:\/\/luchonoticias.com\/editor\/wp-json\/wp\/v2\/media\/84057"}],"wp:attachment":[{"href":"https:\/\/luchonoticias.com\/editor\/wp-json\/wp\/v2\/media?parent=84056"}],"wp:term":[{"taxonomy":"category","embeddable":true,"href":"https:\/\/luchonoticias.com\/editor\/wp-json\/wp\/v2\/categories?post=84056"},{"taxonomy":"post_tag","embeddable":true,"href":"https:\/\/luchonoticias.com\/editor\/wp-json\/wp\/v2\/tags?post=84056"}],"curies":[{"name":"wp","href":"https:\/\/api.w.org\/{rel}","templated":true}]}}