{"id":84061,"date":"2025-06-09T04:23:15","date_gmt":"2025-06-09T09:23:15","guid":{"rendered":"https:\/\/luchonoticias.com\/?p=84061"},"modified":"2025-06-09T04:23:16","modified_gmt":"2025-06-09T09:23:16","slug":"calle-del-festival-con-cuatro-conciertos-gratuitos","status":"publish","type":"post","link":"https:\/\/luchonoticias.com\/editor\/calle-del-festival-con-cuatro-conciertos-gratuitos\/","title":{"rendered":"Calle del festival, con cuatro conciertos gratuitos"},"content":{"rendered":"\n<figure class=\"wp-block-image size-full\"><img loading=\"lazy\" decoding=\"async\" width=\"700\" height=\"400\" src=\"https:\/\/luchonoticias.com\/wp-content\/uploads\/2025\/06\/calle-del-festval.jpg\" alt=\"\" class=\"wp-image-84062\" srcset=\"https:\/\/luchonoticias.com\/editor\/wp-content\/uploads\/2025\/06\/calle-del-festval.jpg 700w, https:\/\/luchonoticias.com\/editor\/wp-content\/uploads\/2025\/06\/calle-del-festval-300x171.jpg 300w\" sizes=\"auto, (max-width: 700px) 100vw, 700px\" \/><\/figure>\n\n\n\n<p>La Gobernaci\u00f3n del Huila anunci\u00f3 que del 26 al 29 de junio se realizar\u00e1 La Calle del Festival, uno de los eventos m\u00e1s esperados del Festival del Bambuco en su edici\u00f3n n\u00famero 64. El parqueadero del centro comercial Unicentro ser\u00e1 el escenario de esta fiesta musical, que contar\u00e1 con la participaci\u00f3n de m\u00e1s de 20 agrupaciones nacionales e internacionales.<\/p>\n\n\n\n<p>El evento abrir\u00e1 el jueves 26 de junio con el Festival de Orquestas, una noche dedicada al talento huilense con presentaciones de reconocidas agrupaciones locales como Bambol\u00e9 Orquesta, M de la Buena y La Evoluxion, entre otras. Ser\u00e1 una jornada de homenaje al ritmo y sabor de la regi\u00f3n.<\/p>\n\n\n\n<p>Durante el fin de semana, se presentar\u00e1n artistas de gran trayectoria como Jhon Alex Casta\u00f1o, Pipe Bueno, Diego Daza, Jessi Uribe y Bonny Cepeda. Tambi\u00e9n estar\u00e1n en tarima agrupaciones como Grupo Bach\u00e9, Grupo Origen y Neiva All Stars, acompa\u00f1ados por talentos huilenses como Andr\u00e9s Cort\u00e9s.<\/p>\n\n\n\n<p>La Calle del Festival forma parte de las festividades de San Juan y San Pedro y es una invitaci\u00f3n abierta a propios y turistas para disfrutar de una de las celebraciones folcl\u00f3ricas m\u00e1s importantes del pa\u00eds. El Festival del Bambuco, con m\u00e1s de seis d\u00e9cadas de historia, sigue consolid\u00e1ndose como un emblema cultural del Huila y Colombia.<\/p>\n\n\n\n<p><\/p>\n","protected":false},"excerpt":{"rendered":"<p>La Gobernaci\u00f3n del Huila anunci\u00f3 que del 26 al 29 de junio se realizar\u00e1 La Calle del Festival, uno de los eventos m\u00e1s esperados del Festival del Bambuco en su edici\u00f3n n\u00famero 64. El parqueadero del centro comercial Unicentro ser\u00e1 el escenario de esta fiesta musical, que contar\u00e1 con la participaci\u00f3n de m\u00e1s de 20 [&hellip;]<\/p>\n","protected":false},"author":2,"featured_media":84062,"comment_status":"closed","ping_status":"open","sticky":false,"template":"","format":"standard","meta":{"footnotes":""},"categories":[33],"tags":[],"class_list":["post-84061","post","type-post","status-publish","format-standard","has-post-thumbnail","hentry","category-huila"],"yoast_head":"<!-- This site is optimized with the Yoast SEO plugin v26.6 - https:\/\/yoast.com\/wordpress\/plugins\/seo\/ -->\n<title>Calle del festival, con cuatro conciertos gratuitos -<\/title>\n<meta name=\"robots\" content=\"index, follow, max-snippet:-1, max-image-preview:large, max-video-preview:-1\" \/>\n<link rel=\"canonical\" href=\"https:\/\/luchonoticias.com\/editor\/calle-del-festival-con-cuatro-conciertos-gratuitos\/\" \/>\n<meta property=\"og:locale\" content=\"es_ES\" \/>\n<meta property=\"og:type\" content=\"article\" \/>\n<meta property=\"og:title\" content=\"Calle del festival, con cuatro conciertos gratuitos -\" \/>\n<meta property=\"og:url\" content=\"https:\/\/luchonoticias.com\/editor\/calle-del-festival-con-cuatro-conciertos-gratuitos\/\" \/>\n<meta property=\"article:publisher\" content=\"https:\/\/www.facebook.com\/luchonoticiasneiva\" \/>\n<meta property=\"article:published_time\" content=\"2025-06-09T09:23:15+00:00\" \/>\n<meta property=\"article:modified_time\" content=\"2025-06-09T09:23:16+00:00\" \/>\n<meta property=\"og:image\" content=\"https:\/\/luchonoticias.com\/editor\/wp-content\/uploads\/2025\/06\/calle-del-festval.jpg\" \/>\n\t<meta property=\"og:image:width\" content=\"700\" \/>\n\t<meta property=\"og:image:height\" content=\"400\" \/>\n\t<meta property=\"og:image:type\" content=\"image\/jpeg\" \/>\n<meta name=\"author\" content=\"Editor General\" \/>\n<meta name=\"twitter:card\" content=\"summary_large_image\" \/>\n<meta name=\"twitter:label1\" content=\"Escrito por\" \/>\n\t<meta name=\"twitter:data1\" content=\"Editor General\" \/>\n\t<meta name=\"twitter:label2\" content=\"Tiempo de lectura\" \/>\n\t<meta name=\"twitter:data2\" content=\"2 minutos\" \/>\n<script type=\"application\/ld+json\" class=\"yoast-schema-graph\">{\"@context\":\"https:\/\/schema.org\",\"@graph\":[{\"@type\":\"Article\",\"@id\":\"https:\/\/luchonoticias.com\/editor\/calle-del-festival-con-cuatro-conciertos-gratuitos\/#article\",\"isPartOf\":{\"@id\":\"https:\/\/luchonoticias.com\/editor\/calle-del-festival-con-cuatro-conciertos-gratuitos\/\"},\"author\":{\"name\":\"Editor General\",\"@id\":\"https:\/\/luchonoticias.com\/editor\/#\/schema\/person\/29217990ddf6f14e35912b2866d591fb\"},\"headline\":\"Calle del festival, con cuatro conciertos gratuitos\",\"datePublished\":\"2025-06-09T09:23:15+00:00\",\"dateModified\":\"2025-06-09T09:23:16+00:00\",\"mainEntityOfPage\":{\"@id\":\"https:\/\/luchonoticias.com\/editor\/calle-del-festival-con-cuatro-conciertos-gratuitos\/\"},\"wordCount\":233,\"publisher\":{\"@id\":\"https:\/\/luchonoticias.com\/editor\/#\/schema\/person\/7a7fd911f58561fd056dbac7b55af9cd\"},\"image\":{\"@id\":\"https:\/\/luchonoticias.com\/editor\/calle-del-festival-con-cuatro-conciertos-gratuitos\/#primaryimage\"},\"thumbnailUrl\":\"https:\/\/luchonoticias.com\/editor\/wp-content\/uploads\/2025\/06\/calle-del-festval.jpg\",\"articleSection\":[\"Huila\"],\"inLanguage\":\"es\"},{\"@type\":\"WebPage\",\"@id\":\"https:\/\/luchonoticias.com\/editor\/calle-del-festival-con-cuatro-conciertos-gratuitos\/\",\"url\":\"https:\/\/luchonoticias.com\/editor\/calle-del-festival-con-cuatro-conciertos-gratuitos\/\",\"name\":\"Calle del festival, con cuatro conciertos gratuitos -\",\"isPartOf\":{\"@id\":\"https:\/\/luchonoticias.com\/editor\/#website\"},\"primaryImageOfPage\":{\"@id\":\"https:\/\/luchonoticias.com\/editor\/calle-del-festival-con-cuatro-conciertos-gratuitos\/#primaryimage\"},\"image\":{\"@id\":\"https:\/\/luchonoticias.com\/editor\/calle-del-festival-con-cuatro-conciertos-gratuitos\/#primaryimage\"},\"thumbnailUrl\":\"https:\/\/luchonoticias.com\/editor\/wp-content\/uploads\/2025\/06\/calle-del-festval.jpg\",\"datePublished\":\"2025-06-09T09:23:15+00:00\",\"dateModified\":\"2025-06-09T09:23:16+00:00\",\"breadcrumb\":{\"@id\":\"https:\/\/luchonoticias.com\/editor\/calle-del-festival-con-cuatro-conciertos-gratuitos\/#breadcrumb\"},\"inLanguage\":\"es\",\"potentialAction\":[{\"@type\":\"ReadAction\",\"target\":[\"https:\/\/luchonoticias.com\/editor\/calle-del-festival-con-cuatro-conciertos-gratuitos\/\"]}]},{\"@type\":\"ImageObject\",\"inLanguage\":\"es\",\"@id\":\"https:\/\/luchonoticias.com\/editor\/calle-del-festival-con-cuatro-conciertos-gratuitos\/#primaryimage\",\"url\":\"https:\/\/luchonoticias.com\/editor\/wp-content\/uploads\/2025\/06\/calle-del-festval.jpg\",\"contentUrl\":\"https:\/\/luchonoticias.com\/editor\/wp-content\/uploads\/2025\/06\/calle-del-festval.jpg\",\"width\":700,\"height\":400},{\"@type\":\"BreadcrumbList\",\"@id\":\"https:\/\/luchonoticias.com\/editor\/calle-del-festival-con-cuatro-conciertos-gratuitos\/#breadcrumb\",\"itemListElement\":[{\"@type\":\"ListItem\",\"position\":1,\"name\":\"Portada\",\"item\":\"https:\/\/luchonoticias.com\/editor\/\"},{\"@type\":\"ListItem\",\"position\":2,\"name\":\"Calle del festival, con cuatro conciertos gratuitos\"}]},{\"@type\":\"WebSite\",\"@id\":\"https:\/\/luchonoticias.com\/editor\/#website\",\"url\":\"https:\/\/luchonoticias.com\/editor\/\",\"name\":\"\",\"description\":\"\",\"publisher\":{\"@id\":\"https:\/\/luchonoticias.com\/editor\/#\/schema\/person\/7a7fd911f58561fd056dbac7b55af9cd\"},\"potentialAction\":[{\"@type\":\"SearchAction\",\"target\":{\"@type\":\"EntryPoint\",\"urlTemplate\":\"https:\/\/luchonoticias.com\/editor\/?s={search_term_string}\"},\"query-input\":{\"@type\":\"PropertyValueSpecification\",\"valueRequired\":true,\"valueName\":\"search_term_string\"}}],\"inLanguage\":\"es\"},{\"@type\":[\"Person\",\"Organization\"],\"@id\":\"https:\/\/luchonoticias.com\/editor\/#\/schema\/person\/7a7fd911f58561fd056dbac7b55af9cd\",\"name\":\"admin\",\"image\":{\"@type\":\"ImageObject\",\"inLanguage\":\"es\",\"@id\":\"https:\/\/luchonoticias.com\/editor\/#\/schema\/person\/image\/\",\"url\":\"https:\/\/luchonoticias.com\/editor\/wp-content\/uploads\/2024\/02\/cropped-cropped-logolu.webp\",\"contentUrl\":\"https:\/\/luchonoticias.com\/editor\/wp-content\/uploads\/2024\/02\/cropped-cropped-logolu.webp\",\"width\":382,\"height\":170,\"caption\":\"admin\"},\"logo\":{\"@id\":\"https:\/\/luchonoticias.com\/editor\/#\/schema\/person\/image\/\"},\"sameAs\":[\"https:\/\/www.facebook.com\/luchonoticiasneiva\"]},{\"@type\":\"Person\",\"@id\":\"https:\/\/luchonoticias.com\/editor\/#\/schema\/person\/29217990ddf6f14e35912b2866d591fb\",\"name\":\"Editor General\",\"image\":{\"@type\":\"ImageObject\",\"inLanguage\":\"es\",\"@id\":\"https:\/\/luchonoticias.com\/editor\/#\/schema\/person\/image\/\",\"url\":\"https:\/\/luchonoticias.com\/editor\/wp-content\/uploads\/2024\/02\/cropped-cropped-logolu-150x150.webp\",\"contentUrl\":\"https:\/\/luchonoticias.com\/editor\/wp-content\/uploads\/2024\/02\/cropped-cropped-logolu-150x150.webp\",\"caption\":\"Editor General\"},\"sameAs\":[\"https:\/\/luchonoticias.com\/\"],\"url\":\"https:\/\/luchonoticias.com\/editor\/author\/editor-general\/\"}]}<\/script>\n<!-- \/ Yoast SEO plugin. -->","yoast_head_json":{"title":"Calle del festival, con cuatro conciertos gratuitos -","robots":{"index":"index","follow":"follow","max-snippet":"max-snippet:-1","max-image-preview":"max-image-preview:large","max-video-preview":"max-video-preview:-1"},"canonical":"https:\/\/luchonoticias.com\/editor\/calle-del-festival-con-cuatro-conciertos-gratuitos\/","og_locale":"es_ES","og_type":"article","og_title":"Calle del festival, con cuatro conciertos gratuitos -","og_url":"https:\/\/luchonoticias.com\/editor\/calle-del-festival-con-cuatro-conciertos-gratuitos\/","article_publisher":"https:\/\/www.facebook.com\/luchonoticiasneiva","article_published_time":"2025-06-09T09:23:15+00:00","article_modified_time":"2025-06-09T09:23:16+00:00","og_image":[{"width":700,"height":400,"url":"https:\/\/luchonoticias.com\/editor\/wp-content\/uploads\/2025\/06\/calle-del-festval.jpg","type":"image\/jpeg"}],"author":"Editor General","twitter_card":"summary_large_image","twitter_misc":{"Escrito por":"Editor General","Tiempo de lectura":"2 minutos"},"schema":{"@context":"https:\/\/schema.org","@graph":[{"@type":"Article","@id":"https:\/\/luchonoticias.com\/editor\/calle-del-festival-con-cuatro-conciertos-gratuitos\/#article","isPartOf":{"@id":"https:\/\/luchonoticias.com\/editor\/calle-del-festival-con-cuatro-conciertos-gratuitos\/"},"author":{"name":"Editor General","@id":"https:\/\/luchonoticias.com\/editor\/#\/schema\/person\/29217990ddf6f14e35912b2866d591fb"},"headline":"Calle del festival, con cuatro conciertos gratuitos","datePublished":"2025-06-09T09:23:15+00:00","dateModified":"2025-06-09T09:23:16+00:00","mainEntityOfPage":{"@id":"https:\/\/luchonoticias.com\/editor\/calle-del-festival-con-cuatro-conciertos-gratuitos\/"},"wordCount":233,"publisher":{"@id":"https:\/\/luchonoticias.com\/editor\/#\/schema\/person\/7a7fd911f58561fd056dbac7b55af9cd"},"image":{"@id":"https:\/\/luchonoticias.com\/editor\/calle-del-festival-con-cuatro-conciertos-gratuitos\/#primaryimage"},"thumbnailUrl":"https:\/\/luchonoticias.com\/editor\/wp-content\/uploads\/2025\/06\/calle-del-festval.jpg","articleSection":["Huila"],"inLanguage":"es"},{"@type":"WebPage","@id":"https:\/\/luchonoticias.com\/editor\/calle-del-festival-con-cuatro-conciertos-gratuitos\/","url":"https:\/\/luchonoticias.com\/editor\/calle-del-festival-con-cuatro-conciertos-gratuitos\/","name":"Calle del festival, con cuatro conciertos gratuitos -","isPartOf":{"@id":"https:\/\/luchonoticias.com\/editor\/#website"},"primaryImageOfPage":{"@id":"https:\/\/luchonoticias.com\/editor\/calle-del-festival-con-cuatro-conciertos-gratuitos\/#primaryimage"},"image":{"@id":"https:\/\/luchonoticias.com\/editor\/calle-del-festival-con-cuatro-conciertos-gratuitos\/#primaryimage"},"thumbnailUrl":"https:\/\/luchonoticias.com\/editor\/wp-content\/uploads\/2025\/06\/calle-del-festval.jpg","datePublished":"2025-06-09T09:23:15+00:00","dateModified":"2025-06-09T09:23:16+00:00","breadcrumb":{"@id":"https:\/\/luchonoticias.com\/editor\/calle-del-festival-con-cuatro-conciertos-gratuitos\/#breadcrumb"},"inLanguage":"es","potentialAction":[{"@type":"ReadAction","target":["https:\/\/luchonoticias.com\/editor\/calle-del-festival-con-cuatro-conciertos-gratuitos\/"]}]},{"@type":"ImageObject","inLanguage":"es","@id":"https:\/\/luchonoticias.com\/editor\/calle-del-festival-con-cuatro-conciertos-gratuitos\/#primaryimage","url":"https:\/\/luchonoticias.com\/editor\/wp-content\/uploads\/2025\/06\/calle-del-festval.jpg","contentUrl":"https:\/\/luchonoticias.com\/editor\/wp-content\/uploads\/2025\/06\/calle-del-festval.jpg","width":700,"height":400},{"@type":"BreadcrumbList","@id":"https:\/\/luchonoticias.com\/editor\/calle-del-festival-con-cuatro-conciertos-gratuitos\/#breadcrumb","itemListElement":[{"@type":"ListItem","position":1,"name":"Portada","item":"https:\/\/luchonoticias.com\/editor\/"},{"@type":"ListItem","position":2,"name":"Calle del festival, con cuatro conciertos gratuitos"}]},{"@type":"WebSite","@id":"https:\/\/luchonoticias.com\/editor\/#website","url":"https:\/\/luchonoticias.com\/editor\/","name":"","description":"","publisher":{"@id":"https:\/\/luchonoticias.com\/editor\/#\/schema\/person\/7a7fd911f58561fd056dbac7b55af9cd"},"potentialAction":[{"@type":"SearchAction","target":{"@type":"EntryPoint","urlTemplate":"https:\/\/luchonoticias.com\/editor\/?s={search_term_string}"},"query-input":{"@type":"PropertyValueSpecification","valueRequired":true,"valueName":"search_term_string"}}],"inLanguage":"es"},{"@type":["Person","Organization"],"@id":"https:\/\/luchonoticias.com\/editor\/#\/schema\/person\/7a7fd911f58561fd056dbac7b55af9cd","name":"admin","image":{"@type":"ImageObject","inLanguage":"es","@id":"https:\/\/luchonoticias.com\/editor\/#\/schema\/person\/image\/","url":"https:\/\/luchonoticias.com\/editor\/wp-content\/uploads\/2024\/02\/cropped-cropped-logolu.webp","contentUrl":"https:\/\/luchonoticias.com\/editor\/wp-content\/uploads\/2024\/02\/cropped-cropped-logolu.webp","width":382,"height":170,"caption":"admin"},"logo":{"@id":"https:\/\/luchonoticias.com\/editor\/#\/schema\/person\/image\/"},"sameAs":["https:\/\/www.facebook.com\/luchonoticiasneiva"]},{"@type":"Person","@id":"https:\/\/luchonoticias.com\/editor\/#\/schema\/person\/29217990ddf6f14e35912b2866d591fb","name":"Editor General","image":{"@type":"ImageObject","inLanguage":"es","@id":"https:\/\/luchonoticias.com\/editor\/#\/schema\/person\/image\/","url":"https:\/\/luchonoticias.com\/editor\/wp-content\/uploads\/2024\/02\/cropped-cropped-logolu-150x150.webp","contentUrl":"https:\/\/luchonoticias.com\/editor\/wp-content\/uploads\/2024\/02\/cropped-cropped-logolu-150x150.webp","caption":"Editor General"},"sameAs":["https:\/\/luchonoticias.com\/"],"url":"https:\/\/luchonoticias.com\/editor\/author\/editor-general\/"}]}},"_links":{"self":[{"href":"https:\/\/luchonoticias.com\/editor\/wp-json\/wp\/v2\/posts\/84061","targetHints":{"allow":["GET"]}}],"collection":[{"href":"https:\/\/luchonoticias.com\/editor\/wp-json\/wp\/v2\/posts"}],"about":[{"href":"https:\/\/luchonoticias.com\/editor\/wp-json\/wp\/v2\/types\/post"}],"author":[{"embeddable":true,"href":"https:\/\/luchonoticias.com\/editor\/wp-json\/wp\/v2\/users\/2"}],"replies":[{"embeddable":true,"href":"https:\/\/luchonoticias.com\/editor\/wp-json\/wp\/v2\/comments?post=84061"}],"version-history":[{"count":1,"href":"https:\/\/luchonoticias.com\/editor\/wp-json\/wp\/v2\/posts\/84061\/revisions"}],"predecessor-version":[{"id":84063,"href":"https:\/\/luchonoticias.com\/editor\/wp-json\/wp\/v2\/posts\/84061\/revisions\/84063"}],"wp:featuredmedia":[{"embeddable":true,"href":"https:\/\/luchonoticias.com\/editor\/wp-json\/wp\/v2\/media\/84062"}],"wp:attachment":[{"href":"https:\/\/luchonoticias.com\/editor\/wp-json\/wp\/v2\/media?parent=84061"}],"wp:term":[{"taxonomy":"category","embeddable":true,"href":"https:\/\/luchonoticias.com\/editor\/wp-json\/wp\/v2\/categories?post=84061"},{"taxonomy":"post_tag","embeddable":true,"href":"https:\/\/luchonoticias.com\/editor\/wp-json\/wp\/v2\/tags?post=84061"}],"curies":[{"name":"wp","href":"https:\/\/api.w.org\/{rel}","templated":true}]}}