{"id":84291,"date":"2025-06-13T17:18:21","date_gmt":"2025-06-13T22:18:21","guid":{"rendered":"https:\/\/luchonoticias.com\/?p=84291"},"modified":"2025-06-13T17:18:23","modified_gmt":"2025-06-13T22:18:23","slug":"cumplido-el-i-festival-foninez-2025","status":"publish","type":"post","link":"https:\/\/luchonoticias.com\/editor\/cumplido-el-i-festival-foninez-2025\/","title":{"rendered":"Cumplido el I Festival Foni\u00f1ez 2025"},"content":{"rendered":"\n<figure class=\"wp-block-image size-full\"><img loading=\"lazy\" decoding=\"async\" width=\"700\" height=\"400\" src=\"https:\/\/luchonoticias.com\/wp-content\/uploads\/2025\/06\/comfamiliar-huila-festival.jpg\" alt=\"\" class=\"wp-image-84293\" srcset=\"https:\/\/luchonoticias.com\/editor\/wp-content\/uploads\/2025\/06\/comfamiliar-huila-festival.jpg 700w, https:\/\/luchonoticias.com\/editor\/wp-content\/uploads\/2025\/06\/comfamiliar-huila-festival-300x171.jpg 300w\" sizes=\"auto, (max-width: 700px) 100vw, 700px\" \/><\/figure>\n\n\n\n<p>Con el objetivo de ofrecer espacios de aprendizaje, recreaci\u00f3n y convivencia, Comfamiliar Huila realiz\u00f3 el I Festival FONI\u00d1EZ 2025 en el centro recreacional Playa Juncal, beneficiando a m\u00e1s de 800 ni\u00f1os, ni\u00f1as y adolescentes de instituciones educativas de Neiva y Palermo, quienes forman parte del programa Jornada Escolar Complementaria.<\/p>\n\n\n\n<p>Este programa, desarrollado desde 2024 en alianza con la Gobernaci\u00f3n del Huila y la Alcald\u00eda de Neiva, brinda a los estudiantes actividades extracurriculares en deporte, m\u00fasica, arte, emprendimiento, refuerzo acad\u00e9mico y preparaci\u00f3n PreICFES, buscando fortalecer sus habilidades, talentos y valores.<\/p>\n\n\n\n<p>Durante el festival se llevaron a cabo actividades pedag\u00f3gicas, l\u00fadicas y recreativas, incluyendo refrigerios, presentaciones culturales, entrega de certificados, muestras de emprendimientos estudiantiles y competencias deportivas en futsala, baloncesto y voleibol. Tambi\u00e9n participaron autoridades locales y directivos de Comfamiliar Huila.<\/p>\n\n\n\n<figure class=\"wp-block-gallery has-nested-images columns-default is-cropped wp-block-gallery-1 is-layout-flex wp-block-gallery-is-layout-flex\">\n<figure class=\"wp-block-image size-large\"><img loading=\"lazy\" decoding=\"async\" width=\"1024\" height=\"683\" data-id=\"84295\" src=\"https:\/\/luchonoticias.com\/wp-content\/uploads\/2025\/06\/Imagen-de-WhatsApp-2025-06-13-a-las-14.23.04_0e1004be-1024x683.jpg\" alt=\"\" class=\"wp-image-84295\" srcset=\"https:\/\/luchonoticias.com\/editor\/wp-content\/uploads\/2025\/06\/Imagen-de-WhatsApp-2025-06-13-a-las-14.23.04_0e1004be-1024x683.jpg 1024w, https:\/\/luchonoticias.com\/editor\/wp-content\/uploads\/2025\/06\/Imagen-de-WhatsApp-2025-06-13-a-las-14.23.04_0e1004be-300x200.jpg 300w, https:\/\/luchonoticias.com\/editor\/wp-content\/uploads\/2025\/06\/Imagen-de-WhatsApp-2025-06-13-a-las-14.23.04_0e1004be-768x512.jpg 768w, https:\/\/luchonoticias.com\/editor\/wp-content\/uploads\/2025\/06\/Imagen-de-WhatsApp-2025-06-13-a-las-14.23.04_0e1004be-150x100.jpg 150w, https:\/\/luchonoticias.com\/editor\/wp-content\/uploads\/2025\/06\/Imagen-de-WhatsApp-2025-06-13-a-las-14.23.04_0e1004be-330x220.jpg 330w, https:\/\/luchonoticias.com\/editor\/wp-content\/uploads\/2025\/06\/Imagen-de-WhatsApp-2025-06-13-a-las-14.23.04_0e1004be-420x280.jpg 420w, https:\/\/luchonoticias.com\/editor\/wp-content\/uploads\/2025\/06\/Imagen-de-WhatsApp-2025-06-13-a-las-14.23.04_0e1004be-510x340.jpg 510w, https:\/\/luchonoticias.com\/editor\/wp-content\/uploads\/2025\/06\/Imagen-de-WhatsApp-2025-06-13-a-las-14.23.04_0e1004be.jpg 1280w\" sizes=\"auto, (max-width: 1024px) 100vw, 1024px\" \/><\/figure>\n\n\n\n<figure class=\"wp-block-image size-large\"><img loading=\"lazy\" decoding=\"async\" width=\"1024\" height=\"682\" data-id=\"84294\" src=\"https:\/\/luchonoticias.com\/wp-content\/uploads\/2025\/06\/Imagen-de-WhatsApp-2025-06-13-a-las-14.23.03_c374e242-1024x682.jpg\" alt=\"\" class=\"wp-image-84294\" srcset=\"https:\/\/luchonoticias.com\/editor\/wp-content\/uploads\/2025\/06\/Imagen-de-WhatsApp-2025-06-13-a-las-14.23.03_c374e242-1024x682.jpg 1024w, https:\/\/luchonoticias.com\/editor\/wp-content\/uploads\/2025\/06\/Imagen-de-WhatsApp-2025-06-13-a-las-14.23.03_c374e242-300x200.jpg 300w, https:\/\/luchonoticias.com\/editor\/wp-content\/uploads\/2025\/06\/Imagen-de-WhatsApp-2025-06-13-a-las-14.23.03_c374e242-768x511.jpg 768w, https:\/\/luchonoticias.com\/editor\/wp-content\/uploads\/2025\/06\/Imagen-de-WhatsApp-2025-06-13-a-las-14.23.03_c374e242-150x100.jpg 150w, https:\/\/luchonoticias.com\/editor\/wp-content\/uploads\/2025\/06\/Imagen-de-WhatsApp-2025-06-13-a-las-14.23.03_c374e242-330x220.jpg 330w, https:\/\/luchonoticias.com\/editor\/wp-content\/uploads\/2025\/06\/Imagen-de-WhatsApp-2025-06-13-a-las-14.23.03_c374e242-420x280.jpg 420w, https:\/\/luchonoticias.com\/editor\/wp-content\/uploads\/2025\/06\/Imagen-de-WhatsApp-2025-06-13-a-las-14.23.03_c374e242-510x340.jpg 510w, https:\/\/luchonoticias.com\/editor\/wp-content\/uploads\/2025\/06\/Imagen-de-WhatsApp-2025-06-13-a-las-14.23.03_c374e242.jpg 1280w\" sizes=\"auto, (max-width: 1024px) 100vw, 1024px\" \/><\/figure>\n<\/figure>\n\n\n\n<p>El director administrativo de Comfamiliar Huila, Juan Carlos Carvajal Rodr\u00edguez, destac\u00f3 la importancia de estos espacios para el desarrollo integral de los estudiantes, afirmando el compromiso de la entidad en ofrecer oportunidades que fortalezcan sus talentos y promuevan la educaci\u00f3n.<\/p>\n\n\n\n<p>Tanto los ni\u00f1os como sus padres expresaron su agradecimiento por el programa, resaltando c\u00f3mo estas actividades les permiten aprender, divertirse y explorar posibles vocaciones laborales. Con este festival, Comfamiliar Huila reafirma su labor en la formaci\u00f3n integral de la ni\u00f1ez huilense.<\/p>\n\n\n\n<p><\/p>\n","protected":false},"excerpt":{"rendered":"<p>Con el objetivo de ofrecer espacios de aprendizaje, recreaci\u00f3n y convivencia, Comfamiliar Huila realiz\u00f3 el I Festival FONI\u00d1EZ 2025 en el centro recreacional Playa Juncal, beneficiando a m\u00e1s de 800 ni\u00f1os, ni\u00f1as y adolescentes de instituciones educativas de Neiva y Palermo, quienes forman parte del programa Jornada Escolar Complementaria. Este programa, desarrollado desde 2024 en [&hellip;]<\/p>\n","protected":false},"author":2,"featured_media":0,"comment_status":"closed","ping_status":"open","sticky":false,"template":"","format":"standard","meta":{"footnotes":""},"categories":[33],"tags":[],"class_list":["post-84291","post","type-post","status-publish","format-standard","hentry","category-huila"],"yoast_head":"<!-- This site is optimized with the Yoast SEO plugin v26.6 - https:\/\/yoast.com\/wordpress\/plugins\/seo\/ -->\n<title>Cumplido el I Festival Foni\u00f1ez 2025 -<\/title>\n<meta name=\"robots\" content=\"index, follow, max-snippet:-1, max-image-preview:large, max-video-preview:-1\" \/>\n<link rel=\"canonical\" href=\"https:\/\/luchonoticias.com\/editor\/cumplido-el-i-festival-foninez-2025\/\" \/>\n<meta property=\"og:locale\" content=\"es_ES\" \/>\n<meta property=\"og:type\" content=\"article\" \/>\n<meta property=\"og:title\" content=\"Cumplido el I Festival Foni\u00f1ez 2025 -\" \/>\n<meta property=\"og:url\" content=\"https:\/\/luchonoticias.com\/editor\/cumplido-el-i-festival-foninez-2025\/\" \/>\n<meta property=\"article:publisher\" content=\"https:\/\/www.facebook.com\/luchonoticiasneiva\" \/>\n<meta property=\"article:published_time\" content=\"2025-06-13T22:18:21+00:00\" \/>\n<meta property=\"article:modified_time\" content=\"2025-06-13T22:18:23+00:00\" \/>\n<meta property=\"og:image\" content=\"https:\/\/luchonoticias.com\/editor\/wp-content\/uploads\/2025\/06\/comfamiliar-huila-festival.jpg\" \/>\n\t<meta property=\"og:image:width\" content=\"700\" \/>\n\t<meta property=\"og:image:height\" content=\"400\" \/>\n\t<meta property=\"og:image:type\" content=\"image\/jpeg\" \/>\n<meta name=\"author\" content=\"Editor General\" \/>\n<meta name=\"twitter:card\" content=\"summary_large_image\" \/>\n<meta name=\"twitter:label1\" content=\"Escrito por\" \/>\n\t<meta name=\"twitter:data1\" content=\"Editor General\" \/>\n\t<meta name=\"twitter:label2\" content=\"Tiempo de lectura\" \/>\n\t<meta name=\"twitter:data2\" content=\"2 minutos\" \/>\n<script type=\"application\/ld+json\" class=\"yoast-schema-graph\">{\"@context\":\"https:\/\/schema.org\",\"@graph\":[{\"@type\":\"Article\",\"@id\":\"https:\/\/luchonoticias.com\/editor\/cumplido-el-i-festival-foninez-2025\/#article\",\"isPartOf\":{\"@id\":\"https:\/\/luchonoticias.com\/editor\/cumplido-el-i-festival-foninez-2025\/\"},\"author\":{\"name\":\"Editor General\",\"@id\":\"https:\/\/luchonoticias.com\/editor\/#\/schema\/person\/29217990ddf6f14e35912b2866d591fb\"},\"headline\":\"Cumplido el I Festival Foni\u00f1ez 2025\",\"datePublished\":\"2025-06-13T22:18:21+00:00\",\"dateModified\":\"2025-06-13T22:18:23+00:00\",\"mainEntityOfPage\":{\"@id\":\"https:\/\/luchonoticias.com\/editor\/cumplido-el-i-festival-foninez-2025\/\"},\"wordCount\":232,\"publisher\":{\"@id\":\"https:\/\/luchonoticias.com\/editor\/#\/schema\/person\/7a7fd911f58561fd056dbac7b55af9cd\"},\"image\":{\"@id\":\"https:\/\/luchonoticias.com\/editor\/cumplido-el-i-festival-foninez-2025\/#primaryimage\"},\"thumbnailUrl\":\"https:\/\/luchonoticias.com\/wp-content\/uploads\/2025\/06\/comfamiliar-huila-festival.jpg\",\"articleSection\":[\"Huila\"],\"inLanguage\":\"es\"},{\"@type\":\"WebPage\",\"@id\":\"https:\/\/luchonoticias.com\/editor\/cumplido-el-i-festival-foninez-2025\/\",\"url\":\"https:\/\/luchonoticias.com\/editor\/cumplido-el-i-festival-foninez-2025\/\",\"name\":\"Cumplido el I Festival Foni\u00f1ez 2025 -\",\"isPartOf\":{\"@id\":\"https:\/\/luchonoticias.com\/editor\/#website\"},\"primaryImageOfPage\":{\"@id\":\"https:\/\/luchonoticias.com\/editor\/cumplido-el-i-festival-foninez-2025\/#primaryimage\"},\"image\":{\"@id\":\"https:\/\/luchonoticias.com\/editor\/cumplido-el-i-festival-foninez-2025\/#primaryimage\"},\"thumbnailUrl\":\"https:\/\/luchonoticias.com\/wp-content\/uploads\/2025\/06\/comfamiliar-huila-festival.jpg\",\"datePublished\":\"2025-06-13T22:18:21+00:00\",\"dateModified\":\"2025-06-13T22:18:23+00:00\",\"breadcrumb\":{\"@id\":\"https:\/\/luchonoticias.com\/editor\/cumplido-el-i-festival-foninez-2025\/#breadcrumb\"},\"inLanguage\":\"es\",\"potentialAction\":[{\"@type\":\"ReadAction\",\"target\":[\"https:\/\/luchonoticias.com\/editor\/cumplido-el-i-festival-foninez-2025\/\"]}]},{\"@type\":\"ImageObject\",\"inLanguage\":\"es\",\"@id\":\"https:\/\/luchonoticias.com\/editor\/cumplido-el-i-festival-foninez-2025\/#primaryimage\",\"url\":\"https:\/\/luchonoticias.com\/wp-content\/uploads\/2025\/06\/comfamiliar-huila-festival.jpg\",\"contentUrl\":\"https:\/\/luchonoticias.com\/wp-content\/uploads\/2025\/06\/comfamiliar-huila-festival.jpg\"},{\"@type\":\"BreadcrumbList\",\"@id\":\"https:\/\/luchonoticias.com\/editor\/cumplido-el-i-festival-foninez-2025\/#breadcrumb\",\"itemListElement\":[{\"@type\":\"ListItem\",\"position\":1,\"name\":\"Portada\",\"item\":\"https:\/\/luchonoticias.com\/editor\/\"},{\"@type\":\"ListItem\",\"position\":2,\"name\":\"Cumplido el I Festival Foni\u00f1ez 2025\"}]},{\"@type\":\"WebSite\",\"@id\":\"https:\/\/luchonoticias.com\/editor\/#website\",\"url\":\"https:\/\/luchonoticias.com\/editor\/\",\"name\":\"\",\"description\":\"\",\"publisher\":{\"@id\":\"https:\/\/luchonoticias.com\/editor\/#\/schema\/person\/7a7fd911f58561fd056dbac7b55af9cd\"},\"potentialAction\":[{\"@type\":\"SearchAction\",\"target\":{\"@type\":\"EntryPoint\",\"urlTemplate\":\"https:\/\/luchonoticias.com\/editor\/?s={search_term_string}\"},\"query-input\":{\"@type\":\"PropertyValueSpecification\",\"valueRequired\":true,\"valueName\":\"search_term_string\"}}],\"inLanguage\":\"es\"},{\"@type\":[\"Person\",\"Organization\"],\"@id\":\"https:\/\/luchonoticias.com\/editor\/#\/schema\/person\/7a7fd911f58561fd056dbac7b55af9cd\",\"name\":\"admin\",\"image\":{\"@type\":\"ImageObject\",\"inLanguage\":\"es\",\"@id\":\"https:\/\/luchonoticias.com\/editor\/#\/schema\/person\/image\/\",\"url\":\"https:\/\/luchonoticias.com\/editor\/wp-content\/uploads\/2024\/02\/cropped-cropped-logolu.webp\",\"contentUrl\":\"https:\/\/luchonoticias.com\/editor\/wp-content\/uploads\/2024\/02\/cropped-cropped-logolu.webp\",\"width\":382,\"height\":170,\"caption\":\"admin\"},\"logo\":{\"@id\":\"https:\/\/luchonoticias.com\/editor\/#\/schema\/person\/image\/\"},\"sameAs\":[\"https:\/\/www.facebook.com\/luchonoticiasneiva\"]},{\"@type\":\"Person\",\"@id\":\"https:\/\/luchonoticias.com\/editor\/#\/schema\/person\/29217990ddf6f14e35912b2866d591fb\",\"name\":\"Editor General\",\"image\":{\"@type\":\"ImageObject\",\"inLanguage\":\"es\",\"@id\":\"https:\/\/luchonoticias.com\/editor\/#\/schema\/person\/image\/\",\"url\":\"https:\/\/luchonoticias.com\/editor\/wp-content\/uploads\/2024\/02\/cropped-cropped-logolu-150x150.webp\",\"contentUrl\":\"https:\/\/luchonoticias.com\/editor\/wp-content\/uploads\/2024\/02\/cropped-cropped-logolu-150x150.webp\",\"caption\":\"Editor General\"},\"sameAs\":[\"https:\/\/luchonoticias.com\/\"],\"url\":\"https:\/\/luchonoticias.com\/editor\/author\/editor-general\/\"}]}<\/script>\n<!-- \/ Yoast SEO plugin. -->","yoast_head_json":{"title":"Cumplido el I Festival Foni\u00f1ez 2025 -","robots":{"index":"index","follow":"follow","max-snippet":"max-snippet:-1","max-image-preview":"max-image-preview:large","max-video-preview":"max-video-preview:-1"},"canonical":"https:\/\/luchonoticias.com\/editor\/cumplido-el-i-festival-foninez-2025\/","og_locale":"es_ES","og_type":"article","og_title":"Cumplido el I Festival Foni\u00f1ez 2025 -","og_url":"https:\/\/luchonoticias.com\/editor\/cumplido-el-i-festival-foninez-2025\/","article_publisher":"https:\/\/www.facebook.com\/luchonoticiasneiva","article_published_time":"2025-06-13T22:18:21+00:00","article_modified_time":"2025-06-13T22:18:23+00:00","og_image":[{"width":700,"height":400,"url":"https:\/\/luchonoticias.com\/editor\/wp-content\/uploads\/2025\/06\/comfamiliar-huila-festival.jpg","type":"image\/jpeg"}],"author":"Editor General","twitter_card":"summary_large_image","twitter_misc":{"Escrito por":"Editor General","Tiempo de lectura":"2 minutos"},"schema":{"@context":"https:\/\/schema.org","@graph":[{"@type":"Article","@id":"https:\/\/luchonoticias.com\/editor\/cumplido-el-i-festival-foninez-2025\/#article","isPartOf":{"@id":"https:\/\/luchonoticias.com\/editor\/cumplido-el-i-festival-foninez-2025\/"},"author":{"name":"Editor General","@id":"https:\/\/luchonoticias.com\/editor\/#\/schema\/person\/29217990ddf6f14e35912b2866d591fb"},"headline":"Cumplido el I Festival Foni\u00f1ez 2025","datePublished":"2025-06-13T22:18:21+00:00","dateModified":"2025-06-13T22:18:23+00:00","mainEntityOfPage":{"@id":"https:\/\/luchonoticias.com\/editor\/cumplido-el-i-festival-foninez-2025\/"},"wordCount":232,"publisher":{"@id":"https:\/\/luchonoticias.com\/editor\/#\/schema\/person\/7a7fd911f58561fd056dbac7b55af9cd"},"image":{"@id":"https:\/\/luchonoticias.com\/editor\/cumplido-el-i-festival-foninez-2025\/#primaryimage"},"thumbnailUrl":"https:\/\/luchonoticias.com\/wp-content\/uploads\/2025\/06\/comfamiliar-huila-festival.jpg","articleSection":["Huila"],"inLanguage":"es"},{"@type":"WebPage","@id":"https:\/\/luchonoticias.com\/editor\/cumplido-el-i-festival-foninez-2025\/","url":"https:\/\/luchonoticias.com\/editor\/cumplido-el-i-festival-foninez-2025\/","name":"Cumplido el I Festival Foni\u00f1ez 2025 -","isPartOf":{"@id":"https:\/\/luchonoticias.com\/editor\/#website"},"primaryImageOfPage":{"@id":"https:\/\/luchonoticias.com\/editor\/cumplido-el-i-festival-foninez-2025\/#primaryimage"},"image":{"@id":"https:\/\/luchonoticias.com\/editor\/cumplido-el-i-festival-foninez-2025\/#primaryimage"},"thumbnailUrl":"https:\/\/luchonoticias.com\/wp-content\/uploads\/2025\/06\/comfamiliar-huila-festival.jpg","datePublished":"2025-06-13T22:18:21+00:00","dateModified":"2025-06-13T22:18:23+00:00","breadcrumb":{"@id":"https:\/\/luchonoticias.com\/editor\/cumplido-el-i-festival-foninez-2025\/#breadcrumb"},"inLanguage":"es","potentialAction":[{"@type":"ReadAction","target":["https:\/\/luchonoticias.com\/editor\/cumplido-el-i-festival-foninez-2025\/"]}]},{"@type":"ImageObject","inLanguage":"es","@id":"https:\/\/luchonoticias.com\/editor\/cumplido-el-i-festival-foninez-2025\/#primaryimage","url":"https:\/\/luchonoticias.com\/wp-content\/uploads\/2025\/06\/comfamiliar-huila-festival.jpg","contentUrl":"https:\/\/luchonoticias.com\/wp-content\/uploads\/2025\/06\/comfamiliar-huila-festival.jpg"},{"@type":"BreadcrumbList","@id":"https:\/\/luchonoticias.com\/editor\/cumplido-el-i-festival-foninez-2025\/#breadcrumb","itemListElement":[{"@type":"ListItem","position":1,"name":"Portada","item":"https:\/\/luchonoticias.com\/editor\/"},{"@type":"ListItem","position":2,"name":"Cumplido el I Festival Foni\u00f1ez 2025"}]},{"@type":"WebSite","@id":"https:\/\/luchonoticias.com\/editor\/#website","url":"https:\/\/luchonoticias.com\/editor\/","name":"","description":"","publisher":{"@id":"https:\/\/luchonoticias.com\/editor\/#\/schema\/person\/7a7fd911f58561fd056dbac7b55af9cd"},"potentialAction":[{"@type":"SearchAction","target":{"@type":"EntryPoint","urlTemplate":"https:\/\/luchonoticias.com\/editor\/?s={search_term_string}"},"query-input":{"@type":"PropertyValueSpecification","valueRequired":true,"valueName":"search_term_string"}}],"inLanguage":"es"},{"@type":["Person","Organization"],"@id":"https:\/\/luchonoticias.com\/editor\/#\/schema\/person\/7a7fd911f58561fd056dbac7b55af9cd","name":"admin","image":{"@type":"ImageObject","inLanguage":"es","@id":"https:\/\/luchonoticias.com\/editor\/#\/schema\/person\/image\/","url":"https:\/\/luchonoticias.com\/editor\/wp-content\/uploads\/2024\/02\/cropped-cropped-logolu.webp","contentUrl":"https:\/\/luchonoticias.com\/editor\/wp-content\/uploads\/2024\/02\/cropped-cropped-logolu.webp","width":382,"height":170,"caption":"admin"},"logo":{"@id":"https:\/\/luchonoticias.com\/editor\/#\/schema\/person\/image\/"},"sameAs":["https:\/\/www.facebook.com\/luchonoticiasneiva"]},{"@type":"Person","@id":"https:\/\/luchonoticias.com\/editor\/#\/schema\/person\/29217990ddf6f14e35912b2866d591fb","name":"Editor General","image":{"@type":"ImageObject","inLanguage":"es","@id":"https:\/\/luchonoticias.com\/editor\/#\/schema\/person\/image\/","url":"https:\/\/luchonoticias.com\/editor\/wp-content\/uploads\/2024\/02\/cropped-cropped-logolu-150x150.webp","contentUrl":"https:\/\/luchonoticias.com\/editor\/wp-content\/uploads\/2024\/02\/cropped-cropped-logolu-150x150.webp","caption":"Editor General"},"sameAs":["https:\/\/luchonoticias.com\/"],"url":"https:\/\/luchonoticias.com\/editor\/author\/editor-general\/"}]}},"_links":{"self":[{"href":"https:\/\/luchonoticias.com\/editor\/wp-json\/wp\/v2\/posts\/84291","targetHints":{"allow":["GET"]}}],"collection":[{"href":"https:\/\/luchonoticias.com\/editor\/wp-json\/wp\/v2\/posts"}],"about":[{"href":"https:\/\/luchonoticias.com\/editor\/wp-json\/wp\/v2\/types\/post"}],"author":[{"embeddable":true,"href":"https:\/\/luchonoticias.com\/editor\/wp-json\/wp\/v2\/users\/2"}],"replies":[{"embeddable":true,"href":"https:\/\/luchonoticias.com\/editor\/wp-json\/wp\/v2\/comments?post=84291"}],"version-history":[{"count":1,"href":"https:\/\/luchonoticias.com\/editor\/wp-json\/wp\/v2\/posts\/84291\/revisions"}],"predecessor-version":[{"id":84296,"href":"https:\/\/luchonoticias.com\/editor\/wp-json\/wp\/v2\/posts\/84291\/revisions\/84296"}],"wp:attachment":[{"href":"https:\/\/luchonoticias.com\/editor\/wp-json\/wp\/v2\/media?parent=84291"}],"wp:term":[{"taxonomy":"category","embeddable":true,"href":"https:\/\/luchonoticias.com\/editor\/wp-json\/wp\/v2\/categories?post=84291"},{"taxonomy":"post_tag","embeddable":true,"href":"https:\/\/luchonoticias.com\/editor\/wp-json\/wp\/v2\/tags?post=84291"}],"curies":[{"name":"wp","href":"https:\/\/api.w.org\/{rel}","templated":true}]}}