{"id":84347,"date":"2025-06-14T04:44:30","date_gmt":"2025-06-14T09:44:30","guid":{"rendered":"https:\/\/luchonoticias.com\/?p=84347"},"modified":"2025-06-14T04:44:31","modified_gmt":"2025-06-14T09:44:31","slug":"nueva-puya-del-presidente-petro-al-congreso","status":"publish","type":"post","link":"https:\/\/luchonoticias.com\/editor\/nueva-puya-del-presidente-petro-al-congreso\/","title":{"rendered":"Nueva puya del Presidente Petro al Congreso"},"content":{"rendered":"\n<figure class=\"wp-block-image size-full\"><img loading=\"lazy\" decoding=\"async\" width=\"700\" height=\"400\" src=\"https:\/\/luchonoticias.com\/wp-content\/uploads\/2025\/06\/petro-y-el-senado.jpg\" alt=\"\" class=\"wp-image-84348\" srcset=\"https:\/\/luchonoticias.com\/editor\/wp-content\/uploads\/2025\/06\/petro-y-el-senado.jpg 700w, https:\/\/luchonoticias.com\/editor\/wp-content\/uploads\/2025\/06\/petro-y-el-senado-300x171.jpg 300w\" sizes=\"auto, (max-width: 700px) 100vw, 700px\" \/><\/figure>\n\n\n\n<p>El presidente Gustavo Petro se refiri\u00f3 en su cuenta de X al debate que adelanta el Congreso sobre la Reforma Laboral, destacando la importancia de construir un pacto social que beneficie tanto a trabajadores como a empresarios. Petro enfatiz\u00f3 la necesidad de discutir temas clave como el crecimiento de la productividad, el uso de tierras f\u00e9rtiles y el desarrollo del conocimiento.<\/p>\n\n\n\n<p>El mandatario record\u00f3 que, tras las guerras mundiales del siglo XX, surgieron pactos sociales que repartieron las utilidades generadas por la productividad entre empleadores y empleados. Seg\u00fan \u00e9l, en Colombia a\u00fan persisten modelos laborales del siglo XIX donde se privilegia la extensi\u00f3n de las jornadas laborales sobre el bienestar de los trabajadores.<\/p>\n\n\n\n<p>Petro propuso que, en el siglo XXI, la riqueza debe generarse a partir del crecimiento de la productividad impulsado por el conocimiento, la inteligencia artificial y las energ\u00edas limpias. En este contexto, plante\u00f3 nuevamente la Consulta Popular como mecanismo para construir un pacto social que garantice condiciones de vida dignas para todos los colombianos.<\/p>\n\n\n\n<p>El presidente tambi\u00e9n defendi\u00f3 los principios de la Reforma Laboral presentada por su gobierno, la cual busca limitar la jornada laboral hasta las 6:00 p.m. y garantizar el derecho al descanso los fines de semana y festivos, o el pago adicional en caso de trabajo en esos d\u00edas. Insisti\u00f3 en que la productividad no debe alcanzarse a costa de la sobreexplotaci\u00f3n laboral.<\/p>\n\n\n\n<p>Finalmente, Petro hizo un llamado al Senado para que apruebe una Reforma Laboral que dignifique el trabajo en Colombia. Pidi\u00f3 a los legisladores actuar con modernidad y dejar atr\u00e1s modelos esclavistas, asegurando contratos laborales justos y condiciones acordes a las exigencias del siglo XXI.<\/p>\n\n\n\n<p><\/p>\n","protected":false},"excerpt":{"rendered":"<p>El presidente Gustavo Petro se refiri\u00f3 en su cuenta de X al debate que adelanta el Congreso sobre la Reforma Laboral, destacando la importancia de construir un pacto social que beneficie tanto a trabajadores como a empresarios. Petro enfatiz\u00f3 la necesidad de discutir temas clave como el crecimiento de la productividad, el uso de tierras [&hellip;]<\/p>\n","protected":false},"author":2,"featured_media":0,"comment_status":"closed","ping_status":"open","sticky":false,"template":"","format":"standard","meta":{"footnotes":""},"categories":[28,32],"tags":[],"class_list":["post-84347","post","type-post","status-publish","format-standard","hentry","category-actualidad","category-nacional"],"yoast_head":"<!-- This site is optimized with the Yoast SEO plugin v26.6 - https:\/\/yoast.com\/wordpress\/plugins\/seo\/ -->\n<title>Nueva puya del Presidente Petro al Congreso -<\/title>\n<meta name=\"robots\" content=\"index, follow, max-snippet:-1, max-image-preview:large, max-video-preview:-1\" \/>\n<link rel=\"canonical\" href=\"https:\/\/luchonoticias.com\/editor\/nueva-puya-del-presidente-petro-al-congreso\/\" \/>\n<meta property=\"og:locale\" content=\"es_ES\" \/>\n<meta property=\"og:type\" content=\"article\" \/>\n<meta property=\"og:title\" content=\"Nueva puya del Presidente Petro al Congreso -\" \/>\n<meta property=\"og:url\" content=\"https:\/\/luchonoticias.com\/editor\/nueva-puya-del-presidente-petro-al-congreso\/\" \/>\n<meta property=\"article:publisher\" content=\"https:\/\/www.facebook.com\/luchonoticiasneiva\" \/>\n<meta property=\"article:published_time\" content=\"2025-06-14T09:44:30+00:00\" \/>\n<meta property=\"article:modified_time\" content=\"2025-06-14T09:44:31+00:00\" \/>\n<meta property=\"og:image\" content=\"https:\/\/luchonoticias.com\/editor\/wp-content\/uploads\/2025\/06\/petro-y-el-senado.jpg\" \/>\n\t<meta property=\"og:image:width\" content=\"700\" \/>\n\t<meta property=\"og:image:height\" content=\"400\" \/>\n\t<meta property=\"og:image:type\" content=\"image\/jpeg\" \/>\n<meta name=\"author\" content=\"Editor General\" \/>\n<meta name=\"twitter:card\" content=\"summary_large_image\" \/>\n<meta name=\"twitter:label1\" content=\"Escrito por\" \/>\n\t<meta name=\"twitter:data1\" content=\"Editor General\" \/>\n\t<meta name=\"twitter:label2\" content=\"Tiempo de lectura\" \/>\n\t<meta name=\"twitter:data2\" content=\"2 minutos\" \/>\n<script type=\"application\/ld+json\" class=\"yoast-schema-graph\">{\"@context\":\"https:\/\/schema.org\",\"@graph\":[{\"@type\":\"Article\",\"@id\":\"https:\/\/luchonoticias.com\/editor\/nueva-puya-del-presidente-petro-al-congreso\/#article\",\"isPartOf\":{\"@id\":\"https:\/\/luchonoticias.com\/editor\/nueva-puya-del-presidente-petro-al-congreso\/\"},\"author\":{\"name\":\"Editor General\",\"@id\":\"https:\/\/luchonoticias.com\/editor\/#\/schema\/person\/29217990ddf6f14e35912b2866d591fb\"},\"headline\":\"Nueva puya del Presidente Petro al Congreso\",\"datePublished\":\"2025-06-14T09:44:30+00:00\",\"dateModified\":\"2025-06-14T09:44:31+00:00\",\"mainEntityOfPage\":{\"@id\":\"https:\/\/luchonoticias.com\/editor\/nueva-puya-del-presidente-petro-al-congreso\/\"},\"wordCount\":289,\"publisher\":{\"@id\":\"https:\/\/luchonoticias.com\/editor\/#\/schema\/person\/7a7fd911f58561fd056dbac7b55af9cd\"},\"image\":{\"@id\":\"https:\/\/luchonoticias.com\/editor\/nueva-puya-del-presidente-petro-al-congreso\/#primaryimage\"},\"thumbnailUrl\":\"https:\/\/luchonoticias.com\/wp-content\/uploads\/2025\/06\/petro-y-el-senado.jpg\",\"articleSection\":[\"Actualidad\",\"Nacional\"],\"inLanguage\":\"es\"},{\"@type\":\"WebPage\",\"@id\":\"https:\/\/luchonoticias.com\/editor\/nueva-puya-del-presidente-petro-al-congreso\/\",\"url\":\"https:\/\/luchonoticias.com\/editor\/nueva-puya-del-presidente-petro-al-congreso\/\",\"name\":\"Nueva puya del Presidente Petro al Congreso -\",\"isPartOf\":{\"@id\":\"https:\/\/luchonoticias.com\/editor\/#website\"},\"primaryImageOfPage\":{\"@id\":\"https:\/\/luchonoticias.com\/editor\/nueva-puya-del-presidente-petro-al-congreso\/#primaryimage\"},\"image\":{\"@id\":\"https:\/\/luchonoticias.com\/editor\/nueva-puya-del-presidente-petro-al-congreso\/#primaryimage\"},\"thumbnailUrl\":\"https:\/\/luchonoticias.com\/wp-content\/uploads\/2025\/06\/petro-y-el-senado.jpg\",\"datePublished\":\"2025-06-14T09:44:30+00:00\",\"dateModified\":\"2025-06-14T09:44:31+00:00\",\"breadcrumb\":{\"@id\":\"https:\/\/luchonoticias.com\/editor\/nueva-puya-del-presidente-petro-al-congreso\/#breadcrumb\"},\"inLanguage\":\"es\",\"potentialAction\":[{\"@type\":\"ReadAction\",\"target\":[\"https:\/\/luchonoticias.com\/editor\/nueva-puya-del-presidente-petro-al-congreso\/\"]}]},{\"@type\":\"ImageObject\",\"inLanguage\":\"es\",\"@id\":\"https:\/\/luchonoticias.com\/editor\/nueva-puya-del-presidente-petro-al-congreso\/#primaryimage\",\"url\":\"https:\/\/luchonoticias.com\/wp-content\/uploads\/2025\/06\/petro-y-el-senado.jpg\",\"contentUrl\":\"https:\/\/luchonoticias.com\/wp-content\/uploads\/2025\/06\/petro-y-el-senado.jpg\"},{\"@type\":\"BreadcrumbList\",\"@id\":\"https:\/\/luchonoticias.com\/editor\/nueva-puya-del-presidente-petro-al-congreso\/#breadcrumb\",\"itemListElement\":[{\"@type\":\"ListItem\",\"position\":1,\"name\":\"Portada\",\"item\":\"https:\/\/luchonoticias.com\/editor\/\"},{\"@type\":\"ListItem\",\"position\":2,\"name\":\"Nueva puya del Presidente Petro al Congreso\"}]},{\"@type\":\"WebSite\",\"@id\":\"https:\/\/luchonoticias.com\/editor\/#website\",\"url\":\"https:\/\/luchonoticias.com\/editor\/\",\"name\":\"\",\"description\":\"\",\"publisher\":{\"@id\":\"https:\/\/luchonoticias.com\/editor\/#\/schema\/person\/7a7fd911f58561fd056dbac7b55af9cd\"},\"potentialAction\":[{\"@type\":\"SearchAction\",\"target\":{\"@type\":\"EntryPoint\",\"urlTemplate\":\"https:\/\/luchonoticias.com\/editor\/?s={search_term_string}\"},\"query-input\":{\"@type\":\"PropertyValueSpecification\",\"valueRequired\":true,\"valueName\":\"search_term_string\"}}],\"inLanguage\":\"es\"},{\"@type\":[\"Person\",\"Organization\"],\"@id\":\"https:\/\/luchonoticias.com\/editor\/#\/schema\/person\/7a7fd911f58561fd056dbac7b55af9cd\",\"name\":\"admin\",\"image\":{\"@type\":\"ImageObject\",\"inLanguage\":\"es\",\"@id\":\"https:\/\/luchonoticias.com\/editor\/#\/schema\/person\/image\/\",\"url\":\"https:\/\/luchonoticias.com\/editor\/wp-content\/uploads\/2024\/02\/cropped-cropped-logolu.webp\",\"contentUrl\":\"https:\/\/luchonoticias.com\/editor\/wp-content\/uploads\/2024\/02\/cropped-cropped-logolu.webp\",\"width\":382,\"height\":170,\"caption\":\"admin\"},\"logo\":{\"@id\":\"https:\/\/luchonoticias.com\/editor\/#\/schema\/person\/image\/\"},\"sameAs\":[\"https:\/\/www.facebook.com\/luchonoticiasneiva\"]},{\"@type\":\"Person\",\"@id\":\"https:\/\/luchonoticias.com\/editor\/#\/schema\/person\/29217990ddf6f14e35912b2866d591fb\",\"name\":\"Editor General\",\"image\":{\"@type\":\"ImageObject\",\"inLanguage\":\"es\",\"@id\":\"https:\/\/luchonoticias.com\/editor\/#\/schema\/person\/image\/\",\"url\":\"https:\/\/luchonoticias.com\/editor\/wp-content\/uploads\/2024\/02\/cropped-cropped-logolu-150x150.webp\",\"contentUrl\":\"https:\/\/luchonoticias.com\/editor\/wp-content\/uploads\/2024\/02\/cropped-cropped-logolu-150x150.webp\",\"caption\":\"Editor General\"},\"sameAs\":[\"https:\/\/luchonoticias.com\/\"],\"url\":\"https:\/\/luchonoticias.com\/editor\/author\/editor-general\/\"}]}<\/script>\n<!-- \/ Yoast SEO plugin. -->","yoast_head_json":{"title":"Nueva puya del Presidente Petro al Congreso -","robots":{"index":"index","follow":"follow","max-snippet":"max-snippet:-1","max-image-preview":"max-image-preview:large","max-video-preview":"max-video-preview:-1"},"canonical":"https:\/\/luchonoticias.com\/editor\/nueva-puya-del-presidente-petro-al-congreso\/","og_locale":"es_ES","og_type":"article","og_title":"Nueva puya del Presidente Petro al Congreso -","og_url":"https:\/\/luchonoticias.com\/editor\/nueva-puya-del-presidente-petro-al-congreso\/","article_publisher":"https:\/\/www.facebook.com\/luchonoticiasneiva","article_published_time":"2025-06-14T09:44:30+00:00","article_modified_time":"2025-06-14T09:44:31+00:00","og_image":[{"width":700,"height":400,"url":"https:\/\/luchonoticias.com\/editor\/wp-content\/uploads\/2025\/06\/petro-y-el-senado.jpg","type":"image\/jpeg"}],"author":"Editor General","twitter_card":"summary_large_image","twitter_misc":{"Escrito por":"Editor General","Tiempo de lectura":"2 minutos"},"schema":{"@context":"https:\/\/schema.org","@graph":[{"@type":"Article","@id":"https:\/\/luchonoticias.com\/editor\/nueva-puya-del-presidente-petro-al-congreso\/#article","isPartOf":{"@id":"https:\/\/luchonoticias.com\/editor\/nueva-puya-del-presidente-petro-al-congreso\/"},"author":{"name":"Editor General","@id":"https:\/\/luchonoticias.com\/editor\/#\/schema\/person\/29217990ddf6f14e35912b2866d591fb"},"headline":"Nueva puya del Presidente Petro al Congreso","datePublished":"2025-06-14T09:44:30+00:00","dateModified":"2025-06-14T09:44:31+00:00","mainEntityOfPage":{"@id":"https:\/\/luchonoticias.com\/editor\/nueva-puya-del-presidente-petro-al-congreso\/"},"wordCount":289,"publisher":{"@id":"https:\/\/luchonoticias.com\/editor\/#\/schema\/person\/7a7fd911f58561fd056dbac7b55af9cd"},"image":{"@id":"https:\/\/luchonoticias.com\/editor\/nueva-puya-del-presidente-petro-al-congreso\/#primaryimage"},"thumbnailUrl":"https:\/\/luchonoticias.com\/wp-content\/uploads\/2025\/06\/petro-y-el-senado.jpg","articleSection":["Actualidad","Nacional"],"inLanguage":"es"},{"@type":"WebPage","@id":"https:\/\/luchonoticias.com\/editor\/nueva-puya-del-presidente-petro-al-congreso\/","url":"https:\/\/luchonoticias.com\/editor\/nueva-puya-del-presidente-petro-al-congreso\/","name":"Nueva puya del Presidente Petro al Congreso -","isPartOf":{"@id":"https:\/\/luchonoticias.com\/editor\/#website"},"primaryImageOfPage":{"@id":"https:\/\/luchonoticias.com\/editor\/nueva-puya-del-presidente-petro-al-congreso\/#primaryimage"},"image":{"@id":"https:\/\/luchonoticias.com\/editor\/nueva-puya-del-presidente-petro-al-congreso\/#primaryimage"},"thumbnailUrl":"https:\/\/luchonoticias.com\/wp-content\/uploads\/2025\/06\/petro-y-el-senado.jpg","datePublished":"2025-06-14T09:44:30+00:00","dateModified":"2025-06-14T09:44:31+00:00","breadcrumb":{"@id":"https:\/\/luchonoticias.com\/editor\/nueva-puya-del-presidente-petro-al-congreso\/#breadcrumb"},"inLanguage":"es","potentialAction":[{"@type":"ReadAction","target":["https:\/\/luchonoticias.com\/editor\/nueva-puya-del-presidente-petro-al-congreso\/"]}]},{"@type":"ImageObject","inLanguage":"es","@id":"https:\/\/luchonoticias.com\/editor\/nueva-puya-del-presidente-petro-al-congreso\/#primaryimage","url":"https:\/\/luchonoticias.com\/wp-content\/uploads\/2025\/06\/petro-y-el-senado.jpg","contentUrl":"https:\/\/luchonoticias.com\/wp-content\/uploads\/2025\/06\/petro-y-el-senado.jpg"},{"@type":"BreadcrumbList","@id":"https:\/\/luchonoticias.com\/editor\/nueva-puya-del-presidente-petro-al-congreso\/#breadcrumb","itemListElement":[{"@type":"ListItem","position":1,"name":"Portada","item":"https:\/\/luchonoticias.com\/editor\/"},{"@type":"ListItem","position":2,"name":"Nueva puya del Presidente Petro al Congreso"}]},{"@type":"WebSite","@id":"https:\/\/luchonoticias.com\/editor\/#website","url":"https:\/\/luchonoticias.com\/editor\/","name":"","description":"","publisher":{"@id":"https:\/\/luchonoticias.com\/editor\/#\/schema\/person\/7a7fd911f58561fd056dbac7b55af9cd"},"potentialAction":[{"@type":"SearchAction","target":{"@type":"EntryPoint","urlTemplate":"https:\/\/luchonoticias.com\/editor\/?s={search_term_string}"},"query-input":{"@type":"PropertyValueSpecification","valueRequired":true,"valueName":"search_term_string"}}],"inLanguage":"es"},{"@type":["Person","Organization"],"@id":"https:\/\/luchonoticias.com\/editor\/#\/schema\/person\/7a7fd911f58561fd056dbac7b55af9cd","name":"admin","image":{"@type":"ImageObject","inLanguage":"es","@id":"https:\/\/luchonoticias.com\/editor\/#\/schema\/person\/image\/","url":"https:\/\/luchonoticias.com\/editor\/wp-content\/uploads\/2024\/02\/cropped-cropped-logolu.webp","contentUrl":"https:\/\/luchonoticias.com\/editor\/wp-content\/uploads\/2024\/02\/cropped-cropped-logolu.webp","width":382,"height":170,"caption":"admin"},"logo":{"@id":"https:\/\/luchonoticias.com\/editor\/#\/schema\/person\/image\/"},"sameAs":["https:\/\/www.facebook.com\/luchonoticiasneiva"]},{"@type":"Person","@id":"https:\/\/luchonoticias.com\/editor\/#\/schema\/person\/29217990ddf6f14e35912b2866d591fb","name":"Editor General","image":{"@type":"ImageObject","inLanguage":"es","@id":"https:\/\/luchonoticias.com\/editor\/#\/schema\/person\/image\/","url":"https:\/\/luchonoticias.com\/editor\/wp-content\/uploads\/2024\/02\/cropped-cropped-logolu-150x150.webp","contentUrl":"https:\/\/luchonoticias.com\/editor\/wp-content\/uploads\/2024\/02\/cropped-cropped-logolu-150x150.webp","caption":"Editor General"},"sameAs":["https:\/\/luchonoticias.com\/"],"url":"https:\/\/luchonoticias.com\/editor\/author\/editor-general\/"}]}},"_links":{"self":[{"href":"https:\/\/luchonoticias.com\/editor\/wp-json\/wp\/v2\/posts\/84347","targetHints":{"allow":["GET"]}}],"collection":[{"href":"https:\/\/luchonoticias.com\/editor\/wp-json\/wp\/v2\/posts"}],"about":[{"href":"https:\/\/luchonoticias.com\/editor\/wp-json\/wp\/v2\/types\/post"}],"author":[{"embeddable":true,"href":"https:\/\/luchonoticias.com\/editor\/wp-json\/wp\/v2\/users\/2"}],"replies":[{"embeddable":true,"href":"https:\/\/luchonoticias.com\/editor\/wp-json\/wp\/v2\/comments?post=84347"}],"version-history":[{"count":1,"href":"https:\/\/luchonoticias.com\/editor\/wp-json\/wp\/v2\/posts\/84347\/revisions"}],"predecessor-version":[{"id":84349,"href":"https:\/\/luchonoticias.com\/editor\/wp-json\/wp\/v2\/posts\/84347\/revisions\/84349"}],"wp:attachment":[{"href":"https:\/\/luchonoticias.com\/editor\/wp-json\/wp\/v2\/media?parent=84347"}],"wp:term":[{"taxonomy":"category","embeddable":true,"href":"https:\/\/luchonoticias.com\/editor\/wp-json\/wp\/v2\/categories?post=84347"},{"taxonomy":"post_tag","embeddable":true,"href":"https:\/\/luchonoticias.com\/editor\/wp-json\/wp\/v2\/tags?post=84347"}],"curies":[{"name":"wp","href":"https:\/\/api.w.org\/{rel}","templated":true}]}}