{"id":84442,"date":"2025-06-16T16:49:50","date_gmt":"2025-06-16T21:49:50","guid":{"rendered":"https:\/\/luchonoticias.com\/?p=84442"},"modified":"2025-06-16T16:49:54","modified_gmt":"2025-06-16T21:49:54","slug":"recolectados-residuos-electronicos-y-llantas-usadas","status":"publish","type":"post","link":"https:\/\/luchonoticias.com\/editor\/recolectados-residuos-electronicos-y-llantas-usadas\/","title":{"rendered":"Recolectados residuos electr\u00f3nicos y llantas usadas"},"content":{"rendered":"\n<figure class=\"wp-block-image size-full\"><img loading=\"lazy\" decoding=\"async\" width=\"700\" height=\"400\" src=\"https:\/\/luchonoticias.com\/wp-content\/uploads\/2025\/06\/residuos-1.jpg\" alt=\"\" class=\"wp-image-84446\" srcset=\"https:\/\/luchonoticias.com\/editor\/wp-content\/uploads\/2025\/06\/residuos-1.jpg 700w, https:\/\/luchonoticias.com\/editor\/wp-content\/uploads\/2025\/06\/residuos-1-300x171.jpg 300w\" sizes=\"auto, (max-width: 700px) 100vw, 700px\" \/><\/figure>\n\n\n\n<p>Durante la jornada ambiental <em>Opitat\u00f3n 2025<\/em>, liderada por la Corporaci\u00f3n Aut\u00f3noma Regional del Alto Magdalena (CAM), se recolectaron m\u00e1s de 52 toneladas de residuos el\u00e9ctricos y electr\u00f3nicos, as\u00ed como m\u00e1s de 1.000 llantas usadas en los municipios de Neiva y La Plata. La campa\u00f1a se desarroll\u00f3 durante tres d\u00edas y cont\u00f3 con la participaci\u00f3n de m\u00e1s de 250 empresas y comunidades urbanas y rurales.<\/p>\n\n\n\n<p>Esta iniciativa, que busca fomentar la disposici\u00f3n adecuada de residuos peligrosos y de posconsumo, fue posible gracias a la articulaci\u00f3n entre la CAM, organizaciones ambientales, instituciones p\u00fablicas y privadas. La comunidad huilense respondi\u00f3 de manera activa, consolidando esta jornada como un ejemplo de gesti\u00f3n ambiental participativa.<\/p>\n\n\n\n<p>Entre los residuos recolectados se destacaron partes de computadores, electrodom\u00e9sticos, pilas, bater\u00edas, luminarias, medicamentos vencidos, envases de plaguicidas y productos en aerosol. En Neiva se reunieron 49 toneladas y en La Plata, 2 toneladas. Adem\u00e1s, el sector pisc\u00edcola y habitantes de zonas rurales tambi\u00e9n contribuyeron con residuos provenientes de veredas alejadas.<\/p>\n\n\n\n<figure class=\"wp-block-gallery has-nested-images columns-default is-cropped wp-block-gallery-1 is-layout-flex wp-block-gallery-is-layout-flex\">\n<figure class=\"wp-block-image size-large\"><img loading=\"lazy\" decoding=\"async\" width=\"1024\" height=\"576\" data-id=\"84448\" src=\"https:\/\/luchonoticias.com\/wp-content\/uploads\/2025\/06\/Imagen-de-WhatsApp-2025-06-16-a-las-16.44.56_4e5346cb-1024x576.jpg\" alt=\"\" class=\"wp-image-84448\" srcset=\"https:\/\/luchonoticias.com\/editor\/wp-content\/uploads\/2025\/06\/Imagen-de-WhatsApp-2025-06-16-a-las-16.44.56_4e5346cb-1024x576.jpg 1024w, https:\/\/luchonoticias.com\/editor\/wp-content\/uploads\/2025\/06\/Imagen-de-WhatsApp-2025-06-16-a-las-16.44.56_4e5346cb-300x169.jpg 300w, https:\/\/luchonoticias.com\/editor\/wp-content\/uploads\/2025\/06\/Imagen-de-WhatsApp-2025-06-16-a-las-16.44.56_4e5346cb-768x432.jpg 768w, https:\/\/luchonoticias.com\/editor\/wp-content\/uploads\/2025\/06\/Imagen-de-WhatsApp-2025-06-16-a-las-16.44.56_4e5346cb-1536x864.jpg 1536w, https:\/\/luchonoticias.com\/editor\/wp-content\/uploads\/2025\/06\/Imagen-de-WhatsApp-2025-06-16-a-las-16.44.56_4e5346cb.jpg 1600w\" sizes=\"auto, (max-width: 1024px) 100vw, 1024px\" \/><\/figure>\n\n\n\n<figure class=\"wp-block-image size-large\"><img loading=\"lazy\" decoding=\"async\" width=\"1024\" height=\"576\" data-id=\"84449\" src=\"https:\/\/luchonoticias.com\/wp-content\/uploads\/2025\/06\/Imagen-de-WhatsApp-2025-06-16-a-las-16.44.55_8a5cda43-1024x576.jpg\" alt=\"\" class=\"wp-image-84449\" srcset=\"https:\/\/luchonoticias.com\/editor\/wp-content\/uploads\/2025\/06\/Imagen-de-WhatsApp-2025-06-16-a-las-16.44.55_8a5cda43-1024x576.jpg 1024w, https:\/\/luchonoticias.com\/editor\/wp-content\/uploads\/2025\/06\/Imagen-de-WhatsApp-2025-06-16-a-las-16.44.55_8a5cda43-300x169.jpg 300w, https:\/\/luchonoticias.com\/editor\/wp-content\/uploads\/2025\/06\/Imagen-de-WhatsApp-2025-06-16-a-las-16.44.55_8a5cda43-768x432.jpg 768w, https:\/\/luchonoticias.com\/editor\/wp-content\/uploads\/2025\/06\/Imagen-de-WhatsApp-2025-06-16-a-las-16.44.55_8a5cda43-1536x864.jpg 1536w, https:\/\/luchonoticias.com\/editor\/wp-content\/uploads\/2025\/06\/Imagen-de-WhatsApp-2025-06-16-a-las-16.44.55_8a5cda43.jpg 1600w\" sizes=\"auto, (max-width: 1024px) 100vw, 1024px\" \/><\/figure>\n\n\n\n<figure class=\"wp-block-image size-large\"><img loading=\"lazy\" decoding=\"async\" width=\"1024\" height=\"771\" data-id=\"84447\" src=\"https:\/\/luchonoticias.com\/wp-content\/uploads\/2025\/06\/Imagen-de-WhatsApp-2025-06-16-a-las-16.44.53_c6f41089-1024x771.jpg\" alt=\"\" class=\"wp-image-84447\" srcset=\"https:\/\/luchonoticias.com\/editor\/wp-content\/uploads\/2025\/06\/Imagen-de-WhatsApp-2025-06-16-a-las-16.44.53_c6f41089-1024x771.jpg 1024w, https:\/\/luchonoticias.com\/editor\/wp-content\/uploads\/2025\/06\/Imagen-de-WhatsApp-2025-06-16-a-las-16.44.53_c6f41089-300x226.jpg 300w, https:\/\/luchonoticias.com\/editor\/wp-content\/uploads\/2025\/06\/Imagen-de-WhatsApp-2025-06-16-a-las-16.44.53_c6f41089-768x578.jpg 768w, https:\/\/luchonoticias.com\/editor\/wp-content\/uploads\/2025\/06\/Imagen-de-WhatsApp-2025-06-16-a-las-16.44.53_c6f41089-1536x1157.jpg 1536w, https:\/\/luchonoticias.com\/editor\/wp-content\/uploads\/2025\/06\/Imagen-de-WhatsApp-2025-06-16-a-las-16.44.53_c6f41089.jpg 1600w\" sizes=\"auto, (max-width: 1024px) 100vw, 1024px\" \/><\/figure>\n<\/figure>\n\n\n\n<p>Jessica Andrea Falla Celis, profesional del Grupo RESPEL de la CAM, destac\u00f3 el impacto positivo de estas jornadas, advirtiendo que la disposici\u00f3n inadecuada de estos residuos representa un riesgo para el medioambiente y la salud p\u00fablica. Por ello, insisti\u00f3 en la importancia de continuar promoviendo estas acciones de forma peri\u00f3dica.<\/p>\n\n\n\n<p>La recolecci\u00f3n se logr\u00f3 con el apoyo de entidades especializadas como L\u00famina, Pilas con el Ambiente, Grupo Retorna y Gestor Lito, que se encargan del tratamiento y disposici\u00f3n final de los residuos. La sede principal de la CAM en Neiva fue el mayor punto de acopio, y ya se anunci\u00f3 una nueva edici\u00f3n de esta jornada gratuita para el mes de octubre.<\/p>\n","protected":false},"excerpt":{"rendered":"<p>Durante la jornada ambiental Opitat\u00f3n 2025, liderada por la Corporaci\u00f3n Aut\u00f3noma Regional del Alto Magdalena (CAM), se recolectaron m\u00e1s de 52 toneladas de residuos el\u00e9ctricos y electr\u00f3nicos, as\u00ed como m\u00e1s de 1.000 llantas usadas en los municipios de Neiva y La Plata. La campa\u00f1a se desarroll\u00f3 durante tres d\u00edas y cont\u00f3 con la participaci\u00f3n de [&hellip;]<\/p>\n","protected":false},"author":2,"featured_media":0,"comment_status":"closed","ping_status":"open","sticky":false,"template":"","format":"standard","meta":{"footnotes":""},"categories":[33],"tags":[],"class_list":["post-84442","post","type-post","status-publish","format-standard","hentry","category-huila"],"yoast_head":"<!-- This site is optimized with the Yoast SEO plugin v26.6 - https:\/\/yoast.com\/wordpress\/plugins\/seo\/ -->\n<title>Recolectados residuos electr\u00f3nicos y llantas usadas -<\/title>\n<meta name=\"robots\" content=\"index, follow, max-snippet:-1, max-image-preview:large, max-video-preview:-1\" \/>\n<link rel=\"canonical\" href=\"https:\/\/luchonoticias.com\/editor\/recolectados-residuos-electronicos-y-llantas-usadas\/\" \/>\n<meta property=\"og:locale\" content=\"es_ES\" \/>\n<meta property=\"og:type\" content=\"article\" \/>\n<meta property=\"og:title\" content=\"Recolectados residuos electr\u00f3nicos y llantas usadas -\" \/>\n<meta property=\"og:url\" content=\"https:\/\/luchonoticias.com\/editor\/recolectados-residuos-electronicos-y-llantas-usadas\/\" \/>\n<meta property=\"article:publisher\" content=\"https:\/\/www.facebook.com\/luchonoticiasneiva\" \/>\n<meta property=\"article:published_time\" content=\"2025-06-16T21:49:50+00:00\" \/>\n<meta property=\"article:modified_time\" content=\"2025-06-16T21:49:54+00:00\" \/>\n<meta property=\"og:image\" content=\"https:\/\/luchonoticias.com\/wp-content\/uploads\/2025\/06\/residuos-1.jpg\" \/>\n<meta name=\"author\" content=\"Editor General\" \/>\n<meta name=\"twitter:card\" content=\"summary_large_image\" \/>\n<meta name=\"twitter:label1\" content=\"Escrito por\" \/>\n\t<meta name=\"twitter:data1\" content=\"Editor General\" \/>\n\t<meta name=\"twitter:label2\" content=\"Tiempo de lectura\" \/>\n\t<meta name=\"twitter:data2\" content=\"3 minutos\" \/>\n<script type=\"application\/ld+json\" class=\"yoast-schema-graph\">{\"@context\":\"https:\/\/schema.org\",\"@graph\":[{\"@type\":\"Article\",\"@id\":\"https:\/\/luchonoticias.com\/editor\/recolectados-residuos-electronicos-y-llantas-usadas\/#article\",\"isPartOf\":{\"@id\":\"https:\/\/luchonoticias.com\/editor\/recolectados-residuos-electronicos-y-llantas-usadas\/\"},\"author\":{\"name\":\"Editor General\",\"@id\":\"https:\/\/luchonoticias.com\/editor\/#\/schema\/person\/29217990ddf6f14e35912b2866d591fb\"},\"headline\":\"Recolectados residuos electr\u00f3nicos y llantas usadas\",\"datePublished\":\"2025-06-16T21:49:50+00:00\",\"dateModified\":\"2025-06-16T21:49:54+00:00\",\"mainEntityOfPage\":{\"@id\":\"https:\/\/luchonoticias.com\/editor\/recolectados-residuos-electronicos-y-llantas-usadas\/\"},\"wordCount\":301,\"publisher\":{\"@id\":\"https:\/\/luchonoticias.com\/editor\/#\/schema\/person\/7a7fd911f58561fd056dbac7b55af9cd\"},\"image\":{\"@id\":\"https:\/\/luchonoticias.com\/editor\/recolectados-residuos-electronicos-y-llantas-usadas\/#primaryimage\"},\"thumbnailUrl\":\"https:\/\/luchonoticias.com\/wp-content\/uploads\/2025\/06\/residuos-1.jpg\",\"articleSection\":[\"Huila\"],\"inLanguage\":\"es\"},{\"@type\":\"WebPage\",\"@id\":\"https:\/\/luchonoticias.com\/editor\/recolectados-residuos-electronicos-y-llantas-usadas\/\",\"url\":\"https:\/\/luchonoticias.com\/editor\/recolectados-residuos-electronicos-y-llantas-usadas\/\",\"name\":\"Recolectados residuos electr\u00f3nicos y llantas usadas -\",\"isPartOf\":{\"@id\":\"https:\/\/luchonoticias.com\/editor\/#website\"},\"primaryImageOfPage\":{\"@id\":\"https:\/\/luchonoticias.com\/editor\/recolectados-residuos-electronicos-y-llantas-usadas\/#primaryimage\"},\"image\":{\"@id\":\"https:\/\/luchonoticias.com\/editor\/recolectados-residuos-electronicos-y-llantas-usadas\/#primaryimage\"},\"thumbnailUrl\":\"https:\/\/luchonoticias.com\/wp-content\/uploads\/2025\/06\/residuos-1.jpg\",\"datePublished\":\"2025-06-16T21:49:50+00:00\",\"dateModified\":\"2025-06-16T21:49:54+00:00\",\"breadcrumb\":{\"@id\":\"https:\/\/luchonoticias.com\/editor\/recolectados-residuos-electronicos-y-llantas-usadas\/#breadcrumb\"},\"inLanguage\":\"es\",\"potentialAction\":[{\"@type\":\"ReadAction\",\"target\":[\"https:\/\/luchonoticias.com\/editor\/recolectados-residuos-electronicos-y-llantas-usadas\/\"]}]},{\"@type\":\"ImageObject\",\"inLanguage\":\"es\",\"@id\":\"https:\/\/luchonoticias.com\/editor\/recolectados-residuos-electronicos-y-llantas-usadas\/#primaryimage\",\"url\":\"https:\/\/luchonoticias.com\/wp-content\/uploads\/2025\/06\/residuos-1.jpg\",\"contentUrl\":\"https:\/\/luchonoticias.com\/wp-content\/uploads\/2025\/06\/residuos-1.jpg\"},{\"@type\":\"BreadcrumbList\",\"@id\":\"https:\/\/luchonoticias.com\/editor\/recolectados-residuos-electronicos-y-llantas-usadas\/#breadcrumb\",\"itemListElement\":[{\"@type\":\"ListItem\",\"position\":1,\"name\":\"Portada\",\"item\":\"https:\/\/luchonoticias.com\/editor\/\"},{\"@type\":\"ListItem\",\"position\":2,\"name\":\"Recolectados residuos electr\u00f3nicos y llantas usadas\"}]},{\"@type\":\"WebSite\",\"@id\":\"https:\/\/luchonoticias.com\/editor\/#website\",\"url\":\"https:\/\/luchonoticias.com\/editor\/\",\"name\":\"\",\"description\":\"\",\"publisher\":{\"@id\":\"https:\/\/luchonoticias.com\/editor\/#\/schema\/person\/7a7fd911f58561fd056dbac7b55af9cd\"},\"potentialAction\":[{\"@type\":\"SearchAction\",\"target\":{\"@type\":\"EntryPoint\",\"urlTemplate\":\"https:\/\/luchonoticias.com\/editor\/?s={search_term_string}\"},\"query-input\":{\"@type\":\"PropertyValueSpecification\",\"valueRequired\":true,\"valueName\":\"search_term_string\"}}],\"inLanguage\":\"es\"},{\"@type\":[\"Person\",\"Organization\"],\"@id\":\"https:\/\/luchonoticias.com\/editor\/#\/schema\/person\/7a7fd911f58561fd056dbac7b55af9cd\",\"name\":\"admin\",\"image\":{\"@type\":\"ImageObject\",\"inLanguage\":\"es\",\"@id\":\"https:\/\/luchonoticias.com\/editor\/#\/schema\/person\/image\/\",\"url\":\"https:\/\/luchonoticias.com\/editor\/wp-content\/uploads\/2024\/02\/cropped-cropped-logolu.webp\",\"contentUrl\":\"https:\/\/luchonoticias.com\/editor\/wp-content\/uploads\/2024\/02\/cropped-cropped-logolu.webp\",\"width\":382,\"height\":170,\"caption\":\"admin\"},\"logo\":{\"@id\":\"https:\/\/luchonoticias.com\/editor\/#\/schema\/person\/image\/\"},\"sameAs\":[\"https:\/\/www.facebook.com\/luchonoticiasneiva\"]},{\"@type\":\"Person\",\"@id\":\"https:\/\/luchonoticias.com\/editor\/#\/schema\/person\/29217990ddf6f14e35912b2866d591fb\",\"name\":\"Editor General\",\"image\":{\"@type\":\"ImageObject\",\"inLanguage\":\"es\",\"@id\":\"https:\/\/luchonoticias.com\/editor\/#\/schema\/person\/image\/\",\"url\":\"https:\/\/luchonoticias.com\/editor\/wp-content\/uploads\/2024\/02\/cropped-cropped-logolu-150x150.webp\",\"contentUrl\":\"https:\/\/luchonoticias.com\/editor\/wp-content\/uploads\/2024\/02\/cropped-cropped-logolu-150x150.webp\",\"caption\":\"Editor General\"},\"sameAs\":[\"https:\/\/luchonoticias.com\/\"],\"url\":\"https:\/\/luchonoticias.com\/editor\/author\/editor-general\/\"}]}<\/script>\n<!-- \/ Yoast SEO plugin. -->","yoast_head_json":{"title":"Recolectados residuos electr\u00f3nicos y llantas usadas -","robots":{"index":"index","follow":"follow","max-snippet":"max-snippet:-1","max-image-preview":"max-image-preview:large","max-video-preview":"max-video-preview:-1"},"canonical":"https:\/\/luchonoticias.com\/editor\/recolectados-residuos-electronicos-y-llantas-usadas\/","og_locale":"es_ES","og_type":"article","og_title":"Recolectados residuos electr\u00f3nicos y llantas usadas -","og_url":"https:\/\/luchonoticias.com\/editor\/recolectados-residuos-electronicos-y-llantas-usadas\/","article_publisher":"https:\/\/www.facebook.com\/luchonoticiasneiva","article_published_time":"2025-06-16T21:49:50+00:00","article_modified_time":"2025-06-16T21:49:54+00:00","og_image":[{"url":"https:\/\/luchonoticias.com\/wp-content\/uploads\/2025\/06\/residuos-1.jpg","type":"","width":"","height":""}],"author":"Editor General","twitter_card":"summary_large_image","twitter_misc":{"Escrito por":"Editor General","Tiempo de lectura":"3 minutos"},"schema":{"@context":"https:\/\/schema.org","@graph":[{"@type":"Article","@id":"https:\/\/luchonoticias.com\/editor\/recolectados-residuos-electronicos-y-llantas-usadas\/#article","isPartOf":{"@id":"https:\/\/luchonoticias.com\/editor\/recolectados-residuos-electronicos-y-llantas-usadas\/"},"author":{"name":"Editor General","@id":"https:\/\/luchonoticias.com\/editor\/#\/schema\/person\/29217990ddf6f14e35912b2866d591fb"},"headline":"Recolectados residuos electr\u00f3nicos y llantas usadas","datePublished":"2025-06-16T21:49:50+00:00","dateModified":"2025-06-16T21:49:54+00:00","mainEntityOfPage":{"@id":"https:\/\/luchonoticias.com\/editor\/recolectados-residuos-electronicos-y-llantas-usadas\/"},"wordCount":301,"publisher":{"@id":"https:\/\/luchonoticias.com\/editor\/#\/schema\/person\/7a7fd911f58561fd056dbac7b55af9cd"},"image":{"@id":"https:\/\/luchonoticias.com\/editor\/recolectados-residuos-electronicos-y-llantas-usadas\/#primaryimage"},"thumbnailUrl":"https:\/\/luchonoticias.com\/wp-content\/uploads\/2025\/06\/residuos-1.jpg","articleSection":["Huila"],"inLanguage":"es"},{"@type":"WebPage","@id":"https:\/\/luchonoticias.com\/editor\/recolectados-residuos-electronicos-y-llantas-usadas\/","url":"https:\/\/luchonoticias.com\/editor\/recolectados-residuos-electronicos-y-llantas-usadas\/","name":"Recolectados residuos electr\u00f3nicos y llantas usadas -","isPartOf":{"@id":"https:\/\/luchonoticias.com\/editor\/#website"},"primaryImageOfPage":{"@id":"https:\/\/luchonoticias.com\/editor\/recolectados-residuos-electronicos-y-llantas-usadas\/#primaryimage"},"image":{"@id":"https:\/\/luchonoticias.com\/editor\/recolectados-residuos-electronicos-y-llantas-usadas\/#primaryimage"},"thumbnailUrl":"https:\/\/luchonoticias.com\/wp-content\/uploads\/2025\/06\/residuos-1.jpg","datePublished":"2025-06-16T21:49:50+00:00","dateModified":"2025-06-16T21:49:54+00:00","breadcrumb":{"@id":"https:\/\/luchonoticias.com\/editor\/recolectados-residuos-electronicos-y-llantas-usadas\/#breadcrumb"},"inLanguage":"es","potentialAction":[{"@type":"ReadAction","target":["https:\/\/luchonoticias.com\/editor\/recolectados-residuos-electronicos-y-llantas-usadas\/"]}]},{"@type":"ImageObject","inLanguage":"es","@id":"https:\/\/luchonoticias.com\/editor\/recolectados-residuos-electronicos-y-llantas-usadas\/#primaryimage","url":"https:\/\/luchonoticias.com\/wp-content\/uploads\/2025\/06\/residuos-1.jpg","contentUrl":"https:\/\/luchonoticias.com\/wp-content\/uploads\/2025\/06\/residuos-1.jpg"},{"@type":"BreadcrumbList","@id":"https:\/\/luchonoticias.com\/editor\/recolectados-residuos-electronicos-y-llantas-usadas\/#breadcrumb","itemListElement":[{"@type":"ListItem","position":1,"name":"Portada","item":"https:\/\/luchonoticias.com\/editor\/"},{"@type":"ListItem","position":2,"name":"Recolectados residuos electr\u00f3nicos y llantas usadas"}]},{"@type":"WebSite","@id":"https:\/\/luchonoticias.com\/editor\/#website","url":"https:\/\/luchonoticias.com\/editor\/","name":"","description":"","publisher":{"@id":"https:\/\/luchonoticias.com\/editor\/#\/schema\/person\/7a7fd911f58561fd056dbac7b55af9cd"},"potentialAction":[{"@type":"SearchAction","target":{"@type":"EntryPoint","urlTemplate":"https:\/\/luchonoticias.com\/editor\/?s={search_term_string}"},"query-input":{"@type":"PropertyValueSpecification","valueRequired":true,"valueName":"search_term_string"}}],"inLanguage":"es"},{"@type":["Person","Organization"],"@id":"https:\/\/luchonoticias.com\/editor\/#\/schema\/person\/7a7fd911f58561fd056dbac7b55af9cd","name":"admin","image":{"@type":"ImageObject","inLanguage":"es","@id":"https:\/\/luchonoticias.com\/editor\/#\/schema\/person\/image\/","url":"https:\/\/luchonoticias.com\/editor\/wp-content\/uploads\/2024\/02\/cropped-cropped-logolu.webp","contentUrl":"https:\/\/luchonoticias.com\/editor\/wp-content\/uploads\/2024\/02\/cropped-cropped-logolu.webp","width":382,"height":170,"caption":"admin"},"logo":{"@id":"https:\/\/luchonoticias.com\/editor\/#\/schema\/person\/image\/"},"sameAs":["https:\/\/www.facebook.com\/luchonoticiasneiva"]},{"@type":"Person","@id":"https:\/\/luchonoticias.com\/editor\/#\/schema\/person\/29217990ddf6f14e35912b2866d591fb","name":"Editor General","image":{"@type":"ImageObject","inLanguage":"es","@id":"https:\/\/luchonoticias.com\/editor\/#\/schema\/person\/image\/","url":"https:\/\/luchonoticias.com\/editor\/wp-content\/uploads\/2024\/02\/cropped-cropped-logolu-150x150.webp","contentUrl":"https:\/\/luchonoticias.com\/editor\/wp-content\/uploads\/2024\/02\/cropped-cropped-logolu-150x150.webp","caption":"Editor General"},"sameAs":["https:\/\/luchonoticias.com\/"],"url":"https:\/\/luchonoticias.com\/editor\/author\/editor-general\/"}]}},"_links":{"self":[{"href":"https:\/\/luchonoticias.com\/editor\/wp-json\/wp\/v2\/posts\/84442","targetHints":{"allow":["GET"]}}],"collection":[{"href":"https:\/\/luchonoticias.com\/editor\/wp-json\/wp\/v2\/posts"}],"about":[{"href":"https:\/\/luchonoticias.com\/editor\/wp-json\/wp\/v2\/types\/post"}],"author":[{"embeddable":true,"href":"https:\/\/luchonoticias.com\/editor\/wp-json\/wp\/v2\/users\/2"}],"replies":[{"embeddable":true,"href":"https:\/\/luchonoticias.com\/editor\/wp-json\/wp\/v2\/comments?post=84442"}],"version-history":[{"count":1,"href":"https:\/\/luchonoticias.com\/editor\/wp-json\/wp\/v2\/posts\/84442\/revisions"}],"predecessor-version":[{"id":84450,"href":"https:\/\/luchonoticias.com\/editor\/wp-json\/wp\/v2\/posts\/84442\/revisions\/84450"}],"wp:attachment":[{"href":"https:\/\/luchonoticias.com\/editor\/wp-json\/wp\/v2\/media?parent=84442"}],"wp:term":[{"taxonomy":"category","embeddable":true,"href":"https:\/\/luchonoticias.com\/editor\/wp-json\/wp\/v2\/categories?post=84442"},{"taxonomy":"post_tag","embeddable":true,"href":"https:\/\/luchonoticias.com\/editor\/wp-json\/wp\/v2\/tags?post=84442"}],"curies":[{"name":"wp","href":"https:\/\/api.w.org\/{rel}","templated":true}]}}