{"id":84715,"date":"2025-06-23T04:52:07","date_gmt":"2025-06-23T09:52:07","guid":{"rendered":"https:\/\/luchonoticias.com\/?p=84715"},"modified":"2025-06-23T04:52:09","modified_gmt":"2025-06-23T09:52:09","slug":"proyectos-de-vivienda-propia-para-tres-municipios","status":"publish","type":"post","link":"https:\/\/luchonoticias.com\/editor\/proyectos-de-vivienda-propia-para-tres-municipios\/","title":{"rendered":"Proyectos de vivienda propia para tres municipios"},"content":{"rendered":"\n<p>La Gobernaci\u00f3n del Huila firm\u00f3 tres convenios para la construcci\u00f3n de 177 soluciones de vivienda de inter\u00e9s social en los municipios de Palermo, Rivera y Altamira, con una inversi\u00f3n superior a $11.000 millones. Estos proyectos beneficiar\u00e1n a m\u00e1s de 2.900 personas y buscan aportar a la calidad de vida de familias que por a\u00f1os han esperado cumplir el anhelo de tener casa propia.<\/p>\n\n\n\n<p>Durante el acto protocolario, el gobernador Rodrigo Villalba Mosquera destac\u00f3 que la vivienda propia es un proyecto de vida fundamental para las familias, y que este esfuerzo representa el compromiso del Gobierno Departamental y los municipios para hacer realidad ese sue\u00f1o en comunidades que lo han venido gestionando. Las obras comenzar\u00e1n su ejecuci\u00f3n en los pr\u00f3ximos d\u00edas.<\/p>\n\n\n\n<p>El alcalde de Rivera, Luis Humberto Alvarado Guzm\u00e1n, resalt\u00f3 que este proyecto ayudar\u00e1 a reducir el d\u00e9ficit de vivienda en el municipio, permitiendo entregar 50 casas dignas gracias al trabajo conjunto con la Gobernaci\u00f3n. En Altamira, el alcalde Yesid Rodr\u00edguez Tovar expres\u00f3 la satisfacci\u00f3n de su comunidad por ver materializado un proyecto esperado durante dos d\u00e9cadas.<\/p>\n\n\n\n<figure class=\"wp-block-gallery has-nested-images columns-default is-cropped wp-block-gallery-1 is-layout-flex wp-block-gallery-is-layout-flex\">\n<figure class=\"wp-block-image size-large\"><img loading=\"lazy\" decoding=\"async\" width=\"1024\" height=\"683\" data-id=\"84718\" src=\"https:\/\/luchonoticias.com\/wp-content\/uploads\/2025\/06\/Imagen-de-WhatsApp-2025-06-22-a-las-14.39.19_e86bec13-1024x683.jpg\" alt=\"\" class=\"wp-image-84718\" srcset=\"https:\/\/luchonoticias.com\/editor\/wp-content\/uploads\/2025\/06\/Imagen-de-WhatsApp-2025-06-22-a-las-14.39.19_e86bec13-1024x683.jpg 1024w, https:\/\/luchonoticias.com\/editor\/wp-content\/uploads\/2025\/06\/Imagen-de-WhatsApp-2025-06-22-a-las-14.39.19_e86bec13-300x200.jpg 300w, https:\/\/luchonoticias.com\/editor\/wp-content\/uploads\/2025\/06\/Imagen-de-WhatsApp-2025-06-22-a-las-14.39.19_e86bec13-768x512.jpg 768w, https:\/\/luchonoticias.com\/editor\/wp-content\/uploads\/2025\/06\/Imagen-de-WhatsApp-2025-06-22-a-las-14.39.19_e86bec13-1536x1024.jpg 1536w, https:\/\/luchonoticias.com\/editor\/wp-content\/uploads\/2025\/06\/Imagen-de-WhatsApp-2025-06-22-a-las-14.39.19_e86bec13-2048x1366.jpg 2048w, https:\/\/luchonoticias.com\/editor\/wp-content\/uploads\/2025\/06\/Imagen-de-WhatsApp-2025-06-22-a-las-14.39.19_e86bec13-150x100.jpg 150w, https:\/\/luchonoticias.com\/editor\/wp-content\/uploads\/2025\/06\/Imagen-de-WhatsApp-2025-06-22-a-las-14.39.19_e86bec13-330x220.jpg 330w, https:\/\/luchonoticias.com\/editor\/wp-content\/uploads\/2025\/06\/Imagen-de-WhatsApp-2025-06-22-a-las-14.39.19_e86bec13-420x280.jpg 420w, https:\/\/luchonoticias.com\/editor\/wp-content\/uploads\/2025\/06\/Imagen-de-WhatsApp-2025-06-22-a-las-14.39.19_e86bec13-510x340.jpg 510w\" sizes=\"auto, (max-width: 1024px) 100vw, 1024px\" \/><\/figure>\n\n\n\n<figure class=\"wp-block-image size-large\"><img loading=\"lazy\" decoding=\"async\" width=\"1024\" height=\"683\" data-id=\"84717\" src=\"https:\/\/luchonoticias.com\/wp-content\/uploads\/2025\/06\/Imagen-de-WhatsApp-2025-06-22-a-las-14.39.18_0041f44c-1024x683.jpg\" alt=\"\" class=\"wp-image-84717\" srcset=\"https:\/\/luchonoticias.com\/editor\/wp-content\/uploads\/2025\/06\/Imagen-de-WhatsApp-2025-06-22-a-las-14.39.18_0041f44c-1024x683.jpg 1024w, https:\/\/luchonoticias.com\/editor\/wp-content\/uploads\/2025\/06\/Imagen-de-WhatsApp-2025-06-22-a-las-14.39.18_0041f44c-300x200.jpg 300w, https:\/\/luchonoticias.com\/editor\/wp-content\/uploads\/2025\/06\/Imagen-de-WhatsApp-2025-06-22-a-las-14.39.18_0041f44c-768x512.jpg 768w, https:\/\/luchonoticias.com\/editor\/wp-content\/uploads\/2025\/06\/Imagen-de-WhatsApp-2025-06-22-a-las-14.39.18_0041f44c-1536x1024.jpg 1536w, https:\/\/luchonoticias.com\/editor\/wp-content\/uploads\/2025\/06\/Imagen-de-WhatsApp-2025-06-22-a-las-14.39.18_0041f44c-2048x1366.jpg 2048w, https:\/\/luchonoticias.com\/editor\/wp-content\/uploads\/2025\/06\/Imagen-de-WhatsApp-2025-06-22-a-las-14.39.18_0041f44c-150x100.jpg 150w, https:\/\/luchonoticias.com\/editor\/wp-content\/uploads\/2025\/06\/Imagen-de-WhatsApp-2025-06-22-a-las-14.39.18_0041f44c-330x220.jpg 330w, https:\/\/luchonoticias.com\/editor\/wp-content\/uploads\/2025\/06\/Imagen-de-WhatsApp-2025-06-22-a-las-14.39.18_0041f44c-420x280.jpg 420w, https:\/\/luchonoticias.com\/editor\/wp-content\/uploads\/2025\/06\/Imagen-de-WhatsApp-2025-06-22-a-las-14.39.18_0041f44c-510x340.jpg 510w\" sizes=\"auto, (max-width: 1024px) 100vw, 1024px\" \/><\/figure>\n<\/figure>\n\n\n\n<p>Por su parte, el alcalde de Palermo, Kleiver Oviedo Farf\u00e1n, se\u00f1al\u00f3 que la vivienda propia no acaba con la pobreza, pero s\u00ed genera alegr\u00eda y fortalece las capacidades de las familias. Asegur\u00f3 que se dar\u00e1 prioridad a las familias m\u00e1s necesitadas, en un esfuerzo por construir un futuro m\u00e1s digno para la comunidad.<\/p>\n\n\n\n<p>El gobernador Villalba record\u00f3 que la pol\u00edtica de vivienda ha evolucionado, y que hoy se rescata el modelo de autoconstrucci\u00f3n y lotes con servicios que hab\u00edan quedado olvidados. Con estas acciones, el gobierno \u201cPor un Huila Grande\u201d reafirma su compromiso de transformar vidas, barrio a barrio y casa a casa, priorizando a los m\u00e1s vulnerables.<\/p>\n","protected":false},"excerpt":{"rendered":"<p>La Gobernaci\u00f3n del Huila firm\u00f3 tres convenios para la construcci\u00f3n de 177 soluciones de vivienda de inter\u00e9s social en los municipios de Palermo, Rivera y Altamira, con una inversi\u00f3n superior a $11.000 millones. Estos proyectos beneficiar\u00e1n a m\u00e1s de 2.900 personas y buscan aportar a la calidad de vida de familias que por a\u00f1os han [&hellip;]<\/p>\n","protected":false},"author":2,"featured_media":84716,"comment_status":"closed","ping_status":"open","sticky":false,"template":"","format":"standard","meta":{"footnotes":""},"categories":[1],"tags":[],"class_list":["post-84715","post","type-post","status-publish","format-standard","has-post-thumbnail","hentry","category-columnistas"],"yoast_head":"<!-- This site is optimized with the Yoast SEO plugin v26.6 - https:\/\/yoast.com\/wordpress\/plugins\/seo\/ -->\n<title>Proyectos de vivienda propia para tres municipios -<\/title>\n<meta name=\"robots\" content=\"index, follow, max-snippet:-1, max-image-preview:large, max-video-preview:-1\" \/>\n<link rel=\"canonical\" href=\"https:\/\/luchonoticias.com\/editor\/proyectos-de-vivienda-propia-para-tres-municipios\/\" \/>\n<meta property=\"og:locale\" content=\"es_ES\" \/>\n<meta property=\"og:type\" content=\"article\" \/>\n<meta property=\"og:title\" content=\"Proyectos de vivienda propia para tres municipios -\" \/>\n<meta property=\"og:url\" content=\"https:\/\/luchonoticias.com\/editor\/proyectos-de-vivienda-propia-para-tres-municipios\/\" \/>\n<meta property=\"article:publisher\" content=\"https:\/\/www.facebook.com\/luchonoticiasneiva\" \/>\n<meta property=\"article:published_time\" content=\"2025-06-23T09:52:07+00:00\" \/>\n<meta property=\"article:modified_time\" content=\"2025-06-23T09:52:09+00:00\" \/>\n<meta property=\"og:image\" content=\"https:\/\/luchonoticias.com\/editor\/wp-content\/uploads\/2025\/06\/vivienda-1.jpg\" \/>\n\t<meta property=\"og:image:width\" content=\"700\" \/>\n\t<meta property=\"og:image:height\" content=\"400\" \/>\n\t<meta property=\"og:image:type\" content=\"image\/jpeg\" \/>\n<meta name=\"author\" content=\"Editor General\" \/>\n<meta name=\"twitter:card\" content=\"summary_large_image\" \/>\n<meta name=\"twitter:label1\" content=\"Escrito por\" \/>\n\t<meta name=\"twitter:data1\" content=\"Editor General\" \/>\n\t<meta name=\"twitter:label2\" content=\"Tiempo de lectura\" \/>\n\t<meta name=\"twitter:data2\" content=\"2 minutos\" \/>\n<script type=\"application\/ld+json\" class=\"yoast-schema-graph\">{\"@context\":\"https:\/\/schema.org\",\"@graph\":[{\"@type\":\"Article\",\"@id\":\"https:\/\/luchonoticias.com\/editor\/proyectos-de-vivienda-propia-para-tres-municipios\/#article\",\"isPartOf\":{\"@id\":\"https:\/\/luchonoticias.com\/editor\/proyectos-de-vivienda-propia-para-tres-municipios\/\"},\"author\":{\"name\":\"Editor General\",\"@id\":\"https:\/\/luchonoticias.com\/editor\/#\/schema\/person\/29217990ddf6f14e35912b2866d591fb\"},\"headline\":\"Proyectos de vivienda propia para tres municipios\",\"datePublished\":\"2025-06-23T09:52:07+00:00\",\"dateModified\":\"2025-06-23T09:52:09+00:00\",\"mainEntityOfPage\":{\"@id\":\"https:\/\/luchonoticias.com\/editor\/proyectos-de-vivienda-propia-para-tres-municipios\/\"},\"wordCount\":314,\"publisher\":{\"@id\":\"https:\/\/luchonoticias.com\/editor\/#\/schema\/person\/7a7fd911f58561fd056dbac7b55af9cd\"},\"image\":{\"@id\":\"https:\/\/luchonoticias.com\/editor\/proyectos-de-vivienda-propia-para-tres-municipios\/#primaryimage\"},\"thumbnailUrl\":\"https:\/\/luchonoticias.com\/editor\/wp-content\/uploads\/2025\/06\/vivienda-1.jpg\",\"articleSection\":[\"Columnistas\"],\"inLanguage\":\"es\"},{\"@type\":\"WebPage\",\"@id\":\"https:\/\/luchonoticias.com\/editor\/proyectos-de-vivienda-propia-para-tres-municipios\/\",\"url\":\"https:\/\/luchonoticias.com\/editor\/proyectos-de-vivienda-propia-para-tres-municipios\/\",\"name\":\"Proyectos de vivienda propia para tres municipios -\",\"isPartOf\":{\"@id\":\"https:\/\/luchonoticias.com\/editor\/#website\"},\"primaryImageOfPage\":{\"@id\":\"https:\/\/luchonoticias.com\/editor\/proyectos-de-vivienda-propia-para-tres-municipios\/#primaryimage\"},\"image\":{\"@id\":\"https:\/\/luchonoticias.com\/editor\/proyectos-de-vivienda-propia-para-tres-municipios\/#primaryimage\"},\"thumbnailUrl\":\"https:\/\/luchonoticias.com\/editor\/wp-content\/uploads\/2025\/06\/vivienda-1.jpg\",\"datePublished\":\"2025-06-23T09:52:07+00:00\",\"dateModified\":\"2025-06-23T09:52:09+00:00\",\"breadcrumb\":{\"@id\":\"https:\/\/luchonoticias.com\/editor\/proyectos-de-vivienda-propia-para-tres-municipios\/#breadcrumb\"},\"inLanguage\":\"es\",\"potentialAction\":[{\"@type\":\"ReadAction\",\"target\":[\"https:\/\/luchonoticias.com\/editor\/proyectos-de-vivienda-propia-para-tres-municipios\/\"]}]},{\"@type\":\"ImageObject\",\"inLanguage\":\"es\",\"@id\":\"https:\/\/luchonoticias.com\/editor\/proyectos-de-vivienda-propia-para-tres-municipios\/#primaryimage\",\"url\":\"https:\/\/luchonoticias.com\/editor\/wp-content\/uploads\/2025\/06\/vivienda-1.jpg\",\"contentUrl\":\"https:\/\/luchonoticias.com\/editor\/wp-content\/uploads\/2025\/06\/vivienda-1.jpg\",\"width\":700,\"height\":400},{\"@type\":\"BreadcrumbList\",\"@id\":\"https:\/\/luchonoticias.com\/editor\/proyectos-de-vivienda-propia-para-tres-municipios\/#breadcrumb\",\"itemListElement\":[{\"@type\":\"ListItem\",\"position\":1,\"name\":\"Portada\",\"item\":\"https:\/\/luchonoticias.com\/editor\/\"},{\"@type\":\"ListItem\",\"position\":2,\"name\":\"Proyectos de vivienda propia para tres municipios\"}]},{\"@type\":\"WebSite\",\"@id\":\"https:\/\/luchonoticias.com\/editor\/#website\",\"url\":\"https:\/\/luchonoticias.com\/editor\/\",\"name\":\"\",\"description\":\"\",\"publisher\":{\"@id\":\"https:\/\/luchonoticias.com\/editor\/#\/schema\/person\/7a7fd911f58561fd056dbac7b55af9cd\"},\"potentialAction\":[{\"@type\":\"SearchAction\",\"target\":{\"@type\":\"EntryPoint\",\"urlTemplate\":\"https:\/\/luchonoticias.com\/editor\/?s={search_term_string}\"},\"query-input\":{\"@type\":\"PropertyValueSpecification\",\"valueRequired\":true,\"valueName\":\"search_term_string\"}}],\"inLanguage\":\"es\"},{\"@type\":[\"Person\",\"Organization\"],\"@id\":\"https:\/\/luchonoticias.com\/editor\/#\/schema\/person\/7a7fd911f58561fd056dbac7b55af9cd\",\"name\":\"admin\",\"image\":{\"@type\":\"ImageObject\",\"inLanguage\":\"es\",\"@id\":\"https:\/\/luchonoticias.com\/editor\/#\/schema\/person\/image\/\",\"url\":\"https:\/\/luchonoticias.com\/editor\/wp-content\/uploads\/2024\/02\/cropped-cropped-logolu.webp\",\"contentUrl\":\"https:\/\/luchonoticias.com\/editor\/wp-content\/uploads\/2024\/02\/cropped-cropped-logolu.webp\",\"width\":382,\"height\":170,\"caption\":\"admin\"},\"logo\":{\"@id\":\"https:\/\/luchonoticias.com\/editor\/#\/schema\/person\/image\/\"},\"sameAs\":[\"https:\/\/www.facebook.com\/luchonoticiasneiva\"]},{\"@type\":\"Person\",\"@id\":\"https:\/\/luchonoticias.com\/editor\/#\/schema\/person\/29217990ddf6f14e35912b2866d591fb\",\"name\":\"Editor General\",\"image\":{\"@type\":\"ImageObject\",\"inLanguage\":\"es\",\"@id\":\"https:\/\/luchonoticias.com\/editor\/#\/schema\/person\/image\/\",\"url\":\"https:\/\/luchonoticias.com\/editor\/wp-content\/uploads\/2024\/02\/cropped-cropped-logolu-150x150.webp\",\"contentUrl\":\"https:\/\/luchonoticias.com\/editor\/wp-content\/uploads\/2024\/02\/cropped-cropped-logolu-150x150.webp\",\"caption\":\"Editor General\"},\"sameAs\":[\"https:\/\/luchonoticias.com\/\"],\"url\":\"https:\/\/luchonoticias.com\/editor\/author\/editor-general\/\"}]}<\/script>\n<!-- \/ Yoast SEO plugin. -->","yoast_head_json":{"title":"Proyectos de vivienda propia para tres municipios -","robots":{"index":"index","follow":"follow","max-snippet":"max-snippet:-1","max-image-preview":"max-image-preview:large","max-video-preview":"max-video-preview:-1"},"canonical":"https:\/\/luchonoticias.com\/editor\/proyectos-de-vivienda-propia-para-tres-municipios\/","og_locale":"es_ES","og_type":"article","og_title":"Proyectos de vivienda propia para tres municipios -","og_url":"https:\/\/luchonoticias.com\/editor\/proyectos-de-vivienda-propia-para-tres-municipios\/","article_publisher":"https:\/\/www.facebook.com\/luchonoticiasneiva","article_published_time":"2025-06-23T09:52:07+00:00","article_modified_time":"2025-06-23T09:52:09+00:00","og_image":[{"width":700,"height":400,"url":"https:\/\/luchonoticias.com\/editor\/wp-content\/uploads\/2025\/06\/vivienda-1.jpg","type":"image\/jpeg"}],"author":"Editor General","twitter_card":"summary_large_image","twitter_misc":{"Escrito por":"Editor General","Tiempo de lectura":"2 minutos"},"schema":{"@context":"https:\/\/schema.org","@graph":[{"@type":"Article","@id":"https:\/\/luchonoticias.com\/editor\/proyectos-de-vivienda-propia-para-tres-municipios\/#article","isPartOf":{"@id":"https:\/\/luchonoticias.com\/editor\/proyectos-de-vivienda-propia-para-tres-municipios\/"},"author":{"name":"Editor General","@id":"https:\/\/luchonoticias.com\/editor\/#\/schema\/person\/29217990ddf6f14e35912b2866d591fb"},"headline":"Proyectos de vivienda propia para tres municipios","datePublished":"2025-06-23T09:52:07+00:00","dateModified":"2025-06-23T09:52:09+00:00","mainEntityOfPage":{"@id":"https:\/\/luchonoticias.com\/editor\/proyectos-de-vivienda-propia-para-tres-municipios\/"},"wordCount":314,"publisher":{"@id":"https:\/\/luchonoticias.com\/editor\/#\/schema\/person\/7a7fd911f58561fd056dbac7b55af9cd"},"image":{"@id":"https:\/\/luchonoticias.com\/editor\/proyectos-de-vivienda-propia-para-tres-municipios\/#primaryimage"},"thumbnailUrl":"https:\/\/luchonoticias.com\/editor\/wp-content\/uploads\/2025\/06\/vivienda-1.jpg","articleSection":["Columnistas"],"inLanguage":"es"},{"@type":"WebPage","@id":"https:\/\/luchonoticias.com\/editor\/proyectos-de-vivienda-propia-para-tres-municipios\/","url":"https:\/\/luchonoticias.com\/editor\/proyectos-de-vivienda-propia-para-tres-municipios\/","name":"Proyectos de vivienda propia para tres municipios -","isPartOf":{"@id":"https:\/\/luchonoticias.com\/editor\/#website"},"primaryImageOfPage":{"@id":"https:\/\/luchonoticias.com\/editor\/proyectos-de-vivienda-propia-para-tres-municipios\/#primaryimage"},"image":{"@id":"https:\/\/luchonoticias.com\/editor\/proyectos-de-vivienda-propia-para-tres-municipios\/#primaryimage"},"thumbnailUrl":"https:\/\/luchonoticias.com\/editor\/wp-content\/uploads\/2025\/06\/vivienda-1.jpg","datePublished":"2025-06-23T09:52:07+00:00","dateModified":"2025-06-23T09:52:09+00:00","breadcrumb":{"@id":"https:\/\/luchonoticias.com\/editor\/proyectos-de-vivienda-propia-para-tres-municipios\/#breadcrumb"},"inLanguage":"es","potentialAction":[{"@type":"ReadAction","target":["https:\/\/luchonoticias.com\/editor\/proyectos-de-vivienda-propia-para-tres-municipios\/"]}]},{"@type":"ImageObject","inLanguage":"es","@id":"https:\/\/luchonoticias.com\/editor\/proyectos-de-vivienda-propia-para-tres-municipios\/#primaryimage","url":"https:\/\/luchonoticias.com\/editor\/wp-content\/uploads\/2025\/06\/vivienda-1.jpg","contentUrl":"https:\/\/luchonoticias.com\/editor\/wp-content\/uploads\/2025\/06\/vivienda-1.jpg","width":700,"height":400},{"@type":"BreadcrumbList","@id":"https:\/\/luchonoticias.com\/editor\/proyectos-de-vivienda-propia-para-tres-municipios\/#breadcrumb","itemListElement":[{"@type":"ListItem","position":1,"name":"Portada","item":"https:\/\/luchonoticias.com\/editor\/"},{"@type":"ListItem","position":2,"name":"Proyectos de vivienda propia para tres municipios"}]},{"@type":"WebSite","@id":"https:\/\/luchonoticias.com\/editor\/#website","url":"https:\/\/luchonoticias.com\/editor\/","name":"","description":"","publisher":{"@id":"https:\/\/luchonoticias.com\/editor\/#\/schema\/person\/7a7fd911f58561fd056dbac7b55af9cd"},"potentialAction":[{"@type":"SearchAction","target":{"@type":"EntryPoint","urlTemplate":"https:\/\/luchonoticias.com\/editor\/?s={search_term_string}"},"query-input":{"@type":"PropertyValueSpecification","valueRequired":true,"valueName":"search_term_string"}}],"inLanguage":"es"},{"@type":["Person","Organization"],"@id":"https:\/\/luchonoticias.com\/editor\/#\/schema\/person\/7a7fd911f58561fd056dbac7b55af9cd","name":"admin","image":{"@type":"ImageObject","inLanguage":"es","@id":"https:\/\/luchonoticias.com\/editor\/#\/schema\/person\/image\/","url":"https:\/\/luchonoticias.com\/editor\/wp-content\/uploads\/2024\/02\/cropped-cropped-logolu.webp","contentUrl":"https:\/\/luchonoticias.com\/editor\/wp-content\/uploads\/2024\/02\/cropped-cropped-logolu.webp","width":382,"height":170,"caption":"admin"},"logo":{"@id":"https:\/\/luchonoticias.com\/editor\/#\/schema\/person\/image\/"},"sameAs":["https:\/\/www.facebook.com\/luchonoticiasneiva"]},{"@type":"Person","@id":"https:\/\/luchonoticias.com\/editor\/#\/schema\/person\/29217990ddf6f14e35912b2866d591fb","name":"Editor General","image":{"@type":"ImageObject","inLanguage":"es","@id":"https:\/\/luchonoticias.com\/editor\/#\/schema\/person\/image\/","url":"https:\/\/luchonoticias.com\/editor\/wp-content\/uploads\/2024\/02\/cropped-cropped-logolu-150x150.webp","contentUrl":"https:\/\/luchonoticias.com\/editor\/wp-content\/uploads\/2024\/02\/cropped-cropped-logolu-150x150.webp","caption":"Editor General"},"sameAs":["https:\/\/luchonoticias.com\/"],"url":"https:\/\/luchonoticias.com\/editor\/author\/editor-general\/"}]}},"_links":{"self":[{"href":"https:\/\/luchonoticias.com\/editor\/wp-json\/wp\/v2\/posts\/84715","targetHints":{"allow":["GET"]}}],"collection":[{"href":"https:\/\/luchonoticias.com\/editor\/wp-json\/wp\/v2\/posts"}],"about":[{"href":"https:\/\/luchonoticias.com\/editor\/wp-json\/wp\/v2\/types\/post"}],"author":[{"embeddable":true,"href":"https:\/\/luchonoticias.com\/editor\/wp-json\/wp\/v2\/users\/2"}],"replies":[{"embeddable":true,"href":"https:\/\/luchonoticias.com\/editor\/wp-json\/wp\/v2\/comments?post=84715"}],"version-history":[{"count":1,"href":"https:\/\/luchonoticias.com\/editor\/wp-json\/wp\/v2\/posts\/84715\/revisions"}],"predecessor-version":[{"id":84719,"href":"https:\/\/luchonoticias.com\/editor\/wp-json\/wp\/v2\/posts\/84715\/revisions\/84719"}],"wp:featuredmedia":[{"embeddable":true,"href":"https:\/\/luchonoticias.com\/editor\/wp-json\/wp\/v2\/media\/84716"}],"wp:attachment":[{"href":"https:\/\/luchonoticias.com\/editor\/wp-json\/wp\/v2\/media?parent=84715"}],"wp:term":[{"taxonomy":"category","embeddable":true,"href":"https:\/\/luchonoticias.com\/editor\/wp-json\/wp\/v2\/categories?post=84715"},{"taxonomy":"post_tag","embeddable":true,"href":"https:\/\/luchonoticias.com\/editor\/wp-json\/wp\/v2\/tags?post=84715"}],"curies":[{"name":"wp","href":"https:\/\/api.w.org\/{rel}","templated":true}]}}