{"id":84720,"date":"2025-06-23T05:01:59","date_gmt":"2025-06-23T10:01:59","guid":{"rendered":"https:\/\/luchonoticias.com\/?p=84720"},"modified":"2025-06-23T05:02:01","modified_gmt":"2025-06-23T10:02:01","slug":"sorteo-de-la-loteria-de-medellin-en-la-mira-de-la-procuraduria","status":"publish","type":"post","link":"https:\/\/luchonoticias.com\/editor\/sorteo-de-la-loteria-de-medellin-en-la-mira-de-la-procuraduria\/","title":{"rendered":"Sorteo de la Loter\u00eda de Medell\u00edn, en la mira de la Procuradur\u00eda"},"content":{"rendered":"\n<p>Los organismos de control abrieron investigaciones para esclarecer posibles irregularidades en el premio de 1.000 millones de pesos que gan\u00f3 Luisa Jaramillo, esposa del entonces subgerente de la Loter\u00eda de Medell\u00edn, Rub\u00e9n Callejas. El hecho ocurri\u00f3 durante el sorteo especial del D\u00eda de la Madre, el pasado 9 de mayo, y despert\u00f3 sospechas debido a los v\u00ednculos de la ganadora con la administraci\u00f3n departamental.<\/p>\n\n\n\n<p>Callejas, quien adem\u00e1s es exdiputado, present\u00f3 su renuncia el 26 de mayo tras conocerse la pol\u00e9mica. Jaramillo, adem\u00e1s de ser la esposa del funcionario, es asesora de despacho en la Gobernaci\u00f3n de Antioquia y presentadora de Teleantioquia, lo que gener\u00f3 a\u00fan m\u00e1s cuestionamientos sobre el sorteo.<\/p>\n\n\n\n<p>El caso lleg\u00f3 hasta el presidente Gustavo Petro, quien pidi\u00f3 a los \u00f3rganos disciplinarios y penales investigar lo sucedido. En respuesta, la Procuradur\u00eda anunci\u00f3 la apertura inmediata de una indagaci\u00f3n para determinar si hubo o no irregularidades en el sorteo n\u00famero 4788.<\/p>\n\n\n\n<p>Por su parte, la Loter\u00eda de Medell\u00edn asegur\u00f3 que al detectar que el boleto ganador fue adquirido por Callejas, se activaron protocolos internos para garantizar la transparencia. La entidad realiz\u00f3 dos auditor\u00edas con una firma externa, que concluyeron que el proceso fue en su mayor\u00eda autom\u00e1tico y con escaso margen de error.<\/p>\n\n\n\n<p>La Loter\u00eda tambi\u00e9n revis\u00f3 los videos de seguridad antes, durante y despu\u00e9s del sorteo sin encontrar anomal\u00edas. Adem\u00e1s, el premio solo fue entregado una vez culminaron las auditor\u00edas. Las investigaciones contin\u00faan para esclarecer si se trat\u00f3 de un hecho afortunado o de una posible irregularidad.<\/p>\n","protected":false},"excerpt":{"rendered":"<p>Los organismos de control abrieron investigaciones para esclarecer posibles irregularidades en el premio de 1.000 millones de pesos que gan\u00f3 Luisa Jaramillo, esposa del entonces subgerente de la Loter\u00eda de Medell\u00edn, Rub\u00e9n Callejas. El hecho ocurri\u00f3 durante el sorteo especial del D\u00eda de la Madre, el pasado 9 de mayo, y despert\u00f3 sospechas debido a [&hellip;]<\/p>\n","protected":false},"author":2,"featured_media":84721,"comment_status":"closed","ping_status":"open","sticky":false,"template":"","format":"standard","meta":{"footnotes":""},"categories":[28,32],"tags":[],"class_list":["post-84720","post","type-post","status-publish","format-standard","has-post-thumbnail","hentry","category-actualidad","category-nacional"],"yoast_head":"<!-- This site is optimized with the Yoast SEO plugin v26.6 - https:\/\/yoast.com\/wordpress\/plugins\/seo\/ -->\n<title>Sorteo de la Loter\u00eda de Medell\u00edn, en la mira de la Procuradur\u00eda -<\/title>\n<meta name=\"robots\" content=\"index, follow, max-snippet:-1, max-image-preview:large, max-video-preview:-1\" \/>\n<link rel=\"canonical\" href=\"https:\/\/luchonoticias.com\/editor\/sorteo-de-la-loteria-de-medellin-en-la-mira-de-la-procuraduria\/\" \/>\n<meta property=\"og:locale\" content=\"es_ES\" \/>\n<meta property=\"og:type\" content=\"article\" \/>\n<meta property=\"og:title\" content=\"Sorteo de la Loter\u00eda de Medell\u00edn, en la mira de la Procuradur\u00eda -\" \/>\n<meta property=\"og:url\" content=\"https:\/\/luchonoticias.com\/editor\/sorteo-de-la-loteria-de-medellin-en-la-mira-de-la-procuraduria\/\" \/>\n<meta property=\"article:publisher\" content=\"https:\/\/www.facebook.com\/luchonoticiasneiva\" \/>\n<meta property=\"article:published_time\" content=\"2025-06-23T10:01:59+00:00\" \/>\n<meta property=\"article:modified_time\" content=\"2025-06-23T10:02:01+00:00\" \/>\n<meta property=\"og:image\" content=\"https:\/\/luchonoticias.com\/editor\/wp-content\/uploads\/2025\/06\/loteria.jpg\" \/>\n\t<meta property=\"og:image:width\" content=\"700\" \/>\n\t<meta property=\"og:image:height\" content=\"400\" \/>\n\t<meta property=\"og:image:type\" content=\"image\/jpeg\" \/>\n<meta name=\"author\" content=\"Editor General\" \/>\n<meta name=\"twitter:card\" content=\"summary_large_image\" \/>\n<meta name=\"twitter:label1\" content=\"Escrito por\" \/>\n\t<meta name=\"twitter:data1\" content=\"Editor General\" \/>\n\t<meta name=\"twitter:label2\" content=\"Tiempo de lectura\" \/>\n\t<meta name=\"twitter:data2\" content=\"2 minutos\" \/>\n<script type=\"application\/ld+json\" class=\"yoast-schema-graph\">{\"@context\":\"https:\/\/schema.org\",\"@graph\":[{\"@type\":\"Article\",\"@id\":\"https:\/\/luchonoticias.com\/editor\/sorteo-de-la-loteria-de-medellin-en-la-mira-de-la-procuraduria\/#article\",\"isPartOf\":{\"@id\":\"https:\/\/luchonoticias.com\/editor\/sorteo-de-la-loteria-de-medellin-en-la-mira-de-la-procuraduria\/\"},\"author\":{\"name\":\"Editor General\",\"@id\":\"https:\/\/luchonoticias.com\/editor\/#\/schema\/person\/29217990ddf6f14e35912b2866d591fb\"},\"headline\":\"Sorteo de la Loter\u00eda de Medell\u00edn, en la mira de la Procuradur\u00eda\",\"datePublished\":\"2025-06-23T10:01:59+00:00\",\"dateModified\":\"2025-06-23T10:02:01+00:00\",\"mainEntityOfPage\":{\"@id\":\"https:\/\/luchonoticias.com\/editor\/sorteo-de-la-loteria-de-medellin-en-la-mira-de-la-procuraduria\/\"},\"wordCount\":287,\"publisher\":{\"@id\":\"https:\/\/luchonoticias.com\/editor\/#\/schema\/person\/7a7fd911f58561fd056dbac7b55af9cd\"},\"image\":{\"@id\":\"https:\/\/luchonoticias.com\/editor\/sorteo-de-la-loteria-de-medellin-en-la-mira-de-la-procuraduria\/#primaryimage\"},\"thumbnailUrl\":\"https:\/\/luchonoticias.com\/editor\/wp-content\/uploads\/2025\/06\/loteria.jpg\",\"articleSection\":[\"Actualidad\",\"Nacional\"],\"inLanguage\":\"es\"},{\"@type\":\"WebPage\",\"@id\":\"https:\/\/luchonoticias.com\/editor\/sorteo-de-la-loteria-de-medellin-en-la-mira-de-la-procuraduria\/\",\"url\":\"https:\/\/luchonoticias.com\/editor\/sorteo-de-la-loteria-de-medellin-en-la-mira-de-la-procuraduria\/\",\"name\":\"Sorteo de la Loter\u00eda de Medell\u00edn, en la mira de la Procuradur\u00eda -\",\"isPartOf\":{\"@id\":\"https:\/\/luchonoticias.com\/editor\/#website\"},\"primaryImageOfPage\":{\"@id\":\"https:\/\/luchonoticias.com\/editor\/sorteo-de-la-loteria-de-medellin-en-la-mira-de-la-procuraduria\/#primaryimage\"},\"image\":{\"@id\":\"https:\/\/luchonoticias.com\/editor\/sorteo-de-la-loteria-de-medellin-en-la-mira-de-la-procuraduria\/#primaryimage\"},\"thumbnailUrl\":\"https:\/\/luchonoticias.com\/editor\/wp-content\/uploads\/2025\/06\/loteria.jpg\",\"datePublished\":\"2025-06-23T10:01:59+00:00\",\"dateModified\":\"2025-06-23T10:02:01+00:00\",\"breadcrumb\":{\"@id\":\"https:\/\/luchonoticias.com\/editor\/sorteo-de-la-loteria-de-medellin-en-la-mira-de-la-procuraduria\/#breadcrumb\"},\"inLanguage\":\"es\",\"potentialAction\":[{\"@type\":\"ReadAction\",\"target\":[\"https:\/\/luchonoticias.com\/editor\/sorteo-de-la-loteria-de-medellin-en-la-mira-de-la-procuraduria\/\"]}]},{\"@type\":\"ImageObject\",\"inLanguage\":\"es\",\"@id\":\"https:\/\/luchonoticias.com\/editor\/sorteo-de-la-loteria-de-medellin-en-la-mira-de-la-procuraduria\/#primaryimage\",\"url\":\"https:\/\/luchonoticias.com\/editor\/wp-content\/uploads\/2025\/06\/loteria.jpg\",\"contentUrl\":\"https:\/\/luchonoticias.com\/editor\/wp-content\/uploads\/2025\/06\/loteria.jpg\",\"width\":700,\"height\":400},{\"@type\":\"BreadcrumbList\",\"@id\":\"https:\/\/luchonoticias.com\/editor\/sorteo-de-la-loteria-de-medellin-en-la-mira-de-la-procuraduria\/#breadcrumb\",\"itemListElement\":[{\"@type\":\"ListItem\",\"position\":1,\"name\":\"Portada\",\"item\":\"https:\/\/luchonoticias.com\/editor\/\"},{\"@type\":\"ListItem\",\"position\":2,\"name\":\"Sorteo de la Loter\u00eda de Medell\u00edn, en la mira de la Procuradur\u00eda\"}]},{\"@type\":\"WebSite\",\"@id\":\"https:\/\/luchonoticias.com\/editor\/#website\",\"url\":\"https:\/\/luchonoticias.com\/editor\/\",\"name\":\"\",\"description\":\"\",\"publisher\":{\"@id\":\"https:\/\/luchonoticias.com\/editor\/#\/schema\/person\/7a7fd911f58561fd056dbac7b55af9cd\"},\"potentialAction\":[{\"@type\":\"SearchAction\",\"target\":{\"@type\":\"EntryPoint\",\"urlTemplate\":\"https:\/\/luchonoticias.com\/editor\/?s={search_term_string}\"},\"query-input\":{\"@type\":\"PropertyValueSpecification\",\"valueRequired\":true,\"valueName\":\"search_term_string\"}}],\"inLanguage\":\"es\"},{\"@type\":[\"Person\",\"Organization\"],\"@id\":\"https:\/\/luchonoticias.com\/editor\/#\/schema\/person\/7a7fd911f58561fd056dbac7b55af9cd\",\"name\":\"admin\",\"image\":{\"@type\":\"ImageObject\",\"inLanguage\":\"es\",\"@id\":\"https:\/\/luchonoticias.com\/editor\/#\/schema\/person\/image\/\",\"url\":\"https:\/\/luchonoticias.com\/editor\/wp-content\/uploads\/2024\/02\/cropped-cropped-logolu.webp\",\"contentUrl\":\"https:\/\/luchonoticias.com\/editor\/wp-content\/uploads\/2024\/02\/cropped-cropped-logolu.webp\",\"width\":382,\"height\":170,\"caption\":\"admin\"},\"logo\":{\"@id\":\"https:\/\/luchonoticias.com\/editor\/#\/schema\/person\/image\/\"},\"sameAs\":[\"https:\/\/www.facebook.com\/luchonoticiasneiva\"]},{\"@type\":\"Person\",\"@id\":\"https:\/\/luchonoticias.com\/editor\/#\/schema\/person\/29217990ddf6f14e35912b2866d591fb\",\"name\":\"Editor General\",\"image\":{\"@type\":\"ImageObject\",\"inLanguage\":\"es\",\"@id\":\"https:\/\/luchonoticias.com\/editor\/#\/schema\/person\/image\/\",\"url\":\"https:\/\/luchonoticias.com\/editor\/wp-content\/uploads\/2024\/02\/cropped-cropped-logolu-150x150.webp\",\"contentUrl\":\"https:\/\/luchonoticias.com\/editor\/wp-content\/uploads\/2024\/02\/cropped-cropped-logolu-150x150.webp\",\"caption\":\"Editor General\"},\"sameAs\":[\"https:\/\/luchonoticias.com\/\"],\"url\":\"https:\/\/luchonoticias.com\/editor\/author\/editor-general\/\"}]}<\/script>\n<!-- \/ Yoast SEO plugin. -->","yoast_head_json":{"title":"Sorteo de la Loter\u00eda de Medell\u00edn, en la mira de la Procuradur\u00eda -","robots":{"index":"index","follow":"follow","max-snippet":"max-snippet:-1","max-image-preview":"max-image-preview:large","max-video-preview":"max-video-preview:-1"},"canonical":"https:\/\/luchonoticias.com\/editor\/sorteo-de-la-loteria-de-medellin-en-la-mira-de-la-procuraduria\/","og_locale":"es_ES","og_type":"article","og_title":"Sorteo de la Loter\u00eda de Medell\u00edn, en la mira de la Procuradur\u00eda -","og_url":"https:\/\/luchonoticias.com\/editor\/sorteo-de-la-loteria-de-medellin-en-la-mira-de-la-procuraduria\/","article_publisher":"https:\/\/www.facebook.com\/luchonoticiasneiva","article_published_time":"2025-06-23T10:01:59+00:00","article_modified_time":"2025-06-23T10:02:01+00:00","og_image":[{"width":700,"height":400,"url":"https:\/\/luchonoticias.com\/editor\/wp-content\/uploads\/2025\/06\/loteria.jpg","type":"image\/jpeg"}],"author":"Editor General","twitter_card":"summary_large_image","twitter_misc":{"Escrito por":"Editor General","Tiempo de lectura":"2 minutos"},"schema":{"@context":"https:\/\/schema.org","@graph":[{"@type":"Article","@id":"https:\/\/luchonoticias.com\/editor\/sorteo-de-la-loteria-de-medellin-en-la-mira-de-la-procuraduria\/#article","isPartOf":{"@id":"https:\/\/luchonoticias.com\/editor\/sorteo-de-la-loteria-de-medellin-en-la-mira-de-la-procuraduria\/"},"author":{"name":"Editor General","@id":"https:\/\/luchonoticias.com\/editor\/#\/schema\/person\/29217990ddf6f14e35912b2866d591fb"},"headline":"Sorteo de la Loter\u00eda de Medell\u00edn, en la mira de la Procuradur\u00eda","datePublished":"2025-06-23T10:01:59+00:00","dateModified":"2025-06-23T10:02:01+00:00","mainEntityOfPage":{"@id":"https:\/\/luchonoticias.com\/editor\/sorteo-de-la-loteria-de-medellin-en-la-mira-de-la-procuraduria\/"},"wordCount":287,"publisher":{"@id":"https:\/\/luchonoticias.com\/editor\/#\/schema\/person\/7a7fd911f58561fd056dbac7b55af9cd"},"image":{"@id":"https:\/\/luchonoticias.com\/editor\/sorteo-de-la-loteria-de-medellin-en-la-mira-de-la-procuraduria\/#primaryimage"},"thumbnailUrl":"https:\/\/luchonoticias.com\/editor\/wp-content\/uploads\/2025\/06\/loteria.jpg","articleSection":["Actualidad","Nacional"],"inLanguage":"es"},{"@type":"WebPage","@id":"https:\/\/luchonoticias.com\/editor\/sorteo-de-la-loteria-de-medellin-en-la-mira-de-la-procuraduria\/","url":"https:\/\/luchonoticias.com\/editor\/sorteo-de-la-loteria-de-medellin-en-la-mira-de-la-procuraduria\/","name":"Sorteo de la Loter\u00eda de Medell\u00edn, en la mira de la Procuradur\u00eda -","isPartOf":{"@id":"https:\/\/luchonoticias.com\/editor\/#website"},"primaryImageOfPage":{"@id":"https:\/\/luchonoticias.com\/editor\/sorteo-de-la-loteria-de-medellin-en-la-mira-de-la-procuraduria\/#primaryimage"},"image":{"@id":"https:\/\/luchonoticias.com\/editor\/sorteo-de-la-loteria-de-medellin-en-la-mira-de-la-procuraduria\/#primaryimage"},"thumbnailUrl":"https:\/\/luchonoticias.com\/editor\/wp-content\/uploads\/2025\/06\/loteria.jpg","datePublished":"2025-06-23T10:01:59+00:00","dateModified":"2025-06-23T10:02:01+00:00","breadcrumb":{"@id":"https:\/\/luchonoticias.com\/editor\/sorteo-de-la-loteria-de-medellin-en-la-mira-de-la-procuraduria\/#breadcrumb"},"inLanguage":"es","potentialAction":[{"@type":"ReadAction","target":["https:\/\/luchonoticias.com\/editor\/sorteo-de-la-loteria-de-medellin-en-la-mira-de-la-procuraduria\/"]}]},{"@type":"ImageObject","inLanguage":"es","@id":"https:\/\/luchonoticias.com\/editor\/sorteo-de-la-loteria-de-medellin-en-la-mira-de-la-procuraduria\/#primaryimage","url":"https:\/\/luchonoticias.com\/editor\/wp-content\/uploads\/2025\/06\/loteria.jpg","contentUrl":"https:\/\/luchonoticias.com\/editor\/wp-content\/uploads\/2025\/06\/loteria.jpg","width":700,"height":400},{"@type":"BreadcrumbList","@id":"https:\/\/luchonoticias.com\/editor\/sorteo-de-la-loteria-de-medellin-en-la-mira-de-la-procuraduria\/#breadcrumb","itemListElement":[{"@type":"ListItem","position":1,"name":"Portada","item":"https:\/\/luchonoticias.com\/editor\/"},{"@type":"ListItem","position":2,"name":"Sorteo de la Loter\u00eda de Medell\u00edn, en la mira de la Procuradur\u00eda"}]},{"@type":"WebSite","@id":"https:\/\/luchonoticias.com\/editor\/#website","url":"https:\/\/luchonoticias.com\/editor\/","name":"","description":"","publisher":{"@id":"https:\/\/luchonoticias.com\/editor\/#\/schema\/person\/7a7fd911f58561fd056dbac7b55af9cd"},"potentialAction":[{"@type":"SearchAction","target":{"@type":"EntryPoint","urlTemplate":"https:\/\/luchonoticias.com\/editor\/?s={search_term_string}"},"query-input":{"@type":"PropertyValueSpecification","valueRequired":true,"valueName":"search_term_string"}}],"inLanguage":"es"},{"@type":["Person","Organization"],"@id":"https:\/\/luchonoticias.com\/editor\/#\/schema\/person\/7a7fd911f58561fd056dbac7b55af9cd","name":"admin","image":{"@type":"ImageObject","inLanguage":"es","@id":"https:\/\/luchonoticias.com\/editor\/#\/schema\/person\/image\/","url":"https:\/\/luchonoticias.com\/editor\/wp-content\/uploads\/2024\/02\/cropped-cropped-logolu.webp","contentUrl":"https:\/\/luchonoticias.com\/editor\/wp-content\/uploads\/2024\/02\/cropped-cropped-logolu.webp","width":382,"height":170,"caption":"admin"},"logo":{"@id":"https:\/\/luchonoticias.com\/editor\/#\/schema\/person\/image\/"},"sameAs":["https:\/\/www.facebook.com\/luchonoticiasneiva"]},{"@type":"Person","@id":"https:\/\/luchonoticias.com\/editor\/#\/schema\/person\/29217990ddf6f14e35912b2866d591fb","name":"Editor General","image":{"@type":"ImageObject","inLanguage":"es","@id":"https:\/\/luchonoticias.com\/editor\/#\/schema\/person\/image\/","url":"https:\/\/luchonoticias.com\/editor\/wp-content\/uploads\/2024\/02\/cropped-cropped-logolu-150x150.webp","contentUrl":"https:\/\/luchonoticias.com\/editor\/wp-content\/uploads\/2024\/02\/cropped-cropped-logolu-150x150.webp","caption":"Editor General"},"sameAs":["https:\/\/luchonoticias.com\/"],"url":"https:\/\/luchonoticias.com\/editor\/author\/editor-general\/"}]}},"_links":{"self":[{"href":"https:\/\/luchonoticias.com\/editor\/wp-json\/wp\/v2\/posts\/84720","targetHints":{"allow":["GET"]}}],"collection":[{"href":"https:\/\/luchonoticias.com\/editor\/wp-json\/wp\/v2\/posts"}],"about":[{"href":"https:\/\/luchonoticias.com\/editor\/wp-json\/wp\/v2\/types\/post"}],"author":[{"embeddable":true,"href":"https:\/\/luchonoticias.com\/editor\/wp-json\/wp\/v2\/users\/2"}],"replies":[{"embeddable":true,"href":"https:\/\/luchonoticias.com\/editor\/wp-json\/wp\/v2\/comments?post=84720"}],"version-history":[{"count":1,"href":"https:\/\/luchonoticias.com\/editor\/wp-json\/wp\/v2\/posts\/84720\/revisions"}],"predecessor-version":[{"id":84722,"href":"https:\/\/luchonoticias.com\/editor\/wp-json\/wp\/v2\/posts\/84720\/revisions\/84722"}],"wp:featuredmedia":[{"embeddable":true,"href":"https:\/\/luchonoticias.com\/editor\/wp-json\/wp\/v2\/media\/84721"}],"wp:attachment":[{"href":"https:\/\/luchonoticias.com\/editor\/wp-json\/wp\/v2\/media?parent=84720"}],"wp:term":[{"taxonomy":"category","embeddable":true,"href":"https:\/\/luchonoticias.com\/editor\/wp-json\/wp\/v2\/categories?post=84720"},{"taxonomy":"post_tag","embeddable":true,"href":"https:\/\/luchonoticias.com\/editor\/wp-json\/wp\/v2\/tags?post=84720"}],"curies":[{"name":"wp","href":"https:\/\/api.w.org\/{rel}","templated":true}]}}