{"id":84727,"date":"2025-06-23T09:38:17","date_gmt":"2025-06-23T14:38:17","guid":{"rendered":"https:\/\/luchonoticias.com\/?p=84727"},"modified":"2025-06-23T09:38:19","modified_gmt":"2025-06-23T14:38:19","slug":"menores-mostraron-su-talento-por-la-cultura-y-tradiciones","status":"publish","type":"post","link":"https:\/\/luchonoticias.com\/editor\/menores-mostraron-su-talento-por-la-cultura-y-tradiciones\/","title":{"rendered":"Menores mostraron su talento por la cultura y tradiciones"},"content":{"rendered":"\n<p>La plazoleta del Centro de Convenciones Jos\u00e9 Eustasio Rivera en Neiva fue el escenario donde el Encuentro Departamental Infantil de Rajale\u00f1as \u201cUlises Charry\u201d y Bambuco Tradicional desbord\u00f3 talento y amor por la cultura huilense. Este evento, en el marco del 64\u00b0 Festival del Bambuco en San Juan y San Pedro, reuni\u00f3 a decenas de ni\u00f1os que, con orgullo, compartieron sus habilidades frente a un p\u00fablico que llen\u00f3 el lugar.<\/p>\n\n\n\n<p>La jornada inici\u00f3 con la presentaci\u00f3n de 10 parejas de ni\u00f1os de Aipe, Neiva y Tello, quienes cautivaron a los asistentes con su dominio del bambuco tradicional. Bailaron al ritmo de obras ic\u00f3nicas de la regi\u00f3n como <em>La Mistela<\/em>, <em>Ojo al toro<\/em> y <em>Los Potros<\/em>, recibiendo ovaciones por la elegancia y sentimiento con que representaron este patrimonio cultural.<\/p>\n\n\n\n<p>El turno luego fue para los grupos de rajale\u00f1a infantil, que al ritmo de tambora, tiple, car\u00e1ngano y otros instrumentos t\u00edpicos, pusieron a vibrar al p\u00fablico. Las coplas picarescas y los sonidos aut\u00f3ctonos hicieron que ni\u00f1os y adultos se unieran en la celebraci\u00f3n, evocando a grandes exponentes como Ulises Charry.<\/p>\n\n\n\n<figure class=\"wp-block-gallery has-nested-images columns-default is-cropped wp-block-gallery-1 is-layout-flex wp-block-gallery-is-layout-flex\">\n<figure class=\"wp-block-image size-large\"><img loading=\"lazy\" decoding=\"async\" width=\"1024\" height=\"683\" data-id=\"84730\" src=\"https:\/\/luchonoticias.com\/wp-content\/uploads\/2025\/06\/Imagen-de-WhatsApp-2025-06-23-a-las-07.41.24_3d6dde28-1024x683.jpg\" alt=\"\" class=\"wp-image-84730\" srcset=\"https:\/\/luchonoticias.com\/editor\/wp-content\/uploads\/2025\/06\/Imagen-de-WhatsApp-2025-06-23-a-las-07.41.24_3d6dde28-1024x683.jpg 1024w, https:\/\/luchonoticias.com\/editor\/wp-content\/uploads\/2025\/06\/Imagen-de-WhatsApp-2025-06-23-a-las-07.41.24_3d6dde28-300x200.jpg 300w, https:\/\/luchonoticias.com\/editor\/wp-content\/uploads\/2025\/06\/Imagen-de-WhatsApp-2025-06-23-a-las-07.41.24_3d6dde28-768x512.jpg 768w, https:\/\/luchonoticias.com\/editor\/wp-content\/uploads\/2025\/06\/Imagen-de-WhatsApp-2025-06-23-a-las-07.41.24_3d6dde28-1536x1024.jpg 1536w, https:\/\/luchonoticias.com\/editor\/wp-content\/uploads\/2025\/06\/Imagen-de-WhatsApp-2025-06-23-a-las-07.41.24_3d6dde28-2048x1365.jpg 2048w, https:\/\/luchonoticias.com\/editor\/wp-content\/uploads\/2025\/06\/Imagen-de-WhatsApp-2025-06-23-a-las-07.41.24_3d6dde28-150x100.jpg 150w, https:\/\/luchonoticias.com\/editor\/wp-content\/uploads\/2025\/06\/Imagen-de-WhatsApp-2025-06-23-a-las-07.41.24_3d6dde28-330x220.jpg 330w, https:\/\/luchonoticias.com\/editor\/wp-content\/uploads\/2025\/06\/Imagen-de-WhatsApp-2025-06-23-a-las-07.41.24_3d6dde28-420x280.jpg 420w, https:\/\/luchonoticias.com\/editor\/wp-content\/uploads\/2025\/06\/Imagen-de-WhatsApp-2025-06-23-a-las-07.41.24_3d6dde28-510x340.jpg 510w\" sizes=\"auto, (max-width: 1024px) 100vw, 1024px\" \/><\/figure>\n\n\n\n<figure class=\"wp-block-image size-large\"><img loading=\"lazy\" decoding=\"async\" width=\"1024\" height=\"682\" data-id=\"84729\" src=\"https:\/\/luchonoticias.com\/wp-content\/uploads\/2025\/06\/Imagen-de-WhatsApp-2025-06-23-a-las-07.40.44_835b21a4-1024x682.jpg\" alt=\"\" class=\"wp-image-84729\" srcset=\"https:\/\/luchonoticias.com\/editor\/wp-content\/uploads\/2025\/06\/Imagen-de-WhatsApp-2025-06-23-a-las-07.40.44_835b21a4-1024x682.jpg 1024w, https:\/\/luchonoticias.com\/editor\/wp-content\/uploads\/2025\/06\/Imagen-de-WhatsApp-2025-06-23-a-las-07.40.44_835b21a4-300x200.jpg 300w, https:\/\/luchonoticias.com\/editor\/wp-content\/uploads\/2025\/06\/Imagen-de-WhatsApp-2025-06-23-a-las-07.40.44_835b21a4-768x512.jpg 768w, https:\/\/luchonoticias.com\/editor\/wp-content\/uploads\/2025\/06\/Imagen-de-WhatsApp-2025-06-23-a-las-07.40.44_835b21a4-150x100.jpg 150w, https:\/\/luchonoticias.com\/editor\/wp-content\/uploads\/2025\/06\/Imagen-de-WhatsApp-2025-06-23-a-las-07.40.44_835b21a4-330x220.jpg 330w, https:\/\/luchonoticias.com\/editor\/wp-content\/uploads\/2025\/06\/Imagen-de-WhatsApp-2025-06-23-a-las-07.40.44_835b21a4-420x280.jpg 420w, https:\/\/luchonoticias.com\/editor\/wp-content\/uploads\/2025\/06\/Imagen-de-WhatsApp-2025-06-23-a-las-07.40.44_835b21a4-510x340.jpg 510w, https:\/\/luchonoticias.com\/editor\/wp-content\/uploads\/2025\/06\/Imagen-de-WhatsApp-2025-06-23-a-las-07.40.44_835b21a4.jpg 1280w\" sizes=\"auto, (max-width: 1024px) 100vw, 1024px\" \/><\/figure>\n<\/figure>\n\n\n\n<p>Entre las agrupaciones participantes se destacaron Los Guipas de Rumichaca, Los Zumbambicos, Las Garzone\u00f1as, Los Pescuezones y otros colectivos que deleitaron con sus coplas y ritmos, narrando las vivencias cotidianas del pueblo huilense. El entusiasmo fue tal que muchos asistentes se animaron a bailar y cantar durante la velada.<\/p>\n\n\n\n<p>Este encuentro demostr\u00f3 que las nuevas generaciones mantienen firmes las tradiciones del Huila. El rajale\u00f1a y el bambuco siguen siendo el latido cultural del departamento, un legado que es fundamental preservar para que los ni\u00f1os y j\u00f3venes contin\u00faen transmitiendo la esencia de un pueblo alegre, hospitalario y trabajador.<\/p>\n","protected":false},"excerpt":{"rendered":"<p>La plazoleta del Centro de Convenciones Jos\u00e9 Eustasio Rivera en Neiva fue el escenario donde el Encuentro Departamental Infantil de Rajale\u00f1as \u201cUlises Charry\u201d y Bambuco Tradicional desbord\u00f3 talento y amor por la cultura huilense. Este evento, en el marco del 64\u00b0 Festival del Bambuco en San Juan y San Pedro, reuni\u00f3 a decenas de ni\u00f1os [&hellip;]<\/p>\n","protected":false},"author":2,"featured_media":84728,"comment_status":"closed","ping_status":"open","sticky":false,"template":"","format":"standard","meta":{"footnotes":""},"categories":[33],"tags":[],"class_list":["post-84727","post","type-post","status-publish","format-standard","has-post-thumbnail","hentry","category-huila"],"yoast_head":"<!-- This site is optimized with the Yoast SEO plugin v26.6 - https:\/\/yoast.com\/wordpress\/plugins\/seo\/ -->\n<title>Menores mostraron su talento por la cultura y tradiciones -<\/title>\n<meta name=\"robots\" content=\"index, follow, max-snippet:-1, max-image-preview:large, max-video-preview:-1\" \/>\n<link rel=\"canonical\" href=\"https:\/\/luchonoticias.com\/editor\/menores-mostraron-su-talento-por-la-cultura-y-tradiciones\/\" \/>\n<meta property=\"og:locale\" content=\"es_ES\" \/>\n<meta property=\"og:type\" content=\"article\" \/>\n<meta property=\"og:title\" content=\"Menores mostraron su talento por la cultura y tradiciones -\" \/>\n<meta property=\"og:url\" content=\"https:\/\/luchonoticias.com\/editor\/menores-mostraron-su-talento-por-la-cultura-y-tradiciones\/\" \/>\n<meta property=\"article:publisher\" content=\"https:\/\/www.facebook.com\/luchonoticiasneiva\" \/>\n<meta property=\"article:published_time\" content=\"2025-06-23T14:38:17+00:00\" \/>\n<meta property=\"article:modified_time\" content=\"2025-06-23T14:38:19+00:00\" \/>\n<meta property=\"og:image\" content=\"https:\/\/luchonoticias.com\/editor\/wp-content\/uploads\/2025\/06\/folcloir-infantil.jpg\" \/>\n\t<meta property=\"og:image:width\" content=\"700\" \/>\n\t<meta property=\"og:image:height\" content=\"400\" \/>\n\t<meta property=\"og:image:type\" content=\"image\/jpeg\" \/>\n<meta name=\"author\" content=\"Editor General\" \/>\n<meta name=\"twitter:card\" content=\"summary_large_image\" \/>\n<meta name=\"twitter:label1\" content=\"Escrito por\" \/>\n\t<meta name=\"twitter:data1\" content=\"Editor General\" \/>\n\t<meta name=\"twitter:label2\" content=\"Tiempo de lectura\" \/>\n\t<meta name=\"twitter:data2\" content=\"2 minutos\" \/>\n<script type=\"application\/ld+json\" class=\"yoast-schema-graph\">{\"@context\":\"https:\/\/schema.org\",\"@graph\":[{\"@type\":\"Article\",\"@id\":\"https:\/\/luchonoticias.com\/editor\/menores-mostraron-su-talento-por-la-cultura-y-tradiciones\/#article\",\"isPartOf\":{\"@id\":\"https:\/\/luchonoticias.com\/editor\/menores-mostraron-su-talento-por-la-cultura-y-tradiciones\/\"},\"author\":{\"name\":\"Editor General\",\"@id\":\"https:\/\/luchonoticias.com\/editor\/#\/schema\/person\/29217990ddf6f14e35912b2866d591fb\"},\"headline\":\"Menores mostraron su talento por la cultura y tradiciones\",\"datePublished\":\"2025-06-23T14:38:17+00:00\",\"dateModified\":\"2025-06-23T14:38:19+00:00\",\"mainEntityOfPage\":{\"@id\":\"https:\/\/luchonoticias.com\/editor\/menores-mostraron-su-talento-por-la-cultura-y-tradiciones\/\"},\"wordCount\":300,\"publisher\":{\"@id\":\"https:\/\/luchonoticias.com\/editor\/#\/schema\/person\/7a7fd911f58561fd056dbac7b55af9cd\"},\"image\":{\"@id\":\"https:\/\/luchonoticias.com\/editor\/menores-mostraron-su-talento-por-la-cultura-y-tradiciones\/#primaryimage\"},\"thumbnailUrl\":\"https:\/\/luchonoticias.com\/editor\/wp-content\/uploads\/2025\/06\/folcloir-infantil.jpg\",\"articleSection\":[\"Huila\"],\"inLanguage\":\"es\"},{\"@type\":\"WebPage\",\"@id\":\"https:\/\/luchonoticias.com\/editor\/menores-mostraron-su-talento-por-la-cultura-y-tradiciones\/\",\"url\":\"https:\/\/luchonoticias.com\/editor\/menores-mostraron-su-talento-por-la-cultura-y-tradiciones\/\",\"name\":\"Menores mostraron su talento por la cultura y tradiciones -\",\"isPartOf\":{\"@id\":\"https:\/\/luchonoticias.com\/editor\/#website\"},\"primaryImageOfPage\":{\"@id\":\"https:\/\/luchonoticias.com\/editor\/menores-mostraron-su-talento-por-la-cultura-y-tradiciones\/#primaryimage\"},\"image\":{\"@id\":\"https:\/\/luchonoticias.com\/editor\/menores-mostraron-su-talento-por-la-cultura-y-tradiciones\/#primaryimage\"},\"thumbnailUrl\":\"https:\/\/luchonoticias.com\/editor\/wp-content\/uploads\/2025\/06\/folcloir-infantil.jpg\",\"datePublished\":\"2025-06-23T14:38:17+00:00\",\"dateModified\":\"2025-06-23T14:38:19+00:00\",\"breadcrumb\":{\"@id\":\"https:\/\/luchonoticias.com\/editor\/menores-mostraron-su-talento-por-la-cultura-y-tradiciones\/#breadcrumb\"},\"inLanguage\":\"es\",\"potentialAction\":[{\"@type\":\"ReadAction\",\"target\":[\"https:\/\/luchonoticias.com\/editor\/menores-mostraron-su-talento-por-la-cultura-y-tradiciones\/\"]}]},{\"@type\":\"ImageObject\",\"inLanguage\":\"es\",\"@id\":\"https:\/\/luchonoticias.com\/editor\/menores-mostraron-su-talento-por-la-cultura-y-tradiciones\/#primaryimage\",\"url\":\"https:\/\/luchonoticias.com\/editor\/wp-content\/uploads\/2025\/06\/folcloir-infantil.jpg\",\"contentUrl\":\"https:\/\/luchonoticias.com\/editor\/wp-content\/uploads\/2025\/06\/folcloir-infantil.jpg\",\"width\":700,\"height\":400},{\"@type\":\"BreadcrumbList\",\"@id\":\"https:\/\/luchonoticias.com\/editor\/menores-mostraron-su-talento-por-la-cultura-y-tradiciones\/#breadcrumb\",\"itemListElement\":[{\"@type\":\"ListItem\",\"position\":1,\"name\":\"Portada\",\"item\":\"https:\/\/luchonoticias.com\/editor\/\"},{\"@type\":\"ListItem\",\"position\":2,\"name\":\"Menores mostraron su talento por la cultura y tradiciones\"}]},{\"@type\":\"WebSite\",\"@id\":\"https:\/\/luchonoticias.com\/editor\/#website\",\"url\":\"https:\/\/luchonoticias.com\/editor\/\",\"name\":\"\",\"description\":\"\",\"publisher\":{\"@id\":\"https:\/\/luchonoticias.com\/editor\/#\/schema\/person\/7a7fd911f58561fd056dbac7b55af9cd\"},\"potentialAction\":[{\"@type\":\"SearchAction\",\"target\":{\"@type\":\"EntryPoint\",\"urlTemplate\":\"https:\/\/luchonoticias.com\/editor\/?s={search_term_string}\"},\"query-input\":{\"@type\":\"PropertyValueSpecification\",\"valueRequired\":true,\"valueName\":\"search_term_string\"}}],\"inLanguage\":\"es\"},{\"@type\":[\"Person\",\"Organization\"],\"@id\":\"https:\/\/luchonoticias.com\/editor\/#\/schema\/person\/7a7fd911f58561fd056dbac7b55af9cd\",\"name\":\"admin\",\"image\":{\"@type\":\"ImageObject\",\"inLanguage\":\"es\",\"@id\":\"https:\/\/luchonoticias.com\/editor\/#\/schema\/person\/image\/\",\"url\":\"https:\/\/luchonoticias.com\/editor\/wp-content\/uploads\/2024\/02\/cropped-cropped-logolu.webp\",\"contentUrl\":\"https:\/\/luchonoticias.com\/editor\/wp-content\/uploads\/2024\/02\/cropped-cropped-logolu.webp\",\"width\":382,\"height\":170,\"caption\":\"admin\"},\"logo\":{\"@id\":\"https:\/\/luchonoticias.com\/editor\/#\/schema\/person\/image\/\"},\"sameAs\":[\"https:\/\/www.facebook.com\/luchonoticiasneiva\"]},{\"@type\":\"Person\",\"@id\":\"https:\/\/luchonoticias.com\/editor\/#\/schema\/person\/29217990ddf6f14e35912b2866d591fb\",\"name\":\"Editor General\",\"image\":{\"@type\":\"ImageObject\",\"inLanguage\":\"es\",\"@id\":\"https:\/\/luchonoticias.com\/editor\/#\/schema\/person\/image\/\",\"url\":\"https:\/\/luchonoticias.com\/editor\/wp-content\/uploads\/2024\/02\/cropped-cropped-logolu-150x150.webp\",\"contentUrl\":\"https:\/\/luchonoticias.com\/editor\/wp-content\/uploads\/2024\/02\/cropped-cropped-logolu-150x150.webp\",\"caption\":\"Editor General\"},\"sameAs\":[\"https:\/\/luchonoticias.com\/\"],\"url\":\"https:\/\/luchonoticias.com\/editor\/author\/editor-general\/\"}]}<\/script>\n<!-- \/ Yoast SEO plugin. -->","yoast_head_json":{"title":"Menores mostraron su talento por la cultura y tradiciones -","robots":{"index":"index","follow":"follow","max-snippet":"max-snippet:-1","max-image-preview":"max-image-preview:large","max-video-preview":"max-video-preview:-1"},"canonical":"https:\/\/luchonoticias.com\/editor\/menores-mostraron-su-talento-por-la-cultura-y-tradiciones\/","og_locale":"es_ES","og_type":"article","og_title":"Menores mostraron su talento por la cultura y tradiciones -","og_url":"https:\/\/luchonoticias.com\/editor\/menores-mostraron-su-talento-por-la-cultura-y-tradiciones\/","article_publisher":"https:\/\/www.facebook.com\/luchonoticiasneiva","article_published_time":"2025-06-23T14:38:17+00:00","article_modified_time":"2025-06-23T14:38:19+00:00","og_image":[{"width":700,"height":400,"url":"https:\/\/luchonoticias.com\/editor\/wp-content\/uploads\/2025\/06\/folcloir-infantil.jpg","type":"image\/jpeg"}],"author":"Editor General","twitter_card":"summary_large_image","twitter_misc":{"Escrito por":"Editor General","Tiempo de lectura":"2 minutos"},"schema":{"@context":"https:\/\/schema.org","@graph":[{"@type":"Article","@id":"https:\/\/luchonoticias.com\/editor\/menores-mostraron-su-talento-por-la-cultura-y-tradiciones\/#article","isPartOf":{"@id":"https:\/\/luchonoticias.com\/editor\/menores-mostraron-su-talento-por-la-cultura-y-tradiciones\/"},"author":{"name":"Editor General","@id":"https:\/\/luchonoticias.com\/editor\/#\/schema\/person\/29217990ddf6f14e35912b2866d591fb"},"headline":"Menores mostraron su talento por la cultura y tradiciones","datePublished":"2025-06-23T14:38:17+00:00","dateModified":"2025-06-23T14:38:19+00:00","mainEntityOfPage":{"@id":"https:\/\/luchonoticias.com\/editor\/menores-mostraron-su-talento-por-la-cultura-y-tradiciones\/"},"wordCount":300,"publisher":{"@id":"https:\/\/luchonoticias.com\/editor\/#\/schema\/person\/7a7fd911f58561fd056dbac7b55af9cd"},"image":{"@id":"https:\/\/luchonoticias.com\/editor\/menores-mostraron-su-talento-por-la-cultura-y-tradiciones\/#primaryimage"},"thumbnailUrl":"https:\/\/luchonoticias.com\/editor\/wp-content\/uploads\/2025\/06\/folcloir-infantil.jpg","articleSection":["Huila"],"inLanguage":"es"},{"@type":"WebPage","@id":"https:\/\/luchonoticias.com\/editor\/menores-mostraron-su-talento-por-la-cultura-y-tradiciones\/","url":"https:\/\/luchonoticias.com\/editor\/menores-mostraron-su-talento-por-la-cultura-y-tradiciones\/","name":"Menores mostraron su talento por la cultura y tradiciones -","isPartOf":{"@id":"https:\/\/luchonoticias.com\/editor\/#website"},"primaryImageOfPage":{"@id":"https:\/\/luchonoticias.com\/editor\/menores-mostraron-su-talento-por-la-cultura-y-tradiciones\/#primaryimage"},"image":{"@id":"https:\/\/luchonoticias.com\/editor\/menores-mostraron-su-talento-por-la-cultura-y-tradiciones\/#primaryimage"},"thumbnailUrl":"https:\/\/luchonoticias.com\/editor\/wp-content\/uploads\/2025\/06\/folcloir-infantil.jpg","datePublished":"2025-06-23T14:38:17+00:00","dateModified":"2025-06-23T14:38:19+00:00","breadcrumb":{"@id":"https:\/\/luchonoticias.com\/editor\/menores-mostraron-su-talento-por-la-cultura-y-tradiciones\/#breadcrumb"},"inLanguage":"es","potentialAction":[{"@type":"ReadAction","target":["https:\/\/luchonoticias.com\/editor\/menores-mostraron-su-talento-por-la-cultura-y-tradiciones\/"]}]},{"@type":"ImageObject","inLanguage":"es","@id":"https:\/\/luchonoticias.com\/editor\/menores-mostraron-su-talento-por-la-cultura-y-tradiciones\/#primaryimage","url":"https:\/\/luchonoticias.com\/editor\/wp-content\/uploads\/2025\/06\/folcloir-infantil.jpg","contentUrl":"https:\/\/luchonoticias.com\/editor\/wp-content\/uploads\/2025\/06\/folcloir-infantil.jpg","width":700,"height":400},{"@type":"BreadcrumbList","@id":"https:\/\/luchonoticias.com\/editor\/menores-mostraron-su-talento-por-la-cultura-y-tradiciones\/#breadcrumb","itemListElement":[{"@type":"ListItem","position":1,"name":"Portada","item":"https:\/\/luchonoticias.com\/editor\/"},{"@type":"ListItem","position":2,"name":"Menores mostraron su talento por la cultura y tradiciones"}]},{"@type":"WebSite","@id":"https:\/\/luchonoticias.com\/editor\/#website","url":"https:\/\/luchonoticias.com\/editor\/","name":"","description":"","publisher":{"@id":"https:\/\/luchonoticias.com\/editor\/#\/schema\/person\/7a7fd911f58561fd056dbac7b55af9cd"},"potentialAction":[{"@type":"SearchAction","target":{"@type":"EntryPoint","urlTemplate":"https:\/\/luchonoticias.com\/editor\/?s={search_term_string}"},"query-input":{"@type":"PropertyValueSpecification","valueRequired":true,"valueName":"search_term_string"}}],"inLanguage":"es"},{"@type":["Person","Organization"],"@id":"https:\/\/luchonoticias.com\/editor\/#\/schema\/person\/7a7fd911f58561fd056dbac7b55af9cd","name":"admin","image":{"@type":"ImageObject","inLanguage":"es","@id":"https:\/\/luchonoticias.com\/editor\/#\/schema\/person\/image\/","url":"https:\/\/luchonoticias.com\/editor\/wp-content\/uploads\/2024\/02\/cropped-cropped-logolu.webp","contentUrl":"https:\/\/luchonoticias.com\/editor\/wp-content\/uploads\/2024\/02\/cropped-cropped-logolu.webp","width":382,"height":170,"caption":"admin"},"logo":{"@id":"https:\/\/luchonoticias.com\/editor\/#\/schema\/person\/image\/"},"sameAs":["https:\/\/www.facebook.com\/luchonoticiasneiva"]},{"@type":"Person","@id":"https:\/\/luchonoticias.com\/editor\/#\/schema\/person\/29217990ddf6f14e35912b2866d591fb","name":"Editor General","image":{"@type":"ImageObject","inLanguage":"es","@id":"https:\/\/luchonoticias.com\/editor\/#\/schema\/person\/image\/","url":"https:\/\/luchonoticias.com\/editor\/wp-content\/uploads\/2024\/02\/cropped-cropped-logolu-150x150.webp","contentUrl":"https:\/\/luchonoticias.com\/editor\/wp-content\/uploads\/2024\/02\/cropped-cropped-logolu-150x150.webp","caption":"Editor General"},"sameAs":["https:\/\/luchonoticias.com\/"],"url":"https:\/\/luchonoticias.com\/editor\/author\/editor-general\/"}]}},"_links":{"self":[{"href":"https:\/\/luchonoticias.com\/editor\/wp-json\/wp\/v2\/posts\/84727","targetHints":{"allow":["GET"]}}],"collection":[{"href":"https:\/\/luchonoticias.com\/editor\/wp-json\/wp\/v2\/posts"}],"about":[{"href":"https:\/\/luchonoticias.com\/editor\/wp-json\/wp\/v2\/types\/post"}],"author":[{"embeddable":true,"href":"https:\/\/luchonoticias.com\/editor\/wp-json\/wp\/v2\/users\/2"}],"replies":[{"embeddable":true,"href":"https:\/\/luchonoticias.com\/editor\/wp-json\/wp\/v2\/comments?post=84727"}],"version-history":[{"count":1,"href":"https:\/\/luchonoticias.com\/editor\/wp-json\/wp\/v2\/posts\/84727\/revisions"}],"predecessor-version":[{"id":84731,"href":"https:\/\/luchonoticias.com\/editor\/wp-json\/wp\/v2\/posts\/84727\/revisions\/84731"}],"wp:featuredmedia":[{"embeddable":true,"href":"https:\/\/luchonoticias.com\/editor\/wp-json\/wp\/v2\/media\/84728"}],"wp:attachment":[{"href":"https:\/\/luchonoticias.com\/editor\/wp-json\/wp\/v2\/media?parent=84727"}],"wp:term":[{"taxonomy":"category","embeddable":true,"href":"https:\/\/luchonoticias.com\/editor\/wp-json\/wp\/v2\/categories?post=84727"},{"taxonomy":"post_tag","embeddable":true,"href":"https:\/\/luchonoticias.com\/editor\/wp-json\/wp\/v2\/tags?post=84727"}],"curies":[{"name":"wp","href":"https:\/\/api.w.org\/{rel}","templated":true}]}}