{"id":84732,"date":"2025-06-23T14:03:21","date_gmt":"2025-06-23T19:03:21","guid":{"rendered":"https:\/\/luchonoticias.com\/?p=84732"},"modified":"2025-06-23T14:03:23","modified_gmt":"2025-06-23T19:03:23","slug":"gobierno-y-la-semana-clave-para-sus-reformas","status":"publish","type":"post","link":"https:\/\/luchonoticias.com\/editor\/gobierno-y-la-semana-clave-para-sus-reformas\/","title":{"rendered":"Gobierno y la semana clave para sus reformas"},"content":{"rendered":"\n<p>Esta semana es clave para las reformas sociales impulsadas por el Gobierno Nacional. Se espera que el presidente Gustavo Petro sancione la reforma laboral recientemente aprobada, mientras que la Corte Constitucional notificar\u00e1 a la C\u00e1mara de Representantes sobre el procedimiento para subsanar el tr\u00e1mite de la reforma pensional. Ambos procesos son parte de la agenda prioritaria del Ejecutivo en materia de derechos laborales y seguridad social.<\/p>\n\n\n\n<p>El Ministro de Trabajo, Antonio Sanguino (en la foto) explic\u00f3 que el gobierno aguarda las firmas de los presidentes del Senado y la C\u00e1mara de Representantes para que la ley laboral pase a sanci\u00f3n presidencial. Se prev\u00e9 que el acto se realice esta misma semana, posiblemente en la Plaza de Armas de la Casa de Nari\u00f1o, con la participaci\u00f3n de quienes apoyaron la iniciativa.<\/p>\n\n\n\n<p>Sobre la reforma pensional, Sanguino se\u00f1al\u00f3 que a\u00fan no se ha notificado oficialmente al Congreso sobre el fallo de la Corte Constitucional, pero se estima que eso ocurra en los pr\u00f3ximos d\u00edas. Una vez se cumpla este paso, el presidente Petro convocar\u00e1 a sesiones extraordinarias en la C\u00e1mara de Representantes para corregir los aspectos indicados por el alto tribunal.<\/p>\n\n\n\n<p>El ministro subray\u00f3 que es fundamental avanzar r\u00e1pidamente en este proceso para no afectar el inicio de la implementaci\u00f3n de la nueva ley pensional, prevista para el 1 de julio. La reforma busca garantizar una vejez digna para los colombianos y es considerada una de las transformaciones sociales m\u00e1s importantes del actual gobierno.<\/p>\n\n\n\n<p>Finalmente, Sanguino destac\u00f3 que la movilizaci\u00f3n popular ha sido clave para el avance de estas reformas y lo seguir\u00e1 siendo en lo que resta del tr\u00e1mite de la reforma pensional. Seg\u00fan el funcionario, el respaldo ciudadano y las manifestaciones han sido el \u201cseguro de vida\u201d para sacar adelante las iniciativas sociales en el Congreso.<\/p>\n","protected":false},"excerpt":{"rendered":"<p>Esta semana es clave para las reformas sociales impulsadas por el Gobierno Nacional. Se espera que el presidente Gustavo Petro sancione la reforma laboral recientemente aprobada, mientras que la Corte Constitucional notificar\u00e1 a la C\u00e1mara de Representantes sobre el procedimiento para subsanar el tr\u00e1mite de la reforma pensional. Ambos procesos son parte de la agenda [&hellip;]<\/p>\n","protected":false},"author":2,"featured_media":84733,"comment_status":"closed","ping_status":"open","sticky":false,"template":"","format":"standard","meta":{"footnotes":""},"categories":[28,32],"tags":[],"class_list":["post-84732","post","type-post","status-publish","format-standard","has-post-thumbnail","hentry","category-actualidad","category-nacional"],"yoast_head":"<!-- This site is optimized with the Yoast SEO plugin v26.6 - https:\/\/yoast.com\/wordpress\/plugins\/seo\/ -->\n<title>Gobierno y la semana clave para sus reformas -<\/title>\n<meta name=\"robots\" content=\"index, follow, max-snippet:-1, max-image-preview:large, max-video-preview:-1\" \/>\n<link rel=\"canonical\" href=\"https:\/\/luchonoticias.com\/editor\/gobierno-y-la-semana-clave-para-sus-reformas\/\" \/>\n<meta property=\"og:locale\" content=\"es_ES\" \/>\n<meta property=\"og:type\" content=\"article\" \/>\n<meta property=\"og:title\" content=\"Gobierno y la semana clave para sus reformas -\" \/>\n<meta property=\"og:url\" content=\"https:\/\/luchonoticias.com\/editor\/gobierno-y-la-semana-clave-para-sus-reformas\/\" \/>\n<meta property=\"article:publisher\" content=\"https:\/\/www.facebook.com\/luchonoticiasneiva\" \/>\n<meta property=\"article:published_time\" content=\"2025-06-23T19:03:21+00:00\" \/>\n<meta property=\"article:modified_time\" content=\"2025-06-23T19:03:23+00:00\" \/>\n<meta property=\"og:image\" content=\"https:\/\/luchonoticias.com\/editor\/wp-content\/uploads\/2025\/06\/mintrabajo.jpg\" \/>\n\t<meta property=\"og:image:width\" content=\"700\" \/>\n\t<meta property=\"og:image:height\" content=\"400\" \/>\n\t<meta property=\"og:image:type\" content=\"image\/jpeg\" \/>\n<meta name=\"author\" content=\"Editor General\" \/>\n<meta name=\"twitter:card\" content=\"summary_large_image\" \/>\n<meta name=\"twitter:label1\" content=\"Escrito por\" \/>\n\t<meta name=\"twitter:data1\" content=\"Editor General\" \/>\n\t<meta name=\"twitter:label2\" content=\"Tiempo de lectura\" \/>\n\t<meta name=\"twitter:data2\" content=\"2 minutos\" \/>\n<script type=\"application\/ld+json\" class=\"yoast-schema-graph\">{\"@context\":\"https:\/\/schema.org\",\"@graph\":[{\"@type\":\"Article\",\"@id\":\"https:\/\/luchonoticias.com\/editor\/gobierno-y-la-semana-clave-para-sus-reformas\/#article\",\"isPartOf\":{\"@id\":\"https:\/\/luchonoticias.com\/editor\/gobierno-y-la-semana-clave-para-sus-reformas\/\"},\"author\":{\"name\":\"Editor General\",\"@id\":\"https:\/\/luchonoticias.com\/editor\/#\/schema\/person\/29217990ddf6f14e35912b2866d591fb\"},\"headline\":\"Gobierno y la semana clave para sus reformas\",\"datePublished\":\"2025-06-23T19:03:21+00:00\",\"dateModified\":\"2025-06-23T19:03:23+00:00\",\"mainEntityOfPage\":{\"@id\":\"https:\/\/luchonoticias.com\/editor\/gobierno-y-la-semana-clave-para-sus-reformas\/\"},\"wordCount\":320,\"publisher\":{\"@id\":\"https:\/\/luchonoticias.com\/editor\/#\/schema\/person\/7a7fd911f58561fd056dbac7b55af9cd\"},\"image\":{\"@id\":\"https:\/\/luchonoticias.com\/editor\/gobierno-y-la-semana-clave-para-sus-reformas\/#primaryimage\"},\"thumbnailUrl\":\"https:\/\/luchonoticias.com\/editor\/wp-content\/uploads\/2025\/06\/mintrabajo.jpg\",\"articleSection\":[\"Actualidad\",\"Nacional\"],\"inLanguage\":\"es\"},{\"@type\":\"WebPage\",\"@id\":\"https:\/\/luchonoticias.com\/editor\/gobierno-y-la-semana-clave-para-sus-reformas\/\",\"url\":\"https:\/\/luchonoticias.com\/editor\/gobierno-y-la-semana-clave-para-sus-reformas\/\",\"name\":\"Gobierno y la semana clave para sus reformas -\",\"isPartOf\":{\"@id\":\"https:\/\/luchonoticias.com\/editor\/#website\"},\"primaryImageOfPage\":{\"@id\":\"https:\/\/luchonoticias.com\/editor\/gobierno-y-la-semana-clave-para-sus-reformas\/#primaryimage\"},\"image\":{\"@id\":\"https:\/\/luchonoticias.com\/editor\/gobierno-y-la-semana-clave-para-sus-reformas\/#primaryimage\"},\"thumbnailUrl\":\"https:\/\/luchonoticias.com\/editor\/wp-content\/uploads\/2025\/06\/mintrabajo.jpg\",\"datePublished\":\"2025-06-23T19:03:21+00:00\",\"dateModified\":\"2025-06-23T19:03:23+00:00\",\"breadcrumb\":{\"@id\":\"https:\/\/luchonoticias.com\/editor\/gobierno-y-la-semana-clave-para-sus-reformas\/#breadcrumb\"},\"inLanguage\":\"es\",\"potentialAction\":[{\"@type\":\"ReadAction\",\"target\":[\"https:\/\/luchonoticias.com\/editor\/gobierno-y-la-semana-clave-para-sus-reformas\/\"]}]},{\"@type\":\"ImageObject\",\"inLanguage\":\"es\",\"@id\":\"https:\/\/luchonoticias.com\/editor\/gobierno-y-la-semana-clave-para-sus-reformas\/#primaryimage\",\"url\":\"https:\/\/luchonoticias.com\/editor\/wp-content\/uploads\/2025\/06\/mintrabajo.jpg\",\"contentUrl\":\"https:\/\/luchonoticias.com\/editor\/wp-content\/uploads\/2025\/06\/mintrabajo.jpg\",\"width\":700,\"height\":400},{\"@type\":\"BreadcrumbList\",\"@id\":\"https:\/\/luchonoticias.com\/editor\/gobierno-y-la-semana-clave-para-sus-reformas\/#breadcrumb\",\"itemListElement\":[{\"@type\":\"ListItem\",\"position\":1,\"name\":\"Portada\",\"item\":\"https:\/\/luchonoticias.com\/editor\/\"},{\"@type\":\"ListItem\",\"position\":2,\"name\":\"Gobierno y la semana clave para sus reformas\"}]},{\"@type\":\"WebSite\",\"@id\":\"https:\/\/luchonoticias.com\/editor\/#website\",\"url\":\"https:\/\/luchonoticias.com\/editor\/\",\"name\":\"\",\"description\":\"\",\"publisher\":{\"@id\":\"https:\/\/luchonoticias.com\/editor\/#\/schema\/person\/7a7fd911f58561fd056dbac7b55af9cd\"},\"potentialAction\":[{\"@type\":\"SearchAction\",\"target\":{\"@type\":\"EntryPoint\",\"urlTemplate\":\"https:\/\/luchonoticias.com\/editor\/?s={search_term_string}\"},\"query-input\":{\"@type\":\"PropertyValueSpecification\",\"valueRequired\":true,\"valueName\":\"search_term_string\"}}],\"inLanguage\":\"es\"},{\"@type\":[\"Person\",\"Organization\"],\"@id\":\"https:\/\/luchonoticias.com\/editor\/#\/schema\/person\/7a7fd911f58561fd056dbac7b55af9cd\",\"name\":\"admin\",\"image\":{\"@type\":\"ImageObject\",\"inLanguage\":\"es\",\"@id\":\"https:\/\/luchonoticias.com\/editor\/#\/schema\/person\/image\/\",\"url\":\"https:\/\/luchonoticias.com\/editor\/wp-content\/uploads\/2024\/02\/cropped-cropped-logolu.webp\",\"contentUrl\":\"https:\/\/luchonoticias.com\/editor\/wp-content\/uploads\/2024\/02\/cropped-cropped-logolu.webp\",\"width\":382,\"height\":170,\"caption\":\"admin\"},\"logo\":{\"@id\":\"https:\/\/luchonoticias.com\/editor\/#\/schema\/person\/image\/\"},\"sameAs\":[\"https:\/\/www.facebook.com\/luchonoticiasneiva\"]},{\"@type\":\"Person\",\"@id\":\"https:\/\/luchonoticias.com\/editor\/#\/schema\/person\/29217990ddf6f14e35912b2866d591fb\",\"name\":\"Editor General\",\"image\":{\"@type\":\"ImageObject\",\"inLanguage\":\"es\",\"@id\":\"https:\/\/luchonoticias.com\/editor\/#\/schema\/person\/image\/\",\"url\":\"https:\/\/luchonoticias.com\/editor\/wp-content\/uploads\/2024\/02\/cropped-cropped-logolu-150x150.webp\",\"contentUrl\":\"https:\/\/luchonoticias.com\/editor\/wp-content\/uploads\/2024\/02\/cropped-cropped-logolu-150x150.webp\",\"caption\":\"Editor General\"},\"sameAs\":[\"https:\/\/luchonoticias.com\/\"],\"url\":\"https:\/\/luchonoticias.com\/editor\/author\/editor-general\/\"}]}<\/script>\n<!-- \/ Yoast SEO plugin. -->","yoast_head_json":{"title":"Gobierno y la semana clave para sus reformas -","robots":{"index":"index","follow":"follow","max-snippet":"max-snippet:-1","max-image-preview":"max-image-preview:large","max-video-preview":"max-video-preview:-1"},"canonical":"https:\/\/luchonoticias.com\/editor\/gobierno-y-la-semana-clave-para-sus-reformas\/","og_locale":"es_ES","og_type":"article","og_title":"Gobierno y la semana clave para sus reformas -","og_url":"https:\/\/luchonoticias.com\/editor\/gobierno-y-la-semana-clave-para-sus-reformas\/","article_publisher":"https:\/\/www.facebook.com\/luchonoticiasneiva","article_published_time":"2025-06-23T19:03:21+00:00","article_modified_time":"2025-06-23T19:03:23+00:00","og_image":[{"width":700,"height":400,"url":"https:\/\/luchonoticias.com\/editor\/wp-content\/uploads\/2025\/06\/mintrabajo.jpg","type":"image\/jpeg"}],"author":"Editor General","twitter_card":"summary_large_image","twitter_misc":{"Escrito por":"Editor General","Tiempo de lectura":"2 minutos"},"schema":{"@context":"https:\/\/schema.org","@graph":[{"@type":"Article","@id":"https:\/\/luchonoticias.com\/editor\/gobierno-y-la-semana-clave-para-sus-reformas\/#article","isPartOf":{"@id":"https:\/\/luchonoticias.com\/editor\/gobierno-y-la-semana-clave-para-sus-reformas\/"},"author":{"name":"Editor General","@id":"https:\/\/luchonoticias.com\/editor\/#\/schema\/person\/29217990ddf6f14e35912b2866d591fb"},"headline":"Gobierno y la semana clave para sus reformas","datePublished":"2025-06-23T19:03:21+00:00","dateModified":"2025-06-23T19:03:23+00:00","mainEntityOfPage":{"@id":"https:\/\/luchonoticias.com\/editor\/gobierno-y-la-semana-clave-para-sus-reformas\/"},"wordCount":320,"publisher":{"@id":"https:\/\/luchonoticias.com\/editor\/#\/schema\/person\/7a7fd911f58561fd056dbac7b55af9cd"},"image":{"@id":"https:\/\/luchonoticias.com\/editor\/gobierno-y-la-semana-clave-para-sus-reformas\/#primaryimage"},"thumbnailUrl":"https:\/\/luchonoticias.com\/editor\/wp-content\/uploads\/2025\/06\/mintrabajo.jpg","articleSection":["Actualidad","Nacional"],"inLanguage":"es"},{"@type":"WebPage","@id":"https:\/\/luchonoticias.com\/editor\/gobierno-y-la-semana-clave-para-sus-reformas\/","url":"https:\/\/luchonoticias.com\/editor\/gobierno-y-la-semana-clave-para-sus-reformas\/","name":"Gobierno y la semana clave para sus reformas -","isPartOf":{"@id":"https:\/\/luchonoticias.com\/editor\/#website"},"primaryImageOfPage":{"@id":"https:\/\/luchonoticias.com\/editor\/gobierno-y-la-semana-clave-para-sus-reformas\/#primaryimage"},"image":{"@id":"https:\/\/luchonoticias.com\/editor\/gobierno-y-la-semana-clave-para-sus-reformas\/#primaryimage"},"thumbnailUrl":"https:\/\/luchonoticias.com\/editor\/wp-content\/uploads\/2025\/06\/mintrabajo.jpg","datePublished":"2025-06-23T19:03:21+00:00","dateModified":"2025-06-23T19:03:23+00:00","breadcrumb":{"@id":"https:\/\/luchonoticias.com\/editor\/gobierno-y-la-semana-clave-para-sus-reformas\/#breadcrumb"},"inLanguage":"es","potentialAction":[{"@type":"ReadAction","target":["https:\/\/luchonoticias.com\/editor\/gobierno-y-la-semana-clave-para-sus-reformas\/"]}]},{"@type":"ImageObject","inLanguage":"es","@id":"https:\/\/luchonoticias.com\/editor\/gobierno-y-la-semana-clave-para-sus-reformas\/#primaryimage","url":"https:\/\/luchonoticias.com\/editor\/wp-content\/uploads\/2025\/06\/mintrabajo.jpg","contentUrl":"https:\/\/luchonoticias.com\/editor\/wp-content\/uploads\/2025\/06\/mintrabajo.jpg","width":700,"height":400},{"@type":"BreadcrumbList","@id":"https:\/\/luchonoticias.com\/editor\/gobierno-y-la-semana-clave-para-sus-reformas\/#breadcrumb","itemListElement":[{"@type":"ListItem","position":1,"name":"Portada","item":"https:\/\/luchonoticias.com\/editor\/"},{"@type":"ListItem","position":2,"name":"Gobierno y la semana clave para sus reformas"}]},{"@type":"WebSite","@id":"https:\/\/luchonoticias.com\/editor\/#website","url":"https:\/\/luchonoticias.com\/editor\/","name":"","description":"","publisher":{"@id":"https:\/\/luchonoticias.com\/editor\/#\/schema\/person\/7a7fd911f58561fd056dbac7b55af9cd"},"potentialAction":[{"@type":"SearchAction","target":{"@type":"EntryPoint","urlTemplate":"https:\/\/luchonoticias.com\/editor\/?s={search_term_string}"},"query-input":{"@type":"PropertyValueSpecification","valueRequired":true,"valueName":"search_term_string"}}],"inLanguage":"es"},{"@type":["Person","Organization"],"@id":"https:\/\/luchonoticias.com\/editor\/#\/schema\/person\/7a7fd911f58561fd056dbac7b55af9cd","name":"admin","image":{"@type":"ImageObject","inLanguage":"es","@id":"https:\/\/luchonoticias.com\/editor\/#\/schema\/person\/image\/","url":"https:\/\/luchonoticias.com\/editor\/wp-content\/uploads\/2024\/02\/cropped-cropped-logolu.webp","contentUrl":"https:\/\/luchonoticias.com\/editor\/wp-content\/uploads\/2024\/02\/cropped-cropped-logolu.webp","width":382,"height":170,"caption":"admin"},"logo":{"@id":"https:\/\/luchonoticias.com\/editor\/#\/schema\/person\/image\/"},"sameAs":["https:\/\/www.facebook.com\/luchonoticiasneiva"]},{"@type":"Person","@id":"https:\/\/luchonoticias.com\/editor\/#\/schema\/person\/29217990ddf6f14e35912b2866d591fb","name":"Editor General","image":{"@type":"ImageObject","inLanguage":"es","@id":"https:\/\/luchonoticias.com\/editor\/#\/schema\/person\/image\/","url":"https:\/\/luchonoticias.com\/editor\/wp-content\/uploads\/2024\/02\/cropped-cropped-logolu-150x150.webp","contentUrl":"https:\/\/luchonoticias.com\/editor\/wp-content\/uploads\/2024\/02\/cropped-cropped-logolu-150x150.webp","caption":"Editor General"},"sameAs":["https:\/\/luchonoticias.com\/"],"url":"https:\/\/luchonoticias.com\/editor\/author\/editor-general\/"}]}},"_links":{"self":[{"href":"https:\/\/luchonoticias.com\/editor\/wp-json\/wp\/v2\/posts\/84732","targetHints":{"allow":["GET"]}}],"collection":[{"href":"https:\/\/luchonoticias.com\/editor\/wp-json\/wp\/v2\/posts"}],"about":[{"href":"https:\/\/luchonoticias.com\/editor\/wp-json\/wp\/v2\/types\/post"}],"author":[{"embeddable":true,"href":"https:\/\/luchonoticias.com\/editor\/wp-json\/wp\/v2\/users\/2"}],"replies":[{"embeddable":true,"href":"https:\/\/luchonoticias.com\/editor\/wp-json\/wp\/v2\/comments?post=84732"}],"version-history":[{"count":1,"href":"https:\/\/luchonoticias.com\/editor\/wp-json\/wp\/v2\/posts\/84732\/revisions"}],"predecessor-version":[{"id":84734,"href":"https:\/\/luchonoticias.com\/editor\/wp-json\/wp\/v2\/posts\/84732\/revisions\/84734"}],"wp:featuredmedia":[{"embeddable":true,"href":"https:\/\/luchonoticias.com\/editor\/wp-json\/wp\/v2\/media\/84733"}],"wp:attachment":[{"href":"https:\/\/luchonoticias.com\/editor\/wp-json\/wp\/v2\/media?parent=84732"}],"wp:term":[{"taxonomy":"category","embeddable":true,"href":"https:\/\/luchonoticias.com\/editor\/wp-json\/wp\/v2\/categories?post=84732"},{"taxonomy":"post_tag","embeddable":true,"href":"https:\/\/luchonoticias.com\/editor\/wp-json\/wp\/v2\/tags?post=84732"}],"curies":[{"name":"wp","href":"https:\/\/api.w.org\/{rel}","templated":true}]}}