{"id":84740,"date":"2025-06-24T04:22:30","date_gmt":"2025-06-24T09:22:30","guid":{"rendered":"https:\/\/luchonoticias.com\/?p=84740"},"modified":"2025-06-24T04:22:32","modified_gmt":"2025-06-24T09:22:32","slug":"asi-fue-el-rescate-de-57-militares-en-el-cauca","status":"publish","type":"post","link":"https:\/\/luchonoticias.com\/editor\/asi-fue-el-rescate-de-57-militares-en-el-cauca\/","title":{"rendered":"As\u00ed fue el rescate de 57 militares en el Cauca"},"content":{"rendered":"\n<p>En una operaci\u00f3n conjunta entre el Ej\u00e9rcito y la Polic\u00eda Nacional, el Gobierno confirm\u00f3 este lunes el rescate de 57 militares que hab\u00edan sido secuestrados en la vereda Fondas, zona rural de El Tambo, Cauca. Seg\u00fan el ministro de Defensa, Pedro S\u00e1nchez, los uniformados estaban en poder de personas instrumentalizadas e infiltradas por la estructura criminal \u2018Carlos Pati\u00f1o\u2019, vinculada al cartel de alias \u2018Mordisco\u2019. La acci\u00f3n se anunci\u00f3 tras un consejo extraordinario de seguridad en Popay\u00e1n, con la presencia de altos funcionarios y autoridades locales.<\/p>\n\n\n\n<p>El ministro S\u00e1nchez inform\u00f3 del operativo a trav\u00e9s de la red social X, mensaje que fue replicado por el presidente Gustavo Petro. Los militares, sanos y salvos, est\u00e1n siendo trasladados por v\u00eda terrestre a Popay\u00e1n, mientras que las autoridades reportaron la captura en flagrancia de m\u00e1s de veinte personas implicadas en el secuestro. El Gobierno denunci\u00f3 que la estructura ilegal habr\u00eda recurrido a m\u00e9todos de intimidaci\u00f3n para obstaculizar la llegada de inversi\u00f3n social a la regi\u00f3n.<\/p>\n\n\n\n<p>Durante la operaci\u00f3n, la Fuerza P\u00fablica actu\u00f3 con prudencia y respeto por la vida civil, seg\u00fan resalt\u00f3 el ministro de Defensa. No obstante, denunci\u00f3 que los criminales usaron escudos humanos para intentar frenar el avance de las tropas. Adem\u00e1s, se ofrecieron recompensas de hasta 500 millones de pesos por informaci\u00f3n que lleve a la captura de alias \u2018Kevin\u2019 y 100 millones por otros presuntos cabecillas de la estructura criminal.<\/p>\n\n\n\n<p>El Gobierno reiter\u00f3 su compromiso con la vida y el desarrollo de las comunidades del Ca\u00f1\u00f3n del Micay. El ministro S\u00e1nchez subray\u00f3 que la principal amenaza al narcotr\u00e1fico es la inversi\u00f3n social y advirti\u00f3 a los criminales que el Estado no cesar\u00e1 en sus esfuerzos: \u201cO se someten a la justicia o ser\u00e1n capturados. El Estado es permanente; alias \u2018Mordisco\u2019 y sus secuaces, pasajeros\u201d.<\/p>\n\n\n\n<p>Por su parte, el ministro del Interior, Armando Benedetti, public\u00f3 im\u00e1genes de algunos de los capturados y asegur\u00f3 que ser\u00e1n presentados ante las autoridades competentes. El presidente Petro, en un mensaje previo al rescate, hab\u00eda pedido a las comunidades del Cauca no dejarse manipular por los actores armados y reafirm\u00f3 que el di\u00e1logo sigue abierto para avanzar hacia econom\u00edas l\u00edcitas y la paz.<\/p>\n","protected":false},"excerpt":{"rendered":"<p>En una operaci\u00f3n conjunta entre el Ej\u00e9rcito y la Polic\u00eda Nacional, el Gobierno confirm\u00f3 este lunes el rescate de 57 militares que hab\u00edan sido secuestrados en la vereda Fondas, zona rural de El Tambo, Cauca. Seg\u00fan el ministro de Defensa, Pedro S\u00e1nchez, los uniformados estaban en poder de personas instrumentalizadas e infiltradas por la estructura [&hellip;]<\/p>\n","protected":false},"author":2,"featured_media":84741,"comment_status":"closed","ping_status":"open","sticky":false,"template":"","format":"standard","meta":{"footnotes":""},"categories":[28,32],"tags":[],"class_list":["post-84740","post","type-post","status-publish","format-standard","has-post-thumbnail","hentry","category-actualidad","category-nacional"],"yoast_head":"<!-- This site is optimized with the Yoast SEO plugin v26.6 - https:\/\/yoast.com\/wordpress\/plugins\/seo\/ -->\n<title>As\u00ed fue el rescate de 57 militares en el Cauca -<\/title>\n<meta name=\"robots\" content=\"index, follow, max-snippet:-1, max-image-preview:large, max-video-preview:-1\" \/>\n<link rel=\"canonical\" href=\"https:\/\/luchonoticias.com\/editor\/asi-fue-el-rescate-de-57-militares-en-el-cauca\/\" \/>\n<meta property=\"og:locale\" content=\"es_ES\" \/>\n<meta property=\"og:type\" content=\"article\" \/>\n<meta property=\"og:title\" content=\"As\u00ed fue el rescate de 57 militares en el Cauca -\" \/>\n<meta property=\"og:url\" content=\"https:\/\/luchonoticias.com\/editor\/asi-fue-el-rescate-de-57-militares-en-el-cauca\/\" \/>\n<meta property=\"article:publisher\" content=\"https:\/\/www.facebook.com\/luchonoticiasneiva\" \/>\n<meta property=\"article:published_time\" content=\"2025-06-24T09:22:30+00:00\" \/>\n<meta property=\"article:modified_time\" content=\"2025-06-24T09:22:32+00:00\" \/>\n<meta property=\"og:image\" content=\"https:\/\/luchonoticias.com\/editor\/wp-content\/uploads\/2025\/06\/rescate-militares.jpg\" \/>\n\t<meta property=\"og:image:width\" content=\"700\" \/>\n\t<meta property=\"og:image:height\" content=\"400\" \/>\n\t<meta property=\"og:image:type\" content=\"image\/jpeg\" \/>\n<meta name=\"author\" content=\"Editor General\" \/>\n<meta name=\"twitter:card\" content=\"summary_large_image\" \/>\n<meta name=\"twitter:label1\" content=\"Escrito por\" \/>\n\t<meta name=\"twitter:data1\" content=\"Editor General\" \/>\n\t<meta name=\"twitter:label2\" content=\"Tiempo de lectura\" \/>\n\t<meta name=\"twitter:data2\" content=\"2 minutos\" \/>\n<script type=\"application\/ld+json\" class=\"yoast-schema-graph\">{\"@context\":\"https:\/\/schema.org\",\"@graph\":[{\"@type\":\"Article\",\"@id\":\"https:\/\/luchonoticias.com\/editor\/asi-fue-el-rescate-de-57-militares-en-el-cauca\/#article\",\"isPartOf\":{\"@id\":\"https:\/\/luchonoticias.com\/editor\/asi-fue-el-rescate-de-57-militares-en-el-cauca\/\"},\"author\":{\"name\":\"Editor General\",\"@id\":\"https:\/\/luchonoticias.com\/editor\/#\/schema\/person\/29217990ddf6f14e35912b2866d591fb\"},\"headline\":\"As\u00ed fue el rescate de 57 militares en el Cauca\",\"datePublished\":\"2025-06-24T09:22:30+00:00\",\"dateModified\":\"2025-06-24T09:22:32+00:00\",\"mainEntityOfPage\":{\"@id\":\"https:\/\/luchonoticias.com\/editor\/asi-fue-el-rescate-de-57-militares-en-el-cauca\/\"},\"wordCount\":399,\"publisher\":{\"@id\":\"https:\/\/luchonoticias.com\/editor\/#\/schema\/person\/7a7fd911f58561fd056dbac7b55af9cd\"},\"image\":{\"@id\":\"https:\/\/luchonoticias.com\/editor\/asi-fue-el-rescate-de-57-militares-en-el-cauca\/#primaryimage\"},\"thumbnailUrl\":\"https:\/\/luchonoticias.com\/editor\/wp-content\/uploads\/2025\/06\/rescate-militares.jpg\",\"articleSection\":[\"Actualidad\",\"Nacional\"],\"inLanguage\":\"es\"},{\"@type\":\"WebPage\",\"@id\":\"https:\/\/luchonoticias.com\/editor\/asi-fue-el-rescate-de-57-militares-en-el-cauca\/\",\"url\":\"https:\/\/luchonoticias.com\/editor\/asi-fue-el-rescate-de-57-militares-en-el-cauca\/\",\"name\":\"As\u00ed fue el rescate de 57 militares en el Cauca -\",\"isPartOf\":{\"@id\":\"https:\/\/luchonoticias.com\/editor\/#website\"},\"primaryImageOfPage\":{\"@id\":\"https:\/\/luchonoticias.com\/editor\/asi-fue-el-rescate-de-57-militares-en-el-cauca\/#primaryimage\"},\"image\":{\"@id\":\"https:\/\/luchonoticias.com\/editor\/asi-fue-el-rescate-de-57-militares-en-el-cauca\/#primaryimage\"},\"thumbnailUrl\":\"https:\/\/luchonoticias.com\/editor\/wp-content\/uploads\/2025\/06\/rescate-militares.jpg\",\"datePublished\":\"2025-06-24T09:22:30+00:00\",\"dateModified\":\"2025-06-24T09:22:32+00:00\",\"breadcrumb\":{\"@id\":\"https:\/\/luchonoticias.com\/editor\/asi-fue-el-rescate-de-57-militares-en-el-cauca\/#breadcrumb\"},\"inLanguage\":\"es\",\"potentialAction\":[{\"@type\":\"ReadAction\",\"target\":[\"https:\/\/luchonoticias.com\/editor\/asi-fue-el-rescate-de-57-militares-en-el-cauca\/\"]}]},{\"@type\":\"ImageObject\",\"inLanguage\":\"es\",\"@id\":\"https:\/\/luchonoticias.com\/editor\/asi-fue-el-rescate-de-57-militares-en-el-cauca\/#primaryimage\",\"url\":\"https:\/\/luchonoticias.com\/editor\/wp-content\/uploads\/2025\/06\/rescate-militares.jpg\",\"contentUrl\":\"https:\/\/luchonoticias.com\/editor\/wp-content\/uploads\/2025\/06\/rescate-militares.jpg\",\"width\":700,\"height\":400},{\"@type\":\"BreadcrumbList\",\"@id\":\"https:\/\/luchonoticias.com\/editor\/asi-fue-el-rescate-de-57-militares-en-el-cauca\/#breadcrumb\",\"itemListElement\":[{\"@type\":\"ListItem\",\"position\":1,\"name\":\"Portada\",\"item\":\"https:\/\/luchonoticias.com\/editor\/\"},{\"@type\":\"ListItem\",\"position\":2,\"name\":\"As\u00ed fue el rescate de 57 militares en el Cauca\"}]},{\"@type\":\"WebSite\",\"@id\":\"https:\/\/luchonoticias.com\/editor\/#website\",\"url\":\"https:\/\/luchonoticias.com\/editor\/\",\"name\":\"\",\"description\":\"\",\"publisher\":{\"@id\":\"https:\/\/luchonoticias.com\/editor\/#\/schema\/person\/7a7fd911f58561fd056dbac7b55af9cd\"},\"potentialAction\":[{\"@type\":\"SearchAction\",\"target\":{\"@type\":\"EntryPoint\",\"urlTemplate\":\"https:\/\/luchonoticias.com\/editor\/?s={search_term_string}\"},\"query-input\":{\"@type\":\"PropertyValueSpecification\",\"valueRequired\":true,\"valueName\":\"search_term_string\"}}],\"inLanguage\":\"es\"},{\"@type\":[\"Person\",\"Organization\"],\"@id\":\"https:\/\/luchonoticias.com\/editor\/#\/schema\/person\/7a7fd911f58561fd056dbac7b55af9cd\",\"name\":\"admin\",\"image\":{\"@type\":\"ImageObject\",\"inLanguage\":\"es\",\"@id\":\"https:\/\/luchonoticias.com\/editor\/#\/schema\/person\/image\/\",\"url\":\"https:\/\/luchonoticias.com\/editor\/wp-content\/uploads\/2024\/02\/cropped-cropped-logolu.webp\",\"contentUrl\":\"https:\/\/luchonoticias.com\/editor\/wp-content\/uploads\/2024\/02\/cropped-cropped-logolu.webp\",\"width\":382,\"height\":170,\"caption\":\"admin\"},\"logo\":{\"@id\":\"https:\/\/luchonoticias.com\/editor\/#\/schema\/person\/image\/\"},\"sameAs\":[\"https:\/\/www.facebook.com\/luchonoticiasneiva\"]},{\"@type\":\"Person\",\"@id\":\"https:\/\/luchonoticias.com\/editor\/#\/schema\/person\/29217990ddf6f14e35912b2866d591fb\",\"name\":\"Editor General\",\"image\":{\"@type\":\"ImageObject\",\"inLanguage\":\"es\",\"@id\":\"https:\/\/luchonoticias.com\/editor\/#\/schema\/person\/image\/\",\"url\":\"https:\/\/luchonoticias.com\/editor\/wp-content\/uploads\/2024\/02\/cropped-cropped-logolu-150x150.webp\",\"contentUrl\":\"https:\/\/luchonoticias.com\/editor\/wp-content\/uploads\/2024\/02\/cropped-cropped-logolu-150x150.webp\",\"caption\":\"Editor General\"},\"sameAs\":[\"https:\/\/luchonoticias.com\/\"],\"url\":\"https:\/\/luchonoticias.com\/editor\/author\/editor-general\/\"}]}<\/script>\n<!-- \/ Yoast SEO plugin. -->","yoast_head_json":{"title":"As\u00ed fue el rescate de 57 militares en el Cauca -","robots":{"index":"index","follow":"follow","max-snippet":"max-snippet:-1","max-image-preview":"max-image-preview:large","max-video-preview":"max-video-preview:-1"},"canonical":"https:\/\/luchonoticias.com\/editor\/asi-fue-el-rescate-de-57-militares-en-el-cauca\/","og_locale":"es_ES","og_type":"article","og_title":"As\u00ed fue el rescate de 57 militares en el Cauca -","og_url":"https:\/\/luchonoticias.com\/editor\/asi-fue-el-rescate-de-57-militares-en-el-cauca\/","article_publisher":"https:\/\/www.facebook.com\/luchonoticiasneiva","article_published_time":"2025-06-24T09:22:30+00:00","article_modified_time":"2025-06-24T09:22:32+00:00","og_image":[{"width":700,"height":400,"url":"https:\/\/luchonoticias.com\/editor\/wp-content\/uploads\/2025\/06\/rescate-militares.jpg","type":"image\/jpeg"}],"author":"Editor General","twitter_card":"summary_large_image","twitter_misc":{"Escrito por":"Editor General","Tiempo de lectura":"2 minutos"},"schema":{"@context":"https:\/\/schema.org","@graph":[{"@type":"Article","@id":"https:\/\/luchonoticias.com\/editor\/asi-fue-el-rescate-de-57-militares-en-el-cauca\/#article","isPartOf":{"@id":"https:\/\/luchonoticias.com\/editor\/asi-fue-el-rescate-de-57-militares-en-el-cauca\/"},"author":{"name":"Editor General","@id":"https:\/\/luchonoticias.com\/editor\/#\/schema\/person\/29217990ddf6f14e35912b2866d591fb"},"headline":"As\u00ed fue el rescate de 57 militares en el Cauca","datePublished":"2025-06-24T09:22:30+00:00","dateModified":"2025-06-24T09:22:32+00:00","mainEntityOfPage":{"@id":"https:\/\/luchonoticias.com\/editor\/asi-fue-el-rescate-de-57-militares-en-el-cauca\/"},"wordCount":399,"publisher":{"@id":"https:\/\/luchonoticias.com\/editor\/#\/schema\/person\/7a7fd911f58561fd056dbac7b55af9cd"},"image":{"@id":"https:\/\/luchonoticias.com\/editor\/asi-fue-el-rescate-de-57-militares-en-el-cauca\/#primaryimage"},"thumbnailUrl":"https:\/\/luchonoticias.com\/editor\/wp-content\/uploads\/2025\/06\/rescate-militares.jpg","articleSection":["Actualidad","Nacional"],"inLanguage":"es"},{"@type":"WebPage","@id":"https:\/\/luchonoticias.com\/editor\/asi-fue-el-rescate-de-57-militares-en-el-cauca\/","url":"https:\/\/luchonoticias.com\/editor\/asi-fue-el-rescate-de-57-militares-en-el-cauca\/","name":"As\u00ed fue el rescate de 57 militares en el Cauca -","isPartOf":{"@id":"https:\/\/luchonoticias.com\/editor\/#website"},"primaryImageOfPage":{"@id":"https:\/\/luchonoticias.com\/editor\/asi-fue-el-rescate-de-57-militares-en-el-cauca\/#primaryimage"},"image":{"@id":"https:\/\/luchonoticias.com\/editor\/asi-fue-el-rescate-de-57-militares-en-el-cauca\/#primaryimage"},"thumbnailUrl":"https:\/\/luchonoticias.com\/editor\/wp-content\/uploads\/2025\/06\/rescate-militares.jpg","datePublished":"2025-06-24T09:22:30+00:00","dateModified":"2025-06-24T09:22:32+00:00","breadcrumb":{"@id":"https:\/\/luchonoticias.com\/editor\/asi-fue-el-rescate-de-57-militares-en-el-cauca\/#breadcrumb"},"inLanguage":"es","potentialAction":[{"@type":"ReadAction","target":["https:\/\/luchonoticias.com\/editor\/asi-fue-el-rescate-de-57-militares-en-el-cauca\/"]}]},{"@type":"ImageObject","inLanguage":"es","@id":"https:\/\/luchonoticias.com\/editor\/asi-fue-el-rescate-de-57-militares-en-el-cauca\/#primaryimage","url":"https:\/\/luchonoticias.com\/editor\/wp-content\/uploads\/2025\/06\/rescate-militares.jpg","contentUrl":"https:\/\/luchonoticias.com\/editor\/wp-content\/uploads\/2025\/06\/rescate-militares.jpg","width":700,"height":400},{"@type":"BreadcrumbList","@id":"https:\/\/luchonoticias.com\/editor\/asi-fue-el-rescate-de-57-militares-en-el-cauca\/#breadcrumb","itemListElement":[{"@type":"ListItem","position":1,"name":"Portada","item":"https:\/\/luchonoticias.com\/editor\/"},{"@type":"ListItem","position":2,"name":"As\u00ed fue el rescate de 57 militares en el Cauca"}]},{"@type":"WebSite","@id":"https:\/\/luchonoticias.com\/editor\/#website","url":"https:\/\/luchonoticias.com\/editor\/","name":"","description":"","publisher":{"@id":"https:\/\/luchonoticias.com\/editor\/#\/schema\/person\/7a7fd911f58561fd056dbac7b55af9cd"},"potentialAction":[{"@type":"SearchAction","target":{"@type":"EntryPoint","urlTemplate":"https:\/\/luchonoticias.com\/editor\/?s={search_term_string}"},"query-input":{"@type":"PropertyValueSpecification","valueRequired":true,"valueName":"search_term_string"}}],"inLanguage":"es"},{"@type":["Person","Organization"],"@id":"https:\/\/luchonoticias.com\/editor\/#\/schema\/person\/7a7fd911f58561fd056dbac7b55af9cd","name":"admin","image":{"@type":"ImageObject","inLanguage":"es","@id":"https:\/\/luchonoticias.com\/editor\/#\/schema\/person\/image\/","url":"https:\/\/luchonoticias.com\/editor\/wp-content\/uploads\/2024\/02\/cropped-cropped-logolu.webp","contentUrl":"https:\/\/luchonoticias.com\/editor\/wp-content\/uploads\/2024\/02\/cropped-cropped-logolu.webp","width":382,"height":170,"caption":"admin"},"logo":{"@id":"https:\/\/luchonoticias.com\/editor\/#\/schema\/person\/image\/"},"sameAs":["https:\/\/www.facebook.com\/luchonoticiasneiva"]},{"@type":"Person","@id":"https:\/\/luchonoticias.com\/editor\/#\/schema\/person\/29217990ddf6f14e35912b2866d591fb","name":"Editor General","image":{"@type":"ImageObject","inLanguage":"es","@id":"https:\/\/luchonoticias.com\/editor\/#\/schema\/person\/image\/","url":"https:\/\/luchonoticias.com\/editor\/wp-content\/uploads\/2024\/02\/cropped-cropped-logolu-150x150.webp","contentUrl":"https:\/\/luchonoticias.com\/editor\/wp-content\/uploads\/2024\/02\/cropped-cropped-logolu-150x150.webp","caption":"Editor General"},"sameAs":["https:\/\/luchonoticias.com\/"],"url":"https:\/\/luchonoticias.com\/editor\/author\/editor-general\/"}]}},"_links":{"self":[{"href":"https:\/\/luchonoticias.com\/editor\/wp-json\/wp\/v2\/posts\/84740","targetHints":{"allow":["GET"]}}],"collection":[{"href":"https:\/\/luchonoticias.com\/editor\/wp-json\/wp\/v2\/posts"}],"about":[{"href":"https:\/\/luchonoticias.com\/editor\/wp-json\/wp\/v2\/types\/post"}],"author":[{"embeddable":true,"href":"https:\/\/luchonoticias.com\/editor\/wp-json\/wp\/v2\/users\/2"}],"replies":[{"embeddable":true,"href":"https:\/\/luchonoticias.com\/editor\/wp-json\/wp\/v2\/comments?post=84740"}],"version-history":[{"count":1,"href":"https:\/\/luchonoticias.com\/editor\/wp-json\/wp\/v2\/posts\/84740\/revisions"}],"predecessor-version":[{"id":84742,"href":"https:\/\/luchonoticias.com\/editor\/wp-json\/wp\/v2\/posts\/84740\/revisions\/84742"}],"wp:featuredmedia":[{"embeddable":true,"href":"https:\/\/luchonoticias.com\/editor\/wp-json\/wp\/v2\/media\/84741"}],"wp:attachment":[{"href":"https:\/\/luchonoticias.com\/editor\/wp-json\/wp\/v2\/media?parent=84740"}],"wp:term":[{"taxonomy":"category","embeddable":true,"href":"https:\/\/luchonoticias.com\/editor\/wp-json\/wp\/v2\/categories?post=84740"},{"taxonomy":"post_tag","embeddable":true,"href":"https:\/\/luchonoticias.com\/editor\/wp-json\/wp\/v2\/tags?post=84740"}],"curies":[{"name":"wp","href":"https:\/\/api.w.org\/{rel}","templated":true}]}}