{"id":85181,"date":"2025-07-06T04:25:39","date_gmt":"2025-07-06T09:25:39","guid":{"rendered":"https:\/\/luchonoticias.com\/?p=85181"},"modified":"2025-07-06T04:25:40","modified_gmt":"2025-07-06T09:25:40","slug":"buscando-al-autor-intelectual-del-atentado-a-miguel-uribe","status":"publish","type":"post","link":"https:\/\/luchonoticias.com\/editor\/buscando-al-autor-intelectual-del-atentado-a-miguel-uribe\/","title":{"rendered":"Buscando al autor intelectual del atentado a Miguel Uribe"},"content":{"rendered":"\n<p>Alias <em>&#8216;el Coste\u00f1o&#8217;<\/em> o <em>&#8216;Chipi&#8217;<\/em>, se\u00f1alado como cabecilla operativo del atentado contra el senador Miguel Uribe Turbay, fue capturado este s\u00e1bado en la localidad de Engativ\u00e1, en Bogot\u00e1. La detenci\u00f3n se logr\u00f3 tras 28 d\u00edas de seguimiento por parte de m\u00e1s de 180 uniformados de inteligencia de la Polic\u00eda Nacional, en coordinaci\u00f3n con la Fiscal\u00eda General de la Naci\u00f3n.<\/p>\n\n\n\n<p>Con esta captura ya son cinco los implicados detenidos, entre ellos el menor de edad que dispar\u00f3. Seg\u00fan las autoridades, alias <em>&#8216;Chipi&#8217;<\/em> fue quien articul\u00f3 la red de sicarios y habr\u00eda recibido hasta 1.000 millones de pesos para coordinar el ataque. La operaci\u00f3n tambi\u00e9n cont\u00f3 con apoyo de Interpol y agencias de inteligencia de Estados Unidos, Reino Unido y Emiratos \u00c1rabes Unidos.<\/p>\n\n\n\n<p>El detenido, identificado como Elder Jos\u00e9 Arteaga Hern\u00e1ndez, tiene m\u00e1s de 20 a\u00f1os de historial delictivo y antecedentes por homicidio, tr\u00e1fico de armas, narcotr\u00e1fico y hurto. Fue integrante del grupo delincuencial \u2018La Zaga\u2019, con influencia en Engativ\u00e1, y ahora enfrenta cargos por tentativa de homicidio agravado, utilizaci\u00f3n de menores para delinquir y porte ilegal de armas.<\/p>\n\n\n\n<p>La estructura criminal a la que pertenec\u00eda operaba bajo un modelo de <em>outsourcing<\/em> delictivo. Las capturas anteriores incluyen a alias <em>&#8216;el Hermano&#8217;<\/em>, <em>&#8216;el Veneco&#8217;<\/em>, <em>&#8216;Gabriela&#8217;<\/em> y el conductor Carlos Eduardo Mora, quien habr\u00eda transportado al menor hasta el lugar del atentado. Incluso se investiga si alias <em>&#8216;Chipi&#8217;<\/em> intent\u00f3 asesinar a uno de sus c\u00f3mplices para silenciarlo.<\/p>\n\n\n\n<p>\u201cEl mensaje es claro: quien atenta contra la democracia, atenta contra el Estado y responder\u00e1 ante la ley\u201d, afirm\u00f3 el ministro de Defensa, Iv\u00e1n Vel\u00e1squez. Tambi\u00e9n anunci\u00f3 una recompensa de hasta 3.000 millones de pesos por informaci\u00f3n sobre los autores intelectuales del ataque.<\/p>\n\n\n\n<p><\/p>\n","protected":false},"excerpt":{"rendered":"<p>Alias &#8216;el Coste\u00f1o&#8217; o &#8216;Chipi&#8217;, se\u00f1alado como cabecilla operativo del atentado contra el senador Miguel Uribe Turbay, fue capturado este s\u00e1bado en la localidad de Engativ\u00e1, en Bogot\u00e1. La detenci\u00f3n se logr\u00f3 tras 28 d\u00edas de seguimiento por parte de m\u00e1s de 180 uniformados de inteligencia de la Polic\u00eda Nacional, en coordinaci\u00f3n con la Fiscal\u00eda [&hellip;]<\/p>\n","protected":false},"author":2,"featured_media":85182,"comment_status":"closed","ping_status":"open","sticky":false,"template":"","format":"standard","meta":{"footnotes":""},"categories":[28,32],"tags":[],"class_list":["post-85181","post","type-post","status-publish","format-standard","has-post-thumbnail","hentry","category-actualidad","category-nacional"],"yoast_head":"<!-- This site is optimized with the Yoast SEO plugin v26.6 - https:\/\/yoast.com\/wordpress\/plugins\/seo\/ -->\n<title>Buscando al autor intelectual del atentado a Miguel Uribe -<\/title>\n<meta name=\"robots\" content=\"index, follow, max-snippet:-1, max-image-preview:large, max-video-preview:-1\" \/>\n<link rel=\"canonical\" href=\"https:\/\/luchonoticias.com\/editor\/buscando-al-autor-intelectual-del-atentado-a-miguel-uribe\/\" \/>\n<meta property=\"og:locale\" content=\"es_ES\" \/>\n<meta property=\"og:type\" content=\"article\" \/>\n<meta property=\"og:title\" content=\"Buscando al autor intelectual del atentado a Miguel Uribe -\" \/>\n<meta property=\"og:url\" content=\"https:\/\/luchonoticias.com\/editor\/buscando-al-autor-intelectual-del-atentado-a-miguel-uribe\/\" \/>\n<meta property=\"article:publisher\" content=\"https:\/\/www.facebook.com\/luchonoticiasneiva\" \/>\n<meta property=\"article:published_time\" content=\"2025-07-06T09:25:39+00:00\" \/>\n<meta property=\"article:modified_time\" content=\"2025-07-06T09:25:40+00:00\" \/>\n<meta property=\"og:image\" content=\"https:\/\/luchonoticias.com\/editor\/wp-content\/uploads\/2025\/07\/detenido-el-costeno.jpg\" \/>\n\t<meta property=\"og:image:width\" content=\"700\" \/>\n\t<meta property=\"og:image:height\" content=\"400\" \/>\n\t<meta property=\"og:image:type\" content=\"image\/jpeg\" \/>\n<meta name=\"author\" content=\"Editor General\" \/>\n<meta name=\"twitter:card\" content=\"summary_large_image\" \/>\n<meta name=\"twitter:label1\" content=\"Escrito por\" \/>\n\t<meta name=\"twitter:data1\" content=\"Editor General\" \/>\n\t<meta name=\"twitter:label2\" content=\"Tiempo de lectura\" \/>\n\t<meta name=\"twitter:data2\" content=\"2 minutos\" \/>\n<script type=\"application\/ld+json\" class=\"yoast-schema-graph\">{\"@context\":\"https:\/\/schema.org\",\"@graph\":[{\"@type\":\"Article\",\"@id\":\"https:\/\/luchonoticias.com\/editor\/buscando-al-autor-intelectual-del-atentado-a-miguel-uribe\/#article\",\"isPartOf\":{\"@id\":\"https:\/\/luchonoticias.com\/editor\/buscando-al-autor-intelectual-del-atentado-a-miguel-uribe\/\"},\"author\":{\"name\":\"Editor General\",\"@id\":\"https:\/\/luchonoticias.com\/editor\/#\/schema\/person\/29217990ddf6f14e35912b2866d591fb\"},\"headline\":\"Buscando al autor intelectual del atentado a Miguel Uribe\",\"datePublished\":\"2025-07-06T09:25:39+00:00\",\"dateModified\":\"2025-07-06T09:25:40+00:00\",\"mainEntityOfPage\":{\"@id\":\"https:\/\/luchonoticias.com\/editor\/buscando-al-autor-intelectual-del-atentado-a-miguel-uribe\/\"},\"wordCount\":307,\"publisher\":{\"@id\":\"https:\/\/luchonoticias.com\/editor\/#\/schema\/person\/7a7fd911f58561fd056dbac7b55af9cd\"},\"image\":{\"@id\":\"https:\/\/luchonoticias.com\/editor\/buscando-al-autor-intelectual-del-atentado-a-miguel-uribe\/#primaryimage\"},\"thumbnailUrl\":\"https:\/\/luchonoticias.com\/editor\/wp-content\/uploads\/2025\/07\/detenido-el-costeno.jpg\",\"articleSection\":[\"Actualidad\",\"Nacional\"],\"inLanguage\":\"es\"},{\"@type\":\"WebPage\",\"@id\":\"https:\/\/luchonoticias.com\/editor\/buscando-al-autor-intelectual-del-atentado-a-miguel-uribe\/\",\"url\":\"https:\/\/luchonoticias.com\/editor\/buscando-al-autor-intelectual-del-atentado-a-miguel-uribe\/\",\"name\":\"Buscando al autor intelectual del atentado a Miguel Uribe -\",\"isPartOf\":{\"@id\":\"https:\/\/luchonoticias.com\/editor\/#website\"},\"primaryImageOfPage\":{\"@id\":\"https:\/\/luchonoticias.com\/editor\/buscando-al-autor-intelectual-del-atentado-a-miguel-uribe\/#primaryimage\"},\"image\":{\"@id\":\"https:\/\/luchonoticias.com\/editor\/buscando-al-autor-intelectual-del-atentado-a-miguel-uribe\/#primaryimage\"},\"thumbnailUrl\":\"https:\/\/luchonoticias.com\/editor\/wp-content\/uploads\/2025\/07\/detenido-el-costeno.jpg\",\"datePublished\":\"2025-07-06T09:25:39+00:00\",\"dateModified\":\"2025-07-06T09:25:40+00:00\",\"breadcrumb\":{\"@id\":\"https:\/\/luchonoticias.com\/editor\/buscando-al-autor-intelectual-del-atentado-a-miguel-uribe\/#breadcrumb\"},\"inLanguage\":\"es\",\"potentialAction\":[{\"@type\":\"ReadAction\",\"target\":[\"https:\/\/luchonoticias.com\/editor\/buscando-al-autor-intelectual-del-atentado-a-miguel-uribe\/\"]}]},{\"@type\":\"ImageObject\",\"inLanguage\":\"es\",\"@id\":\"https:\/\/luchonoticias.com\/editor\/buscando-al-autor-intelectual-del-atentado-a-miguel-uribe\/#primaryimage\",\"url\":\"https:\/\/luchonoticias.com\/editor\/wp-content\/uploads\/2025\/07\/detenido-el-costeno.jpg\",\"contentUrl\":\"https:\/\/luchonoticias.com\/editor\/wp-content\/uploads\/2025\/07\/detenido-el-costeno.jpg\",\"width\":700,\"height\":400},{\"@type\":\"BreadcrumbList\",\"@id\":\"https:\/\/luchonoticias.com\/editor\/buscando-al-autor-intelectual-del-atentado-a-miguel-uribe\/#breadcrumb\",\"itemListElement\":[{\"@type\":\"ListItem\",\"position\":1,\"name\":\"Portada\",\"item\":\"https:\/\/luchonoticias.com\/editor\/\"},{\"@type\":\"ListItem\",\"position\":2,\"name\":\"Buscando al autor intelectual del atentado a Miguel Uribe\"}]},{\"@type\":\"WebSite\",\"@id\":\"https:\/\/luchonoticias.com\/editor\/#website\",\"url\":\"https:\/\/luchonoticias.com\/editor\/\",\"name\":\"\",\"description\":\"\",\"publisher\":{\"@id\":\"https:\/\/luchonoticias.com\/editor\/#\/schema\/person\/7a7fd911f58561fd056dbac7b55af9cd\"},\"potentialAction\":[{\"@type\":\"SearchAction\",\"target\":{\"@type\":\"EntryPoint\",\"urlTemplate\":\"https:\/\/luchonoticias.com\/editor\/?s={search_term_string}\"},\"query-input\":{\"@type\":\"PropertyValueSpecification\",\"valueRequired\":true,\"valueName\":\"search_term_string\"}}],\"inLanguage\":\"es\"},{\"@type\":[\"Person\",\"Organization\"],\"@id\":\"https:\/\/luchonoticias.com\/editor\/#\/schema\/person\/7a7fd911f58561fd056dbac7b55af9cd\",\"name\":\"admin\",\"image\":{\"@type\":\"ImageObject\",\"inLanguage\":\"es\",\"@id\":\"https:\/\/luchonoticias.com\/editor\/#\/schema\/person\/image\/\",\"url\":\"https:\/\/luchonoticias.com\/editor\/wp-content\/uploads\/2024\/02\/cropped-cropped-logolu.webp\",\"contentUrl\":\"https:\/\/luchonoticias.com\/editor\/wp-content\/uploads\/2024\/02\/cropped-cropped-logolu.webp\",\"width\":382,\"height\":170,\"caption\":\"admin\"},\"logo\":{\"@id\":\"https:\/\/luchonoticias.com\/editor\/#\/schema\/person\/image\/\"},\"sameAs\":[\"https:\/\/www.facebook.com\/luchonoticiasneiva\"]},{\"@type\":\"Person\",\"@id\":\"https:\/\/luchonoticias.com\/editor\/#\/schema\/person\/29217990ddf6f14e35912b2866d591fb\",\"name\":\"Editor General\",\"image\":{\"@type\":\"ImageObject\",\"inLanguage\":\"es\",\"@id\":\"https:\/\/luchonoticias.com\/editor\/#\/schema\/person\/image\/\",\"url\":\"https:\/\/luchonoticias.com\/editor\/wp-content\/uploads\/2024\/02\/cropped-cropped-logolu-150x150.webp\",\"contentUrl\":\"https:\/\/luchonoticias.com\/editor\/wp-content\/uploads\/2024\/02\/cropped-cropped-logolu-150x150.webp\",\"caption\":\"Editor General\"},\"sameAs\":[\"https:\/\/luchonoticias.com\/\"],\"url\":\"https:\/\/luchonoticias.com\/editor\/author\/editor-general\/\"}]}<\/script>\n<!-- \/ Yoast SEO plugin. -->","yoast_head_json":{"title":"Buscando al autor intelectual del atentado a Miguel Uribe -","robots":{"index":"index","follow":"follow","max-snippet":"max-snippet:-1","max-image-preview":"max-image-preview:large","max-video-preview":"max-video-preview:-1"},"canonical":"https:\/\/luchonoticias.com\/editor\/buscando-al-autor-intelectual-del-atentado-a-miguel-uribe\/","og_locale":"es_ES","og_type":"article","og_title":"Buscando al autor intelectual del atentado a Miguel Uribe -","og_url":"https:\/\/luchonoticias.com\/editor\/buscando-al-autor-intelectual-del-atentado-a-miguel-uribe\/","article_publisher":"https:\/\/www.facebook.com\/luchonoticiasneiva","article_published_time":"2025-07-06T09:25:39+00:00","article_modified_time":"2025-07-06T09:25:40+00:00","og_image":[{"width":700,"height":400,"url":"https:\/\/luchonoticias.com\/editor\/wp-content\/uploads\/2025\/07\/detenido-el-costeno.jpg","type":"image\/jpeg"}],"author":"Editor General","twitter_card":"summary_large_image","twitter_misc":{"Escrito por":"Editor General","Tiempo de lectura":"2 minutos"},"schema":{"@context":"https:\/\/schema.org","@graph":[{"@type":"Article","@id":"https:\/\/luchonoticias.com\/editor\/buscando-al-autor-intelectual-del-atentado-a-miguel-uribe\/#article","isPartOf":{"@id":"https:\/\/luchonoticias.com\/editor\/buscando-al-autor-intelectual-del-atentado-a-miguel-uribe\/"},"author":{"name":"Editor General","@id":"https:\/\/luchonoticias.com\/editor\/#\/schema\/person\/29217990ddf6f14e35912b2866d591fb"},"headline":"Buscando al autor intelectual del atentado a Miguel Uribe","datePublished":"2025-07-06T09:25:39+00:00","dateModified":"2025-07-06T09:25:40+00:00","mainEntityOfPage":{"@id":"https:\/\/luchonoticias.com\/editor\/buscando-al-autor-intelectual-del-atentado-a-miguel-uribe\/"},"wordCount":307,"publisher":{"@id":"https:\/\/luchonoticias.com\/editor\/#\/schema\/person\/7a7fd911f58561fd056dbac7b55af9cd"},"image":{"@id":"https:\/\/luchonoticias.com\/editor\/buscando-al-autor-intelectual-del-atentado-a-miguel-uribe\/#primaryimage"},"thumbnailUrl":"https:\/\/luchonoticias.com\/editor\/wp-content\/uploads\/2025\/07\/detenido-el-costeno.jpg","articleSection":["Actualidad","Nacional"],"inLanguage":"es"},{"@type":"WebPage","@id":"https:\/\/luchonoticias.com\/editor\/buscando-al-autor-intelectual-del-atentado-a-miguel-uribe\/","url":"https:\/\/luchonoticias.com\/editor\/buscando-al-autor-intelectual-del-atentado-a-miguel-uribe\/","name":"Buscando al autor intelectual del atentado a Miguel Uribe -","isPartOf":{"@id":"https:\/\/luchonoticias.com\/editor\/#website"},"primaryImageOfPage":{"@id":"https:\/\/luchonoticias.com\/editor\/buscando-al-autor-intelectual-del-atentado-a-miguel-uribe\/#primaryimage"},"image":{"@id":"https:\/\/luchonoticias.com\/editor\/buscando-al-autor-intelectual-del-atentado-a-miguel-uribe\/#primaryimage"},"thumbnailUrl":"https:\/\/luchonoticias.com\/editor\/wp-content\/uploads\/2025\/07\/detenido-el-costeno.jpg","datePublished":"2025-07-06T09:25:39+00:00","dateModified":"2025-07-06T09:25:40+00:00","breadcrumb":{"@id":"https:\/\/luchonoticias.com\/editor\/buscando-al-autor-intelectual-del-atentado-a-miguel-uribe\/#breadcrumb"},"inLanguage":"es","potentialAction":[{"@type":"ReadAction","target":["https:\/\/luchonoticias.com\/editor\/buscando-al-autor-intelectual-del-atentado-a-miguel-uribe\/"]}]},{"@type":"ImageObject","inLanguage":"es","@id":"https:\/\/luchonoticias.com\/editor\/buscando-al-autor-intelectual-del-atentado-a-miguel-uribe\/#primaryimage","url":"https:\/\/luchonoticias.com\/editor\/wp-content\/uploads\/2025\/07\/detenido-el-costeno.jpg","contentUrl":"https:\/\/luchonoticias.com\/editor\/wp-content\/uploads\/2025\/07\/detenido-el-costeno.jpg","width":700,"height":400},{"@type":"BreadcrumbList","@id":"https:\/\/luchonoticias.com\/editor\/buscando-al-autor-intelectual-del-atentado-a-miguel-uribe\/#breadcrumb","itemListElement":[{"@type":"ListItem","position":1,"name":"Portada","item":"https:\/\/luchonoticias.com\/editor\/"},{"@type":"ListItem","position":2,"name":"Buscando al autor intelectual del atentado a Miguel Uribe"}]},{"@type":"WebSite","@id":"https:\/\/luchonoticias.com\/editor\/#website","url":"https:\/\/luchonoticias.com\/editor\/","name":"","description":"","publisher":{"@id":"https:\/\/luchonoticias.com\/editor\/#\/schema\/person\/7a7fd911f58561fd056dbac7b55af9cd"},"potentialAction":[{"@type":"SearchAction","target":{"@type":"EntryPoint","urlTemplate":"https:\/\/luchonoticias.com\/editor\/?s={search_term_string}"},"query-input":{"@type":"PropertyValueSpecification","valueRequired":true,"valueName":"search_term_string"}}],"inLanguage":"es"},{"@type":["Person","Organization"],"@id":"https:\/\/luchonoticias.com\/editor\/#\/schema\/person\/7a7fd911f58561fd056dbac7b55af9cd","name":"admin","image":{"@type":"ImageObject","inLanguage":"es","@id":"https:\/\/luchonoticias.com\/editor\/#\/schema\/person\/image\/","url":"https:\/\/luchonoticias.com\/editor\/wp-content\/uploads\/2024\/02\/cropped-cropped-logolu.webp","contentUrl":"https:\/\/luchonoticias.com\/editor\/wp-content\/uploads\/2024\/02\/cropped-cropped-logolu.webp","width":382,"height":170,"caption":"admin"},"logo":{"@id":"https:\/\/luchonoticias.com\/editor\/#\/schema\/person\/image\/"},"sameAs":["https:\/\/www.facebook.com\/luchonoticiasneiva"]},{"@type":"Person","@id":"https:\/\/luchonoticias.com\/editor\/#\/schema\/person\/29217990ddf6f14e35912b2866d591fb","name":"Editor General","image":{"@type":"ImageObject","inLanguage":"es","@id":"https:\/\/luchonoticias.com\/editor\/#\/schema\/person\/image\/","url":"https:\/\/luchonoticias.com\/editor\/wp-content\/uploads\/2024\/02\/cropped-cropped-logolu-150x150.webp","contentUrl":"https:\/\/luchonoticias.com\/editor\/wp-content\/uploads\/2024\/02\/cropped-cropped-logolu-150x150.webp","caption":"Editor General"},"sameAs":["https:\/\/luchonoticias.com\/"],"url":"https:\/\/luchonoticias.com\/editor\/author\/editor-general\/"}]}},"_links":{"self":[{"href":"https:\/\/luchonoticias.com\/editor\/wp-json\/wp\/v2\/posts\/85181","targetHints":{"allow":["GET"]}}],"collection":[{"href":"https:\/\/luchonoticias.com\/editor\/wp-json\/wp\/v2\/posts"}],"about":[{"href":"https:\/\/luchonoticias.com\/editor\/wp-json\/wp\/v2\/types\/post"}],"author":[{"embeddable":true,"href":"https:\/\/luchonoticias.com\/editor\/wp-json\/wp\/v2\/users\/2"}],"replies":[{"embeddable":true,"href":"https:\/\/luchonoticias.com\/editor\/wp-json\/wp\/v2\/comments?post=85181"}],"version-history":[{"count":1,"href":"https:\/\/luchonoticias.com\/editor\/wp-json\/wp\/v2\/posts\/85181\/revisions"}],"predecessor-version":[{"id":85183,"href":"https:\/\/luchonoticias.com\/editor\/wp-json\/wp\/v2\/posts\/85181\/revisions\/85183"}],"wp:featuredmedia":[{"embeddable":true,"href":"https:\/\/luchonoticias.com\/editor\/wp-json\/wp\/v2\/media\/85182"}],"wp:attachment":[{"href":"https:\/\/luchonoticias.com\/editor\/wp-json\/wp\/v2\/media?parent=85181"}],"wp:term":[{"taxonomy":"category","embeddable":true,"href":"https:\/\/luchonoticias.com\/editor\/wp-json\/wp\/v2\/categories?post=85181"},{"taxonomy":"post_tag","embeddable":true,"href":"https:\/\/luchonoticias.com\/editor\/wp-json\/wp\/v2\/tags?post=85181"}],"curies":[{"name":"wp","href":"https:\/\/api.w.org\/{rel}","templated":true}]}}