{"id":85386,"date":"2025-07-11T19:54:50","date_gmt":"2025-07-12T00:54:50","guid":{"rendered":"https:\/\/luchonoticias.com\/?p=85386"},"modified":"2025-07-11T19:54:53","modified_gmt":"2025-07-12T00:54:53","slug":"seguimiento-a-las-afectaciones-por-creciente-del-magdalena","status":"publish","type":"post","link":"https:\/\/luchonoticias.com\/editor\/seguimiento-a-las-afectaciones-por-creciente-del-magdalena\/","title":{"rendered":"Seguimiento a las afectaciones por creciente del Magdalena"},"content":{"rendered":"\n<p>Ante las graves afectaciones causadas por la temporada invernal en zonas cercanas a los embalses El Quimbo y Betania, el Gobierno del Huila, a trav\u00e9s del programa \u201cPor un Huila Grande\u201d, inici\u00f3 jornadas de escucha activa y atenci\u00f3n t\u00e9cnica para acompa\u00f1ar a las comunidades damnificadas. Las inundaciones, producto de las lluvias y la apertura de compuertas, han impactado directamente a familias poseedoras de predios contiguos a r\u00edos y embalses.<\/p>\n\n\n\n<p>Durante un encuentro con voceros comunitarios, el secretario de Gobierno, Juan Carlos Casallas Rivas, inform\u00f3 que se activ\u00f3 la ruta institucional para atender la emergencia, incluyendo un diagn\u00f3stico detallado con los Comit\u00e9s Locales de Gesti\u00f3n del Riesgo, con el fin de establecer el n\u00famero de personas afectadas, su ubicaci\u00f3n y los da\u00f1os sufridos. La presencia del Procurador Regional tambi\u00e9n fue clave para verificar compromisos asumidos.<\/p>\n\n\n\n<p>En la jornada se socializ\u00f3 adem\u00e1s la reciente decisi\u00f3n del Consejo de Estado que anula parcialmente la licencia ambiental del proyecto El Quimbo, lo que permitir\u00e1 un nuevo proceso de censo y compensaci\u00f3n para personas inicialmente no reconocidas como afectadas. Desde la Gobernaci\u00f3n se reiter\u00f3 el compromiso de hacer seguimiento a este proceso y garantizar el cumplimiento de los acuerdos.<\/p>\n\n\n\n<p>L\u00edderes comunitarios, como el campesino Fredy Andrade, hicieron un llamado urgente a las autoridades para fortalecer su presencia en las zonas m\u00e1s vulnerables. Se\u00f1alaron que muchas familias siguen en situaci\u00f3n cr\u00edtica sin recibir atenci\u00f3n directa en los lugares donde se concentran los mayores impactos de la emergencia.<\/p>\n\n\n\n<p>Finalmente, la directora de la Oficina para la Gesti\u00f3n del Riesgo de Desastres del Huila, Isabel Hern\u00e1ndez \u00c1vila, hizo un llamado a los alcaldes para realizar la evaluaci\u00f3n de da\u00f1os y necesidades en sus territorios. Este diagn\u00f3stico permitir\u00e1 al Gobierno departamental y nacional tomar decisiones efectivas y continuar brindando apoyo t\u00e9cnico a los Concejos Municipales para avanzar en el censo y la atenci\u00f3n a las comunidades afectadas.<\/p>\n","protected":false},"excerpt":{"rendered":"<p>Ante las graves afectaciones causadas por la temporada invernal en zonas cercanas a los embalses El Quimbo y Betania, el Gobierno del Huila, a trav\u00e9s del programa \u201cPor un Huila Grande\u201d, inici\u00f3 jornadas de escucha activa y atenci\u00f3n t\u00e9cnica para acompa\u00f1ar a las comunidades damnificadas. Las inundaciones, producto de las lluvias y la apertura de [&hellip;]<\/p>\n","protected":false},"author":2,"featured_media":85124,"comment_status":"closed","ping_status":"open","sticky":false,"template":"","format":"standard","meta":{"footnotes":""},"categories":[33],"tags":[],"class_list":["post-85386","post","type-post","status-publish","format-standard","has-post-thumbnail","hentry","category-huila"],"yoast_head":"<!-- This site is optimized with the Yoast SEO plugin v26.6 - https:\/\/yoast.com\/wordpress\/plugins\/seo\/ -->\n<title>Seguimiento a las afectaciones por creciente del Magdalena -<\/title>\n<meta name=\"robots\" content=\"index, follow, max-snippet:-1, max-image-preview:large, max-video-preview:-1\" \/>\n<link rel=\"canonical\" href=\"https:\/\/luchonoticias.com\/editor\/seguimiento-a-las-afectaciones-por-creciente-del-magdalena\/\" \/>\n<meta property=\"og:locale\" content=\"es_ES\" \/>\n<meta property=\"og:type\" content=\"article\" \/>\n<meta property=\"og:title\" content=\"Seguimiento a las afectaciones por creciente del Magdalena -\" \/>\n<meta property=\"og:url\" content=\"https:\/\/luchonoticias.com\/editor\/seguimiento-a-las-afectaciones-por-creciente-del-magdalena\/\" \/>\n<meta property=\"article:publisher\" content=\"https:\/\/www.facebook.com\/luchonoticiasneiva\" \/>\n<meta property=\"article:published_time\" content=\"2025-07-12T00:54:50+00:00\" \/>\n<meta property=\"article:modified_time\" content=\"2025-07-12T00:54:53+00:00\" \/>\n<meta property=\"og:image\" content=\"https:\/\/luchonoticias.com\/editor\/wp-content\/uploads\/2025\/07\/BETANIA-2.jpg\" \/>\n\t<meta property=\"og:image:width\" content=\"700\" \/>\n\t<meta property=\"og:image:height\" content=\"400\" \/>\n\t<meta property=\"og:image:type\" content=\"image\/jpeg\" \/>\n<meta name=\"author\" content=\"Editor General\" \/>\n<meta name=\"twitter:card\" content=\"summary_large_image\" \/>\n<meta name=\"twitter:label1\" content=\"Escrito por\" \/>\n\t<meta name=\"twitter:data1\" content=\"Editor General\" \/>\n\t<meta name=\"twitter:label2\" content=\"Tiempo de lectura\" \/>\n\t<meta name=\"twitter:data2\" content=\"2 minutos\" \/>\n<script type=\"application\/ld+json\" class=\"yoast-schema-graph\">{\"@context\":\"https:\/\/schema.org\",\"@graph\":[{\"@type\":\"Article\",\"@id\":\"https:\/\/luchonoticias.com\/editor\/seguimiento-a-las-afectaciones-por-creciente-del-magdalena\/#article\",\"isPartOf\":{\"@id\":\"https:\/\/luchonoticias.com\/editor\/seguimiento-a-las-afectaciones-por-creciente-del-magdalena\/\"},\"author\":{\"name\":\"Editor General\",\"@id\":\"https:\/\/luchonoticias.com\/editor\/#\/schema\/person\/29217990ddf6f14e35912b2866d591fb\"},\"headline\":\"Seguimiento a las afectaciones por creciente del Magdalena\",\"datePublished\":\"2025-07-12T00:54:50+00:00\",\"dateModified\":\"2025-07-12T00:54:53+00:00\",\"mainEntityOfPage\":{\"@id\":\"https:\/\/luchonoticias.com\/editor\/seguimiento-a-las-afectaciones-por-creciente-del-magdalena\/\"},\"wordCount\":345,\"publisher\":{\"@id\":\"https:\/\/luchonoticias.com\/editor\/#\/schema\/person\/7a7fd911f58561fd056dbac7b55af9cd\"},\"image\":{\"@id\":\"https:\/\/luchonoticias.com\/editor\/seguimiento-a-las-afectaciones-por-creciente-del-magdalena\/#primaryimage\"},\"thumbnailUrl\":\"https:\/\/luchonoticias.com\/editor\/wp-content\/uploads\/2025\/07\/BETANIA-2.jpg\",\"articleSection\":[\"Huila\"],\"inLanguage\":\"es\"},{\"@type\":\"WebPage\",\"@id\":\"https:\/\/luchonoticias.com\/editor\/seguimiento-a-las-afectaciones-por-creciente-del-magdalena\/\",\"url\":\"https:\/\/luchonoticias.com\/editor\/seguimiento-a-las-afectaciones-por-creciente-del-magdalena\/\",\"name\":\"Seguimiento a las afectaciones por creciente del Magdalena -\",\"isPartOf\":{\"@id\":\"https:\/\/luchonoticias.com\/editor\/#website\"},\"primaryImageOfPage\":{\"@id\":\"https:\/\/luchonoticias.com\/editor\/seguimiento-a-las-afectaciones-por-creciente-del-magdalena\/#primaryimage\"},\"image\":{\"@id\":\"https:\/\/luchonoticias.com\/editor\/seguimiento-a-las-afectaciones-por-creciente-del-magdalena\/#primaryimage\"},\"thumbnailUrl\":\"https:\/\/luchonoticias.com\/editor\/wp-content\/uploads\/2025\/07\/BETANIA-2.jpg\",\"datePublished\":\"2025-07-12T00:54:50+00:00\",\"dateModified\":\"2025-07-12T00:54:53+00:00\",\"breadcrumb\":{\"@id\":\"https:\/\/luchonoticias.com\/editor\/seguimiento-a-las-afectaciones-por-creciente-del-magdalena\/#breadcrumb\"},\"inLanguage\":\"es\",\"potentialAction\":[{\"@type\":\"ReadAction\",\"target\":[\"https:\/\/luchonoticias.com\/editor\/seguimiento-a-las-afectaciones-por-creciente-del-magdalena\/\"]}]},{\"@type\":\"ImageObject\",\"inLanguage\":\"es\",\"@id\":\"https:\/\/luchonoticias.com\/editor\/seguimiento-a-las-afectaciones-por-creciente-del-magdalena\/#primaryimage\",\"url\":\"https:\/\/luchonoticias.com\/editor\/wp-content\/uploads\/2025\/07\/BETANIA-2.jpg\",\"contentUrl\":\"https:\/\/luchonoticias.com\/editor\/wp-content\/uploads\/2025\/07\/BETANIA-2.jpg\",\"width\":700,\"height\":400},{\"@type\":\"BreadcrumbList\",\"@id\":\"https:\/\/luchonoticias.com\/editor\/seguimiento-a-las-afectaciones-por-creciente-del-magdalena\/#breadcrumb\",\"itemListElement\":[{\"@type\":\"ListItem\",\"position\":1,\"name\":\"Portada\",\"item\":\"https:\/\/luchonoticias.com\/editor\/\"},{\"@type\":\"ListItem\",\"position\":2,\"name\":\"Seguimiento a las afectaciones por creciente del Magdalena\"}]},{\"@type\":\"WebSite\",\"@id\":\"https:\/\/luchonoticias.com\/editor\/#website\",\"url\":\"https:\/\/luchonoticias.com\/editor\/\",\"name\":\"\",\"description\":\"\",\"publisher\":{\"@id\":\"https:\/\/luchonoticias.com\/editor\/#\/schema\/person\/7a7fd911f58561fd056dbac7b55af9cd\"},\"potentialAction\":[{\"@type\":\"SearchAction\",\"target\":{\"@type\":\"EntryPoint\",\"urlTemplate\":\"https:\/\/luchonoticias.com\/editor\/?s={search_term_string}\"},\"query-input\":{\"@type\":\"PropertyValueSpecification\",\"valueRequired\":true,\"valueName\":\"search_term_string\"}}],\"inLanguage\":\"es\"},{\"@type\":[\"Person\",\"Organization\"],\"@id\":\"https:\/\/luchonoticias.com\/editor\/#\/schema\/person\/7a7fd911f58561fd056dbac7b55af9cd\",\"name\":\"admin\",\"image\":{\"@type\":\"ImageObject\",\"inLanguage\":\"es\",\"@id\":\"https:\/\/luchonoticias.com\/editor\/#\/schema\/person\/image\/\",\"url\":\"https:\/\/luchonoticias.com\/editor\/wp-content\/uploads\/2024\/02\/cropped-cropped-logolu.webp\",\"contentUrl\":\"https:\/\/luchonoticias.com\/editor\/wp-content\/uploads\/2024\/02\/cropped-cropped-logolu.webp\",\"width\":382,\"height\":170,\"caption\":\"admin\"},\"logo\":{\"@id\":\"https:\/\/luchonoticias.com\/editor\/#\/schema\/person\/image\/\"},\"sameAs\":[\"https:\/\/www.facebook.com\/luchonoticiasneiva\"]},{\"@type\":\"Person\",\"@id\":\"https:\/\/luchonoticias.com\/editor\/#\/schema\/person\/29217990ddf6f14e35912b2866d591fb\",\"name\":\"Editor General\",\"image\":{\"@type\":\"ImageObject\",\"inLanguage\":\"es\",\"@id\":\"https:\/\/luchonoticias.com\/editor\/#\/schema\/person\/image\/\",\"url\":\"https:\/\/luchonoticias.com\/editor\/wp-content\/uploads\/2024\/02\/cropped-cropped-logolu-150x150.webp\",\"contentUrl\":\"https:\/\/luchonoticias.com\/editor\/wp-content\/uploads\/2024\/02\/cropped-cropped-logolu-150x150.webp\",\"caption\":\"Editor General\"},\"sameAs\":[\"https:\/\/luchonoticias.com\/\"],\"url\":\"https:\/\/luchonoticias.com\/editor\/author\/editor-general\/\"}]}<\/script>\n<!-- \/ Yoast SEO plugin. -->","yoast_head_json":{"title":"Seguimiento a las afectaciones por creciente del Magdalena -","robots":{"index":"index","follow":"follow","max-snippet":"max-snippet:-1","max-image-preview":"max-image-preview:large","max-video-preview":"max-video-preview:-1"},"canonical":"https:\/\/luchonoticias.com\/editor\/seguimiento-a-las-afectaciones-por-creciente-del-magdalena\/","og_locale":"es_ES","og_type":"article","og_title":"Seguimiento a las afectaciones por creciente del Magdalena -","og_url":"https:\/\/luchonoticias.com\/editor\/seguimiento-a-las-afectaciones-por-creciente-del-magdalena\/","article_publisher":"https:\/\/www.facebook.com\/luchonoticiasneiva","article_published_time":"2025-07-12T00:54:50+00:00","article_modified_time":"2025-07-12T00:54:53+00:00","og_image":[{"width":700,"height":400,"url":"https:\/\/luchonoticias.com\/editor\/wp-content\/uploads\/2025\/07\/BETANIA-2.jpg","type":"image\/jpeg"}],"author":"Editor General","twitter_card":"summary_large_image","twitter_misc":{"Escrito por":"Editor General","Tiempo de lectura":"2 minutos"},"schema":{"@context":"https:\/\/schema.org","@graph":[{"@type":"Article","@id":"https:\/\/luchonoticias.com\/editor\/seguimiento-a-las-afectaciones-por-creciente-del-magdalena\/#article","isPartOf":{"@id":"https:\/\/luchonoticias.com\/editor\/seguimiento-a-las-afectaciones-por-creciente-del-magdalena\/"},"author":{"name":"Editor General","@id":"https:\/\/luchonoticias.com\/editor\/#\/schema\/person\/29217990ddf6f14e35912b2866d591fb"},"headline":"Seguimiento a las afectaciones por creciente del Magdalena","datePublished":"2025-07-12T00:54:50+00:00","dateModified":"2025-07-12T00:54:53+00:00","mainEntityOfPage":{"@id":"https:\/\/luchonoticias.com\/editor\/seguimiento-a-las-afectaciones-por-creciente-del-magdalena\/"},"wordCount":345,"publisher":{"@id":"https:\/\/luchonoticias.com\/editor\/#\/schema\/person\/7a7fd911f58561fd056dbac7b55af9cd"},"image":{"@id":"https:\/\/luchonoticias.com\/editor\/seguimiento-a-las-afectaciones-por-creciente-del-magdalena\/#primaryimage"},"thumbnailUrl":"https:\/\/luchonoticias.com\/editor\/wp-content\/uploads\/2025\/07\/BETANIA-2.jpg","articleSection":["Huila"],"inLanguage":"es"},{"@type":"WebPage","@id":"https:\/\/luchonoticias.com\/editor\/seguimiento-a-las-afectaciones-por-creciente-del-magdalena\/","url":"https:\/\/luchonoticias.com\/editor\/seguimiento-a-las-afectaciones-por-creciente-del-magdalena\/","name":"Seguimiento a las afectaciones por creciente del Magdalena -","isPartOf":{"@id":"https:\/\/luchonoticias.com\/editor\/#website"},"primaryImageOfPage":{"@id":"https:\/\/luchonoticias.com\/editor\/seguimiento-a-las-afectaciones-por-creciente-del-magdalena\/#primaryimage"},"image":{"@id":"https:\/\/luchonoticias.com\/editor\/seguimiento-a-las-afectaciones-por-creciente-del-magdalena\/#primaryimage"},"thumbnailUrl":"https:\/\/luchonoticias.com\/editor\/wp-content\/uploads\/2025\/07\/BETANIA-2.jpg","datePublished":"2025-07-12T00:54:50+00:00","dateModified":"2025-07-12T00:54:53+00:00","breadcrumb":{"@id":"https:\/\/luchonoticias.com\/editor\/seguimiento-a-las-afectaciones-por-creciente-del-magdalena\/#breadcrumb"},"inLanguage":"es","potentialAction":[{"@type":"ReadAction","target":["https:\/\/luchonoticias.com\/editor\/seguimiento-a-las-afectaciones-por-creciente-del-magdalena\/"]}]},{"@type":"ImageObject","inLanguage":"es","@id":"https:\/\/luchonoticias.com\/editor\/seguimiento-a-las-afectaciones-por-creciente-del-magdalena\/#primaryimage","url":"https:\/\/luchonoticias.com\/editor\/wp-content\/uploads\/2025\/07\/BETANIA-2.jpg","contentUrl":"https:\/\/luchonoticias.com\/editor\/wp-content\/uploads\/2025\/07\/BETANIA-2.jpg","width":700,"height":400},{"@type":"BreadcrumbList","@id":"https:\/\/luchonoticias.com\/editor\/seguimiento-a-las-afectaciones-por-creciente-del-magdalena\/#breadcrumb","itemListElement":[{"@type":"ListItem","position":1,"name":"Portada","item":"https:\/\/luchonoticias.com\/editor\/"},{"@type":"ListItem","position":2,"name":"Seguimiento a las afectaciones por creciente del Magdalena"}]},{"@type":"WebSite","@id":"https:\/\/luchonoticias.com\/editor\/#website","url":"https:\/\/luchonoticias.com\/editor\/","name":"","description":"","publisher":{"@id":"https:\/\/luchonoticias.com\/editor\/#\/schema\/person\/7a7fd911f58561fd056dbac7b55af9cd"},"potentialAction":[{"@type":"SearchAction","target":{"@type":"EntryPoint","urlTemplate":"https:\/\/luchonoticias.com\/editor\/?s={search_term_string}"},"query-input":{"@type":"PropertyValueSpecification","valueRequired":true,"valueName":"search_term_string"}}],"inLanguage":"es"},{"@type":["Person","Organization"],"@id":"https:\/\/luchonoticias.com\/editor\/#\/schema\/person\/7a7fd911f58561fd056dbac7b55af9cd","name":"admin","image":{"@type":"ImageObject","inLanguage":"es","@id":"https:\/\/luchonoticias.com\/editor\/#\/schema\/person\/image\/","url":"https:\/\/luchonoticias.com\/editor\/wp-content\/uploads\/2024\/02\/cropped-cropped-logolu.webp","contentUrl":"https:\/\/luchonoticias.com\/editor\/wp-content\/uploads\/2024\/02\/cropped-cropped-logolu.webp","width":382,"height":170,"caption":"admin"},"logo":{"@id":"https:\/\/luchonoticias.com\/editor\/#\/schema\/person\/image\/"},"sameAs":["https:\/\/www.facebook.com\/luchonoticiasneiva"]},{"@type":"Person","@id":"https:\/\/luchonoticias.com\/editor\/#\/schema\/person\/29217990ddf6f14e35912b2866d591fb","name":"Editor General","image":{"@type":"ImageObject","inLanguage":"es","@id":"https:\/\/luchonoticias.com\/editor\/#\/schema\/person\/image\/","url":"https:\/\/luchonoticias.com\/editor\/wp-content\/uploads\/2024\/02\/cropped-cropped-logolu-150x150.webp","contentUrl":"https:\/\/luchonoticias.com\/editor\/wp-content\/uploads\/2024\/02\/cropped-cropped-logolu-150x150.webp","caption":"Editor General"},"sameAs":["https:\/\/luchonoticias.com\/"],"url":"https:\/\/luchonoticias.com\/editor\/author\/editor-general\/"}]}},"_links":{"self":[{"href":"https:\/\/luchonoticias.com\/editor\/wp-json\/wp\/v2\/posts\/85386","targetHints":{"allow":["GET"]}}],"collection":[{"href":"https:\/\/luchonoticias.com\/editor\/wp-json\/wp\/v2\/posts"}],"about":[{"href":"https:\/\/luchonoticias.com\/editor\/wp-json\/wp\/v2\/types\/post"}],"author":[{"embeddable":true,"href":"https:\/\/luchonoticias.com\/editor\/wp-json\/wp\/v2\/users\/2"}],"replies":[{"embeddable":true,"href":"https:\/\/luchonoticias.com\/editor\/wp-json\/wp\/v2\/comments?post=85386"}],"version-history":[{"count":1,"href":"https:\/\/luchonoticias.com\/editor\/wp-json\/wp\/v2\/posts\/85386\/revisions"}],"predecessor-version":[{"id":85387,"href":"https:\/\/luchonoticias.com\/editor\/wp-json\/wp\/v2\/posts\/85386\/revisions\/85387"}],"wp:featuredmedia":[{"embeddable":true,"href":"https:\/\/luchonoticias.com\/editor\/wp-json\/wp\/v2\/media\/85124"}],"wp:attachment":[{"href":"https:\/\/luchonoticias.com\/editor\/wp-json\/wp\/v2\/media?parent=85386"}],"wp:term":[{"taxonomy":"category","embeddable":true,"href":"https:\/\/luchonoticias.com\/editor\/wp-json\/wp\/v2\/categories?post=85386"},{"taxonomy":"post_tag","embeddable":true,"href":"https:\/\/luchonoticias.com\/editor\/wp-json\/wp\/v2\/tags?post=85386"}],"curies":[{"name":"wp","href":"https:\/\/api.w.org\/{rel}","templated":true}]}}