{"id":85388,"date":"2025-07-12T04:02:28","date_gmt":"2025-07-12T09:02:28","guid":{"rendered":"https:\/\/luchonoticias.com\/?p=85388"},"modified":"2025-07-12T04:02:30","modified_gmt":"2025-07-12T09:02:30","slug":"banco-de-la-republica-duda-de-la-reforma-pensional","status":"publish","type":"post","link":"https:\/\/luchonoticias.com\/editor\/banco-de-la-republica-duda-de-la-reforma-pensional\/","title":{"rendered":"Banco de la Rep\u00fablica duda de la reforma pensional"},"content":{"rendered":"\n<p>El gerente general del Banco de la Rep\u00fablica, Leonardo Villar, solicit\u00f3 a la Corte Constitucional una serie de aclaraciones sobre la entrada en vigencia de la Ley 2381 de 2024, conocida como la Reforma Pensional, en caso de que sea declarada exequible. La petici\u00f3n fue dirigida al magistrado ponente y presidente de la Corte, Jorge Enrique Ib\u00e1\u00f1ez.<\/p>\n\n\n\n<p>El Banco busca precisar la fecha exacta en la que entrar\u00eda en vigor la nueva ley y el Sistema de Protecci\u00f3n Social Integral para la Vejez, Invalidez y Muerte por origen com\u00fan. Esto, debido a que la normativa asigna al emisor la responsabilidad de administrar el Fondo de Ahorro del Pilar Contributivo (FAPC), una \u201ccuenta especial\u201d que financiar\u00e1 las pensiones del componente de prima media.<\/p>\n\n\n\n<p>Dicho fondo recibir\u00e1 los aportes de los trabajadores afiliados y ser\u00e1 clave para garantizar la sostenibilidad del nuevo sistema. Sin embargo, para asumir esta tarea, el Banco debe conocer con claridad los tiempos legales y la reglamentaci\u00f3n que debe expedir el Gobierno nacional.<\/p>\n\n\n\n<p>Entre las inquietudes planteadas por la entidad est\u00e1n: la fecha precisa de entrada en vigencia de la Ley 2381, si es posible diferir la implementaci\u00f3n del sistema, y si se puede otorgar un plazo adicional.<\/p>\n\n\n\n<p>En ese sentido, el Banco pidi\u00f3 que se considere una entrada en vigor del Sistema de Protecci\u00f3n Social tres meses despu\u00e9s de publicada la eventual sentencia de exequibilidad. Este tiempo, seg\u00fan el emisor, es necesario para adelantar la reactivaci\u00f3n de procesos operativos y de contrataci\u00f3n vinculados al manejo del FAPC.<\/p>\n\n\n\n<p>Aunque la C\u00e1mara de Representantes ya corrigi\u00f3 los vicios de tr\u00e1mite de la ley, la Corte a\u00fan no se ha pronunciado, pues sigue a la espera del informe que debe remitir dicha corporaci\u00f3n legislativa.<\/p>\n","protected":false},"excerpt":{"rendered":"<p>El gerente general del Banco de la Rep\u00fablica, Leonardo Villar, solicit\u00f3 a la Corte Constitucional una serie de aclaraciones sobre la entrada en vigencia de la Ley 2381 de 2024, conocida como la Reforma Pensional, en caso de que sea declarada exequible. La petici\u00f3n fue dirigida al magistrado ponente y presidente de la Corte, Jorge [&hellip;]<\/p>\n","protected":false},"author":2,"featured_media":84891,"comment_status":"closed","ping_status":"open","sticky":false,"template":"","format":"standard","meta":{"footnotes":""},"categories":[28,32],"tags":[],"class_list":["post-85388","post","type-post","status-publish","format-standard","has-post-thumbnail","hentry","category-actualidad","category-nacional"],"yoast_head":"<!-- This site is optimized with the Yoast SEO plugin v26.6 - https:\/\/yoast.com\/wordpress\/plugins\/seo\/ -->\n<title>Banco de la Rep\u00fablica duda de la reforma pensional -<\/title>\n<meta name=\"robots\" content=\"index, follow, max-snippet:-1, max-image-preview:large, max-video-preview:-1\" \/>\n<link rel=\"canonical\" href=\"https:\/\/luchonoticias.com\/editor\/banco-de-la-republica-duda-de-la-reforma-pensional\/\" \/>\n<meta property=\"og:locale\" content=\"es_ES\" \/>\n<meta property=\"og:type\" content=\"article\" \/>\n<meta property=\"og:title\" content=\"Banco de la Rep\u00fablica duda de la reforma pensional -\" \/>\n<meta property=\"og:url\" content=\"https:\/\/luchonoticias.com\/editor\/banco-de-la-republica-duda-de-la-reforma-pensional\/\" \/>\n<meta property=\"article:publisher\" content=\"https:\/\/www.facebook.com\/luchonoticiasneiva\" \/>\n<meta property=\"article:published_time\" content=\"2025-07-12T09:02:28+00:00\" \/>\n<meta property=\"article:modified_time\" content=\"2025-07-12T09:02:30+00:00\" \/>\n<meta property=\"og:image\" content=\"https:\/\/luchonoticias.com\/editor\/wp-content\/uploads\/2025\/06\/banco-de-la-republica.jpg\" \/>\n\t<meta property=\"og:image:width\" content=\"700\" \/>\n\t<meta property=\"og:image:height\" content=\"400\" \/>\n\t<meta property=\"og:image:type\" content=\"image\/jpeg\" \/>\n<meta name=\"author\" content=\"Editor General\" \/>\n<meta name=\"twitter:card\" content=\"summary_large_image\" \/>\n<meta name=\"twitter:label1\" content=\"Escrito por\" \/>\n\t<meta name=\"twitter:data1\" content=\"Editor General\" \/>\n\t<meta name=\"twitter:label2\" content=\"Tiempo de lectura\" \/>\n\t<meta name=\"twitter:data2\" content=\"2 minutos\" \/>\n<script type=\"application\/ld+json\" class=\"yoast-schema-graph\">{\"@context\":\"https:\/\/schema.org\",\"@graph\":[{\"@type\":\"Article\",\"@id\":\"https:\/\/luchonoticias.com\/editor\/banco-de-la-republica-duda-de-la-reforma-pensional\/#article\",\"isPartOf\":{\"@id\":\"https:\/\/luchonoticias.com\/editor\/banco-de-la-republica-duda-de-la-reforma-pensional\/\"},\"author\":{\"name\":\"Editor General\",\"@id\":\"https:\/\/luchonoticias.com\/editor\/#\/schema\/person\/29217990ddf6f14e35912b2866d591fb\"},\"headline\":\"Banco de la Rep\u00fablica duda de la reforma pensional\",\"datePublished\":\"2025-07-12T09:02:28+00:00\",\"dateModified\":\"2025-07-12T09:02:30+00:00\",\"mainEntityOfPage\":{\"@id\":\"https:\/\/luchonoticias.com\/editor\/banco-de-la-republica-duda-de-la-reforma-pensional\/\"},\"wordCount\":309,\"publisher\":{\"@id\":\"https:\/\/luchonoticias.com\/editor\/#\/schema\/person\/7a7fd911f58561fd056dbac7b55af9cd\"},\"image\":{\"@id\":\"https:\/\/luchonoticias.com\/editor\/banco-de-la-republica-duda-de-la-reforma-pensional\/#primaryimage\"},\"thumbnailUrl\":\"https:\/\/luchonoticias.com\/editor\/wp-content\/uploads\/2025\/06\/banco-de-la-republica.jpg\",\"articleSection\":[\"Actualidad\",\"Nacional\"],\"inLanguage\":\"es\"},{\"@type\":\"WebPage\",\"@id\":\"https:\/\/luchonoticias.com\/editor\/banco-de-la-republica-duda-de-la-reforma-pensional\/\",\"url\":\"https:\/\/luchonoticias.com\/editor\/banco-de-la-republica-duda-de-la-reforma-pensional\/\",\"name\":\"Banco de la Rep\u00fablica duda de la reforma pensional -\",\"isPartOf\":{\"@id\":\"https:\/\/luchonoticias.com\/editor\/#website\"},\"primaryImageOfPage\":{\"@id\":\"https:\/\/luchonoticias.com\/editor\/banco-de-la-republica-duda-de-la-reforma-pensional\/#primaryimage\"},\"image\":{\"@id\":\"https:\/\/luchonoticias.com\/editor\/banco-de-la-republica-duda-de-la-reforma-pensional\/#primaryimage\"},\"thumbnailUrl\":\"https:\/\/luchonoticias.com\/editor\/wp-content\/uploads\/2025\/06\/banco-de-la-republica.jpg\",\"datePublished\":\"2025-07-12T09:02:28+00:00\",\"dateModified\":\"2025-07-12T09:02:30+00:00\",\"breadcrumb\":{\"@id\":\"https:\/\/luchonoticias.com\/editor\/banco-de-la-republica-duda-de-la-reforma-pensional\/#breadcrumb\"},\"inLanguage\":\"es\",\"potentialAction\":[{\"@type\":\"ReadAction\",\"target\":[\"https:\/\/luchonoticias.com\/editor\/banco-de-la-republica-duda-de-la-reforma-pensional\/\"]}]},{\"@type\":\"ImageObject\",\"inLanguage\":\"es\",\"@id\":\"https:\/\/luchonoticias.com\/editor\/banco-de-la-republica-duda-de-la-reforma-pensional\/#primaryimage\",\"url\":\"https:\/\/luchonoticias.com\/editor\/wp-content\/uploads\/2025\/06\/banco-de-la-republica.jpg\",\"contentUrl\":\"https:\/\/luchonoticias.com\/editor\/wp-content\/uploads\/2025\/06\/banco-de-la-republica.jpg\",\"width\":700,\"height\":400},{\"@type\":\"BreadcrumbList\",\"@id\":\"https:\/\/luchonoticias.com\/editor\/banco-de-la-republica-duda-de-la-reforma-pensional\/#breadcrumb\",\"itemListElement\":[{\"@type\":\"ListItem\",\"position\":1,\"name\":\"Portada\",\"item\":\"https:\/\/luchonoticias.com\/editor\/\"},{\"@type\":\"ListItem\",\"position\":2,\"name\":\"Banco de la Rep\u00fablica duda de la reforma pensional\"}]},{\"@type\":\"WebSite\",\"@id\":\"https:\/\/luchonoticias.com\/editor\/#website\",\"url\":\"https:\/\/luchonoticias.com\/editor\/\",\"name\":\"\",\"description\":\"\",\"publisher\":{\"@id\":\"https:\/\/luchonoticias.com\/editor\/#\/schema\/person\/7a7fd911f58561fd056dbac7b55af9cd\"},\"potentialAction\":[{\"@type\":\"SearchAction\",\"target\":{\"@type\":\"EntryPoint\",\"urlTemplate\":\"https:\/\/luchonoticias.com\/editor\/?s={search_term_string}\"},\"query-input\":{\"@type\":\"PropertyValueSpecification\",\"valueRequired\":true,\"valueName\":\"search_term_string\"}}],\"inLanguage\":\"es\"},{\"@type\":[\"Person\",\"Organization\"],\"@id\":\"https:\/\/luchonoticias.com\/editor\/#\/schema\/person\/7a7fd911f58561fd056dbac7b55af9cd\",\"name\":\"admin\",\"image\":{\"@type\":\"ImageObject\",\"inLanguage\":\"es\",\"@id\":\"https:\/\/luchonoticias.com\/editor\/#\/schema\/person\/image\/\",\"url\":\"https:\/\/luchonoticias.com\/editor\/wp-content\/uploads\/2024\/02\/cropped-cropped-logolu.webp\",\"contentUrl\":\"https:\/\/luchonoticias.com\/editor\/wp-content\/uploads\/2024\/02\/cropped-cropped-logolu.webp\",\"width\":382,\"height\":170,\"caption\":\"admin\"},\"logo\":{\"@id\":\"https:\/\/luchonoticias.com\/editor\/#\/schema\/person\/image\/\"},\"sameAs\":[\"https:\/\/www.facebook.com\/luchonoticiasneiva\"]},{\"@type\":\"Person\",\"@id\":\"https:\/\/luchonoticias.com\/editor\/#\/schema\/person\/29217990ddf6f14e35912b2866d591fb\",\"name\":\"Editor General\",\"image\":{\"@type\":\"ImageObject\",\"inLanguage\":\"es\",\"@id\":\"https:\/\/luchonoticias.com\/editor\/#\/schema\/person\/image\/\",\"url\":\"https:\/\/luchonoticias.com\/editor\/wp-content\/uploads\/2024\/02\/cropped-cropped-logolu-150x150.webp\",\"contentUrl\":\"https:\/\/luchonoticias.com\/editor\/wp-content\/uploads\/2024\/02\/cropped-cropped-logolu-150x150.webp\",\"caption\":\"Editor General\"},\"sameAs\":[\"https:\/\/luchonoticias.com\/\"],\"url\":\"https:\/\/luchonoticias.com\/editor\/author\/editor-general\/\"}]}<\/script>\n<!-- \/ Yoast SEO plugin. -->","yoast_head_json":{"title":"Banco de la Rep\u00fablica duda de la reforma pensional -","robots":{"index":"index","follow":"follow","max-snippet":"max-snippet:-1","max-image-preview":"max-image-preview:large","max-video-preview":"max-video-preview:-1"},"canonical":"https:\/\/luchonoticias.com\/editor\/banco-de-la-republica-duda-de-la-reforma-pensional\/","og_locale":"es_ES","og_type":"article","og_title":"Banco de la Rep\u00fablica duda de la reforma pensional -","og_url":"https:\/\/luchonoticias.com\/editor\/banco-de-la-republica-duda-de-la-reforma-pensional\/","article_publisher":"https:\/\/www.facebook.com\/luchonoticiasneiva","article_published_time":"2025-07-12T09:02:28+00:00","article_modified_time":"2025-07-12T09:02:30+00:00","og_image":[{"width":700,"height":400,"url":"https:\/\/luchonoticias.com\/editor\/wp-content\/uploads\/2025\/06\/banco-de-la-republica.jpg","type":"image\/jpeg"}],"author":"Editor General","twitter_card":"summary_large_image","twitter_misc":{"Escrito por":"Editor General","Tiempo de lectura":"2 minutos"},"schema":{"@context":"https:\/\/schema.org","@graph":[{"@type":"Article","@id":"https:\/\/luchonoticias.com\/editor\/banco-de-la-republica-duda-de-la-reforma-pensional\/#article","isPartOf":{"@id":"https:\/\/luchonoticias.com\/editor\/banco-de-la-republica-duda-de-la-reforma-pensional\/"},"author":{"name":"Editor General","@id":"https:\/\/luchonoticias.com\/editor\/#\/schema\/person\/29217990ddf6f14e35912b2866d591fb"},"headline":"Banco de la Rep\u00fablica duda de la reforma pensional","datePublished":"2025-07-12T09:02:28+00:00","dateModified":"2025-07-12T09:02:30+00:00","mainEntityOfPage":{"@id":"https:\/\/luchonoticias.com\/editor\/banco-de-la-republica-duda-de-la-reforma-pensional\/"},"wordCount":309,"publisher":{"@id":"https:\/\/luchonoticias.com\/editor\/#\/schema\/person\/7a7fd911f58561fd056dbac7b55af9cd"},"image":{"@id":"https:\/\/luchonoticias.com\/editor\/banco-de-la-republica-duda-de-la-reforma-pensional\/#primaryimage"},"thumbnailUrl":"https:\/\/luchonoticias.com\/editor\/wp-content\/uploads\/2025\/06\/banco-de-la-republica.jpg","articleSection":["Actualidad","Nacional"],"inLanguage":"es"},{"@type":"WebPage","@id":"https:\/\/luchonoticias.com\/editor\/banco-de-la-republica-duda-de-la-reforma-pensional\/","url":"https:\/\/luchonoticias.com\/editor\/banco-de-la-republica-duda-de-la-reforma-pensional\/","name":"Banco de la Rep\u00fablica duda de la reforma pensional -","isPartOf":{"@id":"https:\/\/luchonoticias.com\/editor\/#website"},"primaryImageOfPage":{"@id":"https:\/\/luchonoticias.com\/editor\/banco-de-la-republica-duda-de-la-reforma-pensional\/#primaryimage"},"image":{"@id":"https:\/\/luchonoticias.com\/editor\/banco-de-la-republica-duda-de-la-reforma-pensional\/#primaryimage"},"thumbnailUrl":"https:\/\/luchonoticias.com\/editor\/wp-content\/uploads\/2025\/06\/banco-de-la-republica.jpg","datePublished":"2025-07-12T09:02:28+00:00","dateModified":"2025-07-12T09:02:30+00:00","breadcrumb":{"@id":"https:\/\/luchonoticias.com\/editor\/banco-de-la-republica-duda-de-la-reforma-pensional\/#breadcrumb"},"inLanguage":"es","potentialAction":[{"@type":"ReadAction","target":["https:\/\/luchonoticias.com\/editor\/banco-de-la-republica-duda-de-la-reforma-pensional\/"]}]},{"@type":"ImageObject","inLanguage":"es","@id":"https:\/\/luchonoticias.com\/editor\/banco-de-la-republica-duda-de-la-reforma-pensional\/#primaryimage","url":"https:\/\/luchonoticias.com\/editor\/wp-content\/uploads\/2025\/06\/banco-de-la-republica.jpg","contentUrl":"https:\/\/luchonoticias.com\/editor\/wp-content\/uploads\/2025\/06\/banco-de-la-republica.jpg","width":700,"height":400},{"@type":"BreadcrumbList","@id":"https:\/\/luchonoticias.com\/editor\/banco-de-la-republica-duda-de-la-reforma-pensional\/#breadcrumb","itemListElement":[{"@type":"ListItem","position":1,"name":"Portada","item":"https:\/\/luchonoticias.com\/editor\/"},{"@type":"ListItem","position":2,"name":"Banco de la Rep\u00fablica duda de la reforma pensional"}]},{"@type":"WebSite","@id":"https:\/\/luchonoticias.com\/editor\/#website","url":"https:\/\/luchonoticias.com\/editor\/","name":"","description":"","publisher":{"@id":"https:\/\/luchonoticias.com\/editor\/#\/schema\/person\/7a7fd911f58561fd056dbac7b55af9cd"},"potentialAction":[{"@type":"SearchAction","target":{"@type":"EntryPoint","urlTemplate":"https:\/\/luchonoticias.com\/editor\/?s={search_term_string}"},"query-input":{"@type":"PropertyValueSpecification","valueRequired":true,"valueName":"search_term_string"}}],"inLanguage":"es"},{"@type":["Person","Organization"],"@id":"https:\/\/luchonoticias.com\/editor\/#\/schema\/person\/7a7fd911f58561fd056dbac7b55af9cd","name":"admin","image":{"@type":"ImageObject","inLanguage":"es","@id":"https:\/\/luchonoticias.com\/editor\/#\/schema\/person\/image\/","url":"https:\/\/luchonoticias.com\/editor\/wp-content\/uploads\/2024\/02\/cropped-cropped-logolu.webp","contentUrl":"https:\/\/luchonoticias.com\/editor\/wp-content\/uploads\/2024\/02\/cropped-cropped-logolu.webp","width":382,"height":170,"caption":"admin"},"logo":{"@id":"https:\/\/luchonoticias.com\/editor\/#\/schema\/person\/image\/"},"sameAs":["https:\/\/www.facebook.com\/luchonoticiasneiva"]},{"@type":"Person","@id":"https:\/\/luchonoticias.com\/editor\/#\/schema\/person\/29217990ddf6f14e35912b2866d591fb","name":"Editor General","image":{"@type":"ImageObject","inLanguage":"es","@id":"https:\/\/luchonoticias.com\/editor\/#\/schema\/person\/image\/","url":"https:\/\/luchonoticias.com\/editor\/wp-content\/uploads\/2024\/02\/cropped-cropped-logolu-150x150.webp","contentUrl":"https:\/\/luchonoticias.com\/editor\/wp-content\/uploads\/2024\/02\/cropped-cropped-logolu-150x150.webp","caption":"Editor General"},"sameAs":["https:\/\/luchonoticias.com\/"],"url":"https:\/\/luchonoticias.com\/editor\/author\/editor-general\/"}]}},"_links":{"self":[{"href":"https:\/\/luchonoticias.com\/editor\/wp-json\/wp\/v2\/posts\/85388","targetHints":{"allow":["GET"]}}],"collection":[{"href":"https:\/\/luchonoticias.com\/editor\/wp-json\/wp\/v2\/posts"}],"about":[{"href":"https:\/\/luchonoticias.com\/editor\/wp-json\/wp\/v2\/types\/post"}],"author":[{"embeddable":true,"href":"https:\/\/luchonoticias.com\/editor\/wp-json\/wp\/v2\/users\/2"}],"replies":[{"embeddable":true,"href":"https:\/\/luchonoticias.com\/editor\/wp-json\/wp\/v2\/comments?post=85388"}],"version-history":[{"count":1,"href":"https:\/\/luchonoticias.com\/editor\/wp-json\/wp\/v2\/posts\/85388\/revisions"}],"predecessor-version":[{"id":85389,"href":"https:\/\/luchonoticias.com\/editor\/wp-json\/wp\/v2\/posts\/85388\/revisions\/85389"}],"wp:featuredmedia":[{"embeddable":true,"href":"https:\/\/luchonoticias.com\/editor\/wp-json\/wp\/v2\/media\/84891"}],"wp:attachment":[{"href":"https:\/\/luchonoticias.com\/editor\/wp-json\/wp\/v2\/media?parent=85388"}],"wp:term":[{"taxonomy":"category","embeddable":true,"href":"https:\/\/luchonoticias.com\/editor\/wp-json\/wp\/v2\/categories?post=85388"},{"taxonomy":"post_tag","embeddable":true,"href":"https:\/\/luchonoticias.com\/editor\/wp-json\/wp\/v2\/tags?post=85388"}],"curies":[{"name":"wp","href":"https:\/\/api.w.org\/{rel}","templated":true}]}}