{"id":85390,"date":"2025-07-12T04:15:31","date_gmt":"2025-07-12T09:15:31","guid":{"rendered":"https:\/\/luchonoticias.com\/?p=85390"},"modified":"2025-07-12T04:15:33","modified_gmt":"2025-07-12T09:15:33","slug":"mintrabajo-aclara-rumor-de-perdida-de-festivos-por-reforma-laboral","status":"publish","type":"post","link":"https:\/\/luchonoticias.com\/editor\/mintrabajo-aclara-rumor-de-perdida-de-festivos-por-reforma-laboral\/","title":{"rendered":"Mintrabajo aclara rumor de perdida de festivos por reforma laboral"},"content":{"rendered":"\n<p>En redes sociales se han viralizado mensajes que aseguran que la reforma laboral implicar\u00eda la p\u00e9rdida de hasta 11 festivos al a\u00f1o. Sin embargo, el viceministro de Empleo y Pensiones, Iv\u00e1n Daniel Jaramillo, desminti\u00f3 esa informaci\u00f3n y aclar\u00f3 que la norma se\u00f1alada no es nueva ni afecta los derechos adquiridos de los trabajadores.<\/p>\n\n\n\n<p>En entrevista a la emisora Blu Radio, Jaramillo explic\u00f3 que el art\u00edculo 14 de la reforma menciona la posibilidad de pactar un d\u00eda de descanso distinto al domingo, pero subray\u00f3 que esta disposici\u00f3n ya estaba contemplada en la Ley 789 de 2002 y fue avalada por la Corte Constitucional en 2004.<\/p>\n\n\n\n<p>\u201cEl par\u00e1grafo 3 del art\u00edculo 14 permite acordar otro d\u00eda de descanso, pero esto no es nuevo. Lleva m\u00e1s de 20 a\u00f1os vigente y solo puede aplicarse si hay acuerdo entre empleador y trabajador. No es una imposici\u00f3n\u201d, recalc\u00f3 el viceministro.<\/p>\n\n\n\n<p>Frente a los rumores que afirman que los trabajadores podr\u00edan dejar de recibir pagos por festivos, Jaramillo fue enf\u00e1tico: \u201cNo se eliminan los festivos ni se eliminan los recargos. Esta norma no modifica en absoluto ese derecho\u201d.<\/p>\n\n\n\n<p>Tambi\u00e9n descart\u00f3 que se pueda usar la figura para evitar el pago de festivos trasladando el descanso obligatorio a los lunes. Afirm\u00f3 que, en m\u00e1s de dos d\u00e9cadas, no se conocen abusos generalizados de este tipo: \u201cEsa interpretaci\u00f3n no corresponde a la realidad laboral del pa\u00eds\u201d.<\/p>\n\n\n\n<p>El prop\u00f3sito de esta norma, seg\u00fan el Gobierno, es permitir mayor flexibilidad en situaciones particulares, como en el caso de personas que por razones religiosas no descansan el domingo.<\/p>\n","protected":false},"excerpt":{"rendered":"<p>En redes sociales se han viralizado mensajes que aseguran que la reforma laboral implicar\u00eda la p\u00e9rdida de hasta 11 festivos al a\u00f1o. Sin embargo, el viceministro de Empleo y Pensiones, Iv\u00e1n Daniel Jaramillo, desminti\u00f3 esa informaci\u00f3n y aclar\u00f3 que la norma se\u00f1alada no es nueva ni afecta los derechos adquiridos de los trabajadores. En entrevista [&hellip;]<\/p>\n","protected":false},"author":2,"featured_media":85391,"comment_status":"closed","ping_status":"open","sticky":false,"template":"","format":"standard","meta":{"footnotes":""},"categories":[28,32],"tags":[],"class_list":["post-85390","post","type-post","status-publish","format-standard","has-post-thumbnail","hentry","category-actualidad","category-nacional"],"yoast_head":"<!-- This site is optimized with the Yoast SEO plugin v26.6 - https:\/\/yoast.com\/wordpress\/plugins\/seo\/ -->\n<title>Mintrabajo aclara rumor de perdida de festivos por reforma laboral -<\/title>\n<meta name=\"robots\" content=\"index, follow, max-snippet:-1, max-image-preview:large, max-video-preview:-1\" \/>\n<link rel=\"canonical\" href=\"https:\/\/luchonoticias.com\/editor\/mintrabajo-aclara-rumor-de-perdida-de-festivos-por-reforma-laboral\/\" \/>\n<meta property=\"og:locale\" content=\"es_ES\" \/>\n<meta property=\"og:type\" content=\"article\" \/>\n<meta property=\"og:title\" content=\"Mintrabajo aclara rumor de perdida de festivos por reforma laboral -\" \/>\n<meta property=\"og:url\" content=\"https:\/\/luchonoticias.com\/editor\/mintrabajo-aclara-rumor-de-perdida-de-festivos-por-reforma-laboral\/\" \/>\n<meta property=\"article:publisher\" content=\"https:\/\/www.facebook.com\/luchonoticiasneiva\" \/>\n<meta property=\"article:published_time\" content=\"2025-07-12T09:15:31+00:00\" \/>\n<meta property=\"article:modified_time\" content=\"2025-07-12T09:15:33+00:00\" \/>\n<meta property=\"og:image\" content=\"https:\/\/luchonoticias.com\/editor\/wp-content\/uploads\/2025\/07\/festivos-reforma-laboral.jpg\" \/>\n\t<meta property=\"og:image:width\" content=\"700\" \/>\n\t<meta property=\"og:image:height\" content=\"400\" \/>\n\t<meta property=\"og:image:type\" content=\"image\/jpeg\" \/>\n<meta name=\"author\" content=\"Editor General\" \/>\n<meta name=\"twitter:card\" content=\"summary_large_image\" \/>\n<meta name=\"twitter:label1\" content=\"Escrito por\" \/>\n\t<meta name=\"twitter:data1\" content=\"Editor General\" \/>\n\t<meta name=\"twitter:label2\" content=\"Tiempo de lectura\" \/>\n\t<meta name=\"twitter:data2\" content=\"2 minutos\" \/>\n<script type=\"application\/ld+json\" class=\"yoast-schema-graph\">{\"@context\":\"https:\/\/schema.org\",\"@graph\":[{\"@type\":\"Article\",\"@id\":\"https:\/\/luchonoticias.com\/editor\/mintrabajo-aclara-rumor-de-perdida-de-festivos-por-reforma-laboral\/#article\",\"isPartOf\":{\"@id\":\"https:\/\/luchonoticias.com\/editor\/mintrabajo-aclara-rumor-de-perdida-de-festivos-por-reforma-laboral\/\"},\"author\":{\"name\":\"Editor General\",\"@id\":\"https:\/\/luchonoticias.com\/editor\/#\/schema\/person\/29217990ddf6f14e35912b2866d591fb\"},\"headline\":\"Mintrabajo aclara rumor de perdida de festivos por reforma laboral\",\"datePublished\":\"2025-07-12T09:15:31+00:00\",\"dateModified\":\"2025-07-12T09:15:33+00:00\",\"mainEntityOfPage\":{\"@id\":\"https:\/\/luchonoticias.com\/editor\/mintrabajo-aclara-rumor-de-perdida-de-festivos-por-reforma-laboral\/\"},\"wordCount\":283,\"publisher\":{\"@id\":\"https:\/\/luchonoticias.com\/editor\/#\/schema\/person\/7a7fd911f58561fd056dbac7b55af9cd\"},\"image\":{\"@id\":\"https:\/\/luchonoticias.com\/editor\/mintrabajo-aclara-rumor-de-perdida-de-festivos-por-reforma-laboral\/#primaryimage\"},\"thumbnailUrl\":\"https:\/\/luchonoticias.com\/editor\/wp-content\/uploads\/2025\/07\/festivos-reforma-laboral.jpg\",\"articleSection\":[\"Actualidad\",\"Nacional\"],\"inLanguage\":\"es\"},{\"@type\":\"WebPage\",\"@id\":\"https:\/\/luchonoticias.com\/editor\/mintrabajo-aclara-rumor-de-perdida-de-festivos-por-reforma-laboral\/\",\"url\":\"https:\/\/luchonoticias.com\/editor\/mintrabajo-aclara-rumor-de-perdida-de-festivos-por-reforma-laboral\/\",\"name\":\"Mintrabajo aclara rumor de perdida de festivos por reforma laboral -\",\"isPartOf\":{\"@id\":\"https:\/\/luchonoticias.com\/editor\/#website\"},\"primaryImageOfPage\":{\"@id\":\"https:\/\/luchonoticias.com\/editor\/mintrabajo-aclara-rumor-de-perdida-de-festivos-por-reforma-laboral\/#primaryimage\"},\"image\":{\"@id\":\"https:\/\/luchonoticias.com\/editor\/mintrabajo-aclara-rumor-de-perdida-de-festivos-por-reforma-laboral\/#primaryimage\"},\"thumbnailUrl\":\"https:\/\/luchonoticias.com\/editor\/wp-content\/uploads\/2025\/07\/festivos-reforma-laboral.jpg\",\"datePublished\":\"2025-07-12T09:15:31+00:00\",\"dateModified\":\"2025-07-12T09:15:33+00:00\",\"breadcrumb\":{\"@id\":\"https:\/\/luchonoticias.com\/editor\/mintrabajo-aclara-rumor-de-perdida-de-festivos-por-reforma-laboral\/#breadcrumb\"},\"inLanguage\":\"es\",\"potentialAction\":[{\"@type\":\"ReadAction\",\"target\":[\"https:\/\/luchonoticias.com\/editor\/mintrabajo-aclara-rumor-de-perdida-de-festivos-por-reforma-laboral\/\"]}]},{\"@type\":\"ImageObject\",\"inLanguage\":\"es\",\"@id\":\"https:\/\/luchonoticias.com\/editor\/mintrabajo-aclara-rumor-de-perdida-de-festivos-por-reforma-laboral\/#primaryimage\",\"url\":\"https:\/\/luchonoticias.com\/editor\/wp-content\/uploads\/2025\/07\/festivos-reforma-laboral.jpg\",\"contentUrl\":\"https:\/\/luchonoticias.com\/editor\/wp-content\/uploads\/2025\/07\/festivos-reforma-laboral.jpg\",\"width\":700,\"height\":400},{\"@type\":\"BreadcrumbList\",\"@id\":\"https:\/\/luchonoticias.com\/editor\/mintrabajo-aclara-rumor-de-perdida-de-festivos-por-reforma-laboral\/#breadcrumb\",\"itemListElement\":[{\"@type\":\"ListItem\",\"position\":1,\"name\":\"Portada\",\"item\":\"https:\/\/luchonoticias.com\/editor\/\"},{\"@type\":\"ListItem\",\"position\":2,\"name\":\"Mintrabajo aclara rumor de perdida de festivos por reforma laboral\"}]},{\"@type\":\"WebSite\",\"@id\":\"https:\/\/luchonoticias.com\/editor\/#website\",\"url\":\"https:\/\/luchonoticias.com\/editor\/\",\"name\":\"\",\"description\":\"\",\"publisher\":{\"@id\":\"https:\/\/luchonoticias.com\/editor\/#\/schema\/person\/7a7fd911f58561fd056dbac7b55af9cd\"},\"potentialAction\":[{\"@type\":\"SearchAction\",\"target\":{\"@type\":\"EntryPoint\",\"urlTemplate\":\"https:\/\/luchonoticias.com\/editor\/?s={search_term_string}\"},\"query-input\":{\"@type\":\"PropertyValueSpecification\",\"valueRequired\":true,\"valueName\":\"search_term_string\"}}],\"inLanguage\":\"es\"},{\"@type\":[\"Person\",\"Organization\"],\"@id\":\"https:\/\/luchonoticias.com\/editor\/#\/schema\/person\/7a7fd911f58561fd056dbac7b55af9cd\",\"name\":\"admin\",\"image\":{\"@type\":\"ImageObject\",\"inLanguage\":\"es\",\"@id\":\"https:\/\/luchonoticias.com\/editor\/#\/schema\/person\/image\/\",\"url\":\"https:\/\/luchonoticias.com\/editor\/wp-content\/uploads\/2024\/02\/cropped-cropped-logolu.webp\",\"contentUrl\":\"https:\/\/luchonoticias.com\/editor\/wp-content\/uploads\/2024\/02\/cropped-cropped-logolu.webp\",\"width\":382,\"height\":170,\"caption\":\"admin\"},\"logo\":{\"@id\":\"https:\/\/luchonoticias.com\/editor\/#\/schema\/person\/image\/\"},\"sameAs\":[\"https:\/\/www.facebook.com\/luchonoticiasneiva\"]},{\"@type\":\"Person\",\"@id\":\"https:\/\/luchonoticias.com\/editor\/#\/schema\/person\/29217990ddf6f14e35912b2866d591fb\",\"name\":\"Editor General\",\"image\":{\"@type\":\"ImageObject\",\"inLanguage\":\"es\",\"@id\":\"https:\/\/luchonoticias.com\/editor\/#\/schema\/person\/image\/\",\"url\":\"https:\/\/luchonoticias.com\/editor\/wp-content\/uploads\/2024\/02\/cropped-cropped-logolu-150x150.webp\",\"contentUrl\":\"https:\/\/luchonoticias.com\/editor\/wp-content\/uploads\/2024\/02\/cropped-cropped-logolu-150x150.webp\",\"caption\":\"Editor General\"},\"sameAs\":[\"https:\/\/luchonoticias.com\/\"],\"url\":\"https:\/\/luchonoticias.com\/editor\/author\/editor-general\/\"}]}<\/script>\n<!-- \/ Yoast SEO plugin. -->","yoast_head_json":{"title":"Mintrabajo aclara rumor de perdida de festivos por reforma laboral -","robots":{"index":"index","follow":"follow","max-snippet":"max-snippet:-1","max-image-preview":"max-image-preview:large","max-video-preview":"max-video-preview:-1"},"canonical":"https:\/\/luchonoticias.com\/editor\/mintrabajo-aclara-rumor-de-perdida-de-festivos-por-reforma-laboral\/","og_locale":"es_ES","og_type":"article","og_title":"Mintrabajo aclara rumor de perdida de festivos por reforma laboral -","og_url":"https:\/\/luchonoticias.com\/editor\/mintrabajo-aclara-rumor-de-perdida-de-festivos-por-reforma-laboral\/","article_publisher":"https:\/\/www.facebook.com\/luchonoticiasneiva","article_published_time":"2025-07-12T09:15:31+00:00","article_modified_time":"2025-07-12T09:15:33+00:00","og_image":[{"width":700,"height":400,"url":"https:\/\/luchonoticias.com\/editor\/wp-content\/uploads\/2025\/07\/festivos-reforma-laboral.jpg","type":"image\/jpeg"}],"author":"Editor General","twitter_card":"summary_large_image","twitter_misc":{"Escrito por":"Editor General","Tiempo de lectura":"2 minutos"},"schema":{"@context":"https:\/\/schema.org","@graph":[{"@type":"Article","@id":"https:\/\/luchonoticias.com\/editor\/mintrabajo-aclara-rumor-de-perdida-de-festivos-por-reforma-laboral\/#article","isPartOf":{"@id":"https:\/\/luchonoticias.com\/editor\/mintrabajo-aclara-rumor-de-perdida-de-festivos-por-reforma-laboral\/"},"author":{"name":"Editor General","@id":"https:\/\/luchonoticias.com\/editor\/#\/schema\/person\/29217990ddf6f14e35912b2866d591fb"},"headline":"Mintrabajo aclara rumor de perdida de festivos por reforma laboral","datePublished":"2025-07-12T09:15:31+00:00","dateModified":"2025-07-12T09:15:33+00:00","mainEntityOfPage":{"@id":"https:\/\/luchonoticias.com\/editor\/mintrabajo-aclara-rumor-de-perdida-de-festivos-por-reforma-laboral\/"},"wordCount":283,"publisher":{"@id":"https:\/\/luchonoticias.com\/editor\/#\/schema\/person\/7a7fd911f58561fd056dbac7b55af9cd"},"image":{"@id":"https:\/\/luchonoticias.com\/editor\/mintrabajo-aclara-rumor-de-perdida-de-festivos-por-reforma-laboral\/#primaryimage"},"thumbnailUrl":"https:\/\/luchonoticias.com\/editor\/wp-content\/uploads\/2025\/07\/festivos-reforma-laboral.jpg","articleSection":["Actualidad","Nacional"],"inLanguage":"es"},{"@type":"WebPage","@id":"https:\/\/luchonoticias.com\/editor\/mintrabajo-aclara-rumor-de-perdida-de-festivos-por-reforma-laboral\/","url":"https:\/\/luchonoticias.com\/editor\/mintrabajo-aclara-rumor-de-perdida-de-festivos-por-reforma-laboral\/","name":"Mintrabajo aclara rumor de perdida de festivos por reforma laboral -","isPartOf":{"@id":"https:\/\/luchonoticias.com\/editor\/#website"},"primaryImageOfPage":{"@id":"https:\/\/luchonoticias.com\/editor\/mintrabajo-aclara-rumor-de-perdida-de-festivos-por-reforma-laboral\/#primaryimage"},"image":{"@id":"https:\/\/luchonoticias.com\/editor\/mintrabajo-aclara-rumor-de-perdida-de-festivos-por-reforma-laboral\/#primaryimage"},"thumbnailUrl":"https:\/\/luchonoticias.com\/editor\/wp-content\/uploads\/2025\/07\/festivos-reforma-laboral.jpg","datePublished":"2025-07-12T09:15:31+00:00","dateModified":"2025-07-12T09:15:33+00:00","breadcrumb":{"@id":"https:\/\/luchonoticias.com\/editor\/mintrabajo-aclara-rumor-de-perdida-de-festivos-por-reforma-laboral\/#breadcrumb"},"inLanguage":"es","potentialAction":[{"@type":"ReadAction","target":["https:\/\/luchonoticias.com\/editor\/mintrabajo-aclara-rumor-de-perdida-de-festivos-por-reforma-laboral\/"]}]},{"@type":"ImageObject","inLanguage":"es","@id":"https:\/\/luchonoticias.com\/editor\/mintrabajo-aclara-rumor-de-perdida-de-festivos-por-reforma-laboral\/#primaryimage","url":"https:\/\/luchonoticias.com\/editor\/wp-content\/uploads\/2025\/07\/festivos-reforma-laboral.jpg","contentUrl":"https:\/\/luchonoticias.com\/editor\/wp-content\/uploads\/2025\/07\/festivos-reforma-laboral.jpg","width":700,"height":400},{"@type":"BreadcrumbList","@id":"https:\/\/luchonoticias.com\/editor\/mintrabajo-aclara-rumor-de-perdida-de-festivos-por-reforma-laboral\/#breadcrumb","itemListElement":[{"@type":"ListItem","position":1,"name":"Portada","item":"https:\/\/luchonoticias.com\/editor\/"},{"@type":"ListItem","position":2,"name":"Mintrabajo aclara rumor de perdida de festivos por reforma laboral"}]},{"@type":"WebSite","@id":"https:\/\/luchonoticias.com\/editor\/#website","url":"https:\/\/luchonoticias.com\/editor\/","name":"","description":"","publisher":{"@id":"https:\/\/luchonoticias.com\/editor\/#\/schema\/person\/7a7fd911f58561fd056dbac7b55af9cd"},"potentialAction":[{"@type":"SearchAction","target":{"@type":"EntryPoint","urlTemplate":"https:\/\/luchonoticias.com\/editor\/?s={search_term_string}"},"query-input":{"@type":"PropertyValueSpecification","valueRequired":true,"valueName":"search_term_string"}}],"inLanguage":"es"},{"@type":["Person","Organization"],"@id":"https:\/\/luchonoticias.com\/editor\/#\/schema\/person\/7a7fd911f58561fd056dbac7b55af9cd","name":"admin","image":{"@type":"ImageObject","inLanguage":"es","@id":"https:\/\/luchonoticias.com\/editor\/#\/schema\/person\/image\/","url":"https:\/\/luchonoticias.com\/editor\/wp-content\/uploads\/2024\/02\/cropped-cropped-logolu.webp","contentUrl":"https:\/\/luchonoticias.com\/editor\/wp-content\/uploads\/2024\/02\/cropped-cropped-logolu.webp","width":382,"height":170,"caption":"admin"},"logo":{"@id":"https:\/\/luchonoticias.com\/editor\/#\/schema\/person\/image\/"},"sameAs":["https:\/\/www.facebook.com\/luchonoticiasneiva"]},{"@type":"Person","@id":"https:\/\/luchonoticias.com\/editor\/#\/schema\/person\/29217990ddf6f14e35912b2866d591fb","name":"Editor General","image":{"@type":"ImageObject","inLanguage":"es","@id":"https:\/\/luchonoticias.com\/editor\/#\/schema\/person\/image\/","url":"https:\/\/luchonoticias.com\/editor\/wp-content\/uploads\/2024\/02\/cropped-cropped-logolu-150x150.webp","contentUrl":"https:\/\/luchonoticias.com\/editor\/wp-content\/uploads\/2024\/02\/cropped-cropped-logolu-150x150.webp","caption":"Editor General"},"sameAs":["https:\/\/luchonoticias.com\/"],"url":"https:\/\/luchonoticias.com\/editor\/author\/editor-general\/"}]}},"_links":{"self":[{"href":"https:\/\/luchonoticias.com\/editor\/wp-json\/wp\/v2\/posts\/85390","targetHints":{"allow":["GET"]}}],"collection":[{"href":"https:\/\/luchonoticias.com\/editor\/wp-json\/wp\/v2\/posts"}],"about":[{"href":"https:\/\/luchonoticias.com\/editor\/wp-json\/wp\/v2\/types\/post"}],"author":[{"embeddable":true,"href":"https:\/\/luchonoticias.com\/editor\/wp-json\/wp\/v2\/users\/2"}],"replies":[{"embeddable":true,"href":"https:\/\/luchonoticias.com\/editor\/wp-json\/wp\/v2\/comments?post=85390"}],"version-history":[{"count":1,"href":"https:\/\/luchonoticias.com\/editor\/wp-json\/wp\/v2\/posts\/85390\/revisions"}],"predecessor-version":[{"id":85392,"href":"https:\/\/luchonoticias.com\/editor\/wp-json\/wp\/v2\/posts\/85390\/revisions\/85392"}],"wp:featuredmedia":[{"embeddable":true,"href":"https:\/\/luchonoticias.com\/editor\/wp-json\/wp\/v2\/media\/85391"}],"wp:attachment":[{"href":"https:\/\/luchonoticias.com\/editor\/wp-json\/wp\/v2\/media?parent=85390"}],"wp:term":[{"taxonomy":"category","embeddable":true,"href":"https:\/\/luchonoticias.com\/editor\/wp-json\/wp\/v2\/categories?post=85390"},{"taxonomy":"post_tag","embeddable":true,"href":"https:\/\/luchonoticias.com\/editor\/wp-json\/wp\/v2\/tags?post=85390"}],"curies":[{"name":"wp","href":"https:\/\/api.w.org\/{rel}","templated":true}]}}