{"id":85393,"date":"2025-07-12T04:29:46","date_gmt":"2025-07-12T09:29:46","guid":{"rendered":"https:\/\/luchonoticias.com\/?p=85393"},"modified":"2025-07-12T04:29:49","modified_gmt":"2025-07-12T09:29:49","slug":"colombia-tendra-empresa-transportadora-de-mercancia-en-drones","status":"publish","type":"post","link":"https:\/\/luchonoticias.com\/editor\/colombia-tendra-empresa-transportadora-de-mercancia-en-drones\/","title":{"rendered":"Colombia tendr\u00e1 empresa transportadora de mercanc\u00eda en drones"},"content":{"rendered":"\n<p>La Aeron\u00e1utica Civil de Colombia otorg\u00f3 el permiso de operaci\u00f3n a Orkid S.A.S., convirti\u00e9ndola en la primera empresa nacional habilitada para realizar trabajos a\u00e9reos especiales con sistemas de aeronaves no tripuladas (UAS), incluyendo operaciones de entrega con drones o <em>Drone Delivery<\/em>. La autorizaci\u00f3n ser\u00e1 efectiva a partir del 8 de julio de 2025.<\/p>\n\n\n\n<p>Seg\u00fan la Direcci\u00f3n de Transporte A\u00e9reo y Asuntos Comerciales, la compa\u00f1\u00eda cumpli\u00f3 con todas las etapas requeridas: solicitud, evaluaci\u00f3n documental, inspecci\u00f3n, demostraci\u00f3n y certificaci\u00f3n. Adem\u00e1s, deber\u00e1 seguir rigurosamente el C\u00f3digo de Comercio, los Reglamentos Aeron\u00e1uticos Colombianos (RAC), y las directrices de la Organizaci\u00f3n de Aviaci\u00f3n Civil Internacional (OACI).<\/p>\n\n\n\n<p>El anuncio se realiz\u00f3 en el marco de la feria F-Air 2025, durante la tercera edici\u00f3n de F-Drone, vitrina dedicada a la aviaci\u00f3n no tripulada. El brigadier general (r) Jos\u00e9 Henry Pinto, director de la Aerocivil, celebr\u00f3 el hecho como un \u201chito hist\u00f3rico\u201d para Colombia: \u201cEsta es la primera empresa en transportar insumos m\u00e9dicos con drones fabricados en el pa\u00eds, lo que nos posiciona como pioneros en la regi\u00f3n\u201d.<\/p>\n\n\n\n<p>Por su parte, Diego Pinz\u00f3n, cofundador de Orkid, explic\u00f3 que iniciar\u00e1n operaciones con aliados del sector salud, transportando medicamentos, muestras de laboratorio y mercanc\u00edas urgentes. Posteriormente, ampliar\u00e1n su cobertura a comercio electr\u00f3nico y paqueter\u00eda.<\/p>\n\n\n\n<p>La Aerocivil, a trav\u00e9s de su Grupo de Drones y Movilidad Urbana A\u00e9rea, acompa\u00f1ar\u00e1 a m\u00e1s empresas interesadas en este tipo de operaciones. Entre los requisitos destacan: personal capacitado, aeronaves registradas, sistemas de enlace C2 para comunicaci\u00f3n con tierra, y zonas definidas para despegue y aterrizaje seguro.<\/p>\n\n\n\n<p>Este avance marca un paso clave en la integraci\u00f3n de tecnolog\u00eda nacional en la log\u00edstica a\u00e9rea del pa\u00eds.<\/p>\n","protected":false},"excerpt":{"rendered":"<p>La Aeron\u00e1utica Civil de Colombia otorg\u00f3 el permiso de operaci\u00f3n a Orkid S.A.S., convirti\u00e9ndola en la primera empresa nacional habilitada para realizar trabajos a\u00e9reos especiales con sistemas de aeronaves no tripuladas (UAS), incluyendo operaciones de entrega con drones o Drone Delivery. La autorizaci\u00f3n ser\u00e1 efectiva a partir del 8 de julio de 2025. Seg\u00fan la [&hellip;]<\/p>\n","protected":false},"author":2,"featured_media":85394,"comment_status":"closed","ping_status":"open","sticky":false,"template":"","format":"standard","meta":{"footnotes":""},"categories":[28,32],"tags":[],"class_list":["post-85393","post","type-post","status-publish","format-standard","has-post-thumbnail","hentry","category-actualidad","category-nacional"],"yoast_head":"<!-- This site is optimized with the Yoast SEO plugin v26.6 - https:\/\/yoast.com\/wordpress\/plugins\/seo\/ -->\n<title>Colombia tendr\u00e1 empresa transportadora de mercanc\u00eda en drones -<\/title>\n<meta name=\"robots\" content=\"index, follow, max-snippet:-1, max-image-preview:large, max-video-preview:-1\" \/>\n<link rel=\"canonical\" href=\"https:\/\/luchonoticias.com\/editor\/colombia-tendra-empresa-transportadora-de-mercancia-en-drones\/\" \/>\n<meta property=\"og:locale\" content=\"es_ES\" \/>\n<meta property=\"og:type\" content=\"article\" \/>\n<meta property=\"og:title\" content=\"Colombia tendr\u00e1 empresa transportadora de mercanc\u00eda en drones -\" \/>\n<meta property=\"og:url\" content=\"https:\/\/luchonoticias.com\/editor\/colombia-tendra-empresa-transportadora-de-mercancia-en-drones\/\" \/>\n<meta property=\"article:publisher\" content=\"https:\/\/www.facebook.com\/luchonoticiasneiva\" \/>\n<meta property=\"article:published_time\" content=\"2025-07-12T09:29:46+00:00\" \/>\n<meta property=\"article:modified_time\" content=\"2025-07-12T09:29:49+00:00\" \/>\n<meta property=\"og:image\" content=\"https:\/\/luchonoticias.com\/editor\/wp-content\/uploads\/2025\/07\/drones-grupo.jpg\" \/>\n\t<meta property=\"og:image:width\" content=\"700\" \/>\n\t<meta property=\"og:image:height\" content=\"400\" \/>\n\t<meta property=\"og:image:type\" content=\"image\/jpeg\" \/>\n<meta name=\"author\" content=\"Editor General\" \/>\n<meta name=\"twitter:card\" content=\"summary_large_image\" \/>\n<meta name=\"twitter:label1\" content=\"Escrito por\" \/>\n\t<meta name=\"twitter:data1\" content=\"Editor General\" \/>\n\t<meta name=\"twitter:label2\" content=\"Tiempo de lectura\" \/>\n\t<meta name=\"twitter:data2\" content=\"2 minutos\" \/>\n<script type=\"application\/ld+json\" class=\"yoast-schema-graph\">{\"@context\":\"https:\/\/schema.org\",\"@graph\":[{\"@type\":\"Article\",\"@id\":\"https:\/\/luchonoticias.com\/editor\/colombia-tendra-empresa-transportadora-de-mercancia-en-drones\/#article\",\"isPartOf\":{\"@id\":\"https:\/\/luchonoticias.com\/editor\/colombia-tendra-empresa-transportadora-de-mercancia-en-drones\/\"},\"author\":{\"name\":\"Editor General\",\"@id\":\"https:\/\/luchonoticias.com\/editor\/#\/schema\/person\/29217990ddf6f14e35912b2866d591fb\"},\"headline\":\"Colombia tendr\u00e1 empresa transportadora de mercanc\u00eda en drones\",\"datePublished\":\"2025-07-12T09:29:46+00:00\",\"dateModified\":\"2025-07-12T09:29:49+00:00\",\"mainEntityOfPage\":{\"@id\":\"https:\/\/luchonoticias.com\/editor\/colombia-tendra-empresa-transportadora-de-mercancia-en-drones\/\"},\"wordCount\":317,\"publisher\":{\"@id\":\"https:\/\/luchonoticias.com\/editor\/#\/schema\/person\/7a7fd911f58561fd056dbac7b55af9cd\"},\"image\":{\"@id\":\"https:\/\/luchonoticias.com\/editor\/colombia-tendra-empresa-transportadora-de-mercancia-en-drones\/#primaryimage\"},\"thumbnailUrl\":\"https:\/\/luchonoticias.com\/editor\/wp-content\/uploads\/2025\/07\/drones-grupo.jpg\",\"articleSection\":[\"Actualidad\",\"Nacional\"],\"inLanguage\":\"es\"},{\"@type\":\"WebPage\",\"@id\":\"https:\/\/luchonoticias.com\/editor\/colombia-tendra-empresa-transportadora-de-mercancia-en-drones\/\",\"url\":\"https:\/\/luchonoticias.com\/editor\/colombia-tendra-empresa-transportadora-de-mercancia-en-drones\/\",\"name\":\"Colombia tendr\u00e1 empresa transportadora de mercanc\u00eda en drones -\",\"isPartOf\":{\"@id\":\"https:\/\/luchonoticias.com\/editor\/#website\"},\"primaryImageOfPage\":{\"@id\":\"https:\/\/luchonoticias.com\/editor\/colombia-tendra-empresa-transportadora-de-mercancia-en-drones\/#primaryimage\"},\"image\":{\"@id\":\"https:\/\/luchonoticias.com\/editor\/colombia-tendra-empresa-transportadora-de-mercancia-en-drones\/#primaryimage\"},\"thumbnailUrl\":\"https:\/\/luchonoticias.com\/editor\/wp-content\/uploads\/2025\/07\/drones-grupo.jpg\",\"datePublished\":\"2025-07-12T09:29:46+00:00\",\"dateModified\":\"2025-07-12T09:29:49+00:00\",\"breadcrumb\":{\"@id\":\"https:\/\/luchonoticias.com\/editor\/colombia-tendra-empresa-transportadora-de-mercancia-en-drones\/#breadcrumb\"},\"inLanguage\":\"es\",\"potentialAction\":[{\"@type\":\"ReadAction\",\"target\":[\"https:\/\/luchonoticias.com\/editor\/colombia-tendra-empresa-transportadora-de-mercancia-en-drones\/\"]}]},{\"@type\":\"ImageObject\",\"inLanguage\":\"es\",\"@id\":\"https:\/\/luchonoticias.com\/editor\/colombia-tendra-empresa-transportadora-de-mercancia-en-drones\/#primaryimage\",\"url\":\"https:\/\/luchonoticias.com\/editor\/wp-content\/uploads\/2025\/07\/drones-grupo.jpg\",\"contentUrl\":\"https:\/\/luchonoticias.com\/editor\/wp-content\/uploads\/2025\/07\/drones-grupo.jpg\",\"width\":700,\"height\":400},{\"@type\":\"BreadcrumbList\",\"@id\":\"https:\/\/luchonoticias.com\/editor\/colombia-tendra-empresa-transportadora-de-mercancia-en-drones\/#breadcrumb\",\"itemListElement\":[{\"@type\":\"ListItem\",\"position\":1,\"name\":\"Portada\",\"item\":\"https:\/\/luchonoticias.com\/editor\/\"},{\"@type\":\"ListItem\",\"position\":2,\"name\":\"Colombia tendr\u00e1 empresa transportadora de mercanc\u00eda en drones\"}]},{\"@type\":\"WebSite\",\"@id\":\"https:\/\/luchonoticias.com\/editor\/#website\",\"url\":\"https:\/\/luchonoticias.com\/editor\/\",\"name\":\"\",\"description\":\"\",\"publisher\":{\"@id\":\"https:\/\/luchonoticias.com\/editor\/#\/schema\/person\/7a7fd911f58561fd056dbac7b55af9cd\"},\"potentialAction\":[{\"@type\":\"SearchAction\",\"target\":{\"@type\":\"EntryPoint\",\"urlTemplate\":\"https:\/\/luchonoticias.com\/editor\/?s={search_term_string}\"},\"query-input\":{\"@type\":\"PropertyValueSpecification\",\"valueRequired\":true,\"valueName\":\"search_term_string\"}}],\"inLanguage\":\"es\"},{\"@type\":[\"Person\",\"Organization\"],\"@id\":\"https:\/\/luchonoticias.com\/editor\/#\/schema\/person\/7a7fd911f58561fd056dbac7b55af9cd\",\"name\":\"admin\",\"image\":{\"@type\":\"ImageObject\",\"inLanguage\":\"es\",\"@id\":\"https:\/\/luchonoticias.com\/editor\/#\/schema\/person\/image\/\",\"url\":\"https:\/\/luchonoticias.com\/editor\/wp-content\/uploads\/2024\/02\/cropped-cropped-logolu.webp\",\"contentUrl\":\"https:\/\/luchonoticias.com\/editor\/wp-content\/uploads\/2024\/02\/cropped-cropped-logolu.webp\",\"width\":382,\"height\":170,\"caption\":\"admin\"},\"logo\":{\"@id\":\"https:\/\/luchonoticias.com\/editor\/#\/schema\/person\/image\/\"},\"sameAs\":[\"https:\/\/www.facebook.com\/luchonoticiasneiva\"]},{\"@type\":\"Person\",\"@id\":\"https:\/\/luchonoticias.com\/editor\/#\/schema\/person\/29217990ddf6f14e35912b2866d591fb\",\"name\":\"Editor General\",\"image\":{\"@type\":\"ImageObject\",\"inLanguage\":\"es\",\"@id\":\"https:\/\/luchonoticias.com\/editor\/#\/schema\/person\/image\/\",\"url\":\"https:\/\/luchonoticias.com\/editor\/wp-content\/uploads\/2024\/02\/cropped-cropped-logolu-150x150.webp\",\"contentUrl\":\"https:\/\/luchonoticias.com\/editor\/wp-content\/uploads\/2024\/02\/cropped-cropped-logolu-150x150.webp\",\"caption\":\"Editor General\"},\"sameAs\":[\"https:\/\/luchonoticias.com\/\"],\"url\":\"https:\/\/luchonoticias.com\/editor\/author\/editor-general\/\"}]}<\/script>\n<!-- \/ Yoast SEO plugin. -->","yoast_head_json":{"title":"Colombia tendr\u00e1 empresa transportadora de mercanc\u00eda en drones -","robots":{"index":"index","follow":"follow","max-snippet":"max-snippet:-1","max-image-preview":"max-image-preview:large","max-video-preview":"max-video-preview:-1"},"canonical":"https:\/\/luchonoticias.com\/editor\/colombia-tendra-empresa-transportadora-de-mercancia-en-drones\/","og_locale":"es_ES","og_type":"article","og_title":"Colombia tendr\u00e1 empresa transportadora de mercanc\u00eda en drones -","og_url":"https:\/\/luchonoticias.com\/editor\/colombia-tendra-empresa-transportadora-de-mercancia-en-drones\/","article_publisher":"https:\/\/www.facebook.com\/luchonoticiasneiva","article_published_time":"2025-07-12T09:29:46+00:00","article_modified_time":"2025-07-12T09:29:49+00:00","og_image":[{"width":700,"height":400,"url":"https:\/\/luchonoticias.com\/editor\/wp-content\/uploads\/2025\/07\/drones-grupo.jpg","type":"image\/jpeg"}],"author":"Editor General","twitter_card":"summary_large_image","twitter_misc":{"Escrito por":"Editor General","Tiempo de lectura":"2 minutos"},"schema":{"@context":"https:\/\/schema.org","@graph":[{"@type":"Article","@id":"https:\/\/luchonoticias.com\/editor\/colombia-tendra-empresa-transportadora-de-mercancia-en-drones\/#article","isPartOf":{"@id":"https:\/\/luchonoticias.com\/editor\/colombia-tendra-empresa-transportadora-de-mercancia-en-drones\/"},"author":{"name":"Editor General","@id":"https:\/\/luchonoticias.com\/editor\/#\/schema\/person\/29217990ddf6f14e35912b2866d591fb"},"headline":"Colombia tendr\u00e1 empresa transportadora de mercanc\u00eda en drones","datePublished":"2025-07-12T09:29:46+00:00","dateModified":"2025-07-12T09:29:49+00:00","mainEntityOfPage":{"@id":"https:\/\/luchonoticias.com\/editor\/colombia-tendra-empresa-transportadora-de-mercancia-en-drones\/"},"wordCount":317,"publisher":{"@id":"https:\/\/luchonoticias.com\/editor\/#\/schema\/person\/7a7fd911f58561fd056dbac7b55af9cd"},"image":{"@id":"https:\/\/luchonoticias.com\/editor\/colombia-tendra-empresa-transportadora-de-mercancia-en-drones\/#primaryimage"},"thumbnailUrl":"https:\/\/luchonoticias.com\/editor\/wp-content\/uploads\/2025\/07\/drones-grupo.jpg","articleSection":["Actualidad","Nacional"],"inLanguage":"es"},{"@type":"WebPage","@id":"https:\/\/luchonoticias.com\/editor\/colombia-tendra-empresa-transportadora-de-mercancia-en-drones\/","url":"https:\/\/luchonoticias.com\/editor\/colombia-tendra-empresa-transportadora-de-mercancia-en-drones\/","name":"Colombia tendr\u00e1 empresa transportadora de mercanc\u00eda en drones -","isPartOf":{"@id":"https:\/\/luchonoticias.com\/editor\/#website"},"primaryImageOfPage":{"@id":"https:\/\/luchonoticias.com\/editor\/colombia-tendra-empresa-transportadora-de-mercancia-en-drones\/#primaryimage"},"image":{"@id":"https:\/\/luchonoticias.com\/editor\/colombia-tendra-empresa-transportadora-de-mercancia-en-drones\/#primaryimage"},"thumbnailUrl":"https:\/\/luchonoticias.com\/editor\/wp-content\/uploads\/2025\/07\/drones-grupo.jpg","datePublished":"2025-07-12T09:29:46+00:00","dateModified":"2025-07-12T09:29:49+00:00","breadcrumb":{"@id":"https:\/\/luchonoticias.com\/editor\/colombia-tendra-empresa-transportadora-de-mercancia-en-drones\/#breadcrumb"},"inLanguage":"es","potentialAction":[{"@type":"ReadAction","target":["https:\/\/luchonoticias.com\/editor\/colombia-tendra-empresa-transportadora-de-mercancia-en-drones\/"]}]},{"@type":"ImageObject","inLanguage":"es","@id":"https:\/\/luchonoticias.com\/editor\/colombia-tendra-empresa-transportadora-de-mercancia-en-drones\/#primaryimage","url":"https:\/\/luchonoticias.com\/editor\/wp-content\/uploads\/2025\/07\/drones-grupo.jpg","contentUrl":"https:\/\/luchonoticias.com\/editor\/wp-content\/uploads\/2025\/07\/drones-grupo.jpg","width":700,"height":400},{"@type":"BreadcrumbList","@id":"https:\/\/luchonoticias.com\/editor\/colombia-tendra-empresa-transportadora-de-mercancia-en-drones\/#breadcrumb","itemListElement":[{"@type":"ListItem","position":1,"name":"Portada","item":"https:\/\/luchonoticias.com\/editor\/"},{"@type":"ListItem","position":2,"name":"Colombia tendr\u00e1 empresa transportadora de mercanc\u00eda en drones"}]},{"@type":"WebSite","@id":"https:\/\/luchonoticias.com\/editor\/#website","url":"https:\/\/luchonoticias.com\/editor\/","name":"","description":"","publisher":{"@id":"https:\/\/luchonoticias.com\/editor\/#\/schema\/person\/7a7fd911f58561fd056dbac7b55af9cd"},"potentialAction":[{"@type":"SearchAction","target":{"@type":"EntryPoint","urlTemplate":"https:\/\/luchonoticias.com\/editor\/?s={search_term_string}"},"query-input":{"@type":"PropertyValueSpecification","valueRequired":true,"valueName":"search_term_string"}}],"inLanguage":"es"},{"@type":["Person","Organization"],"@id":"https:\/\/luchonoticias.com\/editor\/#\/schema\/person\/7a7fd911f58561fd056dbac7b55af9cd","name":"admin","image":{"@type":"ImageObject","inLanguage":"es","@id":"https:\/\/luchonoticias.com\/editor\/#\/schema\/person\/image\/","url":"https:\/\/luchonoticias.com\/editor\/wp-content\/uploads\/2024\/02\/cropped-cropped-logolu.webp","contentUrl":"https:\/\/luchonoticias.com\/editor\/wp-content\/uploads\/2024\/02\/cropped-cropped-logolu.webp","width":382,"height":170,"caption":"admin"},"logo":{"@id":"https:\/\/luchonoticias.com\/editor\/#\/schema\/person\/image\/"},"sameAs":["https:\/\/www.facebook.com\/luchonoticiasneiva"]},{"@type":"Person","@id":"https:\/\/luchonoticias.com\/editor\/#\/schema\/person\/29217990ddf6f14e35912b2866d591fb","name":"Editor General","image":{"@type":"ImageObject","inLanguage":"es","@id":"https:\/\/luchonoticias.com\/editor\/#\/schema\/person\/image\/","url":"https:\/\/luchonoticias.com\/editor\/wp-content\/uploads\/2024\/02\/cropped-cropped-logolu-150x150.webp","contentUrl":"https:\/\/luchonoticias.com\/editor\/wp-content\/uploads\/2024\/02\/cropped-cropped-logolu-150x150.webp","caption":"Editor General"},"sameAs":["https:\/\/luchonoticias.com\/"],"url":"https:\/\/luchonoticias.com\/editor\/author\/editor-general\/"}]}},"_links":{"self":[{"href":"https:\/\/luchonoticias.com\/editor\/wp-json\/wp\/v2\/posts\/85393","targetHints":{"allow":["GET"]}}],"collection":[{"href":"https:\/\/luchonoticias.com\/editor\/wp-json\/wp\/v2\/posts"}],"about":[{"href":"https:\/\/luchonoticias.com\/editor\/wp-json\/wp\/v2\/types\/post"}],"author":[{"embeddable":true,"href":"https:\/\/luchonoticias.com\/editor\/wp-json\/wp\/v2\/users\/2"}],"replies":[{"embeddable":true,"href":"https:\/\/luchonoticias.com\/editor\/wp-json\/wp\/v2\/comments?post=85393"}],"version-history":[{"count":1,"href":"https:\/\/luchonoticias.com\/editor\/wp-json\/wp\/v2\/posts\/85393\/revisions"}],"predecessor-version":[{"id":85395,"href":"https:\/\/luchonoticias.com\/editor\/wp-json\/wp\/v2\/posts\/85393\/revisions\/85395"}],"wp:featuredmedia":[{"embeddable":true,"href":"https:\/\/luchonoticias.com\/editor\/wp-json\/wp\/v2\/media\/85394"}],"wp:attachment":[{"href":"https:\/\/luchonoticias.com\/editor\/wp-json\/wp\/v2\/media?parent=85393"}],"wp:term":[{"taxonomy":"category","embeddable":true,"href":"https:\/\/luchonoticias.com\/editor\/wp-json\/wp\/v2\/categories?post=85393"},{"taxonomy":"post_tag","embeddable":true,"href":"https:\/\/luchonoticias.com\/editor\/wp-json\/wp\/v2\/tags?post=85393"}],"curies":[{"name":"wp","href":"https:\/\/api.w.org\/{rel}","templated":true}]}}