{"id":85396,"date":"2025-07-12T04:34:54","date_gmt":"2025-07-12T09:34:54","guid":{"rendered":"https:\/\/luchonoticias.com\/?p=85396"},"modified":"2025-07-12T04:34:56","modified_gmt":"2025-07-12T09:34:56","slug":"duro-contra-el-contrabando-de-arroz-y-papa","status":"publish","type":"post","link":"https:\/\/luchonoticias.com\/editor\/duro-contra-el-contrabando-de-arroz-y-papa\/","title":{"rendered":"Duro contra el contrabando de arroz y papa"},"content":{"rendered":"\n<p>La Direcci\u00f3n de Impuestos y Aduanas Nacionales (Dian) intensific\u00f3 los controles aduaneros en el Puente Internacional de Rumichaca, en Ipiales (Nari\u00f1o), y en los principales corredores viales que conectan la frontera con el centro del pa\u00eds, con el fin de frenar el contrabando de arroz y papa provenientes de Ecuador.<\/p>\n\n\n\n<p>Desde el 8 de julio, m\u00e1s de 30 funcionarios de la Dian, con el apoyo de la Polic\u00eda Fiscal y Aduanera, el Instituto Colombiano Agropecuario (ICA) y el Ej\u00e9rcito Nacional, ejecutan acciones coordinadas para verificar la legalidad de los productos que ingresan al pa\u00eds. Los controles tambi\u00e9n se extienden a plazas de mercado y centrales de abastos desde Ipiales hasta Cali.<\/p>\n\n\n\n<p>Luis Eduardo Llin\u00e1s, director encargado de la Dian, explic\u00f3 que el objetivo es proteger a los productores nacionales frente al ingreso ilegal de alimentos que no cumplen con la normativa aduanera. \u201cEste es un esfuerzo interinstitucional que busca garantizar la legalidad y evitar la mezcla de producto nacional con mercanc\u00eda de contrabando\u201d, afirm\u00f3.<\/p>\n\n\n\n<p>Entre las acciones implementadas, los funcionarios han realizado entrevistas a comercializadores para recolectar informaci\u00f3n sobre proveedores, cantidades de productos y precios tanto en Colombia como en Ecuador. Esta base de datos permitir\u00e1 trazar el origen de los alimentos y detectar irregularidades en su comercializaci\u00f3n.<\/p>\n\n\n\n<p>Adem\u00e1s, se realizan operativos en pasos ilegales donde se ha identificado tr\u00e1nsito frecuente de mercanc\u00eda sin declarar. Con estas medidas, la Dian busca fortalecer la fiscalizaci\u00f3n, proteger la econom\u00eda nacional y fomentar el comercio legal.<\/p>\n\n\n\n<p>Llin\u00e1s subray\u00f3 que estas acciones reafirman el compromiso de la Dian con el bienestar de los consumidores, la defensa del productor local y el cumplimiento de las obligaciones fiscales en el pa\u00eds.<\/p>\n","protected":false},"excerpt":{"rendered":"<p>La Direcci\u00f3n de Impuestos y Aduanas Nacionales (Dian) intensific\u00f3 los controles aduaneros en el Puente Internacional de Rumichaca, en Ipiales (Nari\u00f1o), y en los principales corredores viales que conectan la frontera con el centro del pa\u00eds, con el fin de frenar el contrabando de arroz y papa provenientes de Ecuador. Desde el 8 de julio, [&hellip;]<\/p>\n","protected":false},"author":2,"featured_media":85397,"comment_status":"closed","ping_status":"open","sticky":false,"template":"","format":"standard","meta":{"footnotes":""},"categories":[28,32],"tags":[],"class_list":["post-85396","post","type-post","status-publish","format-standard","has-post-thumbnail","hentry","category-actualidad","category-nacional"],"yoast_head":"<!-- This site is optimized with the Yoast SEO plugin v26.6 - https:\/\/yoast.com\/wordpress\/plugins\/seo\/ -->\n<title>Duro contra el contrabando de arroz y papa -<\/title>\n<meta name=\"robots\" content=\"index, follow, max-snippet:-1, max-image-preview:large, max-video-preview:-1\" \/>\n<link rel=\"canonical\" href=\"https:\/\/luchonoticias.com\/editor\/duro-contra-el-contrabando-de-arroz-y-papa\/\" \/>\n<meta property=\"og:locale\" content=\"es_ES\" \/>\n<meta property=\"og:type\" content=\"article\" \/>\n<meta property=\"og:title\" content=\"Duro contra el contrabando de arroz y papa -\" \/>\n<meta property=\"og:url\" content=\"https:\/\/luchonoticias.com\/editor\/duro-contra-el-contrabando-de-arroz-y-papa\/\" \/>\n<meta property=\"article:publisher\" content=\"https:\/\/www.facebook.com\/luchonoticiasneiva\" \/>\n<meta property=\"article:published_time\" content=\"2025-07-12T09:34:54+00:00\" \/>\n<meta property=\"article:modified_time\" content=\"2025-07-12T09:34:56+00:00\" \/>\n<meta property=\"og:image\" content=\"https:\/\/luchonoticias.com\/editor\/wp-content\/uploads\/2025\/07\/controles-dian.jpg\" \/>\n\t<meta property=\"og:image:width\" content=\"700\" \/>\n\t<meta property=\"og:image:height\" content=\"400\" \/>\n\t<meta property=\"og:image:type\" content=\"image\/jpeg\" \/>\n<meta name=\"author\" content=\"Editor General\" \/>\n<meta name=\"twitter:card\" content=\"summary_large_image\" \/>\n<meta name=\"twitter:label1\" content=\"Escrito por\" \/>\n\t<meta name=\"twitter:data1\" content=\"Editor General\" \/>\n\t<meta name=\"twitter:label2\" content=\"Tiempo de lectura\" \/>\n\t<meta name=\"twitter:data2\" content=\"2 minutos\" \/>\n<script type=\"application\/ld+json\" class=\"yoast-schema-graph\">{\"@context\":\"https:\/\/schema.org\",\"@graph\":[{\"@type\":\"Article\",\"@id\":\"https:\/\/luchonoticias.com\/editor\/duro-contra-el-contrabando-de-arroz-y-papa\/#article\",\"isPartOf\":{\"@id\":\"https:\/\/luchonoticias.com\/editor\/duro-contra-el-contrabando-de-arroz-y-papa\/\"},\"author\":{\"name\":\"Editor General\",\"@id\":\"https:\/\/luchonoticias.com\/editor\/#\/schema\/person\/29217990ddf6f14e35912b2866d591fb\"},\"headline\":\"Duro contra el contrabando de arroz y papa\",\"datePublished\":\"2025-07-12T09:34:54+00:00\",\"dateModified\":\"2025-07-12T09:34:56+00:00\",\"mainEntityOfPage\":{\"@id\":\"https:\/\/luchonoticias.com\/editor\/duro-contra-el-contrabando-de-arroz-y-papa\/\"},\"wordCount\":300,\"publisher\":{\"@id\":\"https:\/\/luchonoticias.com\/editor\/#\/schema\/person\/7a7fd911f58561fd056dbac7b55af9cd\"},\"image\":{\"@id\":\"https:\/\/luchonoticias.com\/editor\/duro-contra-el-contrabando-de-arroz-y-papa\/#primaryimage\"},\"thumbnailUrl\":\"https:\/\/luchonoticias.com\/editor\/wp-content\/uploads\/2025\/07\/controles-dian.jpg\",\"articleSection\":[\"Actualidad\",\"Nacional\"],\"inLanguage\":\"es\"},{\"@type\":\"WebPage\",\"@id\":\"https:\/\/luchonoticias.com\/editor\/duro-contra-el-contrabando-de-arroz-y-papa\/\",\"url\":\"https:\/\/luchonoticias.com\/editor\/duro-contra-el-contrabando-de-arroz-y-papa\/\",\"name\":\"Duro contra el contrabando de arroz y papa -\",\"isPartOf\":{\"@id\":\"https:\/\/luchonoticias.com\/editor\/#website\"},\"primaryImageOfPage\":{\"@id\":\"https:\/\/luchonoticias.com\/editor\/duro-contra-el-contrabando-de-arroz-y-papa\/#primaryimage\"},\"image\":{\"@id\":\"https:\/\/luchonoticias.com\/editor\/duro-contra-el-contrabando-de-arroz-y-papa\/#primaryimage\"},\"thumbnailUrl\":\"https:\/\/luchonoticias.com\/editor\/wp-content\/uploads\/2025\/07\/controles-dian.jpg\",\"datePublished\":\"2025-07-12T09:34:54+00:00\",\"dateModified\":\"2025-07-12T09:34:56+00:00\",\"breadcrumb\":{\"@id\":\"https:\/\/luchonoticias.com\/editor\/duro-contra-el-contrabando-de-arroz-y-papa\/#breadcrumb\"},\"inLanguage\":\"es\",\"potentialAction\":[{\"@type\":\"ReadAction\",\"target\":[\"https:\/\/luchonoticias.com\/editor\/duro-contra-el-contrabando-de-arroz-y-papa\/\"]}]},{\"@type\":\"ImageObject\",\"inLanguage\":\"es\",\"@id\":\"https:\/\/luchonoticias.com\/editor\/duro-contra-el-contrabando-de-arroz-y-papa\/#primaryimage\",\"url\":\"https:\/\/luchonoticias.com\/editor\/wp-content\/uploads\/2025\/07\/controles-dian.jpg\",\"contentUrl\":\"https:\/\/luchonoticias.com\/editor\/wp-content\/uploads\/2025\/07\/controles-dian.jpg\",\"width\":700,\"height\":400},{\"@type\":\"BreadcrumbList\",\"@id\":\"https:\/\/luchonoticias.com\/editor\/duro-contra-el-contrabando-de-arroz-y-papa\/#breadcrumb\",\"itemListElement\":[{\"@type\":\"ListItem\",\"position\":1,\"name\":\"Portada\",\"item\":\"https:\/\/luchonoticias.com\/editor\/\"},{\"@type\":\"ListItem\",\"position\":2,\"name\":\"Duro contra el contrabando de arroz y papa\"}]},{\"@type\":\"WebSite\",\"@id\":\"https:\/\/luchonoticias.com\/editor\/#website\",\"url\":\"https:\/\/luchonoticias.com\/editor\/\",\"name\":\"\",\"description\":\"\",\"publisher\":{\"@id\":\"https:\/\/luchonoticias.com\/editor\/#\/schema\/person\/7a7fd911f58561fd056dbac7b55af9cd\"},\"potentialAction\":[{\"@type\":\"SearchAction\",\"target\":{\"@type\":\"EntryPoint\",\"urlTemplate\":\"https:\/\/luchonoticias.com\/editor\/?s={search_term_string}\"},\"query-input\":{\"@type\":\"PropertyValueSpecification\",\"valueRequired\":true,\"valueName\":\"search_term_string\"}}],\"inLanguage\":\"es\"},{\"@type\":[\"Person\",\"Organization\"],\"@id\":\"https:\/\/luchonoticias.com\/editor\/#\/schema\/person\/7a7fd911f58561fd056dbac7b55af9cd\",\"name\":\"admin\",\"image\":{\"@type\":\"ImageObject\",\"inLanguage\":\"es\",\"@id\":\"https:\/\/luchonoticias.com\/editor\/#\/schema\/person\/image\/\",\"url\":\"https:\/\/luchonoticias.com\/editor\/wp-content\/uploads\/2024\/02\/cropped-cropped-logolu.webp\",\"contentUrl\":\"https:\/\/luchonoticias.com\/editor\/wp-content\/uploads\/2024\/02\/cropped-cropped-logolu.webp\",\"width\":382,\"height\":170,\"caption\":\"admin\"},\"logo\":{\"@id\":\"https:\/\/luchonoticias.com\/editor\/#\/schema\/person\/image\/\"},\"sameAs\":[\"https:\/\/www.facebook.com\/luchonoticiasneiva\"]},{\"@type\":\"Person\",\"@id\":\"https:\/\/luchonoticias.com\/editor\/#\/schema\/person\/29217990ddf6f14e35912b2866d591fb\",\"name\":\"Editor General\",\"image\":{\"@type\":\"ImageObject\",\"inLanguage\":\"es\",\"@id\":\"https:\/\/luchonoticias.com\/editor\/#\/schema\/person\/image\/\",\"url\":\"https:\/\/luchonoticias.com\/editor\/wp-content\/uploads\/2024\/02\/cropped-cropped-logolu-150x150.webp\",\"contentUrl\":\"https:\/\/luchonoticias.com\/editor\/wp-content\/uploads\/2024\/02\/cropped-cropped-logolu-150x150.webp\",\"caption\":\"Editor General\"},\"sameAs\":[\"https:\/\/luchonoticias.com\/\"],\"url\":\"https:\/\/luchonoticias.com\/editor\/author\/editor-general\/\"}]}<\/script>\n<!-- \/ Yoast SEO plugin. -->","yoast_head_json":{"title":"Duro contra el contrabando de arroz y papa -","robots":{"index":"index","follow":"follow","max-snippet":"max-snippet:-1","max-image-preview":"max-image-preview:large","max-video-preview":"max-video-preview:-1"},"canonical":"https:\/\/luchonoticias.com\/editor\/duro-contra-el-contrabando-de-arroz-y-papa\/","og_locale":"es_ES","og_type":"article","og_title":"Duro contra el contrabando de arroz y papa -","og_url":"https:\/\/luchonoticias.com\/editor\/duro-contra-el-contrabando-de-arroz-y-papa\/","article_publisher":"https:\/\/www.facebook.com\/luchonoticiasneiva","article_published_time":"2025-07-12T09:34:54+00:00","article_modified_time":"2025-07-12T09:34:56+00:00","og_image":[{"width":700,"height":400,"url":"https:\/\/luchonoticias.com\/editor\/wp-content\/uploads\/2025\/07\/controles-dian.jpg","type":"image\/jpeg"}],"author":"Editor General","twitter_card":"summary_large_image","twitter_misc":{"Escrito por":"Editor General","Tiempo de lectura":"2 minutos"},"schema":{"@context":"https:\/\/schema.org","@graph":[{"@type":"Article","@id":"https:\/\/luchonoticias.com\/editor\/duro-contra-el-contrabando-de-arroz-y-papa\/#article","isPartOf":{"@id":"https:\/\/luchonoticias.com\/editor\/duro-contra-el-contrabando-de-arroz-y-papa\/"},"author":{"name":"Editor General","@id":"https:\/\/luchonoticias.com\/editor\/#\/schema\/person\/29217990ddf6f14e35912b2866d591fb"},"headline":"Duro contra el contrabando de arroz y papa","datePublished":"2025-07-12T09:34:54+00:00","dateModified":"2025-07-12T09:34:56+00:00","mainEntityOfPage":{"@id":"https:\/\/luchonoticias.com\/editor\/duro-contra-el-contrabando-de-arroz-y-papa\/"},"wordCount":300,"publisher":{"@id":"https:\/\/luchonoticias.com\/editor\/#\/schema\/person\/7a7fd911f58561fd056dbac7b55af9cd"},"image":{"@id":"https:\/\/luchonoticias.com\/editor\/duro-contra-el-contrabando-de-arroz-y-papa\/#primaryimage"},"thumbnailUrl":"https:\/\/luchonoticias.com\/editor\/wp-content\/uploads\/2025\/07\/controles-dian.jpg","articleSection":["Actualidad","Nacional"],"inLanguage":"es"},{"@type":"WebPage","@id":"https:\/\/luchonoticias.com\/editor\/duro-contra-el-contrabando-de-arroz-y-papa\/","url":"https:\/\/luchonoticias.com\/editor\/duro-contra-el-contrabando-de-arroz-y-papa\/","name":"Duro contra el contrabando de arroz y papa -","isPartOf":{"@id":"https:\/\/luchonoticias.com\/editor\/#website"},"primaryImageOfPage":{"@id":"https:\/\/luchonoticias.com\/editor\/duro-contra-el-contrabando-de-arroz-y-papa\/#primaryimage"},"image":{"@id":"https:\/\/luchonoticias.com\/editor\/duro-contra-el-contrabando-de-arroz-y-papa\/#primaryimage"},"thumbnailUrl":"https:\/\/luchonoticias.com\/editor\/wp-content\/uploads\/2025\/07\/controles-dian.jpg","datePublished":"2025-07-12T09:34:54+00:00","dateModified":"2025-07-12T09:34:56+00:00","breadcrumb":{"@id":"https:\/\/luchonoticias.com\/editor\/duro-contra-el-contrabando-de-arroz-y-papa\/#breadcrumb"},"inLanguage":"es","potentialAction":[{"@type":"ReadAction","target":["https:\/\/luchonoticias.com\/editor\/duro-contra-el-contrabando-de-arroz-y-papa\/"]}]},{"@type":"ImageObject","inLanguage":"es","@id":"https:\/\/luchonoticias.com\/editor\/duro-contra-el-contrabando-de-arroz-y-papa\/#primaryimage","url":"https:\/\/luchonoticias.com\/editor\/wp-content\/uploads\/2025\/07\/controles-dian.jpg","contentUrl":"https:\/\/luchonoticias.com\/editor\/wp-content\/uploads\/2025\/07\/controles-dian.jpg","width":700,"height":400},{"@type":"BreadcrumbList","@id":"https:\/\/luchonoticias.com\/editor\/duro-contra-el-contrabando-de-arroz-y-papa\/#breadcrumb","itemListElement":[{"@type":"ListItem","position":1,"name":"Portada","item":"https:\/\/luchonoticias.com\/editor\/"},{"@type":"ListItem","position":2,"name":"Duro contra el contrabando de arroz y papa"}]},{"@type":"WebSite","@id":"https:\/\/luchonoticias.com\/editor\/#website","url":"https:\/\/luchonoticias.com\/editor\/","name":"","description":"","publisher":{"@id":"https:\/\/luchonoticias.com\/editor\/#\/schema\/person\/7a7fd911f58561fd056dbac7b55af9cd"},"potentialAction":[{"@type":"SearchAction","target":{"@type":"EntryPoint","urlTemplate":"https:\/\/luchonoticias.com\/editor\/?s={search_term_string}"},"query-input":{"@type":"PropertyValueSpecification","valueRequired":true,"valueName":"search_term_string"}}],"inLanguage":"es"},{"@type":["Person","Organization"],"@id":"https:\/\/luchonoticias.com\/editor\/#\/schema\/person\/7a7fd911f58561fd056dbac7b55af9cd","name":"admin","image":{"@type":"ImageObject","inLanguage":"es","@id":"https:\/\/luchonoticias.com\/editor\/#\/schema\/person\/image\/","url":"https:\/\/luchonoticias.com\/editor\/wp-content\/uploads\/2024\/02\/cropped-cropped-logolu.webp","contentUrl":"https:\/\/luchonoticias.com\/editor\/wp-content\/uploads\/2024\/02\/cropped-cropped-logolu.webp","width":382,"height":170,"caption":"admin"},"logo":{"@id":"https:\/\/luchonoticias.com\/editor\/#\/schema\/person\/image\/"},"sameAs":["https:\/\/www.facebook.com\/luchonoticiasneiva"]},{"@type":"Person","@id":"https:\/\/luchonoticias.com\/editor\/#\/schema\/person\/29217990ddf6f14e35912b2866d591fb","name":"Editor General","image":{"@type":"ImageObject","inLanguage":"es","@id":"https:\/\/luchonoticias.com\/editor\/#\/schema\/person\/image\/","url":"https:\/\/luchonoticias.com\/editor\/wp-content\/uploads\/2024\/02\/cropped-cropped-logolu-150x150.webp","contentUrl":"https:\/\/luchonoticias.com\/editor\/wp-content\/uploads\/2024\/02\/cropped-cropped-logolu-150x150.webp","caption":"Editor General"},"sameAs":["https:\/\/luchonoticias.com\/"],"url":"https:\/\/luchonoticias.com\/editor\/author\/editor-general\/"}]}},"_links":{"self":[{"href":"https:\/\/luchonoticias.com\/editor\/wp-json\/wp\/v2\/posts\/85396","targetHints":{"allow":["GET"]}}],"collection":[{"href":"https:\/\/luchonoticias.com\/editor\/wp-json\/wp\/v2\/posts"}],"about":[{"href":"https:\/\/luchonoticias.com\/editor\/wp-json\/wp\/v2\/types\/post"}],"author":[{"embeddable":true,"href":"https:\/\/luchonoticias.com\/editor\/wp-json\/wp\/v2\/users\/2"}],"replies":[{"embeddable":true,"href":"https:\/\/luchonoticias.com\/editor\/wp-json\/wp\/v2\/comments?post=85396"}],"version-history":[{"count":1,"href":"https:\/\/luchonoticias.com\/editor\/wp-json\/wp\/v2\/posts\/85396\/revisions"}],"predecessor-version":[{"id":85398,"href":"https:\/\/luchonoticias.com\/editor\/wp-json\/wp\/v2\/posts\/85396\/revisions\/85398"}],"wp:featuredmedia":[{"embeddable":true,"href":"https:\/\/luchonoticias.com\/editor\/wp-json\/wp\/v2\/media\/85397"}],"wp:attachment":[{"href":"https:\/\/luchonoticias.com\/editor\/wp-json\/wp\/v2\/media?parent=85396"}],"wp:term":[{"taxonomy":"category","embeddable":true,"href":"https:\/\/luchonoticias.com\/editor\/wp-json\/wp\/v2\/categories?post=85396"},{"taxonomy":"post_tag","embeddable":true,"href":"https:\/\/luchonoticias.com\/editor\/wp-json\/wp\/v2\/tags?post=85396"}],"curies":[{"name":"wp","href":"https:\/\/api.w.org\/{rel}","templated":true}]}}