{"id":85399,"date":"2025-07-12T04:46:18","date_gmt":"2025-07-12T09:46:18","guid":{"rendered":"https:\/\/luchonoticias.com\/?p=85399"},"modified":"2025-07-12T04:46:20","modified_gmt":"2025-07-12T09:46:20","slug":"aumento-del-abastecimiento-de-alimentos-en-colombia","status":"publish","type":"post","link":"https:\/\/luchonoticias.com\/editor\/aumento-del-abastecimiento-de-alimentos-en-colombia\/","title":{"rendered":"Aumento del abastecimiento de alimentos en Colombia"},"content":{"rendered":"\n<p>El abastecimiento de alimentos en Colombia registr\u00f3 un crecimiento significativo durante junio de 2025 en comparaci\u00f3n con el mismo mes del a\u00f1o anterior, seg\u00fan el m\u00e1s reciente bolet\u00edn de Abastecimiento y Seguridad Alimentaria emitido por la Unidad de Planificaci\u00f3n Rural Agropecuaria (UPRA).<\/p>\n\n\n\n<p>El informe destaca aumentos en 18 de las 23 ciudades monitoreadas, con cifras notables en Tibasosa (79,5 %), Tunja (42,1 %), Manizales (30,8 %), Valledupar (25,3 %) y Monter\u00eda (21,5 %). Los grupos con mayores incrementos porcentuales fueron pescados, l\u00e1cteos y huevos, tub\u00e9rculos y ra\u00edces, alimentos procesados y cereales.<\/p>\n\n\n\n<p>Durante el primer semestre del a\u00f1o, el volumen total de alimentos ingresados a las centrales mayoristas aument\u00f3 un 3,4 % frente al mismo periodo de 2024, reflejando una recuperaci\u00f3n sostenida en el abastecimiento nacional.<\/p>\n\n\n\n<p>\u201cEl aumento sostenido en la oferta de alimentos es una buena noticia para el pa\u00eds, especialmente en contextos de alta sensibilidad como el actual. Estos datos nos permiten orientar pol\u00edticas y fortalecer la seguridad alimentaria en todo el territorio\u201d, se\u00f1al\u00f3 Dora In\u00e9s Rey, directora de la UPRA.<\/p>\n\n\n\n<p>Entre los productos con mayores aumentos en disponibilidad est\u00e1n la mandarina, pi\u00f1a, mora, pepino cohombro, fr\u00edjol y papa. Por otro lado, frutas como mango, lim\u00f3n, papaya y ahuyama presentaron disminuciones puntuales, asociadas a factores estacionales y variaciones en la producci\u00f3n.<\/p>\n\n\n\n<p>La UPRA proyecta que el comportamiento positivo se mantendr\u00e1 en los meses de julio y agosto, con una mayor presencia de alimentos como zapote, pera, kiwi, pl\u00e1tano, arracacha, yuca, br\u00f3coli, aj\u00ed, cilantro y berenjena. Estos resultados fortalecen la oferta nacional y mejoran el acceso a alimentos frescos y variados en mercados urbanos y rurales.<\/p>\n","protected":false},"excerpt":{"rendered":"<p>El abastecimiento de alimentos en Colombia registr\u00f3 un crecimiento significativo durante junio de 2025 en comparaci\u00f3n con el mismo mes del a\u00f1o anterior, seg\u00fan el m\u00e1s reciente bolet\u00edn de Abastecimiento y Seguridad Alimentaria emitido por la Unidad de Planificaci\u00f3n Rural Agropecuaria (UPRA). El informe destaca aumentos en 18 de las 23 ciudades monitoreadas, con cifras [&hellip;]<\/p>\n","protected":false},"author":2,"featured_media":85400,"comment_status":"closed","ping_status":"open","sticky":false,"template":"","format":"standard","meta":{"footnotes":""},"categories":[28,32],"tags":[],"class_list":["post-85399","post","type-post","status-publish","format-standard","has-post-thumbnail","hentry","category-actualidad","category-nacional"],"yoast_head":"<!-- This site is optimized with the Yoast SEO plugin v26.6 - https:\/\/yoast.com\/wordpress\/plugins\/seo\/ -->\n<title>Aumento del abastecimiento de alimentos en Colombia -<\/title>\n<meta name=\"robots\" content=\"index, follow, max-snippet:-1, max-image-preview:large, max-video-preview:-1\" \/>\n<link rel=\"canonical\" href=\"https:\/\/luchonoticias.com\/editor\/aumento-del-abastecimiento-de-alimentos-en-colombia\/\" \/>\n<meta property=\"og:locale\" content=\"es_ES\" \/>\n<meta property=\"og:type\" content=\"article\" \/>\n<meta property=\"og:title\" content=\"Aumento del abastecimiento de alimentos en Colombia -\" \/>\n<meta property=\"og:url\" content=\"https:\/\/luchonoticias.com\/editor\/aumento-del-abastecimiento-de-alimentos-en-colombia\/\" \/>\n<meta property=\"article:publisher\" content=\"https:\/\/www.facebook.com\/luchonoticiasneiva\" \/>\n<meta property=\"article:published_time\" content=\"2025-07-12T09:46:18+00:00\" \/>\n<meta property=\"article:modified_time\" content=\"2025-07-12T09:46:20+00:00\" \/>\n<meta property=\"og:image\" content=\"https:\/\/luchonoticias.com\/editor\/wp-content\/uploads\/2025\/07\/alimentos-pescado.jpg\" \/>\n\t<meta property=\"og:image:width\" content=\"700\" \/>\n\t<meta property=\"og:image:height\" content=\"400\" \/>\n\t<meta property=\"og:image:type\" content=\"image\/jpeg\" \/>\n<meta name=\"author\" content=\"Editor General\" \/>\n<meta name=\"twitter:card\" content=\"summary_large_image\" \/>\n<meta name=\"twitter:label1\" content=\"Escrito por\" \/>\n\t<meta name=\"twitter:data1\" content=\"Editor General\" \/>\n\t<meta name=\"twitter:label2\" content=\"Tiempo de lectura\" \/>\n\t<meta name=\"twitter:data2\" content=\"2 minutos\" \/>\n<script type=\"application\/ld+json\" class=\"yoast-schema-graph\">{\"@context\":\"https:\/\/schema.org\",\"@graph\":[{\"@type\":\"Article\",\"@id\":\"https:\/\/luchonoticias.com\/editor\/aumento-del-abastecimiento-de-alimentos-en-colombia\/#article\",\"isPartOf\":{\"@id\":\"https:\/\/luchonoticias.com\/editor\/aumento-del-abastecimiento-de-alimentos-en-colombia\/\"},\"author\":{\"name\":\"Editor General\",\"@id\":\"https:\/\/luchonoticias.com\/editor\/#\/schema\/person\/29217990ddf6f14e35912b2866d591fb\"},\"headline\":\"Aumento del abastecimiento de alimentos en Colombia\",\"datePublished\":\"2025-07-12T09:46:18+00:00\",\"dateModified\":\"2025-07-12T09:46:20+00:00\",\"mainEntityOfPage\":{\"@id\":\"https:\/\/luchonoticias.com\/editor\/aumento-del-abastecimiento-de-alimentos-en-colombia\/\"},\"wordCount\":280,\"publisher\":{\"@id\":\"https:\/\/luchonoticias.com\/editor\/#\/schema\/person\/7a7fd911f58561fd056dbac7b55af9cd\"},\"image\":{\"@id\":\"https:\/\/luchonoticias.com\/editor\/aumento-del-abastecimiento-de-alimentos-en-colombia\/#primaryimage\"},\"thumbnailUrl\":\"https:\/\/luchonoticias.com\/editor\/wp-content\/uploads\/2025\/07\/alimentos-pescado.jpg\",\"articleSection\":[\"Actualidad\",\"Nacional\"],\"inLanguage\":\"es\"},{\"@type\":\"WebPage\",\"@id\":\"https:\/\/luchonoticias.com\/editor\/aumento-del-abastecimiento-de-alimentos-en-colombia\/\",\"url\":\"https:\/\/luchonoticias.com\/editor\/aumento-del-abastecimiento-de-alimentos-en-colombia\/\",\"name\":\"Aumento del abastecimiento de alimentos en Colombia -\",\"isPartOf\":{\"@id\":\"https:\/\/luchonoticias.com\/editor\/#website\"},\"primaryImageOfPage\":{\"@id\":\"https:\/\/luchonoticias.com\/editor\/aumento-del-abastecimiento-de-alimentos-en-colombia\/#primaryimage\"},\"image\":{\"@id\":\"https:\/\/luchonoticias.com\/editor\/aumento-del-abastecimiento-de-alimentos-en-colombia\/#primaryimage\"},\"thumbnailUrl\":\"https:\/\/luchonoticias.com\/editor\/wp-content\/uploads\/2025\/07\/alimentos-pescado.jpg\",\"datePublished\":\"2025-07-12T09:46:18+00:00\",\"dateModified\":\"2025-07-12T09:46:20+00:00\",\"breadcrumb\":{\"@id\":\"https:\/\/luchonoticias.com\/editor\/aumento-del-abastecimiento-de-alimentos-en-colombia\/#breadcrumb\"},\"inLanguage\":\"es\",\"potentialAction\":[{\"@type\":\"ReadAction\",\"target\":[\"https:\/\/luchonoticias.com\/editor\/aumento-del-abastecimiento-de-alimentos-en-colombia\/\"]}]},{\"@type\":\"ImageObject\",\"inLanguage\":\"es\",\"@id\":\"https:\/\/luchonoticias.com\/editor\/aumento-del-abastecimiento-de-alimentos-en-colombia\/#primaryimage\",\"url\":\"https:\/\/luchonoticias.com\/editor\/wp-content\/uploads\/2025\/07\/alimentos-pescado.jpg\",\"contentUrl\":\"https:\/\/luchonoticias.com\/editor\/wp-content\/uploads\/2025\/07\/alimentos-pescado.jpg\",\"width\":700,\"height\":400},{\"@type\":\"BreadcrumbList\",\"@id\":\"https:\/\/luchonoticias.com\/editor\/aumento-del-abastecimiento-de-alimentos-en-colombia\/#breadcrumb\",\"itemListElement\":[{\"@type\":\"ListItem\",\"position\":1,\"name\":\"Portada\",\"item\":\"https:\/\/luchonoticias.com\/editor\/\"},{\"@type\":\"ListItem\",\"position\":2,\"name\":\"Aumento del abastecimiento de alimentos en Colombia\"}]},{\"@type\":\"WebSite\",\"@id\":\"https:\/\/luchonoticias.com\/editor\/#website\",\"url\":\"https:\/\/luchonoticias.com\/editor\/\",\"name\":\"\",\"description\":\"\",\"publisher\":{\"@id\":\"https:\/\/luchonoticias.com\/editor\/#\/schema\/person\/7a7fd911f58561fd056dbac7b55af9cd\"},\"potentialAction\":[{\"@type\":\"SearchAction\",\"target\":{\"@type\":\"EntryPoint\",\"urlTemplate\":\"https:\/\/luchonoticias.com\/editor\/?s={search_term_string}\"},\"query-input\":{\"@type\":\"PropertyValueSpecification\",\"valueRequired\":true,\"valueName\":\"search_term_string\"}}],\"inLanguage\":\"es\"},{\"@type\":[\"Person\",\"Organization\"],\"@id\":\"https:\/\/luchonoticias.com\/editor\/#\/schema\/person\/7a7fd911f58561fd056dbac7b55af9cd\",\"name\":\"admin\",\"image\":{\"@type\":\"ImageObject\",\"inLanguage\":\"es\",\"@id\":\"https:\/\/luchonoticias.com\/editor\/#\/schema\/person\/image\/\",\"url\":\"https:\/\/luchonoticias.com\/editor\/wp-content\/uploads\/2024\/02\/cropped-cropped-logolu.webp\",\"contentUrl\":\"https:\/\/luchonoticias.com\/editor\/wp-content\/uploads\/2024\/02\/cropped-cropped-logolu.webp\",\"width\":382,\"height\":170,\"caption\":\"admin\"},\"logo\":{\"@id\":\"https:\/\/luchonoticias.com\/editor\/#\/schema\/person\/image\/\"},\"sameAs\":[\"https:\/\/www.facebook.com\/luchonoticiasneiva\"]},{\"@type\":\"Person\",\"@id\":\"https:\/\/luchonoticias.com\/editor\/#\/schema\/person\/29217990ddf6f14e35912b2866d591fb\",\"name\":\"Editor General\",\"image\":{\"@type\":\"ImageObject\",\"inLanguage\":\"es\",\"@id\":\"https:\/\/luchonoticias.com\/editor\/#\/schema\/person\/image\/\",\"url\":\"https:\/\/luchonoticias.com\/editor\/wp-content\/uploads\/2024\/02\/cropped-cropped-logolu-150x150.webp\",\"contentUrl\":\"https:\/\/luchonoticias.com\/editor\/wp-content\/uploads\/2024\/02\/cropped-cropped-logolu-150x150.webp\",\"caption\":\"Editor General\"},\"sameAs\":[\"https:\/\/luchonoticias.com\/\"],\"url\":\"https:\/\/luchonoticias.com\/editor\/author\/editor-general\/\"}]}<\/script>\n<!-- \/ Yoast SEO plugin. -->","yoast_head_json":{"title":"Aumento del abastecimiento de alimentos en Colombia -","robots":{"index":"index","follow":"follow","max-snippet":"max-snippet:-1","max-image-preview":"max-image-preview:large","max-video-preview":"max-video-preview:-1"},"canonical":"https:\/\/luchonoticias.com\/editor\/aumento-del-abastecimiento-de-alimentos-en-colombia\/","og_locale":"es_ES","og_type":"article","og_title":"Aumento del abastecimiento de alimentos en Colombia -","og_url":"https:\/\/luchonoticias.com\/editor\/aumento-del-abastecimiento-de-alimentos-en-colombia\/","article_publisher":"https:\/\/www.facebook.com\/luchonoticiasneiva","article_published_time":"2025-07-12T09:46:18+00:00","article_modified_time":"2025-07-12T09:46:20+00:00","og_image":[{"width":700,"height":400,"url":"https:\/\/luchonoticias.com\/editor\/wp-content\/uploads\/2025\/07\/alimentos-pescado.jpg","type":"image\/jpeg"}],"author":"Editor General","twitter_card":"summary_large_image","twitter_misc":{"Escrito por":"Editor General","Tiempo de lectura":"2 minutos"},"schema":{"@context":"https:\/\/schema.org","@graph":[{"@type":"Article","@id":"https:\/\/luchonoticias.com\/editor\/aumento-del-abastecimiento-de-alimentos-en-colombia\/#article","isPartOf":{"@id":"https:\/\/luchonoticias.com\/editor\/aumento-del-abastecimiento-de-alimentos-en-colombia\/"},"author":{"name":"Editor General","@id":"https:\/\/luchonoticias.com\/editor\/#\/schema\/person\/29217990ddf6f14e35912b2866d591fb"},"headline":"Aumento del abastecimiento de alimentos en Colombia","datePublished":"2025-07-12T09:46:18+00:00","dateModified":"2025-07-12T09:46:20+00:00","mainEntityOfPage":{"@id":"https:\/\/luchonoticias.com\/editor\/aumento-del-abastecimiento-de-alimentos-en-colombia\/"},"wordCount":280,"publisher":{"@id":"https:\/\/luchonoticias.com\/editor\/#\/schema\/person\/7a7fd911f58561fd056dbac7b55af9cd"},"image":{"@id":"https:\/\/luchonoticias.com\/editor\/aumento-del-abastecimiento-de-alimentos-en-colombia\/#primaryimage"},"thumbnailUrl":"https:\/\/luchonoticias.com\/editor\/wp-content\/uploads\/2025\/07\/alimentos-pescado.jpg","articleSection":["Actualidad","Nacional"],"inLanguage":"es"},{"@type":"WebPage","@id":"https:\/\/luchonoticias.com\/editor\/aumento-del-abastecimiento-de-alimentos-en-colombia\/","url":"https:\/\/luchonoticias.com\/editor\/aumento-del-abastecimiento-de-alimentos-en-colombia\/","name":"Aumento del abastecimiento de alimentos en Colombia -","isPartOf":{"@id":"https:\/\/luchonoticias.com\/editor\/#website"},"primaryImageOfPage":{"@id":"https:\/\/luchonoticias.com\/editor\/aumento-del-abastecimiento-de-alimentos-en-colombia\/#primaryimage"},"image":{"@id":"https:\/\/luchonoticias.com\/editor\/aumento-del-abastecimiento-de-alimentos-en-colombia\/#primaryimage"},"thumbnailUrl":"https:\/\/luchonoticias.com\/editor\/wp-content\/uploads\/2025\/07\/alimentos-pescado.jpg","datePublished":"2025-07-12T09:46:18+00:00","dateModified":"2025-07-12T09:46:20+00:00","breadcrumb":{"@id":"https:\/\/luchonoticias.com\/editor\/aumento-del-abastecimiento-de-alimentos-en-colombia\/#breadcrumb"},"inLanguage":"es","potentialAction":[{"@type":"ReadAction","target":["https:\/\/luchonoticias.com\/editor\/aumento-del-abastecimiento-de-alimentos-en-colombia\/"]}]},{"@type":"ImageObject","inLanguage":"es","@id":"https:\/\/luchonoticias.com\/editor\/aumento-del-abastecimiento-de-alimentos-en-colombia\/#primaryimage","url":"https:\/\/luchonoticias.com\/editor\/wp-content\/uploads\/2025\/07\/alimentos-pescado.jpg","contentUrl":"https:\/\/luchonoticias.com\/editor\/wp-content\/uploads\/2025\/07\/alimentos-pescado.jpg","width":700,"height":400},{"@type":"BreadcrumbList","@id":"https:\/\/luchonoticias.com\/editor\/aumento-del-abastecimiento-de-alimentos-en-colombia\/#breadcrumb","itemListElement":[{"@type":"ListItem","position":1,"name":"Portada","item":"https:\/\/luchonoticias.com\/editor\/"},{"@type":"ListItem","position":2,"name":"Aumento del abastecimiento de alimentos en Colombia"}]},{"@type":"WebSite","@id":"https:\/\/luchonoticias.com\/editor\/#website","url":"https:\/\/luchonoticias.com\/editor\/","name":"","description":"","publisher":{"@id":"https:\/\/luchonoticias.com\/editor\/#\/schema\/person\/7a7fd911f58561fd056dbac7b55af9cd"},"potentialAction":[{"@type":"SearchAction","target":{"@type":"EntryPoint","urlTemplate":"https:\/\/luchonoticias.com\/editor\/?s={search_term_string}"},"query-input":{"@type":"PropertyValueSpecification","valueRequired":true,"valueName":"search_term_string"}}],"inLanguage":"es"},{"@type":["Person","Organization"],"@id":"https:\/\/luchonoticias.com\/editor\/#\/schema\/person\/7a7fd911f58561fd056dbac7b55af9cd","name":"admin","image":{"@type":"ImageObject","inLanguage":"es","@id":"https:\/\/luchonoticias.com\/editor\/#\/schema\/person\/image\/","url":"https:\/\/luchonoticias.com\/editor\/wp-content\/uploads\/2024\/02\/cropped-cropped-logolu.webp","contentUrl":"https:\/\/luchonoticias.com\/editor\/wp-content\/uploads\/2024\/02\/cropped-cropped-logolu.webp","width":382,"height":170,"caption":"admin"},"logo":{"@id":"https:\/\/luchonoticias.com\/editor\/#\/schema\/person\/image\/"},"sameAs":["https:\/\/www.facebook.com\/luchonoticiasneiva"]},{"@type":"Person","@id":"https:\/\/luchonoticias.com\/editor\/#\/schema\/person\/29217990ddf6f14e35912b2866d591fb","name":"Editor General","image":{"@type":"ImageObject","inLanguage":"es","@id":"https:\/\/luchonoticias.com\/editor\/#\/schema\/person\/image\/","url":"https:\/\/luchonoticias.com\/editor\/wp-content\/uploads\/2024\/02\/cropped-cropped-logolu-150x150.webp","contentUrl":"https:\/\/luchonoticias.com\/editor\/wp-content\/uploads\/2024\/02\/cropped-cropped-logolu-150x150.webp","caption":"Editor General"},"sameAs":["https:\/\/luchonoticias.com\/"],"url":"https:\/\/luchonoticias.com\/editor\/author\/editor-general\/"}]}},"_links":{"self":[{"href":"https:\/\/luchonoticias.com\/editor\/wp-json\/wp\/v2\/posts\/85399","targetHints":{"allow":["GET"]}}],"collection":[{"href":"https:\/\/luchonoticias.com\/editor\/wp-json\/wp\/v2\/posts"}],"about":[{"href":"https:\/\/luchonoticias.com\/editor\/wp-json\/wp\/v2\/types\/post"}],"author":[{"embeddable":true,"href":"https:\/\/luchonoticias.com\/editor\/wp-json\/wp\/v2\/users\/2"}],"replies":[{"embeddable":true,"href":"https:\/\/luchonoticias.com\/editor\/wp-json\/wp\/v2\/comments?post=85399"}],"version-history":[{"count":1,"href":"https:\/\/luchonoticias.com\/editor\/wp-json\/wp\/v2\/posts\/85399\/revisions"}],"predecessor-version":[{"id":85401,"href":"https:\/\/luchonoticias.com\/editor\/wp-json\/wp\/v2\/posts\/85399\/revisions\/85401"}],"wp:featuredmedia":[{"embeddable":true,"href":"https:\/\/luchonoticias.com\/editor\/wp-json\/wp\/v2\/media\/85400"}],"wp:attachment":[{"href":"https:\/\/luchonoticias.com\/editor\/wp-json\/wp\/v2\/media?parent=85399"}],"wp:term":[{"taxonomy":"category","embeddable":true,"href":"https:\/\/luchonoticias.com\/editor\/wp-json\/wp\/v2\/categories?post=85399"},{"taxonomy":"post_tag","embeddable":true,"href":"https:\/\/luchonoticias.com\/editor\/wp-json\/wp\/v2\/tags?post=85399"}],"curies":[{"name":"wp","href":"https:\/\/api.w.org\/{rel}","templated":true}]}}