{"id":86954,"date":"2025-08-20T16:12:16","date_gmt":"2025-08-20T21:12:16","guid":{"rendered":"https:\/\/luchonoticias.com\/?p=86954"},"modified":"2025-08-20T16:12:18","modified_gmt":"2025-08-20T21:12:18","slug":"designada-consultura-para-tratar-situacion-del-atleico-huila","status":"publish","type":"post","link":"https:\/\/luchonoticias.com\/editor\/designada-consultura-para-tratar-situacion-del-atleico-huila\/","title":{"rendered":"Designada consultura para tratar situaci\u00f3n del Atl\u00e9ico Huila"},"content":{"rendered":"\n<p>El futuro del estadio Guillermo Plazas Alcid contin\u00faa siendo incierto y mantiene en vilo al Atl\u00e9tico Huila y a su hinchada. Frente a este panorama, el Grupo Independiente, socio mayoritario del club, decidi\u00f3 nombrar a la espa\u00f1ola <strong>Carmen S\u00e1nchez-Laulh\u00e9<\/strong> como su delegada para abordar de manera directa el tema con las autoridades locales y representar a la instituci\u00f3n en los espacios de discusi\u00f3n.<\/p>\n\n\n\n<p>La designaci\u00f3n fue anunciada en rueda de prensa, en la que S\u00e1nchez-Laulh\u00e9 expuso la dif\u00edcil situaci\u00f3n que vive el equipo al disputar sus partidos de local a puerta cerrada. Seg\u00fan explic\u00f3, esta medida es la m\u00e1s prudente para lo que resta de la temporada, aunque reconoce que ha generado frustraci\u00f3n entre los seguidores. \u201cEs innegable el sentimiento de desilusi\u00f3n. No es una situaci\u00f3n sencilla y los compromisos asumidos no se han cumplido. Por ahora, mantener los juegos sin p\u00fablico es lo m\u00e1s adecuado\u201d, afirm\u00f3.<\/p>\n\n\n\n<p>En su intervenci\u00f3n, la nueva representante del club desminti\u00f3 rumores sobre presuntas presiones a dirigentes pol\u00edticos para acelerar la reconstrucci\u00f3n del estadio. Recalc\u00f3 que ese es un asunto netamente gubernamental y que el proyecto del Huila se concentra en lo deportivo. \u201cNo hay presiones ileg\u00edtimas. Las obras y posibles decisiones sobre un nuevo escenario corresponden al \u00e1mbito pol\u00edtico, nuestro compromiso es con lo deportivo\u201d, aclar\u00f3.<\/p>\n\n\n\n<p>La directiva insisti\u00f3 en que el equipo y la afici\u00f3n merecen un estadio digno, aunque por el momento no se ha tomado una decisi\u00f3n definitiva por parte del m\u00e1ximo accionista sobre los pasos a seguir y que cualquier decisi\u00f3n ser\u00e1 tomada de forma meditada y estudiando todas las variables e implicaciones que conlleva.<\/p>\n\n\n\n<p>S\u00e1nchez-Laulh\u00e9 es licenciada en Periodismo por la Universidad Antonio de Nebrija (Madrid) y posee un posgrado en Marketing de la London School of Business and Finance. Con m\u00e1s de una d\u00e9cada de experiencia en comunicaci\u00f3n corporativa e institucional. <\/p>\n","protected":false},"excerpt":{"rendered":"<p>El futuro del estadio Guillermo Plazas Alcid contin\u00faa siendo incierto y mantiene en vilo al Atl\u00e9tico Huila y a su hinchada. Frente a este panorama, el Grupo Independiente, socio mayoritario del club, decidi\u00f3 nombrar a la espa\u00f1ola Carmen S\u00e1nchez-Laulh\u00e9 como su delegada para abordar de manera directa el tema con las autoridades locales y representar [&hellip;]<\/p>\n","protected":false},"author":2,"featured_media":86955,"comment_status":"closed","ping_status":"open","sticky":false,"template":"","format":"standard","meta":{"footnotes":""},"categories":[34],"tags":[],"class_list":["post-86954","post","type-post","status-publish","format-standard","has-post-thumbnail","hentry","category-deportes"],"yoast_head":"<!-- This site is optimized with the Yoast SEO plugin v26.6 - https:\/\/yoast.com\/wordpress\/plugins\/seo\/ -->\n<title>Designada consultura para tratar situaci\u00f3n del Atl\u00e9ico Huila -<\/title>\n<meta name=\"robots\" content=\"index, follow, max-snippet:-1, max-image-preview:large, max-video-preview:-1\" \/>\n<link rel=\"canonical\" href=\"https:\/\/luchonoticias.com\/editor\/designada-consultura-para-tratar-situacion-del-atleico-huila\/\" \/>\n<meta property=\"og:locale\" content=\"es_ES\" \/>\n<meta property=\"og:type\" content=\"article\" \/>\n<meta property=\"og:title\" content=\"Designada consultura para tratar situaci\u00f3n del Atl\u00e9ico Huila -\" \/>\n<meta property=\"og:url\" content=\"https:\/\/luchonoticias.com\/editor\/designada-consultura-para-tratar-situacion-del-atleico-huila\/\" \/>\n<meta property=\"article:publisher\" content=\"https:\/\/www.facebook.com\/luchonoticiasneiva\" \/>\n<meta property=\"article:published_time\" content=\"2025-08-20T21:12:16+00:00\" \/>\n<meta property=\"article:modified_time\" content=\"2025-08-20T21:12:18+00:00\" \/>\n<meta property=\"og:image\" content=\"https:\/\/luchonoticias.com\/editor\/wp-content\/uploads\/2025\/08\/atletico-huila-carmen-s\u00b4nanchez.jpg\" \/>\n\t<meta property=\"og:image:width\" content=\"700\" \/>\n\t<meta property=\"og:image:height\" content=\"400\" \/>\n\t<meta property=\"og:image:type\" content=\"image\/jpeg\" \/>\n<meta name=\"author\" content=\"Editor General\" \/>\n<meta name=\"twitter:card\" content=\"summary_large_image\" \/>\n<meta name=\"twitter:label1\" content=\"Escrito por\" \/>\n\t<meta name=\"twitter:data1\" content=\"Editor General\" \/>\n\t<meta name=\"twitter:label2\" content=\"Tiempo de lectura\" \/>\n\t<meta name=\"twitter:data2\" content=\"2 minutos\" \/>\n<script type=\"application\/ld+json\" class=\"yoast-schema-graph\">{\"@context\":\"https:\/\/schema.org\",\"@graph\":[{\"@type\":\"Article\",\"@id\":\"https:\/\/luchonoticias.com\/editor\/designada-consultura-para-tratar-situacion-del-atleico-huila\/#article\",\"isPartOf\":{\"@id\":\"https:\/\/luchonoticias.com\/editor\/designada-consultura-para-tratar-situacion-del-atleico-huila\/\"},\"author\":{\"name\":\"Editor General\",\"@id\":\"https:\/\/luchonoticias.com\/editor\/#\/schema\/person\/29217990ddf6f14e35912b2866d591fb\"},\"headline\":\"Designada consultura para tratar situaci\u00f3n del Atl\u00e9ico Huila\",\"datePublished\":\"2025-08-20T21:12:16+00:00\",\"dateModified\":\"2025-08-20T21:12:18+00:00\",\"mainEntityOfPage\":{\"@id\":\"https:\/\/luchonoticias.com\/editor\/designada-consultura-para-tratar-situacion-del-atleico-huila\/\"},\"wordCount\":343,\"publisher\":{\"@id\":\"https:\/\/luchonoticias.com\/editor\/#\/schema\/person\/7a7fd911f58561fd056dbac7b55af9cd\"},\"image\":{\"@id\":\"https:\/\/luchonoticias.com\/editor\/designada-consultura-para-tratar-situacion-del-atleico-huila\/#primaryimage\"},\"thumbnailUrl\":\"https:\/\/luchonoticias.com\/editor\/wp-content\/uploads\/2025\/08\/atletico-huila-carmen-s\u00b4nanchez.jpg\",\"articleSection\":[\"Deportes\"],\"inLanguage\":\"es\"},{\"@type\":\"WebPage\",\"@id\":\"https:\/\/luchonoticias.com\/editor\/designada-consultura-para-tratar-situacion-del-atleico-huila\/\",\"url\":\"https:\/\/luchonoticias.com\/editor\/designada-consultura-para-tratar-situacion-del-atleico-huila\/\",\"name\":\"Designada consultura para tratar situaci\u00f3n del Atl\u00e9ico Huila -\",\"isPartOf\":{\"@id\":\"https:\/\/luchonoticias.com\/editor\/#website\"},\"primaryImageOfPage\":{\"@id\":\"https:\/\/luchonoticias.com\/editor\/designada-consultura-para-tratar-situacion-del-atleico-huila\/#primaryimage\"},\"image\":{\"@id\":\"https:\/\/luchonoticias.com\/editor\/designada-consultura-para-tratar-situacion-del-atleico-huila\/#primaryimage\"},\"thumbnailUrl\":\"https:\/\/luchonoticias.com\/editor\/wp-content\/uploads\/2025\/08\/atletico-huila-carmen-s\u00b4nanchez.jpg\",\"datePublished\":\"2025-08-20T21:12:16+00:00\",\"dateModified\":\"2025-08-20T21:12:18+00:00\",\"breadcrumb\":{\"@id\":\"https:\/\/luchonoticias.com\/editor\/designada-consultura-para-tratar-situacion-del-atleico-huila\/#breadcrumb\"},\"inLanguage\":\"es\",\"potentialAction\":[{\"@type\":\"ReadAction\",\"target\":[\"https:\/\/luchonoticias.com\/editor\/designada-consultura-para-tratar-situacion-del-atleico-huila\/\"]}]},{\"@type\":\"ImageObject\",\"inLanguage\":\"es\",\"@id\":\"https:\/\/luchonoticias.com\/editor\/designada-consultura-para-tratar-situacion-del-atleico-huila\/#primaryimage\",\"url\":\"https:\/\/luchonoticias.com\/editor\/wp-content\/uploads\/2025\/08\/atletico-huila-carmen-s\u00b4nanchez.jpg\",\"contentUrl\":\"https:\/\/luchonoticias.com\/editor\/wp-content\/uploads\/2025\/08\/atletico-huila-carmen-s\u00b4nanchez.jpg\",\"width\":700,\"height\":400},{\"@type\":\"BreadcrumbList\",\"@id\":\"https:\/\/luchonoticias.com\/editor\/designada-consultura-para-tratar-situacion-del-atleico-huila\/#breadcrumb\",\"itemListElement\":[{\"@type\":\"ListItem\",\"position\":1,\"name\":\"Portada\",\"item\":\"https:\/\/luchonoticias.com\/editor\/\"},{\"@type\":\"ListItem\",\"position\":2,\"name\":\"Designada consultura para tratar situaci\u00f3n del Atl\u00e9ico Huila\"}]},{\"@type\":\"WebSite\",\"@id\":\"https:\/\/luchonoticias.com\/editor\/#website\",\"url\":\"https:\/\/luchonoticias.com\/editor\/\",\"name\":\"\",\"description\":\"\",\"publisher\":{\"@id\":\"https:\/\/luchonoticias.com\/editor\/#\/schema\/person\/7a7fd911f58561fd056dbac7b55af9cd\"},\"potentialAction\":[{\"@type\":\"SearchAction\",\"target\":{\"@type\":\"EntryPoint\",\"urlTemplate\":\"https:\/\/luchonoticias.com\/editor\/?s={search_term_string}\"},\"query-input\":{\"@type\":\"PropertyValueSpecification\",\"valueRequired\":true,\"valueName\":\"search_term_string\"}}],\"inLanguage\":\"es\"},{\"@type\":[\"Person\",\"Organization\"],\"@id\":\"https:\/\/luchonoticias.com\/editor\/#\/schema\/person\/7a7fd911f58561fd056dbac7b55af9cd\",\"name\":\"admin\",\"image\":{\"@type\":\"ImageObject\",\"inLanguage\":\"es\",\"@id\":\"https:\/\/luchonoticias.com\/editor\/#\/schema\/person\/image\/\",\"url\":\"https:\/\/luchonoticias.com\/editor\/wp-content\/uploads\/2024\/02\/cropped-cropped-logolu.webp\",\"contentUrl\":\"https:\/\/luchonoticias.com\/editor\/wp-content\/uploads\/2024\/02\/cropped-cropped-logolu.webp\",\"width\":382,\"height\":170,\"caption\":\"admin\"},\"logo\":{\"@id\":\"https:\/\/luchonoticias.com\/editor\/#\/schema\/person\/image\/\"},\"sameAs\":[\"https:\/\/www.facebook.com\/luchonoticiasneiva\"]},{\"@type\":\"Person\",\"@id\":\"https:\/\/luchonoticias.com\/editor\/#\/schema\/person\/29217990ddf6f14e35912b2866d591fb\",\"name\":\"Editor General\",\"image\":{\"@type\":\"ImageObject\",\"inLanguage\":\"es\",\"@id\":\"https:\/\/luchonoticias.com\/editor\/#\/schema\/person\/image\/\",\"url\":\"https:\/\/luchonoticias.com\/editor\/wp-content\/uploads\/2024\/02\/cropped-cropped-logolu-150x150.webp\",\"contentUrl\":\"https:\/\/luchonoticias.com\/editor\/wp-content\/uploads\/2024\/02\/cropped-cropped-logolu-150x150.webp\",\"caption\":\"Editor General\"},\"sameAs\":[\"https:\/\/luchonoticias.com\/\"],\"url\":\"https:\/\/luchonoticias.com\/editor\/author\/editor-general\/\"}]}<\/script>\n<!-- \/ Yoast SEO plugin. -->","yoast_head_json":{"title":"Designada consultura para tratar situaci\u00f3n del Atl\u00e9ico Huila -","robots":{"index":"index","follow":"follow","max-snippet":"max-snippet:-1","max-image-preview":"max-image-preview:large","max-video-preview":"max-video-preview:-1"},"canonical":"https:\/\/luchonoticias.com\/editor\/designada-consultura-para-tratar-situacion-del-atleico-huila\/","og_locale":"es_ES","og_type":"article","og_title":"Designada consultura para tratar situaci\u00f3n del Atl\u00e9ico Huila -","og_url":"https:\/\/luchonoticias.com\/editor\/designada-consultura-para-tratar-situacion-del-atleico-huila\/","article_publisher":"https:\/\/www.facebook.com\/luchonoticiasneiva","article_published_time":"2025-08-20T21:12:16+00:00","article_modified_time":"2025-08-20T21:12:18+00:00","og_image":[{"width":700,"height":400,"url":"https:\/\/luchonoticias.com\/editor\/wp-content\/uploads\/2025\/08\/atletico-huila-carmen-s\u00b4nanchez.jpg","type":"image\/jpeg"}],"author":"Editor General","twitter_card":"summary_large_image","twitter_misc":{"Escrito por":"Editor General","Tiempo de lectura":"2 minutos"},"schema":{"@context":"https:\/\/schema.org","@graph":[{"@type":"Article","@id":"https:\/\/luchonoticias.com\/editor\/designada-consultura-para-tratar-situacion-del-atleico-huila\/#article","isPartOf":{"@id":"https:\/\/luchonoticias.com\/editor\/designada-consultura-para-tratar-situacion-del-atleico-huila\/"},"author":{"name":"Editor General","@id":"https:\/\/luchonoticias.com\/editor\/#\/schema\/person\/29217990ddf6f14e35912b2866d591fb"},"headline":"Designada consultura para tratar situaci\u00f3n del Atl\u00e9ico Huila","datePublished":"2025-08-20T21:12:16+00:00","dateModified":"2025-08-20T21:12:18+00:00","mainEntityOfPage":{"@id":"https:\/\/luchonoticias.com\/editor\/designada-consultura-para-tratar-situacion-del-atleico-huila\/"},"wordCount":343,"publisher":{"@id":"https:\/\/luchonoticias.com\/editor\/#\/schema\/person\/7a7fd911f58561fd056dbac7b55af9cd"},"image":{"@id":"https:\/\/luchonoticias.com\/editor\/designada-consultura-para-tratar-situacion-del-atleico-huila\/#primaryimage"},"thumbnailUrl":"https:\/\/luchonoticias.com\/editor\/wp-content\/uploads\/2025\/08\/atletico-huila-carmen-s\u00b4nanchez.jpg","articleSection":["Deportes"],"inLanguage":"es"},{"@type":"WebPage","@id":"https:\/\/luchonoticias.com\/editor\/designada-consultura-para-tratar-situacion-del-atleico-huila\/","url":"https:\/\/luchonoticias.com\/editor\/designada-consultura-para-tratar-situacion-del-atleico-huila\/","name":"Designada consultura para tratar situaci\u00f3n del Atl\u00e9ico Huila -","isPartOf":{"@id":"https:\/\/luchonoticias.com\/editor\/#website"},"primaryImageOfPage":{"@id":"https:\/\/luchonoticias.com\/editor\/designada-consultura-para-tratar-situacion-del-atleico-huila\/#primaryimage"},"image":{"@id":"https:\/\/luchonoticias.com\/editor\/designada-consultura-para-tratar-situacion-del-atleico-huila\/#primaryimage"},"thumbnailUrl":"https:\/\/luchonoticias.com\/editor\/wp-content\/uploads\/2025\/08\/atletico-huila-carmen-s\u00b4nanchez.jpg","datePublished":"2025-08-20T21:12:16+00:00","dateModified":"2025-08-20T21:12:18+00:00","breadcrumb":{"@id":"https:\/\/luchonoticias.com\/editor\/designada-consultura-para-tratar-situacion-del-atleico-huila\/#breadcrumb"},"inLanguage":"es","potentialAction":[{"@type":"ReadAction","target":["https:\/\/luchonoticias.com\/editor\/designada-consultura-para-tratar-situacion-del-atleico-huila\/"]}]},{"@type":"ImageObject","inLanguage":"es","@id":"https:\/\/luchonoticias.com\/editor\/designada-consultura-para-tratar-situacion-del-atleico-huila\/#primaryimage","url":"https:\/\/luchonoticias.com\/editor\/wp-content\/uploads\/2025\/08\/atletico-huila-carmen-s\u00b4nanchez.jpg","contentUrl":"https:\/\/luchonoticias.com\/editor\/wp-content\/uploads\/2025\/08\/atletico-huila-carmen-s\u00b4nanchez.jpg","width":700,"height":400},{"@type":"BreadcrumbList","@id":"https:\/\/luchonoticias.com\/editor\/designada-consultura-para-tratar-situacion-del-atleico-huila\/#breadcrumb","itemListElement":[{"@type":"ListItem","position":1,"name":"Portada","item":"https:\/\/luchonoticias.com\/editor\/"},{"@type":"ListItem","position":2,"name":"Designada consultura para tratar situaci\u00f3n del Atl\u00e9ico Huila"}]},{"@type":"WebSite","@id":"https:\/\/luchonoticias.com\/editor\/#website","url":"https:\/\/luchonoticias.com\/editor\/","name":"","description":"","publisher":{"@id":"https:\/\/luchonoticias.com\/editor\/#\/schema\/person\/7a7fd911f58561fd056dbac7b55af9cd"},"potentialAction":[{"@type":"SearchAction","target":{"@type":"EntryPoint","urlTemplate":"https:\/\/luchonoticias.com\/editor\/?s={search_term_string}"},"query-input":{"@type":"PropertyValueSpecification","valueRequired":true,"valueName":"search_term_string"}}],"inLanguage":"es"},{"@type":["Person","Organization"],"@id":"https:\/\/luchonoticias.com\/editor\/#\/schema\/person\/7a7fd911f58561fd056dbac7b55af9cd","name":"admin","image":{"@type":"ImageObject","inLanguage":"es","@id":"https:\/\/luchonoticias.com\/editor\/#\/schema\/person\/image\/","url":"https:\/\/luchonoticias.com\/editor\/wp-content\/uploads\/2024\/02\/cropped-cropped-logolu.webp","contentUrl":"https:\/\/luchonoticias.com\/editor\/wp-content\/uploads\/2024\/02\/cropped-cropped-logolu.webp","width":382,"height":170,"caption":"admin"},"logo":{"@id":"https:\/\/luchonoticias.com\/editor\/#\/schema\/person\/image\/"},"sameAs":["https:\/\/www.facebook.com\/luchonoticiasneiva"]},{"@type":"Person","@id":"https:\/\/luchonoticias.com\/editor\/#\/schema\/person\/29217990ddf6f14e35912b2866d591fb","name":"Editor General","image":{"@type":"ImageObject","inLanguage":"es","@id":"https:\/\/luchonoticias.com\/editor\/#\/schema\/person\/image\/","url":"https:\/\/luchonoticias.com\/editor\/wp-content\/uploads\/2024\/02\/cropped-cropped-logolu-150x150.webp","contentUrl":"https:\/\/luchonoticias.com\/editor\/wp-content\/uploads\/2024\/02\/cropped-cropped-logolu-150x150.webp","caption":"Editor General"},"sameAs":["https:\/\/luchonoticias.com\/"],"url":"https:\/\/luchonoticias.com\/editor\/author\/editor-general\/"}]}},"_links":{"self":[{"href":"https:\/\/luchonoticias.com\/editor\/wp-json\/wp\/v2\/posts\/86954","targetHints":{"allow":["GET"]}}],"collection":[{"href":"https:\/\/luchonoticias.com\/editor\/wp-json\/wp\/v2\/posts"}],"about":[{"href":"https:\/\/luchonoticias.com\/editor\/wp-json\/wp\/v2\/types\/post"}],"author":[{"embeddable":true,"href":"https:\/\/luchonoticias.com\/editor\/wp-json\/wp\/v2\/users\/2"}],"replies":[{"embeddable":true,"href":"https:\/\/luchonoticias.com\/editor\/wp-json\/wp\/v2\/comments?post=86954"}],"version-history":[{"count":1,"href":"https:\/\/luchonoticias.com\/editor\/wp-json\/wp\/v2\/posts\/86954\/revisions"}],"predecessor-version":[{"id":86956,"href":"https:\/\/luchonoticias.com\/editor\/wp-json\/wp\/v2\/posts\/86954\/revisions\/86956"}],"wp:featuredmedia":[{"embeddable":true,"href":"https:\/\/luchonoticias.com\/editor\/wp-json\/wp\/v2\/media\/86955"}],"wp:attachment":[{"href":"https:\/\/luchonoticias.com\/editor\/wp-json\/wp\/v2\/media?parent=86954"}],"wp:term":[{"taxonomy":"category","embeddable":true,"href":"https:\/\/luchonoticias.com\/editor\/wp-json\/wp\/v2\/categories?post=86954"},{"taxonomy":"post_tag","embeddable":true,"href":"https:\/\/luchonoticias.com\/editor\/wp-json\/wp\/v2\/tags?post=86954"}],"curies":[{"name":"wp","href":"https:\/\/api.w.org\/{rel}","templated":true}]}}