{"id":87053,"date":"2025-08-22T10:00:14","date_gmt":"2025-08-22T15:00:14","guid":{"rendered":"https:\/\/luchonoticias.com\/?p=87053"},"modified":"2025-08-22T10:00:16","modified_gmt":"2025-08-22T15:00:16","slug":"danos-materiales-tras-explosion-en-florencia","status":"publish","type":"post","link":"https:\/\/luchonoticias.com\/editor\/danos-materiales-tras-explosion-en-florencia\/","title":{"rendered":"Da\u00f1os materiales tras explosi\u00f3n en Florencia"},"content":{"rendered":"\n<p>En la madrugada de este viernes un artefacto explosivo de baja intensidad estall\u00f3 en el municipio de Florencia. Aunque no se registraron personas heridas ni v\u00edctimas fatales, s\u00ed hubo afectaciones materiales en varios establecimientos, especialmente en una droguer\u00eda ubicada en la zona del estallido.<\/p>\n\n\n\n<p>El comandante de la Polic\u00eda en Caquet\u00e1, coronel C\u00e9sar Pinz\u00f3n, inform\u00f3 que ya se activaron los mecanismos de coordinaci\u00f3n con las autoridades locales y se convocar\u00e1n consejos de seguridad con la participaci\u00f3n de la Fuerza P\u00fablica, la Procuradur\u00eda, la Defensor\u00eda del Pueblo y otros entes de control para evaluar la situaci\u00f3n y adoptar medidas preventivas.<\/p>\n\n\n\n<p>La instituci\u00f3n adelanta labores de inteligencia, recolecci\u00f3n de informaci\u00f3n y acciones judiciales para dar con los responsables. Adem\u00e1s, se intensificaron los controles en ejes viales, registros a personas y operativos de identificaci\u00f3n, con el apoyo de unidades especializadas como GOES y patrullas motorizadas.<\/p>\n\n\n\n<p>De manera complementaria, se fortalecer\u00e1n las medidas de seguridad en instalaciones estrat\u00e9gicas como la Gobernaci\u00f3n del Caquet\u00e1, la Alcald\u00eda de Florencia y las estaciones de Polic\u00eda, implementando controles de acceso y vigilancia perimetral.<\/p>\n\n\n\n<p>Las autoridades reiteraron su compromiso de salvaguardar la seguridad de la poblaci\u00f3n y de la Fuerza P\u00fablica en el departamento, al tiempo que llamaron a la ciudadan\u00eda a mantener la calma y colaborar con informaci\u00f3n que permita prevenir nuevas acciones criminales.<\/p>\n","protected":false},"excerpt":{"rendered":"<p>En la madrugada de este viernes un artefacto explosivo de baja intensidad estall\u00f3 en el municipio de Florencia. Aunque no se registraron personas heridas ni v\u00edctimas fatales, s\u00ed hubo afectaciones materiales en varios establecimientos, especialmente en una droguer\u00eda ubicada en la zona del estallido. El comandante de la Polic\u00eda en Caquet\u00e1, coronel C\u00e9sar Pinz\u00f3n, inform\u00f3 [&hellip;]<\/p>\n","protected":false},"author":2,"featured_media":87054,"comment_status":"closed","ping_status":"open","sticky":false,"template":"","format":"standard","meta":{"footnotes":""},"categories":[28,32],"tags":[],"class_list":["post-87053","post","type-post","status-publish","format-standard","has-post-thumbnail","hentry","category-actualidad","category-nacional"],"yoast_head":"<!-- This site is optimized with the Yoast SEO plugin v26.6 - https:\/\/yoast.com\/wordpress\/plugins\/seo\/ -->\n<title>Da\u00f1os materiales tras explosi\u00f3n en Florencia -<\/title>\n<meta name=\"robots\" content=\"index, follow, max-snippet:-1, max-image-preview:large, max-video-preview:-1\" \/>\n<link rel=\"canonical\" href=\"https:\/\/luchonoticias.com\/editor\/danos-materiales-tras-explosion-en-florencia\/\" \/>\n<meta property=\"og:locale\" content=\"es_ES\" \/>\n<meta property=\"og:type\" content=\"article\" \/>\n<meta property=\"og:title\" content=\"Da\u00f1os materiales tras explosi\u00f3n en Florencia -\" \/>\n<meta property=\"og:url\" content=\"https:\/\/luchonoticias.com\/editor\/danos-materiales-tras-explosion-en-florencia\/\" \/>\n<meta property=\"article:publisher\" content=\"https:\/\/www.facebook.com\/luchonoticiasneiva\" \/>\n<meta property=\"article:published_time\" content=\"2025-08-22T15:00:14+00:00\" \/>\n<meta property=\"article:modified_time\" content=\"2025-08-22T15:00:16+00:00\" \/>\n<meta property=\"og:image\" content=\"https:\/\/luchonoticias.com\/editor\/wp-content\/uploads\/2025\/08\/explosion.jpg\" \/>\n\t<meta property=\"og:image:width\" content=\"700\" \/>\n\t<meta property=\"og:image:height\" content=\"400\" \/>\n\t<meta property=\"og:image:type\" content=\"image\/jpeg\" \/>\n<meta name=\"author\" content=\"Editor General\" \/>\n<meta name=\"twitter:card\" content=\"summary_large_image\" \/>\n<meta name=\"twitter:label1\" content=\"Escrito por\" \/>\n\t<meta name=\"twitter:data1\" content=\"Editor General\" \/>\n\t<meta name=\"twitter:label2\" content=\"Tiempo de lectura\" \/>\n\t<meta name=\"twitter:data2\" content=\"2 minutos\" \/>\n<script type=\"application\/ld+json\" class=\"yoast-schema-graph\">{\"@context\":\"https:\/\/schema.org\",\"@graph\":[{\"@type\":\"Article\",\"@id\":\"https:\/\/luchonoticias.com\/editor\/danos-materiales-tras-explosion-en-florencia\/#article\",\"isPartOf\":{\"@id\":\"https:\/\/luchonoticias.com\/editor\/danos-materiales-tras-explosion-en-florencia\/\"},\"author\":{\"name\":\"Editor General\",\"@id\":\"https:\/\/luchonoticias.com\/editor\/#\/schema\/person\/29217990ddf6f14e35912b2866d591fb\"},\"headline\":\"Da\u00f1os materiales tras explosi\u00f3n en Florencia\",\"datePublished\":\"2025-08-22T15:00:14+00:00\",\"dateModified\":\"2025-08-22T15:00:16+00:00\",\"mainEntityOfPage\":{\"@id\":\"https:\/\/luchonoticias.com\/editor\/danos-materiales-tras-explosion-en-florencia\/\"},\"wordCount\":250,\"publisher\":{\"@id\":\"https:\/\/luchonoticias.com\/editor\/#\/schema\/person\/7a7fd911f58561fd056dbac7b55af9cd\"},\"image\":{\"@id\":\"https:\/\/luchonoticias.com\/editor\/danos-materiales-tras-explosion-en-florencia\/#primaryimage\"},\"thumbnailUrl\":\"https:\/\/luchonoticias.com\/editor\/wp-content\/uploads\/2025\/08\/explosion.jpg\",\"articleSection\":[\"Actualidad\",\"Nacional\"],\"inLanguage\":\"es\"},{\"@type\":\"WebPage\",\"@id\":\"https:\/\/luchonoticias.com\/editor\/danos-materiales-tras-explosion-en-florencia\/\",\"url\":\"https:\/\/luchonoticias.com\/editor\/danos-materiales-tras-explosion-en-florencia\/\",\"name\":\"Da\u00f1os materiales tras explosi\u00f3n en Florencia -\",\"isPartOf\":{\"@id\":\"https:\/\/luchonoticias.com\/editor\/#website\"},\"primaryImageOfPage\":{\"@id\":\"https:\/\/luchonoticias.com\/editor\/danos-materiales-tras-explosion-en-florencia\/#primaryimage\"},\"image\":{\"@id\":\"https:\/\/luchonoticias.com\/editor\/danos-materiales-tras-explosion-en-florencia\/#primaryimage\"},\"thumbnailUrl\":\"https:\/\/luchonoticias.com\/editor\/wp-content\/uploads\/2025\/08\/explosion.jpg\",\"datePublished\":\"2025-08-22T15:00:14+00:00\",\"dateModified\":\"2025-08-22T15:00:16+00:00\",\"breadcrumb\":{\"@id\":\"https:\/\/luchonoticias.com\/editor\/danos-materiales-tras-explosion-en-florencia\/#breadcrumb\"},\"inLanguage\":\"es\",\"potentialAction\":[{\"@type\":\"ReadAction\",\"target\":[\"https:\/\/luchonoticias.com\/editor\/danos-materiales-tras-explosion-en-florencia\/\"]}]},{\"@type\":\"ImageObject\",\"inLanguage\":\"es\",\"@id\":\"https:\/\/luchonoticias.com\/editor\/danos-materiales-tras-explosion-en-florencia\/#primaryimage\",\"url\":\"https:\/\/luchonoticias.com\/editor\/wp-content\/uploads\/2025\/08\/explosion.jpg\",\"contentUrl\":\"https:\/\/luchonoticias.com\/editor\/wp-content\/uploads\/2025\/08\/explosion.jpg\",\"width\":700,\"height\":400},{\"@type\":\"BreadcrumbList\",\"@id\":\"https:\/\/luchonoticias.com\/editor\/danos-materiales-tras-explosion-en-florencia\/#breadcrumb\",\"itemListElement\":[{\"@type\":\"ListItem\",\"position\":1,\"name\":\"Portada\",\"item\":\"https:\/\/luchonoticias.com\/editor\/\"},{\"@type\":\"ListItem\",\"position\":2,\"name\":\"Da\u00f1os materiales tras explosi\u00f3n en Florencia\"}]},{\"@type\":\"WebSite\",\"@id\":\"https:\/\/luchonoticias.com\/editor\/#website\",\"url\":\"https:\/\/luchonoticias.com\/editor\/\",\"name\":\"\",\"description\":\"\",\"publisher\":{\"@id\":\"https:\/\/luchonoticias.com\/editor\/#\/schema\/person\/7a7fd911f58561fd056dbac7b55af9cd\"},\"potentialAction\":[{\"@type\":\"SearchAction\",\"target\":{\"@type\":\"EntryPoint\",\"urlTemplate\":\"https:\/\/luchonoticias.com\/editor\/?s={search_term_string}\"},\"query-input\":{\"@type\":\"PropertyValueSpecification\",\"valueRequired\":true,\"valueName\":\"search_term_string\"}}],\"inLanguage\":\"es\"},{\"@type\":[\"Person\",\"Organization\"],\"@id\":\"https:\/\/luchonoticias.com\/editor\/#\/schema\/person\/7a7fd911f58561fd056dbac7b55af9cd\",\"name\":\"admin\",\"image\":{\"@type\":\"ImageObject\",\"inLanguage\":\"es\",\"@id\":\"https:\/\/luchonoticias.com\/editor\/#\/schema\/person\/image\/\",\"url\":\"https:\/\/luchonoticias.com\/editor\/wp-content\/uploads\/2024\/02\/cropped-cropped-logolu.webp\",\"contentUrl\":\"https:\/\/luchonoticias.com\/editor\/wp-content\/uploads\/2024\/02\/cropped-cropped-logolu.webp\",\"width\":382,\"height\":170,\"caption\":\"admin\"},\"logo\":{\"@id\":\"https:\/\/luchonoticias.com\/editor\/#\/schema\/person\/image\/\"},\"sameAs\":[\"https:\/\/www.facebook.com\/luchonoticiasneiva\"]},{\"@type\":\"Person\",\"@id\":\"https:\/\/luchonoticias.com\/editor\/#\/schema\/person\/29217990ddf6f14e35912b2866d591fb\",\"name\":\"Editor General\",\"image\":{\"@type\":\"ImageObject\",\"inLanguage\":\"es\",\"@id\":\"https:\/\/luchonoticias.com\/editor\/#\/schema\/person\/image\/\",\"url\":\"https:\/\/luchonoticias.com\/editor\/wp-content\/uploads\/2024\/02\/cropped-cropped-logolu-150x150.webp\",\"contentUrl\":\"https:\/\/luchonoticias.com\/editor\/wp-content\/uploads\/2024\/02\/cropped-cropped-logolu-150x150.webp\",\"caption\":\"Editor General\"},\"sameAs\":[\"https:\/\/luchonoticias.com\/\"],\"url\":\"https:\/\/luchonoticias.com\/editor\/author\/editor-general\/\"}]}<\/script>\n<!-- \/ Yoast SEO plugin. -->","yoast_head_json":{"title":"Da\u00f1os materiales tras explosi\u00f3n en Florencia -","robots":{"index":"index","follow":"follow","max-snippet":"max-snippet:-1","max-image-preview":"max-image-preview:large","max-video-preview":"max-video-preview:-1"},"canonical":"https:\/\/luchonoticias.com\/editor\/danos-materiales-tras-explosion-en-florencia\/","og_locale":"es_ES","og_type":"article","og_title":"Da\u00f1os materiales tras explosi\u00f3n en Florencia -","og_url":"https:\/\/luchonoticias.com\/editor\/danos-materiales-tras-explosion-en-florencia\/","article_publisher":"https:\/\/www.facebook.com\/luchonoticiasneiva","article_published_time":"2025-08-22T15:00:14+00:00","article_modified_time":"2025-08-22T15:00:16+00:00","og_image":[{"width":700,"height":400,"url":"https:\/\/luchonoticias.com\/editor\/wp-content\/uploads\/2025\/08\/explosion.jpg","type":"image\/jpeg"}],"author":"Editor General","twitter_card":"summary_large_image","twitter_misc":{"Escrito por":"Editor General","Tiempo de lectura":"2 minutos"},"schema":{"@context":"https:\/\/schema.org","@graph":[{"@type":"Article","@id":"https:\/\/luchonoticias.com\/editor\/danos-materiales-tras-explosion-en-florencia\/#article","isPartOf":{"@id":"https:\/\/luchonoticias.com\/editor\/danos-materiales-tras-explosion-en-florencia\/"},"author":{"name":"Editor General","@id":"https:\/\/luchonoticias.com\/editor\/#\/schema\/person\/29217990ddf6f14e35912b2866d591fb"},"headline":"Da\u00f1os materiales tras explosi\u00f3n en Florencia","datePublished":"2025-08-22T15:00:14+00:00","dateModified":"2025-08-22T15:00:16+00:00","mainEntityOfPage":{"@id":"https:\/\/luchonoticias.com\/editor\/danos-materiales-tras-explosion-en-florencia\/"},"wordCount":250,"publisher":{"@id":"https:\/\/luchonoticias.com\/editor\/#\/schema\/person\/7a7fd911f58561fd056dbac7b55af9cd"},"image":{"@id":"https:\/\/luchonoticias.com\/editor\/danos-materiales-tras-explosion-en-florencia\/#primaryimage"},"thumbnailUrl":"https:\/\/luchonoticias.com\/editor\/wp-content\/uploads\/2025\/08\/explosion.jpg","articleSection":["Actualidad","Nacional"],"inLanguage":"es"},{"@type":"WebPage","@id":"https:\/\/luchonoticias.com\/editor\/danos-materiales-tras-explosion-en-florencia\/","url":"https:\/\/luchonoticias.com\/editor\/danos-materiales-tras-explosion-en-florencia\/","name":"Da\u00f1os materiales tras explosi\u00f3n en Florencia -","isPartOf":{"@id":"https:\/\/luchonoticias.com\/editor\/#website"},"primaryImageOfPage":{"@id":"https:\/\/luchonoticias.com\/editor\/danos-materiales-tras-explosion-en-florencia\/#primaryimage"},"image":{"@id":"https:\/\/luchonoticias.com\/editor\/danos-materiales-tras-explosion-en-florencia\/#primaryimage"},"thumbnailUrl":"https:\/\/luchonoticias.com\/editor\/wp-content\/uploads\/2025\/08\/explosion.jpg","datePublished":"2025-08-22T15:00:14+00:00","dateModified":"2025-08-22T15:00:16+00:00","breadcrumb":{"@id":"https:\/\/luchonoticias.com\/editor\/danos-materiales-tras-explosion-en-florencia\/#breadcrumb"},"inLanguage":"es","potentialAction":[{"@type":"ReadAction","target":["https:\/\/luchonoticias.com\/editor\/danos-materiales-tras-explosion-en-florencia\/"]}]},{"@type":"ImageObject","inLanguage":"es","@id":"https:\/\/luchonoticias.com\/editor\/danos-materiales-tras-explosion-en-florencia\/#primaryimage","url":"https:\/\/luchonoticias.com\/editor\/wp-content\/uploads\/2025\/08\/explosion.jpg","contentUrl":"https:\/\/luchonoticias.com\/editor\/wp-content\/uploads\/2025\/08\/explosion.jpg","width":700,"height":400},{"@type":"BreadcrumbList","@id":"https:\/\/luchonoticias.com\/editor\/danos-materiales-tras-explosion-en-florencia\/#breadcrumb","itemListElement":[{"@type":"ListItem","position":1,"name":"Portada","item":"https:\/\/luchonoticias.com\/editor\/"},{"@type":"ListItem","position":2,"name":"Da\u00f1os materiales tras explosi\u00f3n en Florencia"}]},{"@type":"WebSite","@id":"https:\/\/luchonoticias.com\/editor\/#website","url":"https:\/\/luchonoticias.com\/editor\/","name":"","description":"","publisher":{"@id":"https:\/\/luchonoticias.com\/editor\/#\/schema\/person\/7a7fd911f58561fd056dbac7b55af9cd"},"potentialAction":[{"@type":"SearchAction","target":{"@type":"EntryPoint","urlTemplate":"https:\/\/luchonoticias.com\/editor\/?s={search_term_string}"},"query-input":{"@type":"PropertyValueSpecification","valueRequired":true,"valueName":"search_term_string"}}],"inLanguage":"es"},{"@type":["Person","Organization"],"@id":"https:\/\/luchonoticias.com\/editor\/#\/schema\/person\/7a7fd911f58561fd056dbac7b55af9cd","name":"admin","image":{"@type":"ImageObject","inLanguage":"es","@id":"https:\/\/luchonoticias.com\/editor\/#\/schema\/person\/image\/","url":"https:\/\/luchonoticias.com\/editor\/wp-content\/uploads\/2024\/02\/cropped-cropped-logolu.webp","contentUrl":"https:\/\/luchonoticias.com\/editor\/wp-content\/uploads\/2024\/02\/cropped-cropped-logolu.webp","width":382,"height":170,"caption":"admin"},"logo":{"@id":"https:\/\/luchonoticias.com\/editor\/#\/schema\/person\/image\/"},"sameAs":["https:\/\/www.facebook.com\/luchonoticiasneiva"]},{"@type":"Person","@id":"https:\/\/luchonoticias.com\/editor\/#\/schema\/person\/29217990ddf6f14e35912b2866d591fb","name":"Editor General","image":{"@type":"ImageObject","inLanguage":"es","@id":"https:\/\/luchonoticias.com\/editor\/#\/schema\/person\/image\/","url":"https:\/\/luchonoticias.com\/editor\/wp-content\/uploads\/2024\/02\/cropped-cropped-logolu-150x150.webp","contentUrl":"https:\/\/luchonoticias.com\/editor\/wp-content\/uploads\/2024\/02\/cropped-cropped-logolu-150x150.webp","caption":"Editor General"},"sameAs":["https:\/\/luchonoticias.com\/"],"url":"https:\/\/luchonoticias.com\/editor\/author\/editor-general\/"}]}},"_links":{"self":[{"href":"https:\/\/luchonoticias.com\/editor\/wp-json\/wp\/v2\/posts\/87053","targetHints":{"allow":["GET"]}}],"collection":[{"href":"https:\/\/luchonoticias.com\/editor\/wp-json\/wp\/v2\/posts"}],"about":[{"href":"https:\/\/luchonoticias.com\/editor\/wp-json\/wp\/v2\/types\/post"}],"author":[{"embeddable":true,"href":"https:\/\/luchonoticias.com\/editor\/wp-json\/wp\/v2\/users\/2"}],"replies":[{"embeddable":true,"href":"https:\/\/luchonoticias.com\/editor\/wp-json\/wp\/v2\/comments?post=87053"}],"version-history":[{"count":1,"href":"https:\/\/luchonoticias.com\/editor\/wp-json\/wp\/v2\/posts\/87053\/revisions"}],"predecessor-version":[{"id":87055,"href":"https:\/\/luchonoticias.com\/editor\/wp-json\/wp\/v2\/posts\/87053\/revisions\/87055"}],"wp:featuredmedia":[{"embeddable":true,"href":"https:\/\/luchonoticias.com\/editor\/wp-json\/wp\/v2\/media\/87054"}],"wp:attachment":[{"href":"https:\/\/luchonoticias.com\/editor\/wp-json\/wp\/v2\/media?parent=87053"}],"wp:term":[{"taxonomy":"category","embeddable":true,"href":"https:\/\/luchonoticias.com\/editor\/wp-json\/wp\/v2\/categories?post=87053"},{"taxonomy":"post_tag","embeddable":true,"href":"https:\/\/luchonoticias.com\/editor\/wp-json\/wp\/v2\/tags?post=87053"}],"curies":[{"name":"wp","href":"https:\/\/api.w.org\/{rel}","templated":true}]}}