{"id":87490,"date":"2025-09-02T03:55:16","date_gmt":"2025-09-02T08:55:16","guid":{"rendered":"https:\/\/luchonoticias.com\/?p=87490"},"modified":"2025-09-02T03:55:18","modified_gmt":"2025-09-02T08:55:18","slug":"habilitados-400-nuevos-puestos-para-las-elecciones-de-2026","status":"publish","type":"post","link":"https:\/\/luchonoticias.com\/editor\/habilitados-400-nuevos-puestos-para-las-elecciones-de-2026\/","title":{"rendered":"Habilitados 400 nuevos puestos para las elecciones de 2026"},"content":{"rendered":"\n<p>La Registradur\u00eda Nacional del Estado Civil habilit\u00f3 cerca de 400 nuevos puntos en todo el pa\u00eds para que los ciudadanos que cambiaron de residencia puedan inscribir sus c\u00e9dulas de cara a las elecciones de 2026. Este proceso estar\u00e1 disponible desde el 1 de septiembre de 2025 hasta el 31 de marzo de 2026 y se suma a los tr\u00e1mites que ya se realizan en las sedes de la entidad.<\/p>\n\n\n\n<p>Los puestos estar\u00e1n ubicados en zonas estrat\u00e9gicas como centros comerciales y lugares de alta concurrencia en ciudades capitales e intermedias. Los horarios de atenci\u00f3n variar\u00e1n seg\u00fan el punto: de lunes a s\u00e1bado, de 8:00 a. m. a 5:00 p. m., o de 11:00 a. m. a 8:00 p. m.<\/p>\n\n\n\n<p>Para inscribirse, los ciudadanos deber\u00e1n presentar su c\u00e9dula amarilla con hologramas o la c\u00e9dula digital, ya sea en formato f\u00edsico o desde el dispositivo m\u00f3vil. El tr\u00e1mite es obligatorio \u00fanicamente para quienes cambiaron de lugar de residencia, regresaron de manera permanente al pa\u00eds o tienen c\u00e9dulas expedidas antes de 1988 que a\u00fan no est\u00e9n en el censo electoral.<\/p>\n\n\n\n<p>Las fechas clave del calendario establecen que el 8 de enero de 2026 ser\u00e1 el cierre de inscripciones para las elecciones de Congreso, mientras que el 31 de marzo finalizar\u00e1 el plazo para inscribirse en las presidenciales. Los cambios quedar\u00e1n reflejados en el censo electoral desde el 8 de febrero para las legislativas y despu\u00e9s del 30 de abril para las presidenciales.<\/p>\n\n\n\n<p>Adicionalmente, la Registradur\u00eda implementar\u00e1 campa\u00f1as m\u00f3viles de inscripci\u00f3n y jornadas en los puestos de votaci\u00f3n, incluidas las Circunscripciones Transitorias Especiales de Paz (CITREP). Con estas estrategias, la entidad busca facilitar el acceso, reducir desplazamientos y fomentar la participaci\u00f3n ciudadana, fortaleciendo as\u00ed la democracia y reduciendo el abstencionismo.<\/p>\n","protected":false},"excerpt":{"rendered":"<p>La Registradur\u00eda Nacional del Estado Civil habilit\u00f3 cerca de 400 nuevos puntos en todo el pa\u00eds para que los ciudadanos que cambiaron de residencia puedan inscribir sus c\u00e9dulas de cara a las elecciones de 2026. Este proceso estar\u00e1 disponible desde el 1 de septiembre de 2025 hasta el 31 de marzo de 2026 y se [&hellip;]<\/p>\n","protected":false},"author":2,"featured_media":87491,"comment_status":"closed","ping_status":"open","sticky":false,"template":"","format":"standard","meta":{"footnotes":""},"categories":[28,32],"tags":[],"class_list":["post-87490","post","type-post","status-publish","format-standard","has-post-thumbnail","hentry","category-actualidad","category-nacional"],"yoast_head":"<!-- This site is optimized with the Yoast SEO plugin v26.6 - https:\/\/yoast.com\/wordpress\/plugins\/seo\/ -->\n<title>Habilitados 400 nuevos puestos para las elecciones de 2026 -<\/title>\n<meta name=\"robots\" content=\"index, follow, max-snippet:-1, max-image-preview:large, max-video-preview:-1\" \/>\n<link rel=\"canonical\" href=\"https:\/\/luchonoticias.com\/editor\/habilitados-400-nuevos-puestos-para-las-elecciones-de-2026\/\" \/>\n<meta property=\"og:locale\" content=\"es_ES\" \/>\n<meta property=\"og:type\" content=\"article\" \/>\n<meta property=\"og:title\" content=\"Habilitados 400 nuevos puestos para las elecciones de 2026 -\" \/>\n<meta property=\"og:url\" content=\"https:\/\/luchonoticias.com\/editor\/habilitados-400-nuevos-puestos-para-las-elecciones-de-2026\/\" \/>\n<meta property=\"article:publisher\" content=\"https:\/\/www.facebook.com\/luchonoticiasneiva\" \/>\n<meta property=\"article:published_time\" content=\"2025-09-02T08:55:16+00:00\" \/>\n<meta property=\"article:modified_time\" content=\"2025-09-02T08:55:18+00:00\" \/>\n<meta property=\"og:image\" content=\"https:\/\/luchonoticias.com\/editor\/wp-content\/uploads\/2025\/09\/elecciones.jpg\" \/>\n\t<meta property=\"og:image:width\" content=\"700\" \/>\n\t<meta property=\"og:image:height\" content=\"400\" \/>\n\t<meta property=\"og:image:type\" content=\"image\/jpeg\" \/>\n<meta name=\"author\" content=\"Editor General\" \/>\n<meta name=\"twitter:card\" content=\"summary_large_image\" \/>\n<meta name=\"twitter:label1\" content=\"Escrito por\" \/>\n\t<meta name=\"twitter:data1\" content=\"Editor General\" \/>\n\t<meta name=\"twitter:label2\" content=\"Tiempo de lectura\" \/>\n\t<meta name=\"twitter:data2\" content=\"2 minutos\" \/>\n<script type=\"application\/ld+json\" class=\"yoast-schema-graph\">{\"@context\":\"https:\/\/schema.org\",\"@graph\":[{\"@type\":\"Article\",\"@id\":\"https:\/\/luchonoticias.com\/editor\/habilitados-400-nuevos-puestos-para-las-elecciones-de-2026\/#article\",\"isPartOf\":{\"@id\":\"https:\/\/luchonoticias.com\/editor\/habilitados-400-nuevos-puestos-para-las-elecciones-de-2026\/\"},\"author\":{\"name\":\"Editor General\",\"@id\":\"https:\/\/luchonoticias.com\/editor\/#\/schema\/person\/29217990ddf6f14e35912b2866d591fb\"},\"headline\":\"Habilitados 400 nuevos puestos para las elecciones de 2026\",\"datePublished\":\"2025-09-02T08:55:16+00:00\",\"dateModified\":\"2025-09-02T08:55:18+00:00\",\"mainEntityOfPage\":{\"@id\":\"https:\/\/luchonoticias.com\/editor\/habilitados-400-nuevos-puestos-para-las-elecciones-de-2026\/\"},\"wordCount\":304,\"publisher\":{\"@id\":\"https:\/\/luchonoticias.com\/editor\/#\/schema\/person\/7a7fd911f58561fd056dbac7b55af9cd\"},\"image\":{\"@id\":\"https:\/\/luchonoticias.com\/editor\/habilitados-400-nuevos-puestos-para-las-elecciones-de-2026\/#primaryimage\"},\"thumbnailUrl\":\"https:\/\/luchonoticias.com\/editor\/wp-content\/uploads\/2025\/09\/elecciones.jpg\",\"articleSection\":[\"Actualidad\",\"Nacional\"],\"inLanguage\":\"es\"},{\"@type\":\"WebPage\",\"@id\":\"https:\/\/luchonoticias.com\/editor\/habilitados-400-nuevos-puestos-para-las-elecciones-de-2026\/\",\"url\":\"https:\/\/luchonoticias.com\/editor\/habilitados-400-nuevos-puestos-para-las-elecciones-de-2026\/\",\"name\":\"Habilitados 400 nuevos puestos para las elecciones de 2026 -\",\"isPartOf\":{\"@id\":\"https:\/\/luchonoticias.com\/editor\/#website\"},\"primaryImageOfPage\":{\"@id\":\"https:\/\/luchonoticias.com\/editor\/habilitados-400-nuevos-puestos-para-las-elecciones-de-2026\/#primaryimage\"},\"image\":{\"@id\":\"https:\/\/luchonoticias.com\/editor\/habilitados-400-nuevos-puestos-para-las-elecciones-de-2026\/#primaryimage\"},\"thumbnailUrl\":\"https:\/\/luchonoticias.com\/editor\/wp-content\/uploads\/2025\/09\/elecciones.jpg\",\"datePublished\":\"2025-09-02T08:55:16+00:00\",\"dateModified\":\"2025-09-02T08:55:18+00:00\",\"breadcrumb\":{\"@id\":\"https:\/\/luchonoticias.com\/editor\/habilitados-400-nuevos-puestos-para-las-elecciones-de-2026\/#breadcrumb\"},\"inLanguage\":\"es\",\"potentialAction\":[{\"@type\":\"ReadAction\",\"target\":[\"https:\/\/luchonoticias.com\/editor\/habilitados-400-nuevos-puestos-para-las-elecciones-de-2026\/\"]}]},{\"@type\":\"ImageObject\",\"inLanguage\":\"es\",\"@id\":\"https:\/\/luchonoticias.com\/editor\/habilitados-400-nuevos-puestos-para-las-elecciones-de-2026\/#primaryimage\",\"url\":\"https:\/\/luchonoticias.com\/editor\/wp-content\/uploads\/2025\/09\/elecciones.jpg\",\"contentUrl\":\"https:\/\/luchonoticias.com\/editor\/wp-content\/uploads\/2025\/09\/elecciones.jpg\",\"width\":700,\"height\":400},{\"@type\":\"BreadcrumbList\",\"@id\":\"https:\/\/luchonoticias.com\/editor\/habilitados-400-nuevos-puestos-para-las-elecciones-de-2026\/#breadcrumb\",\"itemListElement\":[{\"@type\":\"ListItem\",\"position\":1,\"name\":\"Portada\",\"item\":\"https:\/\/luchonoticias.com\/editor\/\"},{\"@type\":\"ListItem\",\"position\":2,\"name\":\"Habilitados 400 nuevos puestos para las elecciones de 2026\"}]},{\"@type\":\"WebSite\",\"@id\":\"https:\/\/luchonoticias.com\/editor\/#website\",\"url\":\"https:\/\/luchonoticias.com\/editor\/\",\"name\":\"\",\"description\":\"\",\"publisher\":{\"@id\":\"https:\/\/luchonoticias.com\/editor\/#\/schema\/person\/7a7fd911f58561fd056dbac7b55af9cd\"},\"potentialAction\":[{\"@type\":\"SearchAction\",\"target\":{\"@type\":\"EntryPoint\",\"urlTemplate\":\"https:\/\/luchonoticias.com\/editor\/?s={search_term_string}\"},\"query-input\":{\"@type\":\"PropertyValueSpecification\",\"valueRequired\":true,\"valueName\":\"search_term_string\"}}],\"inLanguage\":\"es\"},{\"@type\":[\"Person\",\"Organization\"],\"@id\":\"https:\/\/luchonoticias.com\/editor\/#\/schema\/person\/7a7fd911f58561fd056dbac7b55af9cd\",\"name\":\"admin\",\"image\":{\"@type\":\"ImageObject\",\"inLanguage\":\"es\",\"@id\":\"https:\/\/luchonoticias.com\/editor\/#\/schema\/person\/image\/\",\"url\":\"https:\/\/luchonoticias.com\/editor\/wp-content\/uploads\/2024\/02\/cropped-cropped-logolu.webp\",\"contentUrl\":\"https:\/\/luchonoticias.com\/editor\/wp-content\/uploads\/2024\/02\/cropped-cropped-logolu.webp\",\"width\":382,\"height\":170,\"caption\":\"admin\"},\"logo\":{\"@id\":\"https:\/\/luchonoticias.com\/editor\/#\/schema\/person\/image\/\"},\"sameAs\":[\"https:\/\/www.facebook.com\/luchonoticiasneiva\"]},{\"@type\":\"Person\",\"@id\":\"https:\/\/luchonoticias.com\/editor\/#\/schema\/person\/29217990ddf6f14e35912b2866d591fb\",\"name\":\"Editor General\",\"image\":{\"@type\":\"ImageObject\",\"inLanguage\":\"es\",\"@id\":\"https:\/\/luchonoticias.com\/editor\/#\/schema\/person\/image\/\",\"url\":\"https:\/\/luchonoticias.com\/editor\/wp-content\/uploads\/2024\/02\/cropped-cropped-logolu-150x150.webp\",\"contentUrl\":\"https:\/\/luchonoticias.com\/editor\/wp-content\/uploads\/2024\/02\/cropped-cropped-logolu-150x150.webp\",\"caption\":\"Editor General\"},\"sameAs\":[\"https:\/\/luchonoticias.com\/\"],\"url\":\"https:\/\/luchonoticias.com\/editor\/author\/editor-general\/\"}]}<\/script>\n<!-- \/ Yoast SEO plugin. -->","yoast_head_json":{"title":"Habilitados 400 nuevos puestos para las elecciones de 2026 -","robots":{"index":"index","follow":"follow","max-snippet":"max-snippet:-1","max-image-preview":"max-image-preview:large","max-video-preview":"max-video-preview:-1"},"canonical":"https:\/\/luchonoticias.com\/editor\/habilitados-400-nuevos-puestos-para-las-elecciones-de-2026\/","og_locale":"es_ES","og_type":"article","og_title":"Habilitados 400 nuevos puestos para las elecciones de 2026 -","og_url":"https:\/\/luchonoticias.com\/editor\/habilitados-400-nuevos-puestos-para-las-elecciones-de-2026\/","article_publisher":"https:\/\/www.facebook.com\/luchonoticiasneiva","article_published_time":"2025-09-02T08:55:16+00:00","article_modified_time":"2025-09-02T08:55:18+00:00","og_image":[{"width":700,"height":400,"url":"https:\/\/luchonoticias.com\/editor\/wp-content\/uploads\/2025\/09\/elecciones.jpg","type":"image\/jpeg"}],"author":"Editor General","twitter_card":"summary_large_image","twitter_misc":{"Escrito por":"Editor General","Tiempo de lectura":"2 minutos"},"schema":{"@context":"https:\/\/schema.org","@graph":[{"@type":"Article","@id":"https:\/\/luchonoticias.com\/editor\/habilitados-400-nuevos-puestos-para-las-elecciones-de-2026\/#article","isPartOf":{"@id":"https:\/\/luchonoticias.com\/editor\/habilitados-400-nuevos-puestos-para-las-elecciones-de-2026\/"},"author":{"name":"Editor General","@id":"https:\/\/luchonoticias.com\/editor\/#\/schema\/person\/29217990ddf6f14e35912b2866d591fb"},"headline":"Habilitados 400 nuevos puestos para las elecciones de 2026","datePublished":"2025-09-02T08:55:16+00:00","dateModified":"2025-09-02T08:55:18+00:00","mainEntityOfPage":{"@id":"https:\/\/luchonoticias.com\/editor\/habilitados-400-nuevos-puestos-para-las-elecciones-de-2026\/"},"wordCount":304,"publisher":{"@id":"https:\/\/luchonoticias.com\/editor\/#\/schema\/person\/7a7fd911f58561fd056dbac7b55af9cd"},"image":{"@id":"https:\/\/luchonoticias.com\/editor\/habilitados-400-nuevos-puestos-para-las-elecciones-de-2026\/#primaryimage"},"thumbnailUrl":"https:\/\/luchonoticias.com\/editor\/wp-content\/uploads\/2025\/09\/elecciones.jpg","articleSection":["Actualidad","Nacional"],"inLanguage":"es"},{"@type":"WebPage","@id":"https:\/\/luchonoticias.com\/editor\/habilitados-400-nuevos-puestos-para-las-elecciones-de-2026\/","url":"https:\/\/luchonoticias.com\/editor\/habilitados-400-nuevos-puestos-para-las-elecciones-de-2026\/","name":"Habilitados 400 nuevos puestos para las elecciones de 2026 -","isPartOf":{"@id":"https:\/\/luchonoticias.com\/editor\/#website"},"primaryImageOfPage":{"@id":"https:\/\/luchonoticias.com\/editor\/habilitados-400-nuevos-puestos-para-las-elecciones-de-2026\/#primaryimage"},"image":{"@id":"https:\/\/luchonoticias.com\/editor\/habilitados-400-nuevos-puestos-para-las-elecciones-de-2026\/#primaryimage"},"thumbnailUrl":"https:\/\/luchonoticias.com\/editor\/wp-content\/uploads\/2025\/09\/elecciones.jpg","datePublished":"2025-09-02T08:55:16+00:00","dateModified":"2025-09-02T08:55:18+00:00","breadcrumb":{"@id":"https:\/\/luchonoticias.com\/editor\/habilitados-400-nuevos-puestos-para-las-elecciones-de-2026\/#breadcrumb"},"inLanguage":"es","potentialAction":[{"@type":"ReadAction","target":["https:\/\/luchonoticias.com\/editor\/habilitados-400-nuevos-puestos-para-las-elecciones-de-2026\/"]}]},{"@type":"ImageObject","inLanguage":"es","@id":"https:\/\/luchonoticias.com\/editor\/habilitados-400-nuevos-puestos-para-las-elecciones-de-2026\/#primaryimage","url":"https:\/\/luchonoticias.com\/editor\/wp-content\/uploads\/2025\/09\/elecciones.jpg","contentUrl":"https:\/\/luchonoticias.com\/editor\/wp-content\/uploads\/2025\/09\/elecciones.jpg","width":700,"height":400},{"@type":"BreadcrumbList","@id":"https:\/\/luchonoticias.com\/editor\/habilitados-400-nuevos-puestos-para-las-elecciones-de-2026\/#breadcrumb","itemListElement":[{"@type":"ListItem","position":1,"name":"Portada","item":"https:\/\/luchonoticias.com\/editor\/"},{"@type":"ListItem","position":2,"name":"Habilitados 400 nuevos puestos para las elecciones de 2026"}]},{"@type":"WebSite","@id":"https:\/\/luchonoticias.com\/editor\/#website","url":"https:\/\/luchonoticias.com\/editor\/","name":"","description":"","publisher":{"@id":"https:\/\/luchonoticias.com\/editor\/#\/schema\/person\/7a7fd911f58561fd056dbac7b55af9cd"},"potentialAction":[{"@type":"SearchAction","target":{"@type":"EntryPoint","urlTemplate":"https:\/\/luchonoticias.com\/editor\/?s={search_term_string}"},"query-input":{"@type":"PropertyValueSpecification","valueRequired":true,"valueName":"search_term_string"}}],"inLanguage":"es"},{"@type":["Person","Organization"],"@id":"https:\/\/luchonoticias.com\/editor\/#\/schema\/person\/7a7fd911f58561fd056dbac7b55af9cd","name":"admin","image":{"@type":"ImageObject","inLanguage":"es","@id":"https:\/\/luchonoticias.com\/editor\/#\/schema\/person\/image\/","url":"https:\/\/luchonoticias.com\/editor\/wp-content\/uploads\/2024\/02\/cropped-cropped-logolu.webp","contentUrl":"https:\/\/luchonoticias.com\/editor\/wp-content\/uploads\/2024\/02\/cropped-cropped-logolu.webp","width":382,"height":170,"caption":"admin"},"logo":{"@id":"https:\/\/luchonoticias.com\/editor\/#\/schema\/person\/image\/"},"sameAs":["https:\/\/www.facebook.com\/luchonoticiasneiva"]},{"@type":"Person","@id":"https:\/\/luchonoticias.com\/editor\/#\/schema\/person\/29217990ddf6f14e35912b2866d591fb","name":"Editor General","image":{"@type":"ImageObject","inLanguage":"es","@id":"https:\/\/luchonoticias.com\/editor\/#\/schema\/person\/image\/","url":"https:\/\/luchonoticias.com\/editor\/wp-content\/uploads\/2024\/02\/cropped-cropped-logolu-150x150.webp","contentUrl":"https:\/\/luchonoticias.com\/editor\/wp-content\/uploads\/2024\/02\/cropped-cropped-logolu-150x150.webp","caption":"Editor General"},"sameAs":["https:\/\/luchonoticias.com\/"],"url":"https:\/\/luchonoticias.com\/editor\/author\/editor-general\/"}]}},"_links":{"self":[{"href":"https:\/\/luchonoticias.com\/editor\/wp-json\/wp\/v2\/posts\/87490","targetHints":{"allow":["GET"]}}],"collection":[{"href":"https:\/\/luchonoticias.com\/editor\/wp-json\/wp\/v2\/posts"}],"about":[{"href":"https:\/\/luchonoticias.com\/editor\/wp-json\/wp\/v2\/types\/post"}],"author":[{"embeddable":true,"href":"https:\/\/luchonoticias.com\/editor\/wp-json\/wp\/v2\/users\/2"}],"replies":[{"embeddable":true,"href":"https:\/\/luchonoticias.com\/editor\/wp-json\/wp\/v2\/comments?post=87490"}],"version-history":[{"count":1,"href":"https:\/\/luchonoticias.com\/editor\/wp-json\/wp\/v2\/posts\/87490\/revisions"}],"predecessor-version":[{"id":87492,"href":"https:\/\/luchonoticias.com\/editor\/wp-json\/wp\/v2\/posts\/87490\/revisions\/87492"}],"wp:featuredmedia":[{"embeddable":true,"href":"https:\/\/luchonoticias.com\/editor\/wp-json\/wp\/v2\/media\/87491"}],"wp:attachment":[{"href":"https:\/\/luchonoticias.com\/editor\/wp-json\/wp\/v2\/media?parent=87490"}],"wp:term":[{"taxonomy":"category","embeddable":true,"href":"https:\/\/luchonoticias.com\/editor\/wp-json\/wp\/v2\/categories?post=87490"},{"taxonomy":"post_tag","embeddable":true,"href":"https:\/\/luchonoticias.com\/editor\/wp-json\/wp\/v2\/tags?post=87490"}],"curies":[{"name":"wp","href":"https:\/\/api.w.org\/{rel}","templated":true}]}}